{"id":6015,"date":"2025-07-09T18:02:22","date_gmt":"2025-07-09T22:02:22","guid":{"rendered":"https:\/\/www.manaus.am.gov.br\/seminf\/drenagem-na-rua-tiradentes\/"},"modified":"2025-07-09T18:02:23","modified_gmt":"2025-07-09T22:02:23","slug":"drenagem-na-rua-tiradentes","status":"publish","type":"post","link":"https:\/\/www.manaus.am.gov.br\/seminf\/drenagem-na-rua-tiradentes\/","title":{"rendered":"Prefeitura de Manaus recupera rede de drenagem na rua Tiradentes, no bairro Dom Pedro"},"content":{"rendered":"\n<p>A <a href=\"https:\/\/www.instagram.com\/prefeiturademanaus\/\">Prefeitura de Manaus<\/a>, por meio da <a href=\"https:\/\/www.manaus.am.gov.br\/seminf\/\">Secretaria Municipal de Infraestrutura (Seminf)<\/a>, concluiu nesta quarta-feira, 9\/7, a recupera\u00e7\u00e3o de um trecho da rede de drenagem na rua Tiradentes, no bairro Dom Pedro, zona Centro-Oeste da capital. A a\u00e7\u00e3o consistiu na substitui\u00e7\u00e3o de dois metros de tubula\u00e7\u00e3o danificada por tubos de PVC, garantindo maior durabilidade e efici\u00eancia no escoamento das \u00e1guas pluviais.<\/p>\n\n\n\n<p>A interven\u00e7\u00e3o foi motivada pela identifica\u00e7\u00e3o de falhas no sistema de drenagem, que comprometiam seu desempenho e aumentavam o risco de alagamentos na \u00e1rea. Os tubos antigos foram removidos e substitu\u00eddos por novos, mais resistentes a infiltra\u00e7\u00f5es e rachaduras.<\/p>\n\n\n\n<p>O vice-prefeito e secret\u00e1rio de Infraestrutura, Renato Junior, destacou a import\u00e2ncia de a\u00e7\u00f5es preventivas na manuten\u00e7\u00e3o da infraestrutura urbana.<\/p>\n\n\n\n<p>\u201cA gest\u00e3o do prefeito David Almeida tem atuado de forma intensiva para melhorar a infraestrutura da cidade. Essa obra na rua Tiradentes \u00e9 mais um exemplo do nosso compromisso com interven\u00e7\u00f5es pontuais, mas essenciais, que previnem transtornos maiores e garantem mais seguran\u00e7a para a popula\u00e7\u00e3o, especialmente no per\u00edodo chuvoso\u201d, afirmou Renato Junior.<\/p>\n\n\n\n<p>Al\u00e9m da substitui\u00e7\u00e3o da tubula\u00e7\u00e3o, a equipe da Seminf realizou a limpeza das galerias, assegurando o pleno funcionamento do sistema e evitando obstru\u00e7\u00f5es que possam sobrecarregar a rede.<\/p>\n\n\n\n<p>A interven\u00e7\u00e3o integra o programa cont\u00ednuo de manuten\u00e7\u00e3o da rede de drenagem da capital, que busca atender de forma eficaz \u00e0s demandas da popula\u00e7\u00e3o e preparar a cidade para enfrentar os desafios clim\u00e1ticos com mais seguran\u00e7a e qualidade de vida para todos.<\/p>\n\n\n\n<p>&#8212; &#8212; &#8212;<\/p>\n\n\n\n<p><strong>Texto &#8211;<\/strong> Maria Amed \/ Seminf<\/p>\n\n\n\n<p><strong>Fotos &#8211;<\/strong> Divulga\u00e7\u00e3o \/ Seminf<\/p>\n","protected":false},"excerpt":{"rendered":"","protected":false},"author":57,"featured_media":6016,"comment_status":"closed","ping_status":"closed","sticky":false,"template":"","format":"standard","meta":{"footnotes":""},"categories":[4],"tags":[2253,43,26],"acf":[],"yoast_head":"<!-- This site is optimized with the Yoast SEO plugin v23.0 - https:\/\/yoast.com\/wordpress\/plugins\/seo\/ -->\n<title>Prefeitura recupera rede de drenagem na rua Tiradentes<\/title>\n<meta name=\"description\" content=\"A Prefeitura de Manaus concluiu a recupera\u00e7\u00e3o de um trecho da rede de drenagem na rua Tiradentes, no bairro Dom Pedro.\" \/>\n<meta name=\"robots\" content=\"index, follow, max-snippet:-1, max-image-preview:large, max-video-preview:-1\" \/>\n<link rel=\"canonical\" href=\"https:\/\/www.manaus.am.gov.br\/seminf\/drenagem-na-rua-tiradentes\/\" \/>\n<meta property=\"og:locale\" content=\"pt_BR\" \/>\n<meta property=\"og:type\" content=\"article\" \/>\n<meta property=\"og:title\" content=\"Prefeitura recupera rede de drenagem na rua Tiradentes\" \/>\n<meta property=\"og:description\" content=\"A Prefeitura de Manaus concluiu a recupera\u00e7\u00e3o de um trecho da rede de drenagem na rua Tiradentes, no bairro Dom Pedro.\" \/>\n<meta property=\"og:url\" content=\"https:\/\/www.manaus.am.gov.br\/seminf\/drenagem-na-rua-tiradentes\/\" \/>\n<meta property=\"og:site_name\" content=\"SEMINF\" \/>\n<meta property=\"article:published_time\" content=\"2025-07-09T22:02:22+00:00\" \/>\n<meta property=\"article:modified_time\" content=\"2025-07-09T22:02:23+00:00\" \/>\n<meta property=\"og:image\" content=\"https:\/\/www.manaus.am.gov.br\/seminf\/wp-content\/uploads\/sites\/6\/2025\/07\/drenagem-na-rua-Tiradentes-4.jpg\" \/>\n\t<meta property=\"og:image:width\" content=\"1599\" \/>\n\t<meta property=\"og:image:height\" content=\"899\" \/>\n\t<meta property=\"og:image:type\" content=\"image\/jpeg\" \/>\n<meta name=\"author\" content=\"Thiago Fernando\" \/>\n<meta name=\"twitter:card\" content=\"summary_large_image\" \/>\n<meta name=\"twitter:label1\" content=\"Written by\" \/>\n\t<meta name=\"twitter:data1\" content=\"Thiago Fernando\" \/>\n\t<meta name=\"twitter:label2\" content=\"Est. reading time\" \/>\n\t<meta name=\"twitter:data2\" content=\"2 minutos\" \/>\n<script type=\"application\/ld+json\" class=\"yoast-schema-graph\">{\"@context\":\"https:\/\/schema.org\",\"@graph\":[{\"@type\":\"WebPage\",\"@id\":\"https:\/\/www.manaus.am.gov.br\/seminf\/drenagem-na-rua-tiradentes\/\",\"url\":\"https:\/\/www.manaus.am.gov.br\/seminf\/drenagem-na-rua-tiradentes\/\",\"name\":\"Prefeitura recupera rede de drenagem na rua Tiradentes\",\"isPartOf\":{\"@id\":\"https:\/\/www.manaus.am.gov.br\/seminf\/#website\"},\"primaryImageOfPage\":{\"@id\":\"https:\/\/www.manaus.am.gov.br\/seminf\/drenagem-na-rua-tiradentes\/#primaryimage\"},\"image\":{\"@id\":\"https:\/\/www.manaus.am.gov.br\/seminf\/drenagem-na-rua-tiradentes\/#primaryimage\"},\"thumbnailUrl\":\"https:\/\/www.manaus.am.gov.br\/seminf\/wp-content\/uploads\/sites\/6\/2025\/07\/drenagem-na-rua-Tiradentes-4.jpg\",\"datePublished\":\"2025-07-09T22:02:22+00:00\",\"dateModified\":\"2025-07-09T22:02:23+00:00\",\"author\":{\"@id\":\"https:\/\/www.manaus.am.gov.br\/seminf\/#\/schema\/person\/a5ee5376db6e21af026374b369f30882\"},\"description\":\"A Prefeitura de Manaus concluiu a recupera\u00e7\u00e3o de um trecho da rede de drenagem na rua Tiradentes, no bairro Dom Pedro.\",\"inLanguage\":\"pt-BR\",\"potentialAction\":[{\"@type\":\"ReadAction\",\"target\":[\"https:\/\/www.manaus.am.gov.br\/seminf\/drenagem-na-rua-tiradentes\/\"]}]},{\"@type\":\"ImageObject\",\"inLanguage\":\"pt-BR\",\"@id\":\"https:\/\/www.manaus.am.gov.br\/seminf\/drenagem-na-rua-tiradentes\/#primaryimage\",\"url\":\"https:\/\/www.manaus.am.gov.br\/seminf\/wp-content\/uploads\/sites\/6\/2025\/07\/drenagem-na-rua-Tiradentes-4.jpg\",\"contentUrl\":\"https:\/\/www.manaus.am.gov.br\/seminf\/wp-content\/uploads\/sites\/6\/2025\/07\/drenagem-na-rua-Tiradentes-4.jpg\",\"width\":1599,\"height\":899,\"caption\":\"drenagem na rua Tiradentes\"},{\"@type\":\"WebSite\",\"@id\":\"https:\/\/www.manaus.am.gov.br\/seminf\/#website\",\"url\":\"https:\/\/www.manaus.am.gov.br\/seminf\/\",\"name\":\"Secretaria de Infraestrutura\",\"description\":\"Secretaria Municipal de Infraestrutura\",\"potentialAction\":[{\"@type\":\"SearchAction\",\"target\":{\"@type\":\"EntryPoint\",\"urlTemplate\":\"https:\/\/www.manaus.am.gov.br\/seminf\/?s={search_term_string}\"},\"query-input\":\"required name=search_term_string\"}],\"inLanguage\":\"pt-BR\"},{\"@type\":\"Person\",\"@id\":\"https:\/\/www.manaus.am.gov.br\/seminf\/#\/schema\/person\/a5ee5376db6e21af026374b369f30882\",\"name\":\"Thiago Fernando\",\"image\":{\"@type\":\"ImageObject\",\"inLanguage\":\"pt-BR\",\"@id\":\"https:\/\/www.manaus.am.gov.br\/seminf\/#\/schema\/person\/image\/\",\"url\":\"https:\/\/secure.gravatar.com\/avatar\/f5aab8722444041451501c077052ac07?s=96&d=mm&r=g\",\"contentUrl\":\"https:\/\/secure.gravatar.com\/avatar\/f5aab8722444041451501c077052ac07?s=96&d=mm&r=g\",\"caption\":\"Thiago Fernando\"}}]}<\/script>\n<!-- \/ Yoast SEO plugin. -->","yoast_head_json":{"title":"Prefeitura recupera rede de drenagem na rua Tiradentes","description":"A Prefeitura de Manaus concluiu a recupera\u00e7\u00e3o de um trecho da rede de drenagem na rua Tiradentes, no bairro Dom Pedro.","robots":{"index":"index","follow":"follow","max-snippet":"max-snippet:-1","max-image-preview":"max-image-preview:large","max-video-preview":"max-video-preview:-1"},"canonical":"https:\/\/www.manaus.am.gov.br\/seminf\/drenagem-na-rua-tiradentes\/","og_locale":"pt_BR","og_type":"article","og_title":"Prefeitura recupera rede de drenagem na rua Tiradentes","og_description":"A Prefeitura de Manaus concluiu a recupera\u00e7\u00e3o de um trecho da rede de drenagem na rua Tiradentes, no bairro Dom Pedro.","og_url":"https:\/\/www.manaus.am.gov.br\/seminf\/drenagem-na-rua-tiradentes\/","og_site_name":"SEMINF","article_published_time":"2025-07-09T22:02:22+00:00","article_modified_time":"2025-07-09T22:02:23+00:00","og_image":[{"width":1599,"height":899,"url":"https:\/\/www.manaus.am.gov.br\/seminf\/wp-content\/uploads\/sites\/6\/2025\/07\/drenagem-na-rua-Tiradentes-4.jpg","type":"image\/jpeg"}],"author":"Thiago Fernando","twitter_card":"summary_large_image","twitter_misc":{"Written by":"Thiago Fernando","Est. reading time":"2 minutos"},"schema":{"@context":"https:\/\/schema.org","@graph":[{"@type":"WebPage","@id":"https:\/\/www.manaus.am.gov.br\/seminf\/drenagem-na-rua-tiradentes\/","url":"https:\/\/www.manaus.am.gov.br\/seminf\/drenagem-na-rua-tiradentes\/","name":"Prefeitura recupera rede de drenagem na rua Tiradentes","isPartOf":{"@id":"https:\/\/www.manaus.am.gov.br\/seminf\/#website"},"primaryImageOfPage":{"@id":"https:\/\/www.manaus.am.gov.br\/seminf\/drenagem-na-rua-tiradentes\/#primaryimage"},"image":{"@id":"https:\/\/www.manaus.am.gov.br\/seminf\/drenagem-na-rua-tiradentes\/#primaryimage"},"thumbnailUrl":"https:\/\/www.manaus.am.gov.br\/seminf\/wp-content\/uploads\/sites\/6\/2025\/07\/drenagem-na-rua-Tiradentes-4.jpg","datePublished":"2025-07-09T22:02:22+00:00","dateModified":"2025-07-09T22:02:23+00:00","author":{"@id":"https:\/\/www.manaus.am.gov.br\/seminf\/#\/schema\/person\/a5ee5376db6e21af026374b369f30882"},"description":"A Prefeitura de Manaus concluiu a recupera\u00e7\u00e3o de um trecho da rede de drenagem na rua Tiradentes, no bairro Dom Pedro.","inLanguage":"pt-BR","potentialAction":[{"@type":"ReadAction","target":["https:\/\/www.manaus.am.gov.br\/seminf\/drenagem-na-rua-tiradentes\/"]}]},{"@type":"ImageObject","inLanguage":"pt-BR","@id":"https:\/\/www.manaus.am.gov.br\/seminf\/drenagem-na-rua-tiradentes\/#primaryimage","url":"https:\/\/www.manaus.am.gov.br\/seminf\/wp-content\/uploads\/sites\/6\/2025\/07\/drenagem-na-rua-Tiradentes-4.jpg","contentUrl":"https:\/\/www.manaus.am.gov.br\/seminf\/wp-content\/uploads\/sites\/6\/2025\/07\/drenagem-na-rua-Tiradentes-4.jpg","width":1599,"height":899,"caption":"drenagem na rua Tiradentes"},{"@type":"WebSite","@id":"https:\/\/www.manaus.am.gov.br\/seminf\/#website","url":"https:\/\/www.manaus.am.gov.br\/seminf\/","name":"Secretaria de Infraestrutura","description":"Secretaria Municipal de Infraestrutura","potentialAction":[{"@type":"SearchAction","target":{"@type":"EntryPoint","urlTemplate":"https:\/\/www.manaus.am.gov.br\/seminf\/?s={search_term_string}"},"query-input":"required name=search_term_string"}],"inLanguage":"pt-BR"},{"@type":"Person","@id":"https:\/\/www.manaus.am.gov.br\/seminf\/#\/schema\/person\/a5ee5376db6e21af026374b369f30882","name":"Thiago Fernando","image":{"@type":"ImageObject","inLanguage":"pt-BR","@id":"https:\/\/www.manaus.am.gov.br\/seminf\/#\/schema\/person\/image\/","url":"https:\/\/secure.gravatar.com\/avatar\/f5aab8722444041451501c077052ac07?s=96&d=mm&r=g","contentUrl":"https:\/\/secure.gravatar.com\/avatar\/f5aab8722444041451501c077052ac07?s=96&d=mm&r=g","caption":"Thiago Fernando"}}]}},"_links":{"self":[{"href":"https:\/\/www.manaus.am.gov.br\/seminf\/wp-json\/wp\/v2\/posts\/6015"}],"collection":[{"href":"https:\/\/www.manaus.am.gov.br\/seminf\/wp-json\/wp\/v2\/posts"}],"about":[{"href":"https:\/\/www.manaus.am.gov.br\/seminf\/wp-json\/wp\/v2\/types\/post"}],"author":[{"embeddable":true,"href":"https:\/\/www.manaus.am.gov.br\/seminf\/wp-json\/wp\/v2\/users\/57"}],"replies":[{"embeddable":true,"href":"https:\/\/www.manaus.am.gov.br\/seminf\/wp-json\/wp\/v2\/comments?post=6015"}],"version-history":[{"count":0,"href":"https:\/\/www.manaus.am.gov.br\/seminf\/wp-json\/wp\/v2\/posts\/6015\/revisions"}],"wp:featuredmedia":[{"embeddable":true,"href":"https:\/\/www.manaus.am.gov.br\/seminf\/wp-json\/wp\/v2\/media\/6016"}],"wp:attachment":[{"href":"https:\/\/www.manaus.am.gov.br\/seminf\/wp-json\/wp\/v2\/media?parent=6015"}],"wp:term":[{"taxonomy":"category","embeddable":true,"href":"https:\/\/www.manaus.am.gov.br\/seminf\/wp-json\/wp\/v2\/categories?post=6015"},{"taxonomy":"post_tag","embeddable":true,"href":"https:\/\/www.manaus.am.gov.br\/seminf\/wp-json\/wp\/v2\/tags?post=6015"}],"curies":[{"name":"wp","href":"https:\/\/api.w.org\/{rel}","templated":true}]}}