{"id":6002,"date":"2025-07-09T15:31:12","date_gmt":"2025-07-09T19:31:12","guid":{"rendered":"https:\/\/www.manaus.am.gov.br\/seminf\/obras-zona-norte-manutencao-asfaltica-7-de-maio\/"},"modified":"2025-07-09T15:32:09","modified_gmt":"2025-07-09T19:32:09","slug":"obras-zona-norte-manutencao-asfaltica-7-de-maio","status":"publish","type":"post","link":"https:\/\/www.manaus.am.gov.br\/seminf\/obras-zona-norte-manutencao-asfaltica-7-de-maio\/","title":{"rendered":"Prefeitura de Manaus intensifica obras na zona Norte com manuten\u00e7\u00e3o asf\u00e1ltica na avenida 7 de Maio"},"content":{"rendered":"\n<p>A Prefeitura de Manaus, por meio da Secretaria Municipal de Infraestrutura (Seminf), intensifica os servi\u00e7os de recupera\u00e7\u00e3o vi\u00e1ria na zona Norte da capital. Nesta quarta-feira, 9\/7, os trabalhos se concentram na avenida 7 de Maio, no bairro Santa Etelvina, uma das principais vias da regi\u00e3o.<\/p>\n\n\n\n<p>Com trechos comprometidos pelo desgaste, a via est\u00e1 sendo restaurada pelas equipes da Seminf, que atuam de forma estrat\u00e9gica nos pontos mais cr\u00edticos. A opera\u00e7\u00e3o contou com 15 trabalhadores e com o apoio de uma ca\u00e7amba de massa asf\u00e1ltica, utilizada na recomposi\u00e7\u00e3o do pavimento.<\/p>\n\n\n\n<p>Segundo o vice-prefeito e secret\u00e1rio de Obras, Renato Junior, os servi\u00e7os s\u00e3o executados de forma cont\u00ednua em diversos bairros da cidade, com foco na efici\u00eancia e agilidade. \u201cA Seminf trabalha de forma organizada, com planejamento e compromisso. As a\u00e7\u00f5es seguem com for\u00e7a total em todas as zonas da cidade, sempre com foco na efici\u00eancia e na agilidade para atender \u00e0s demandas da popula\u00e7\u00e3o\u201d, afirmou.<\/p>\n\n\n\n<p>A Seminf trabalha de forma organizada, com planejamento e compromisso. As a\u00e7\u00f5es seguem com for\u00e7a total em todas as zonas da cidade. O morador da \u00e1rea e usu\u00e1rio frequente da via, o vendedor Aldemir Ata\u00edde, de 39 anos, destacou a import\u00e2ncia da obra para quem utiliza motocicleta como meio de transporte.<\/p>\n\n\n\n<p>\u201cEsse servi\u00e7o da prefeitura \u00e9 muito bom, principalmente para quem anda de moto. A gente sente a diferen\u00e7a e agradece por ver esse trabalho acontecendo nas ruas. \u00c9 algo que valoriza a cidade e melhora nosso dia a dia\u201d, comentou.<\/p>\n\n\n\n<p>A Prefeitura de Manaus segue atuando nas principais avenidas da capital, promovendo infraestrutura de qualidade que contribui diretamente para a seguran\u00e7a vi\u00e1ria, o bem-estar da popula\u00e7\u00e3o e a fluidez do tr\u00e2nsito.<\/p>\n\n\n\n<figure class=\"wp-block-image size-large\"><img loading=\"lazy\" decoding=\"async\" width=\"1024\" height=\"768\" src=\"https:\/\/www.manaus.am.gov.br\/seminf\/wp-content\/uploads\/sites\/6\/2025\/07\/IMG_5163-1024x768.jpg\" alt=\"\" class=\"wp-image-6005\" srcset=\"https:\/\/www.manaus.am.gov.br\/seminf\/wp-content\/uploads\/sites\/6\/2025\/07\/IMG_5163-1024x768.jpg 1024w, https:\/\/www.manaus.am.gov.br\/seminf\/wp-content\/uploads\/sites\/6\/2025\/07\/IMG_5163-300x225.jpg 300w, https:\/\/www.manaus.am.gov.br\/seminf\/wp-content\/uploads\/sites\/6\/2025\/07\/IMG_5163-768x576.jpg 768w, https:\/\/www.manaus.am.gov.br\/seminf\/wp-content\/uploads\/sites\/6\/2025\/07\/IMG_5163-1536x1152.jpg 1536w, https:\/\/www.manaus.am.gov.br\/seminf\/wp-content\/uploads\/sites\/6\/2025\/07\/IMG_5163-2048x1536.jpg 2048w\" sizes=\"(max-width: 1024px) 100vw, 1024px\" \/><\/figure>\n\n\n\n<p>&#8212; &#8212; &#8212;<\/p>\n\n\n\n<p><strong>Texto<\/strong>\u00a0&#8211; Rayana Coutinho\/Seminf<\/p>\n\n\n\n<p><strong>Fotos <\/strong>&#8211; Alessandro Ara\u00fajo\/Seminf<\/p>\n\n\n\n<p> <\/p>\n","protected":false},"excerpt":{"rendered":"","protected":false},"author":39,"featured_media":6003,"comment_status":"closed","ping_status":"closed","sticky":false,"template":"","format":"standard","meta":{"footnotes":""},"categories":[6],"tags":[2248,368,69,43,26,279],"acf":[],"yoast_head":"<!-- This site is optimized with the Yoast SEO plugin v23.0 - https:\/\/yoast.com\/wordpress\/plugins\/seo\/ -->\n<title>Obras na zona Norte com manuten\u00e7\u00e3o na avenida 7 de Maio<\/title>\n<meta name=\"description\" content=\"Prefeitura de Manaus, por meio da Seminf, intensifica obras na zona Norte com manuten\u00e7\u00e3o asf\u00e1ltica na avenida 7 de Maio.\" \/>\n<meta name=\"robots\" content=\"index, follow, max-snippet:-1, max-image-preview:large, max-video-preview:-1\" \/>\n<link rel=\"canonical\" href=\"https:\/\/www.manaus.am.gov.br\/seminf\/obras-zona-norte-manutencao-asfaltica-7-de-maio\/\" \/>\n<meta property=\"og:locale\" content=\"pt_BR\" \/>\n<meta property=\"og:type\" content=\"article\" \/>\n<meta property=\"og:title\" content=\"Obras na zona Norte com manuten\u00e7\u00e3o na avenida 7 de Maio\" \/>\n<meta property=\"og:description\" content=\"Prefeitura de Manaus, por meio da Seminf, intensifica obras na zona Norte com manuten\u00e7\u00e3o asf\u00e1ltica na avenida 7 de Maio.\" \/>\n<meta property=\"og:url\" content=\"https:\/\/www.manaus.am.gov.br\/seminf\/obras-zona-norte-manutencao-asfaltica-7-de-maio\/\" \/>\n<meta property=\"og:site_name\" content=\"SEMINF\" \/>\n<meta property=\"article:published_time\" content=\"2025-07-09T19:31:12+00:00\" \/>\n<meta property=\"article:modified_time\" content=\"2025-07-09T19:32:09+00:00\" \/>\n<meta property=\"og:image\" content=\"https:\/\/www.manaus.am.gov.br\/seminf\/wp-content\/uploads\/sites\/6\/2025\/07\/WhatsApp-Image-2025-07-09-at-15.24.59-1.jpeg\" \/>\n\t<meta property=\"og:image:width\" content=\"1600\" \/>\n\t<meta property=\"og:image:height\" content=\"1200\" \/>\n\t<meta property=\"og:image:type\" content=\"image\/jpeg\" \/>\n<meta name=\"author\" content=\"Bruna Greco\" \/>\n<meta name=\"twitter:card\" content=\"summary_large_image\" \/>\n<meta name=\"twitter:label1\" content=\"Written by\" \/>\n\t<meta name=\"twitter:data1\" content=\"Bruna Greco\" \/>\n\t<meta name=\"twitter:label2\" content=\"Est. reading time\" \/>\n\t<meta name=\"twitter:data2\" content=\"2 minutos\" \/>\n<script type=\"application\/ld+json\" class=\"yoast-schema-graph\">{\"@context\":\"https:\/\/schema.org\",\"@graph\":[{\"@type\":\"WebPage\",\"@id\":\"https:\/\/www.manaus.am.gov.br\/seminf\/obras-zona-norte-manutencao-asfaltica-7-de-maio\/\",\"url\":\"https:\/\/www.manaus.am.gov.br\/seminf\/obras-zona-norte-manutencao-asfaltica-7-de-maio\/\",\"name\":\"Obras na zona Norte com manuten\u00e7\u00e3o na avenida 7 de Maio\",\"isPartOf\":{\"@id\":\"https:\/\/www.manaus.am.gov.br\/seminf\/#website\"},\"primaryImageOfPage\":{\"@id\":\"https:\/\/www.manaus.am.gov.br\/seminf\/obras-zona-norte-manutencao-asfaltica-7-de-maio\/#primaryimage\"},\"image\":{\"@id\":\"https:\/\/www.manaus.am.gov.br\/seminf\/obras-zona-norte-manutencao-asfaltica-7-de-maio\/#primaryimage\"},\"thumbnailUrl\":\"https:\/\/www.manaus.am.gov.br\/seminf\/wp-content\/uploads\/sites\/6\/2025\/07\/WhatsApp-Image-2025-07-09-at-15.24.59-1.jpeg\",\"datePublished\":\"2025-07-09T19:31:12+00:00\",\"dateModified\":\"2025-07-09T19:32:09+00:00\",\"author\":{\"@id\":\"https:\/\/www.manaus.am.gov.br\/seminf\/#\/schema\/person\/05d223aea2bf115f9883a6ff3683d81b\"},\"description\":\"Prefeitura de Manaus, por meio da Seminf, intensifica obras na zona Norte com manuten\u00e7\u00e3o asf\u00e1ltica na avenida 7 de Maio.\",\"inLanguage\":\"pt-BR\",\"potentialAction\":[{\"@type\":\"ReadAction\",\"target\":[\"https:\/\/www.manaus.am.gov.br\/seminf\/obras-zona-norte-manutencao-asfaltica-7-de-maio\/\"]}]},{\"@type\":\"ImageObject\",\"inLanguage\":\"pt-BR\",\"@id\":\"https:\/\/www.manaus.am.gov.br\/seminf\/obras-zona-norte-manutencao-asfaltica-7-de-maio\/#primaryimage\",\"url\":\"https:\/\/www.manaus.am.gov.br\/seminf\/wp-content\/uploads\/sites\/6\/2025\/07\/WhatsApp-Image-2025-07-09-at-15.24.59-1.jpeg\",\"contentUrl\":\"https:\/\/www.manaus.am.gov.br\/seminf\/wp-content\/uploads\/sites\/6\/2025\/07\/WhatsApp-Image-2025-07-09-at-15.24.59-1.jpeg\",\"width\":1600,\"height\":1200,\"caption\":\"#paratodosverem - Equipe da Seminf realizando a manuten\u00e7\u00e3o asf\u00e1ltica na avenida 7 de Maio, no bairro Santa Etelvina\"},{\"@type\":\"WebSite\",\"@id\":\"https:\/\/www.manaus.am.gov.br\/seminf\/#website\",\"url\":\"https:\/\/www.manaus.am.gov.br\/seminf\/\",\"name\":\"Secretaria de Infraestrutura\",\"description\":\"Secretaria Municipal de Infraestrutura\",\"potentialAction\":[{\"@type\":\"SearchAction\",\"target\":{\"@type\":\"EntryPoint\",\"urlTemplate\":\"https:\/\/www.manaus.am.gov.br\/seminf\/?s={search_term_string}\"},\"query-input\":\"required name=search_term_string\"}],\"inLanguage\":\"pt-BR\"},{\"@type\":\"Person\",\"@id\":\"https:\/\/www.manaus.am.gov.br\/seminf\/#\/schema\/person\/05d223aea2bf115f9883a6ff3683d81b\",\"name\":\"Bruna Greco\",\"image\":{\"@type\":\"ImageObject\",\"inLanguage\":\"pt-BR\",\"@id\":\"https:\/\/www.manaus.am.gov.br\/seminf\/#\/schema\/person\/image\/\",\"url\":\"https:\/\/secure.gravatar.com\/avatar\/9c877d1a6adc2a055330e5c09a8653ce?s=96&d=mm&r=g\",\"contentUrl\":\"https:\/\/secure.gravatar.com\/avatar\/9c877d1a6adc2a055330e5c09a8653ce?s=96&d=mm&r=g\",\"caption\":\"Bruna Greco\"}}]}<\/script>\n<!-- \/ Yoast SEO plugin. -->","yoast_head_json":{"title":"Obras na zona Norte com manuten\u00e7\u00e3o na avenida 7 de Maio","description":"Prefeitura de Manaus, por meio da Seminf, intensifica obras na zona Norte com manuten\u00e7\u00e3o asf\u00e1ltica na avenida 7 de Maio.","robots":{"index":"index","follow":"follow","max-snippet":"max-snippet:-1","max-image-preview":"max-image-preview:large","max-video-preview":"max-video-preview:-1"},"canonical":"https:\/\/www.manaus.am.gov.br\/seminf\/obras-zona-norte-manutencao-asfaltica-7-de-maio\/","og_locale":"pt_BR","og_type":"article","og_title":"Obras na zona Norte com manuten\u00e7\u00e3o na avenida 7 de Maio","og_description":"Prefeitura de Manaus, por meio da Seminf, intensifica obras na zona Norte com manuten\u00e7\u00e3o asf\u00e1ltica na avenida 7 de Maio.","og_url":"https:\/\/www.manaus.am.gov.br\/seminf\/obras-zona-norte-manutencao-asfaltica-7-de-maio\/","og_site_name":"SEMINF","article_published_time":"2025-07-09T19:31:12+00:00","article_modified_time":"2025-07-09T19:32:09+00:00","og_image":[{"width":1600,"height":1200,"url":"https:\/\/www.manaus.am.gov.br\/seminf\/wp-content\/uploads\/sites\/6\/2025\/07\/WhatsApp-Image-2025-07-09-at-15.24.59-1.jpeg","type":"image\/jpeg"}],"author":"Bruna Greco","twitter_card":"summary_large_image","twitter_misc":{"Written by":"Bruna Greco","Est. reading time":"2 minutos"},"schema":{"@context":"https:\/\/schema.org","@graph":[{"@type":"WebPage","@id":"https:\/\/www.manaus.am.gov.br\/seminf\/obras-zona-norte-manutencao-asfaltica-7-de-maio\/","url":"https:\/\/www.manaus.am.gov.br\/seminf\/obras-zona-norte-manutencao-asfaltica-7-de-maio\/","name":"Obras na zona Norte com manuten\u00e7\u00e3o na avenida 7 de Maio","isPartOf":{"@id":"https:\/\/www.manaus.am.gov.br\/seminf\/#website"},"primaryImageOfPage":{"@id":"https:\/\/www.manaus.am.gov.br\/seminf\/obras-zona-norte-manutencao-asfaltica-7-de-maio\/#primaryimage"},"image":{"@id":"https:\/\/www.manaus.am.gov.br\/seminf\/obras-zona-norte-manutencao-asfaltica-7-de-maio\/#primaryimage"},"thumbnailUrl":"https:\/\/www.manaus.am.gov.br\/seminf\/wp-content\/uploads\/sites\/6\/2025\/07\/WhatsApp-Image-2025-07-09-at-15.24.59-1.jpeg","datePublished":"2025-07-09T19:31:12+00:00","dateModified":"2025-07-09T19:32:09+00:00","author":{"@id":"https:\/\/www.manaus.am.gov.br\/seminf\/#\/schema\/person\/05d223aea2bf115f9883a6ff3683d81b"},"description":"Prefeitura de Manaus, por meio da Seminf, intensifica obras na zona Norte com manuten\u00e7\u00e3o asf\u00e1ltica na avenida 7 de Maio.","inLanguage":"pt-BR","potentialAction":[{"@type":"ReadAction","target":["https:\/\/www.manaus.am.gov.br\/seminf\/obras-zona-norte-manutencao-asfaltica-7-de-maio\/"]}]},{"@type":"ImageObject","inLanguage":"pt-BR","@id":"https:\/\/www.manaus.am.gov.br\/seminf\/obras-zona-norte-manutencao-asfaltica-7-de-maio\/#primaryimage","url":"https:\/\/www.manaus.am.gov.br\/seminf\/wp-content\/uploads\/sites\/6\/2025\/07\/WhatsApp-Image-2025-07-09-at-15.24.59-1.jpeg","contentUrl":"https:\/\/www.manaus.am.gov.br\/seminf\/wp-content\/uploads\/sites\/6\/2025\/07\/WhatsApp-Image-2025-07-09-at-15.24.59-1.jpeg","width":1600,"height":1200,"caption":"#paratodosverem - Equipe da Seminf realizando a manuten\u00e7\u00e3o asf\u00e1ltica na avenida 7 de Maio, no bairro Santa Etelvina"},{"@type":"WebSite","@id":"https:\/\/www.manaus.am.gov.br\/seminf\/#website","url":"https:\/\/www.manaus.am.gov.br\/seminf\/","name":"Secretaria de Infraestrutura","description":"Secretaria Municipal de Infraestrutura","potentialAction":[{"@type":"SearchAction","target":{"@type":"EntryPoint","urlTemplate":"https:\/\/www.manaus.am.gov.br\/seminf\/?s={search_term_string}"},"query-input":"required name=search_term_string"}],"inLanguage":"pt-BR"},{"@type":"Person","@id":"https:\/\/www.manaus.am.gov.br\/seminf\/#\/schema\/person\/05d223aea2bf115f9883a6ff3683d81b","name":"Bruna Greco","image":{"@type":"ImageObject","inLanguage":"pt-BR","@id":"https:\/\/www.manaus.am.gov.br\/seminf\/#\/schema\/person\/image\/","url":"https:\/\/secure.gravatar.com\/avatar\/9c877d1a6adc2a055330e5c09a8653ce?s=96&d=mm&r=g","contentUrl":"https:\/\/secure.gravatar.com\/avatar\/9c877d1a6adc2a055330e5c09a8653ce?s=96&d=mm&r=g","caption":"Bruna Greco"}}]}},"_links":{"self":[{"href":"https:\/\/www.manaus.am.gov.br\/seminf\/wp-json\/wp\/v2\/posts\/6002"}],"collection":[{"href":"https:\/\/www.manaus.am.gov.br\/seminf\/wp-json\/wp\/v2\/posts"}],"about":[{"href":"https:\/\/www.manaus.am.gov.br\/seminf\/wp-json\/wp\/v2\/types\/post"}],"author":[{"embeddable":true,"href":"https:\/\/www.manaus.am.gov.br\/seminf\/wp-json\/wp\/v2\/users\/39"}],"replies":[{"embeddable":true,"href":"https:\/\/www.manaus.am.gov.br\/seminf\/wp-json\/wp\/v2\/comments?post=6002"}],"version-history":[{"count":2,"href":"https:\/\/www.manaus.am.gov.br\/seminf\/wp-json\/wp\/v2\/posts\/6002\/revisions"}],"predecessor-version":[{"id":6006,"href":"https:\/\/www.manaus.am.gov.br\/seminf\/wp-json\/wp\/v2\/posts\/6002\/revisions\/6006"}],"wp:featuredmedia":[{"embeddable":true,"href":"https:\/\/www.manaus.am.gov.br\/seminf\/wp-json\/wp\/v2\/media\/6003"}],"wp:attachment":[{"href":"https:\/\/www.manaus.am.gov.br\/seminf\/wp-json\/wp\/v2\/media?parent=6002"}],"wp:term":[{"taxonomy":"category","embeddable":true,"href":"https:\/\/www.manaus.am.gov.br\/seminf\/wp-json\/wp\/v2\/categories?post=6002"},{"taxonomy":"post_tag","embeddable":true,"href":"https:\/\/www.manaus.am.gov.br\/seminf\/wp-json\/wp\/v2\/tags?post=6002"}],"curies":[{"name":"wp","href":"https:\/\/api.w.org\/{rel}","templated":true}]}}