{"id":600,"date":"2023-02-03T18:07:57","date_gmt":"2023-02-03T22:07:57","guid":{"rendered":"https:\/\/www.manaus.am.gov.br\/seminf\/obra-em-trecho-proximo-porto-chibatao-sera-entregue-em-marco-pela-prefeitura\/"},"modified":"2023-02-03T18:29:25","modified_gmt":"2023-02-03T22:29:25","slug":"obra-em-trecho-proximo-porto-chibatao-sera-entregue-em-marco-pela-prefeitura","status":"publish","type":"post","link":"https:\/\/www.manaus.am.gov.br\/seminf\/obra-em-trecho-proximo-porto-chibatao-sera-entregue-em-marco-pela-prefeitura\/","title":{"rendered":"<strong>Obra em trecho pr\u00f3ximo ao Porto Chibat\u00e3o ser\u00e1 entregue em mar\u00e7o pela Prefeitura de Manaus<\/strong>"},"content":{"rendered":"\n<p>A Prefeitura de Manaus, por meio da Secretaria Municipal de Infraestrutura (Seminf), atua, nesta sexta-feira, 3\/2, na fase final das obras de implanta\u00e7\u00e3o do pavimento r\u00edgido no cruzamento das avenidas Presidente Kennedy e Rodrigo Ot\u00e1vio, no bairro Col\u00f4nia Oliveira Machado, zona Sul. O trecho, pr\u00f3ximo ao porto Chibat\u00e3o, \u00e9 famoso pelas crateras e fissuras cr\u00f4nicas na via.<\/p>\n\n\n\n<p>De acordo com o fiscal da obra, engenheiro Igor Mendes, os servi\u00e7os de concretagem da pista ser\u00e3o finalizados ainda nesta sexta-feira e, a depender das chuvas, em 30 dias a via deve estar apta ao tr\u00e1fego de ve\u00edculos pesados novamente.<\/p>\n\n\n\n<p>\u201cHoje, iniciamos a \u00faltima etapa de concretagem no trecho. Assim que conclu\u00edda esta fase, aguardaremos a cura (secura) desse concreto, para que o pavimento possa atingir a resist\u00eancia m\u00e1xima e suportar o intenso tr\u00e1fego de ve\u00edculos pesados no local\u201d, explica Igor.<\/p>\n\n\n\n<p>No trecho, que \u00e9 portu\u00e1rio, problemas de infraestrutura s\u00e3o corriqueiros no pavimento, agravados pelo intenso tr\u00e1fego de ve\u00edculos pesados, especialmente caminh\u00f5es com cont\u00eaineres, que fazem rota do Porto Chibat\u00e3o at\u00e9 as empresas do Distrito Industrial de Manaus.<\/p>\n\n\n\n<p>\u201cSeguimos a determina\u00e7\u00e3o do prefeito David Almeida e do secret\u00e1rio de Obras Renato Junior, para atuarmos com responsabilidade e, principalmente, utilizando materiais de qualidade, permitindo assim o tr\u00e1fego de ve\u00edculos pesados sem o comprometimento na infraestrutura da via\u201d, complementou o engenheiro.<\/p>\n\n\n\n<p>Os problemas de afundamento da pista nessa \u00e1rea eram causados pela fragilidade do antigo pavimento, feito apenas com massa asf\u00e1ltica, sem a concretagem, o que tornava a base extremamente flex\u00edvel, n\u00e3o suportando o peso das carretas que circulam diariamente nessa \u00e1rea.<\/p>\n\n\n\n<p>As equipes de engenharia fizeram um estudo e, antes da implanta\u00e7\u00e3o do asfalto, realizaram toda a prepara\u00e7\u00e3o do solo, para evitar a forma\u00e7\u00e3o de buracos.&nbsp; Em toda a extens\u00e3o da via, foram realizados servi\u00e7os de terraplanagem, com recupera\u00e7\u00e3o da base e sub-base do solo.<\/p>\n\n\n\n<p>Em seguida, foi aplicada uma camada de 20 cent\u00edmetros de espessura de concreto compactado a rolo, para estabilizar e regularizar a base, e feita toda a armadura do pavimento r\u00edgido, com barras de a\u00e7o, para garantir a sustenta\u00e7\u00e3o das cargas, sem deformidades na pista. Ao fim, as equipes aplicam os 20cm de concreto e aguardam a cura do pavimento, agora, r\u00edgido.<\/p>\n\n\n\n<p>A obra \u00e9 realizada em tr\u00eas etapas, para n\u00e3o causar transtornos ao tr\u00e2nsito. Enquanto aguardam o processo de cura do concreto, as equipes da Prefeitura de Manaus far\u00e3o os servi\u00e7os de revitaliza\u00e7\u00e3o do entorno, com obras de reestrutura\u00e7\u00e3o das cal\u00e7adas, meio-fio e sarjetas. Todo o trecho ser\u00e1 sinalizado pelo Instituto Municipal de Mobilidade Urbana (IMMU).<\/p>\n\n\n\n<p>&#8212; &#8212; &#8212;<\/p>\n\n\n\n<p><strong>Texto &#8211;<\/strong> Mariana Rocha&nbsp;\/ Seminf<\/p>\n\n\n\n<p><strong>Fotos &#8211;<\/strong> M\u00e1rcio Melo \/ Seminf<\/p>\n\n\n\n<p><strong>Dispon\u00edveis em &#8211; <\/strong><a href=\"https:\/\/flic.kr\/s\/aHBqjAqQLB\">https:\/\/flic.kr\/s\/aHBqjAqQLB<\/a><\/p>\n\n\n\n<p><\/p>\n","protected":false},"excerpt":{"rendered":"","protected":false},"author":39,"featured_media":601,"comment_status":"closed","ping_status":"closed","sticky":false,"template":"","format":"standard","meta":{"footnotes":""},"categories":[3],"tags":[161,102,162,22,163,69,164,165],"acf":[],"yoast_head":"<!-- This site is optimized with the Yoast SEO plugin v23.0 - https:\/\/yoast.com\/wordpress\/plugins\/seo\/ -->\n<title>Obra pr\u00f3ximo ao Porto Chibat\u00e3o ser\u00e1 entregue em mar\u00e7o<\/title>\n<meta name=\"description\" content=\"A Prefeitura de Manaus atua na fase final das obras de implanta\u00e7\u00e3o do pavimento r\u00edgido das avenidas Presidente Kennedy e Rodrigo Ot\u00e1vio.\" \/>\n<meta name=\"robots\" content=\"index, follow, max-snippet:-1, max-image-preview:large, max-video-preview:-1\" \/>\n<link rel=\"canonical\" href=\"https:\/\/www.manaus.am.gov.br\/seminf\/obra-em-trecho-proximo-porto-chibatao-sera-entregue-em-marco-pela-prefeitura\/\" \/>\n<meta property=\"og:locale\" content=\"pt_BR\" \/>\n<meta property=\"og:type\" content=\"article\" \/>\n<meta property=\"og:title\" content=\"Obra pr\u00f3ximo ao Porto Chibat\u00e3o ser\u00e1 entregue em mar\u00e7o\" \/>\n<meta property=\"og:description\" content=\"A Prefeitura de Manaus atua na fase final das obras de implanta\u00e7\u00e3o do pavimento r\u00edgido das avenidas Presidente Kennedy e Rodrigo Ot\u00e1vio.\" \/>\n<meta property=\"og:url\" content=\"https:\/\/www.manaus.am.gov.br\/seminf\/obra-em-trecho-proximo-porto-chibatao-sera-entregue-em-marco-pela-prefeitura\/\" \/>\n<meta property=\"og:site_name\" content=\"SEMINF\" \/>\n<meta property=\"article:published_time\" content=\"2023-02-03T22:07:57+00:00\" \/>\n<meta property=\"article:modified_time\" content=\"2023-02-03T22:29:25+00:00\" \/>\n<meta property=\"og:image\" content=\"https:\/\/www.manaus.am.gov.br\/seminf\/wp-content\/uploads\/sites\/6\/2023\/02\/Obra-em-trecho-proximo-ao-Porto-Chibatao-sera-entregue-em-marco-pela-Prefeitura-de-Manaus.jpeg\" \/>\n\t<meta property=\"og:image:width\" content=\"1500\" \/>\n\t<meta property=\"og:image:height\" content=\"1000\" \/>\n\t<meta property=\"og:image:type\" content=\"image\/jpeg\" \/>\n<meta name=\"author\" content=\"Bruna Greco\" \/>\n<meta name=\"twitter:card\" content=\"summary_large_image\" \/>\n<meta name=\"twitter:label1\" content=\"Written by\" \/>\n\t<meta name=\"twitter:data1\" content=\"Bruna Greco\" \/>\n\t<meta name=\"twitter:label2\" content=\"Est. reading time\" \/>\n\t<meta name=\"twitter:data2\" content=\"3 minutos\" \/>\n<script type=\"application\/ld+json\" class=\"yoast-schema-graph\">{\"@context\":\"https:\/\/schema.org\",\"@graph\":[{\"@type\":\"WebPage\",\"@id\":\"https:\/\/www.manaus.am.gov.br\/seminf\/obra-em-trecho-proximo-porto-chibatao-sera-entregue-em-marco-pela-prefeitura\/\",\"url\":\"https:\/\/www.manaus.am.gov.br\/seminf\/obra-em-trecho-proximo-porto-chibatao-sera-entregue-em-marco-pela-prefeitura\/\",\"name\":\"Obra pr\u00f3ximo ao Porto Chibat\u00e3o ser\u00e1 entregue em mar\u00e7o\",\"isPartOf\":{\"@id\":\"https:\/\/www.manaus.am.gov.br\/seminf\/#website\"},\"primaryImageOfPage\":{\"@id\":\"https:\/\/www.manaus.am.gov.br\/seminf\/obra-em-trecho-proximo-porto-chibatao-sera-entregue-em-marco-pela-prefeitura\/#primaryimage\"},\"image\":{\"@id\":\"https:\/\/www.manaus.am.gov.br\/seminf\/obra-em-trecho-proximo-porto-chibatao-sera-entregue-em-marco-pela-prefeitura\/#primaryimage\"},\"thumbnailUrl\":\"https:\/\/www.manaus.am.gov.br\/seminf\/wp-content\/uploads\/sites\/6\/2023\/02\/Obra-em-trecho-proximo-ao-Porto-Chibatao-sera-entregue-em-marco-pela-Prefeitura-de-Manaus.jpeg\",\"datePublished\":\"2023-02-03T22:07:57+00:00\",\"dateModified\":\"2023-02-03T22:29:25+00:00\",\"author\":{\"@id\":\"https:\/\/www.manaus.am.gov.br\/seminf\/#\/schema\/person\/05d223aea2bf115f9883a6ff3683d81b\"},\"description\":\"A Prefeitura de Manaus atua na fase final das obras de implanta\u00e7\u00e3o do pavimento r\u00edgido das avenidas Presidente Kennedy e Rodrigo Ot\u00e1vio.\",\"inLanguage\":\"pt-BR\",\"potentialAction\":[{\"@type\":\"ReadAction\",\"target\":[\"https:\/\/www.manaus.am.gov.br\/seminf\/obra-em-trecho-proximo-porto-chibatao-sera-entregue-em-marco-pela-prefeitura\/\"]}]},{\"@type\":\"ImageObject\",\"inLanguage\":\"pt-BR\",\"@id\":\"https:\/\/www.manaus.am.gov.br\/seminf\/obra-em-trecho-proximo-porto-chibatao-sera-entregue-em-marco-pela-prefeitura\/#primaryimage\",\"url\":\"https:\/\/www.manaus.am.gov.br\/seminf\/wp-content\/uploads\/sites\/6\/2023\/02\/Obra-em-trecho-proximo-ao-Porto-Chibatao-sera-entregue-em-marco-pela-Prefeitura-de-Manaus.jpeg\",\"contentUrl\":\"https:\/\/www.manaus.am.gov.br\/seminf\/wp-content\/uploads\/sites\/6\/2023\/02\/Obra-em-trecho-proximo-ao-Porto-Chibatao-sera-entregue-em-marco-pela-Prefeitura-de-Manaus.jpeg\",\"width\":1500,\"height\":1000},{\"@type\":\"WebSite\",\"@id\":\"https:\/\/www.manaus.am.gov.br\/seminf\/#website\",\"url\":\"https:\/\/www.manaus.am.gov.br\/seminf\/\",\"name\":\"Secretaria de Infraestrutura\",\"description\":\"Secretaria Municipal de Infraestrutura\",\"potentialAction\":[{\"@type\":\"SearchAction\",\"target\":{\"@type\":\"EntryPoint\",\"urlTemplate\":\"https:\/\/www.manaus.am.gov.br\/seminf\/?s={search_term_string}\"},\"query-input\":\"required name=search_term_string\"}],\"inLanguage\":\"pt-BR\"},{\"@type\":\"Person\",\"@id\":\"https:\/\/www.manaus.am.gov.br\/seminf\/#\/schema\/person\/05d223aea2bf115f9883a6ff3683d81b\",\"name\":\"Bruna Greco\",\"image\":{\"@type\":\"ImageObject\",\"inLanguage\":\"pt-BR\",\"@id\":\"https:\/\/www.manaus.am.gov.br\/seminf\/#\/schema\/person\/image\/\",\"url\":\"https:\/\/secure.gravatar.com\/avatar\/9c877d1a6adc2a055330e5c09a8653ce?s=96&d=mm&r=g\",\"contentUrl\":\"https:\/\/secure.gravatar.com\/avatar\/9c877d1a6adc2a055330e5c09a8653ce?s=96&d=mm&r=g\",\"caption\":\"Bruna Greco\"}}]}<\/script>\n<!-- \/ Yoast SEO plugin. -->","yoast_head_json":{"title":"Obra pr\u00f3ximo ao Porto Chibat\u00e3o ser\u00e1 entregue em mar\u00e7o","description":"A Prefeitura de Manaus atua na fase final das obras de implanta\u00e7\u00e3o do pavimento r\u00edgido das avenidas Presidente Kennedy e Rodrigo Ot\u00e1vio.","robots":{"index":"index","follow":"follow","max-snippet":"max-snippet:-1","max-image-preview":"max-image-preview:large","max-video-preview":"max-video-preview:-1"},"canonical":"https:\/\/www.manaus.am.gov.br\/seminf\/obra-em-trecho-proximo-porto-chibatao-sera-entregue-em-marco-pela-prefeitura\/","og_locale":"pt_BR","og_type":"article","og_title":"Obra pr\u00f3ximo ao Porto Chibat\u00e3o ser\u00e1 entregue em mar\u00e7o","og_description":"A Prefeitura de Manaus atua na fase final das obras de implanta\u00e7\u00e3o do pavimento r\u00edgido das avenidas Presidente Kennedy e Rodrigo Ot\u00e1vio.","og_url":"https:\/\/www.manaus.am.gov.br\/seminf\/obra-em-trecho-proximo-porto-chibatao-sera-entregue-em-marco-pela-prefeitura\/","og_site_name":"SEMINF","article_published_time":"2023-02-03T22:07:57+00:00","article_modified_time":"2023-02-03T22:29:25+00:00","og_image":[{"width":1500,"height":1000,"url":"https:\/\/www.manaus.am.gov.br\/seminf\/wp-content\/uploads\/sites\/6\/2023\/02\/Obra-em-trecho-proximo-ao-Porto-Chibatao-sera-entregue-em-marco-pela-Prefeitura-de-Manaus.jpeg","type":"image\/jpeg"}],"author":"Bruna Greco","twitter_card":"summary_large_image","twitter_misc":{"Written by":"Bruna Greco","Est. reading time":"3 minutos"},"schema":{"@context":"https:\/\/schema.org","@graph":[{"@type":"WebPage","@id":"https:\/\/www.manaus.am.gov.br\/seminf\/obra-em-trecho-proximo-porto-chibatao-sera-entregue-em-marco-pela-prefeitura\/","url":"https:\/\/www.manaus.am.gov.br\/seminf\/obra-em-trecho-proximo-porto-chibatao-sera-entregue-em-marco-pela-prefeitura\/","name":"Obra pr\u00f3ximo ao Porto Chibat\u00e3o ser\u00e1 entregue em mar\u00e7o","isPartOf":{"@id":"https:\/\/www.manaus.am.gov.br\/seminf\/#website"},"primaryImageOfPage":{"@id":"https:\/\/www.manaus.am.gov.br\/seminf\/obra-em-trecho-proximo-porto-chibatao-sera-entregue-em-marco-pela-prefeitura\/#primaryimage"},"image":{"@id":"https:\/\/www.manaus.am.gov.br\/seminf\/obra-em-trecho-proximo-porto-chibatao-sera-entregue-em-marco-pela-prefeitura\/#primaryimage"},"thumbnailUrl":"https:\/\/www.manaus.am.gov.br\/seminf\/wp-content\/uploads\/sites\/6\/2023\/02\/Obra-em-trecho-proximo-ao-Porto-Chibatao-sera-entregue-em-marco-pela-Prefeitura-de-Manaus.jpeg","datePublished":"2023-02-03T22:07:57+00:00","dateModified":"2023-02-03T22:29:25+00:00","author":{"@id":"https:\/\/www.manaus.am.gov.br\/seminf\/#\/schema\/person\/05d223aea2bf115f9883a6ff3683d81b"},"description":"A Prefeitura de Manaus atua na fase final das obras de implanta\u00e7\u00e3o do pavimento r\u00edgido das avenidas Presidente Kennedy e Rodrigo Ot\u00e1vio.","inLanguage":"pt-BR","potentialAction":[{"@type":"ReadAction","target":["https:\/\/www.manaus.am.gov.br\/seminf\/obra-em-trecho-proximo-porto-chibatao-sera-entregue-em-marco-pela-prefeitura\/"]}]},{"@type":"ImageObject","inLanguage":"pt-BR","@id":"https:\/\/www.manaus.am.gov.br\/seminf\/obra-em-trecho-proximo-porto-chibatao-sera-entregue-em-marco-pela-prefeitura\/#primaryimage","url":"https:\/\/www.manaus.am.gov.br\/seminf\/wp-content\/uploads\/sites\/6\/2023\/02\/Obra-em-trecho-proximo-ao-Porto-Chibatao-sera-entregue-em-marco-pela-Prefeitura-de-Manaus.jpeg","contentUrl":"https:\/\/www.manaus.am.gov.br\/seminf\/wp-content\/uploads\/sites\/6\/2023\/02\/Obra-em-trecho-proximo-ao-Porto-Chibatao-sera-entregue-em-marco-pela-Prefeitura-de-Manaus.jpeg","width":1500,"height":1000},{"@type":"WebSite","@id":"https:\/\/www.manaus.am.gov.br\/seminf\/#website","url":"https:\/\/www.manaus.am.gov.br\/seminf\/","name":"Secretaria de Infraestrutura","description":"Secretaria Municipal de Infraestrutura","potentialAction":[{"@type":"SearchAction","target":{"@type":"EntryPoint","urlTemplate":"https:\/\/www.manaus.am.gov.br\/seminf\/?s={search_term_string}"},"query-input":"required name=search_term_string"}],"inLanguage":"pt-BR"},{"@type":"Person","@id":"https:\/\/www.manaus.am.gov.br\/seminf\/#\/schema\/person\/05d223aea2bf115f9883a6ff3683d81b","name":"Bruna Greco","image":{"@type":"ImageObject","inLanguage":"pt-BR","@id":"https:\/\/www.manaus.am.gov.br\/seminf\/#\/schema\/person\/image\/","url":"https:\/\/secure.gravatar.com\/avatar\/9c877d1a6adc2a055330e5c09a8653ce?s=96&d=mm&r=g","contentUrl":"https:\/\/secure.gravatar.com\/avatar\/9c877d1a6adc2a055330e5c09a8653ce?s=96&d=mm&r=g","caption":"Bruna Greco"}}]}},"_links":{"self":[{"href":"https:\/\/www.manaus.am.gov.br\/seminf\/wp-json\/wp\/v2\/posts\/600"}],"collection":[{"href":"https:\/\/www.manaus.am.gov.br\/seminf\/wp-json\/wp\/v2\/posts"}],"about":[{"href":"https:\/\/www.manaus.am.gov.br\/seminf\/wp-json\/wp\/v2\/types\/post"}],"author":[{"embeddable":true,"href":"https:\/\/www.manaus.am.gov.br\/seminf\/wp-json\/wp\/v2\/users\/39"}],"replies":[{"embeddable":true,"href":"https:\/\/www.manaus.am.gov.br\/seminf\/wp-json\/wp\/v2\/comments?post=600"}],"version-history":[{"count":2,"href":"https:\/\/www.manaus.am.gov.br\/seminf\/wp-json\/wp\/v2\/posts\/600\/revisions"}],"predecessor-version":[{"id":604,"href":"https:\/\/www.manaus.am.gov.br\/seminf\/wp-json\/wp\/v2\/posts\/600\/revisions\/604"}],"wp:featuredmedia":[{"embeddable":true,"href":"https:\/\/www.manaus.am.gov.br\/seminf\/wp-json\/wp\/v2\/media\/601"}],"wp:attachment":[{"href":"https:\/\/www.manaus.am.gov.br\/seminf\/wp-json\/wp\/v2\/media?parent=600"}],"wp:term":[{"taxonomy":"category","embeddable":true,"href":"https:\/\/www.manaus.am.gov.br\/seminf\/wp-json\/wp\/v2\/categories?post=600"},{"taxonomy":"post_tag","embeddable":true,"href":"https:\/\/www.manaus.am.gov.br\/seminf\/wp-json\/wp\/v2\/tags?post=600"}],"curies":[{"name":"wp","href":"https:\/\/api.w.org\/{rel}","templated":true}]}}