{"id":5994,"date":"2025-07-08T17:13:38","date_gmt":"2025-07-08T21:13:38","guid":{"rendered":"https:\/\/www.manaus.am.gov.br\/seminf\/manutencao-asfaltica-no-bairro-japiim\/"},"modified":"2025-07-08T17:13:39","modified_gmt":"2025-07-08T21:13:39","slug":"manutencao-asfaltica-no-bairro-japiim","status":"publish","type":"post","link":"https:\/\/www.manaus.am.gov.br\/seminf\/manutencao-asfaltica-no-bairro-japiim\/","title":{"rendered":"Prefeitura de Manaus realiza obras de manuten\u00e7\u00e3o asf\u00e1ltica no bairro Japiim"},"content":{"rendered":"\n<p>A Prefeitura de Manaus, por meio da Secretaria Municipal de Infraestrutura (Seminf), executa, nesta ter\u00e7a-feira, 8\/7, obras de manuten\u00e7\u00e3o asf\u00e1ltica na avenida Manaus 2000, localizada no bairro Japiim, zona Sul da capital. A interven\u00e7\u00e3o refor\u00e7a o compromisso da gest\u00e3o municipal com a melhoria da mobilidade urbana e a seguran\u00e7a vi\u00e1ria.<\/p>\n\n\n\n<p>Conhecida por sua extens\u00e3o estrat\u00e9gica, a avenida conecta importantes bairros da cidade, como Bet\u00e2nia, Morro da Liberdade e Distrito Industrial. A revitaliza\u00e7\u00e3o do asfalto garante mais fluidez ao tr\u00e1fego, maior durabilidade do pavimento e conforto tanto para motoristas quanto para pedestres que utilizam a via diariamente.<\/p>\n\n\n\n<p>\u201cO Japiim concentra um dos nossos principais corredores vi\u00e1rios e, assim que identificamos a necessidade de reparos, mobilizamos as equipes e levamos o asfalto. Temos muito a entregar e seguimos firmes todos os dias para construir uma cidade melhor, como os manauaras merecem\u201d, destacou o vice-prefeito e secret\u00e1rio de Obras, Renato Junior.<\/p>\n\n\n\n<p>A nova camada de asfalto nos trechos desgastados, corrige deformidades na pista que vinham causando transtornos aos moradores e condutores, al\u00e9m de reduzir riscos de acidentes e melhorar a circula\u00e7\u00e3o de ve\u00edculos, inclusive do transporte coletivo e de cargas.<\/p>\n\n\n\n<p>A Prefeitura de Manaus refor\u00e7a o seu compromisso com uma cidade mais acess\u00edvel e eficiente, mantendo frentes de obras em diversas zonas e garantindo infraestrutura de qualidade em vias estrat\u00e9gicas.<\/p>\n\n\n\n<p>\u2014 \u2014 \u2014<br><strong>Texto &#8211;<\/strong> Rayana Coutinho\/ Seminf\u00a0<br><strong>Fotos &#8211; <\/strong>Alessandro Ara\u00fajo\/ Seminf<\/p>\n","protected":false},"excerpt":{"rendered":"","protected":false},"author":68,"featured_media":5995,"comment_status":"closed","ping_status":"closed","sticky":false,"template":"","format":"standard","meta":{"footnotes":""},"categories":[8],"tags":[43,2245,26],"acf":[],"yoast_head":"<!-- This site is optimized with the Yoast SEO plugin v23.0 - https:\/\/yoast.com\/wordpress\/plugins\/seo\/ -->\n<title>Prefeitura de Manaus realiza obras de manuten\u00e7\u00e3o asf\u00e1ltica no bairro Japiim<\/title>\n<meta name=\"description\" content=\"A Prefeitura de Manaus, por meio da Secretaria Municipal de Infraestrutura (Seminf), executa, nesta ter\u00e7a-feira, 8\/7, obras de manuten\u00e7\u00e3o asf\u00e1ltica na avenida Manaus 2000, localizada no bairro Japiim, zona Sul da capital. A interven\u00e7\u00e3o refor\u00e7a o compromisso da gest\u00e3o municipal com a melhoria da mobilidade urbana e a seguran\u00e7a vi\u00e1ria.\" \/>\n<meta name=\"robots\" content=\"index, follow, max-snippet:-1, max-image-preview:large, max-video-preview:-1\" \/>\n<link rel=\"canonical\" href=\"https:\/\/www.manaus.am.gov.br\/seminf\/manutencao-asfaltica-no-bairro-japiim\/\" \/>\n<meta property=\"og:locale\" content=\"pt_BR\" \/>\n<meta property=\"og:type\" content=\"article\" \/>\n<meta property=\"og:title\" content=\"Prefeitura de Manaus realiza obras de manuten\u00e7\u00e3o asf\u00e1ltica no bairro Japiim\" \/>\n<meta property=\"og:description\" content=\"A Prefeitura de Manaus, por meio da Secretaria Municipal de Infraestrutura (Seminf), executa, nesta ter\u00e7a-feira, 8\/7, obras de manuten\u00e7\u00e3o asf\u00e1ltica na avenida Manaus 2000, localizada no bairro Japiim, zona Sul da capital. A interven\u00e7\u00e3o refor\u00e7a o compromisso da gest\u00e3o municipal com a melhoria da mobilidade urbana e a seguran\u00e7a vi\u00e1ria.\" \/>\n<meta property=\"og:url\" content=\"https:\/\/www.manaus.am.gov.br\/seminf\/manutencao-asfaltica-no-bairro-japiim\/\" \/>\n<meta property=\"og:site_name\" content=\"SEMINF\" \/>\n<meta property=\"article:published_time\" content=\"2025-07-08T21:13:38+00:00\" \/>\n<meta property=\"article:modified_time\" content=\"2025-07-08T21:13:39+00:00\" \/>\n<meta property=\"og:image\" content=\"https:\/\/www.manaus.am.gov.br\/seminf\/wp-content\/uploads\/sites\/6\/2025\/07\/Prefeitura-de-Manaus-realiza-obras-de-manutencao-asfaltica-no-bairro-Japiim-2.jpg\" \/>\n\t<meta property=\"og:image:width\" content=\"800\" \/>\n\t<meta property=\"og:image:height\" content=\"600\" \/>\n\t<meta property=\"og:image:type\" content=\"image\/jpeg\" \/>\n<meta name=\"author\" content=\"bvalente\" \/>\n<meta name=\"twitter:card\" content=\"summary_large_image\" \/>\n<meta name=\"twitter:label1\" content=\"Written by\" \/>\n\t<meta name=\"twitter:data1\" content=\"bvalente\" \/>\n\t<meta name=\"twitter:label2\" content=\"Est. reading time\" \/>\n\t<meta name=\"twitter:data2\" content=\"2 minutos\" \/>\n<script type=\"application\/ld+json\" class=\"yoast-schema-graph\">{\"@context\":\"https:\/\/schema.org\",\"@graph\":[{\"@type\":\"WebPage\",\"@id\":\"https:\/\/www.manaus.am.gov.br\/seminf\/manutencao-asfaltica-no-bairro-japiim\/\",\"url\":\"https:\/\/www.manaus.am.gov.br\/seminf\/manutencao-asfaltica-no-bairro-japiim\/\",\"name\":\"Prefeitura de Manaus realiza obras de manuten\u00e7\u00e3o asf\u00e1ltica no bairro Japiim\",\"isPartOf\":{\"@id\":\"https:\/\/www.manaus.am.gov.br\/seminf\/#website\"},\"primaryImageOfPage\":{\"@id\":\"https:\/\/www.manaus.am.gov.br\/seminf\/manutencao-asfaltica-no-bairro-japiim\/#primaryimage\"},\"image\":{\"@id\":\"https:\/\/www.manaus.am.gov.br\/seminf\/manutencao-asfaltica-no-bairro-japiim\/#primaryimage\"},\"thumbnailUrl\":\"https:\/\/www.manaus.am.gov.br\/seminf\/wp-content\/uploads\/sites\/6\/2025\/07\/Prefeitura-de-Manaus-realiza-obras-de-manutencao-asfaltica-no-bairro-Japiim-2.jpg\",\"datePublished\":\"2025-07-08T21:13:38+00:00\",\"dateModified\":\"2025-07-08T21:13:39+00:00\",\"author\":{\"@id\":\"https:\/\/www.manaus.am.gov.br\/seminf\/#\/schema\/person\/466a0e03ae4b6062809046bd560ac955\"},\"description\":\"A Prefeitura de Manaus, por meio da Secretaria Municipal de Infraestrutura (Seminf), executa, nesta ter\u00e7a-feira, 8\/7, obras de manuten\u00e7\u00e3o asf\u00e1ltica na avenida Manaus 2000, localizada no bairro Japiim, zona Sul da capital. A interven\u00e7\u00e3o refor\u00e7a o compromisso da gest\u00e3o municipal com a melhoria da mobilidade urbana e a seguran\u00e7a vi\u00e1ria.\",\"inLanguage\":\"pt-BR\",\"potentialAction\":[{\"@type\":\"ReadAction\",\"target\":[\"https:\/\/www.manaus.am.gov.br\/seminf\/manutencao-asfaltica-no-bairro-japiim\/\"]}]},{\"@type\":\"ImageObject\",\"inLanguage\":\"pt-BR\",\"@id\":\"https:\/\/www.manaus.am.gov.br\/seminf\/manutencao-asfaltica-no-bairro-japiim\/#primaryimage\",\"url\":\"https:\/\/www.manaus.am.gov.br\/seminf\/wp-content\/uploads\/sites\/6\/2025\/07\/Prefeitura-de-Manaus-realiza-obras-de-manutencao-asfaltica-no-bairro-Japiim-2.jpg\",\"contentUrl\":\"https:\/\/www.manaus.am.gov.br\/seminf\/wp-content\/uploads\/sites\/6\/2025\/07\/Prefeitura-de-Manaus-realiza-obras-de-manutencao-asfaltica-no-bairro-Japiim-2.jpg\",\"width\":800,\"height\":600},{\"@type\":\"WebSite\",\"@id\":\"https:\/\/www.manaus.am.gov.br\/seminf\/#website\",\"url\":\"https:\/\/www.manaus.am.gov.br\/seminf\/\",\"name\":\"Secretaria de Infraestrutura\",\"description\":\"Secretaria Municipal de Infraestrutura\",\"potentialAction\":[{\"@type\":\"SearchAction\",\"target\":{\"@type\":\"EntryPoint\",\"urlTemplate\":\"https:\/\/www.manaus.am.gov.br\/seminf\/?s={search_term_string}\"},\"query-input\":\"required name=search_term_string\"}],\"inLanguage\":\"pt-BR\"},{\"@type\":\"Person\",\"@id\":\"https:\/\/www.manaus.am.gov.br\/seminf\/#\/schema\/person\/466a0e03ae4b6062809046bd560ac955\",\"name\":\"bvalente\",\"image\":{\"@type\":\"ImageObject\",\"inLanguage\":\"pt-BR\",\"@id\":\"https:\/\/www.manaus.am.gov.br\/seminf\/#\/schema\/person\/image\/\",\"url\":\"https:\/\/secure.gravatar.com\/avatar\/3e69bc2b014bdad41adfec3a39de07d2?s=96&d=mm&r=g\",\"contentUrl\":\"https:\/\/secure.gravatar.com\/avatar\/3e69bc2b014bdad41adfec3a39de07d2?s=96&d=mm&r=g\",\"caption\":\"bvalente\"}}]}<\/script>\n<!-- \/ Yoast SEO plugin. -->","yoast_head_json":{"title":"Prefeitura de Manaus realiza obras de manuten\u00e7\u00e3o asf\u00e1ltica no bairro Japiim","description":"A Prefeitura de Manaus, por meio da Secretaria Municipal de Infraestrutura (Seminf), executa, nesta ter\u00e7a-feira, 8\/7, obras de manuten\u00e7\u00e3o asf\u00e1ltica na avenida Manaus 2000, localizada no bairro Japiim, zona Sul da capital. A interven\u00e7\u00e3o refor\u00e7a o compromisso da gest\u00e3o municipal com a melhoria da mobilidade urbana e a seguran\u00e7a vi\u00e1ria.","robots":{"index":"index","follow":"follow","max-snippet":"max-snippet:-1","max-image-preview":"max-image-preview:large","max-video-preview":"max-video-preview:-1"},"canonical":"https:\/\/www.manaus.am.gov.br\/seminf\/manutencao-asfaltica-no-bairro-japiim\/","og_locale":"pt_BR","og_type":"article","og_title":"Prefeitura de Manaus realiza obras de manuten\u00e7\u00e3o asf\u00e1ltica no bairro Japiim","og_description":"A Prefeitura de Manaus, por meio da Secretaria Municipal de Infraestrutura (Seminf), executa, nesta ter\u00e7a-feira, 8\/7, obras de manuten\u00e7\u00e3o asf\u00e1ltica na avenida Manaus 2000, localizada no bairro Japiim, zona Sul da capital. A interven\u00e7\u00e3o refor\u00e7a o compromisso da gest\u00e3o municipal com a melhoria da mobilidade urbana e a seguran\u00e7a vi\u00e1ria.","og_url":"https:\/\/www.manaus.am.gov.br\/seminf\/manutencao-asfaltica-no-bairro-japiim\/","og_site_name":"SEMINF","article_published_time":"2025-07-08T21:13:38+00:00","article_modified_time":"2025-07-08T21:13:39+00:00","og_image":[{"width":800,"height":600,"url":"https:\/\/www.manaus.am.gov.br\/seminf\/wp-content\/uploads\/sites\/6\/2025\/07\/Prefeitura-de-Manaus-realiza-obras-de-manutencao-asfaltica-no-bairro-Japiim-2.jpg","type":"image\/jpeg"}],"author":"bvalente","twitter_card":"summary_large_image","twitter_misc":{"Written by":"bvalente","Est. reading time":"2 minutos"},"schema":{"@context":"https:\/\/schema.org","@graph":[{"@type":"WebPage","@id":"https:\/\/www.manaus.am.gov.br\/seminf\/manutencao-asfaltica-no-bairro-japiim\/","url":"https:\/\/www.manaus.am.gov.br\/seminf\/manutencao-asfaltica-no-bairro-japiim\/","name":"Prefeitura de Manaus realiza obras de manuten\u00e7\u00e3o asf\u00e1ltica no bairro Japiim","isPartOf":{"@id":"https:\/\/www.manaus.am.gov.br\/seminf\/#website"},"primaryImageOfPage":{"@id":"https:\/\/www.manaus.am.gov.br\/seminf\/manutencao-asfaltica-no-bairro-japiim\/#primaryimage"},"image":{"@id":"https:\/\/www.manaus.am.gov.br\/seminf\/manutencao-asfaltica-no-bairro-japiim\/#primaryimage"},"thumbnailUrl":"https:\/\/www.manaus.am.gov.br\/seminf\/wp-content\/uploads\/sites\/6\/2025\/07\/Prefeitura-de-Manaus-realiza-obras-de-manutencao-asfaltica-no-bairro-Japiim-2.jpg","datePublished":"2025-07-08T21:13:38+00:00","dateModified":"2025-07-08T21:13:39+00:00","author":{"@id":"https:\/\/www.manaus.am.gov.br\/seminf\/#\/schema\/person\/466a0e03ae4b6062809046bd560ac955"},"description":"A Prefeitura de Manaus, por meio da Secretaria Municipal de Infraestrutura (Seminf), executa, nesta ter\u00e7a-feira, 8\/7, obras de manuten\u00e7\u00e3o asf\u00e1ltica na avenida Manaus 2000, localizada no bairro Japiim, zona Sul da capital. A interven\u00e7\u00e3o refor\u00e7a o compromisso da gest\u00e3o municipal com a melhoria da mobilidade urbana e a seguran\u00e7a vi\u00e1ria.","inLanguage":"pt-BR","potentialAction":[{"@type":"ReadAction","target":["https:\/\/www.manaus.am.gov.br\/seminf\/manutencao-asfaltica-no-bairro-japiim\/"]}]},{"@type":"ImageObject","inLanguage":"pt-BR","@id":"https:\/\/www.manaus.am.gov.br\/seminf\/manutencao-asfaltica-no-bairro-japiim\/#primaryimage","url":"https:\/\/www.manaus.am.gov.br\/seminf\/wp-content\/uploads\/sites\/6\/2025\/07\/Prefeitura-de-Manaus-realiza-obras-de-manutencao-asfaltica-no-bairro-Japiim-2.jpg","contentUrl":"https:\/\/www.manaus.am.gov.br\/seminf\/wp-content\/uploads\/sites\/6\/2025\/07\/Prefeitura-de-Manaus-realiza-obras-de-manutencao-asfaltica-no-bairro-Japiim-2.jpg","width":800,"height":600},{"@type":"WebSite","@id":"https:\/\/www.manaus.am.gov.br\/seminf\/#website","url":"https:\/\/www.manaus.am.gov.br\/seminf\/","name":"Secretaria de Infraestrutura","description":"Secretaria Municipal de Infraestrutura","potentialAction":[{"@type":"SearchAction","target":{"@type":"EntryPoint","urlTemplate":"https:\/\/www.manaus.am.gov.br\/seminf\/?s={search_term_string}"},"query-input":"required name=search_term_string"}],"inLanguage":"pt-BR"},{"@type":"Person","@id":"https:\/\/www.manaus.am.gov.br\/seminf\/#\/schema\/person\/466a0e03ae4b6062809046bd560ac955","name":"bvalente","image":{"@type":"ImageObject","inLanguage":"pt-BR","@id":"https:\/\/www.manaus.am.gov.br\/seminf\/#\/schema\/person\/image\/","url":"https:\/\/secure.gravatar.com\/avatar\/3e69bc2b014bdad41adfec3a39de07d2?s=96&d=mm&r=g","contentUrl":"https:\/\/secure.gravatar.com\/avatar\/3e69bc2b014bdad41adfec3a39de07d2?s=96&d=mm&r=g","caption":"bvalente"}}]}},"_links":{"self":[{"href":"https:\/\/www.manaus.am.gov.br\/seminf\/wp-json\/wp\/v2\/posts\/5994"}],"collection":[{"href":"https:\/\/www.manaus.am.gov.br\/seminf\/wp-json\/wp\/v2\/posts"}],"about":[{"href":"https:\/\/www.manaus.am.gov.br\/seminf\/wp-json\/wp\/v2\/types\/post"}],"author":[{"embeddable":true,"href":"https:\/\/www.manaus.am.gov.br\/seminf\/wp-json\/wp\/v2\/users\/68"}],"replies":[{"embeddable":true,"href":"https:\/\/www.manaus.am.gov.br\/seminf\/wp-json\/wp\/v2\/comments?post=5994"}],"version-history":[{"count":0,"href":"https:\/\/www.manaus.am.gov.br\/seminf\/wp-json\/wp\/v2\/posts\/5994\/revisions"}],"wp:featuredmedia":[{"embeddable":true,"href":"https:\/\/www.manaus.am.gov.br\/seminf\/wp-json\/wp\/v2\/media\/5995"}],"wp:attachment":[{"href":"https:\/\/www.manaus.am.gov.br\/seminf\/wp-json\/wp\/v2\/media?parent=5994"}],"wp:term":[{"taxonomy":"category","embeddable":true,"href":"https:\/\/www.manaus.am.gov.br\/seminf\/wp-json\/wp\/v2\/categories?post=5994"},{"taxonomy":"post_tag","embeddable":true,"href":"https:\/\/www.manaus.am.gov.br\/seminf\/wp-json\/wp\/v2\/tags?post=5994"}],"curies":[{"name":"wp","href":"https:\/\/api.w.org\/{rel}","templated":true}]}}