{"id":5972,"date":"2025-07-04T17:36:28","date_gmt":"2025-07-04T21:36:28","guid":{"rendered":"https:\/\/www.manaus.am.gov.br\/seminf\/obras-de-infraestrutura-com-frentes-simultaneas\/"},"modified":"2025-07-04T17:36:29","modified_gmt":"2025-07-04T21:36:29","slug":"obras-de-infraestrutura-com-frentes-simultaneas","status":"publish","type":"post","link":"https:\/\/www.manaus.am.gov.br\/seminf\/obras-de-infraestrutura-com-frentes-simultaneas\/","title":{"rendered":"Prefeitura de Manaus intensifica obras de infraestrutura com frentes simult\u00e2neas na zona Leste"},"content":{"rendered":"\n<p>A Prefeitura de Manaus, por meio da Secretaria Municipal de Infraestrutura (Seminf), segue atuando de forma intensiva para melhorar a malha vi\u00e1ria da capital. Nesta sexta-feira, 4\/7, duas frentes de obras avan\u00e7aram simultaneamente na zona Leste, promovendo melhorias significativas para motoristas e moradores da regi\u00e3o.<\/p>\n\n\n\n<p>No bairro Distrito Industrial 2, a equipe da Seminf aplicou 60 toneladas de massa asf\u00e1ltica na rua Flamboyant, recuperando pontos cr\u00edticos da via. A a\u00e7\u00e3o garante mais seguran\u00e7a e fluidez no tr\u00e1fego, beneficiando diretamente quem vive e trabalha na \u00e1rea, um importante polo econ\u00f4mico da cidade.<\/p>\n\n\n\n<p>Paralelamente, no cruzamento das ruas Barreirinhas e Magalh\u00e3es, no bairro Grande Vit\u00f3ria, outra frente de trabalho iniciou a implanta\u00e7\u00e3o de canaletas de drenagem superficial. O servi\u00e7o \u00e9 essencial para conter alagamentos, garantindo o escoamento correto das \u00e1guas pluviais e aumentando a durabilidade do pavimento.<\/p>\n\n\n\n<p>Segundo o vice-prefeito e secret\u00e1rio da Seminf, Renato Junior, as obras fazem parte de um cronograma cont\u00ednuo de manuten\u00e7\u00e3o da infraestrutura urbana.<\/p>\n\n\n\n<p>\u201cEstamos presentes em todas as zonas da capital, executando interven\u00e7\u00f5es que impactam diretamente na qualidade de vida da popula\u00e7\u00e3o. Essas a\u00e7\u00f5es demonstram o compromisso da gest\u00e3o do prefeito David Almeida com a seguran\u00e7a e a mobilidade dos manauaras\u201d, destacou Renato Junior.<\/p>\n\n\n\n<p>As frentes simult\u00e2neas demonstram a capacidade t\u00e9cnica e a agilidade das equipes dos distritos de obras, que diariamente enfrentam os desafios urbanos com solu\u00e7\u00f5es eficientes e duradouras. Com foco na mobilidade e na preven\u00e7\u00e3o de problemas estruturais causados pelo tempo e pelas chuvas, a Prefeitura de Manaus reafirma seu compromisso com uma cidade mais moderna e segura.<\/p>\n\n\n\n<p>\u2014 \u2014 \u2014<br><strong>Texto &#8211; <\/strong>Maria Amed \/ Seminf<br><strong>Foto &#8211; <\/strong>Divulga\u00e7\u00e3o \/ Seminf<\/p>\n","protected":false},"excerpt":{"rendered":"","protected":false},"author":68,"featured_media":5973,"comment_status":"closed","ping_status":"closed","sticky":false,"template":"","format":"standard","meta":{"footnotes":""},"categories":[6],"tags":[43,2236,26],"acf":[],"yoast_head":"<!-- This site is optimized with the Yoast SEO plugin v23.0 - https:\/\/yoast.com\/wordpress\/plugins\/seo\/ -->\n<title>Prefeitura de Manaus intensifica obras de infraestrutura com frentes simult\u00e2neas na zona Leste<\/title>\n<meta name=\"description\" content=\"A Prefeitura de Manaus, por meio da Secretaria Municipal de Infraestrutura (Seminf), segue atuando de forma intensiva para melhorar a malha vi\u00e1ria da capital. Nesta sexta-feira, 4\/7, duas frentes de obras avan\u00e7aram simultaneamente na zona Leste, promovendo melhorias significativas para motoristas e moradores da regi\u00e3o.\" \/>\n<meta name=\"robots\" content=\"index, follow, max-snippet:-1, max-image-preview:large, max-video-preview:-1\" \/>\n<link rel=\"canonical\" href=\"https:\/\/www.manaus.am.gov.br\/seminf\/obras-de-infraestrutura-com-frentes-simultaneas\/\" \/>\n<meta property=\"og:locale\" content=\"pt_BR\" \/>\n<meta property=\"og:type\" content=\"article\" \/>\n<meta property=\"og:title\" content=\"Prefeitura de Manaus intensifica obras de infraestrutura com frentes simult\u00e2neas na zona Leste\" \/>\n<meta property=\"og:description\" content=\"A Prefeitura de Manaus, por meio da Secretaria Municipal de Infraestrutura (Seminf), segue atuando de forma intensiva para melhorar a malha vi\u00e1ria da capital. Nesta sexta-feira, 4\/7, duas frentes de obras avan\u00e7aram simultaneamente na zona Leste, promovendo melhorias significativas para motoristas e moradores da regi\u00e3o.\" \/>\n<meta property=\"og:url\" content=\"https:\/\/www.manaus.am.gov.br\/seminf\/obras-de-infraestrutura-com-frentes-simultaneas\/\" \/>\n<meta property=\"og:site_name\" content=\"SEMINF\" \/>\n<meta property=\"article:published_time\" content=\"2025-07-04T21:36:28+00:00\" \/>\n<meta property=\"article:modified_time\" content=\"2025-07-04T21:36:29+00:00\" \/>\n<meta property=\"og:image\" content=\"https:\/\/www.manaus.am.gov.br\/seminf\/wp-content\/uploads\/sites\/6\/2025\/07\/Prefeitura-de-Manaus-intensifica-obras-de-infraestrutura-com-frentes-simultaneas-na-zona-Leste.jpeg\" \/>\n\t<meta property=\"og:image:width\" content=\"1200\" \/>\n\t<meta property=\"og:image:height\" content=\"739\" \/>\n\t<meta property=\"og:image:type\" content=\"image\/jpeg\" \/>\n<meta name=\"author\" content=\"bvalente\" \/>\n<meta name=\"twitter:card\" content=\"summary_large_image\" \/>\n<meta name=\"twitter:label1\" content=\"Written by\" \/>\n\t<meta name=\"twitter:data1\" content=\"bvalente\" \/>\n\t<meta name=\"twitter:label2\" content=\"Est. reading time\" \/>\n\t<meta name=\"twitter:data2\" content=\"2 minutos\" \/>\n<script type=\"application\/ld+json\" class=\"yoast-schema-graph\">{\"@context\":\"https:\/\/schema.org\",\"@graph\":[{\"@type\":\"WebPage\",\"@id\":\"https:\/\/www.manaus.am.gov.br\/seminf\/obras-de-infraestrutura-com-frentes-simultaneas\/\",\"url\":\"https:\/\/www.manaus.am.gov.br\/seminf\/obras-de-infraestrutura-com-frentes-simultaneas\/\",\"name\":\"Prefeitura de Manaus intensifica obras de infraestrutura com frentes simult\u00e2neas na zona Leste\",\"isPartOf\":{\"@id\":\"https:\/\/www.manaus.am.gov.br\/seminf\/#website\"},\"primaryImageOfPage\":{\"@id\":\"https:\/\/www.manaus.am.gov.br\/seminf\/obras-de-infraestrutura-com-frentes-simultaneas\/#primaryimage\"},\"image\":{\"@id\":\"https:\/\/www.manaus.am.gov.br\/seminf\/obras-de-infraestrutura-com-frentes-simultaneas\/#primaryimage\"},\"thumbnailUrl\":\"https:\/\/www.manaus.am.gov.br\/seminf\/wp-content\/uploads\/sites\/6\/2025\/07\/Prefeitura-de-Manaus-intensifica-obras-de-infraestrutura-com-frentes-simultaneas-na-zona-Leste.jpeg\",\"datePublished\":\"2025-07-04T21:36:28+00:00\",\"dateModified\":\"2025-07-04T21:36:29+00:00\",\"author\":{\"@id\":\"https:\/\/www.manaus.am.gov.br\/seminf\/#\/schema\/person\/466a0e03ae4b6062809046bd560ac955\"},\"description\":\"A Prefeitura de Manaus, por meio da Secretaria Municipal de Infraestrutura (Seminf), segue atuando de forma intensiva para melhorar a malha vi\u00e1ria da capital. Nesta sexta-feira, 4\/7, duas frentes de obras avan\u00e7aram simultaneamente na zona Leste, promovendo melhorias significativas para motoristas e moradores da regi\u00e3o.\",\"inLanguage\":\"pt-BR\",\"potentialAction\":[{\"@type\":\"ReadAction\",\"target\":[\"https:\/\/www.manaus.am.gov.br\/seminf\/obras-de-infraestrutura-com-frentes-simultaneas\/\"]}]},{\"@type\":\"ImageObject\",\"inLanguage\":\"pt-BR\",\"@id\":\"https:\/\/www.manaus.am.gov.br\/seminf\/obras-de-infraestrutura-com-frentes-simultaneas\/#primaryimage\",\"url\":\"https:\/\/www.manaus.am.gov.br\/seminf\/wp-content\/uploads\/sites\/6\/2025\/07\/Prefeitura-de-Manaus-intensifica-obras-de-infraestrutura-com-frentes-simultaneas-na-zona-Leste.jpeg\",\"contentUrl\":\"https:\/\/www.manaus.am.gov.br\/seminf\/wp-content\/uploads\/sites\/6\/2025\/07\/Prefeitura-de-Manaus-intensifica-obras-de-infraestrutura-com-frentes-simultaneas-na-zona-Leste.jpeg\",\"width\":1200,\"height\":739},{\"@type\":\"WebSite\",\"@id\":\"https:\/\/www.manaus.am.gov.br\/seminf\/#website\",\"url\":\"https:\/\/www.manaus.am.gov.br\/seminf\/\",\"name\":\"Secretaria de Infraestrutura\",\"description\":\"Secretaria Municipal de Infraestrutura\",\"potentialAction\":[{\"@type\":\"SearchAction\",\"target\":{\"@type\":\"EntryPoint\",\"urlTemplate\":\"https:\/\/www.manaus.am.gov.br\/seminf\/?s={search_term_string}\"},\"query-input\":\"required name=search_term_string\"}],\"inLanguage\":\"pt-BR\"},{\"@type\":\"Person\",\"@id\":\"https:\/\/www.manaus.am.gov.br\/seminf\/#\/schema\/person\/466a0e03ae4b6062809046bd560ac955\",\"name\":\"bvalente\",\"image\":{\"@type\":\"ImageObject\",\"inLanguage\":\"pt-BR\",\"@id\":\"https:\/\/www.manaus.am.gov.br\/seminf\/#\/schema\/person\/image\/\",\"url\":\"https:\/\/secure.gravatar.com\/avatar\/3e69bc2b014bdad41adfec3a39de07d2?s=96&d=mm&r=g\",\"contentUrl\":\"https:\/\/secure.gravatar.com\/avatar\/3e69bc2b014bdad41adfec3a39de07d2?s=96&d=mm&r=g\",\"caption\":\"bvalente\"}}]}<\/script>\n<!-- \/ Yoast SEO plugin. -->","yoast_head_json":{"title":"Prefeitura de Manaus intensifica obras de infraestrutura com frentes simult\u00e2neas na zona Leste","description":"A Prefeitura de Manaus, por meio da Secretaria Municipal de Infraestrutura (Seminf), segue atuando de forma intensiva para melhorar a malha vi\u00e1ria da capital. Nesta sexta-feira, 4\/7, duas frentes de obras avan\u00e7aram simultaneamente na zona Leste, promovendo melhorias significativas para motoristas e moradores da regi\u00e3o.","robots":{"index":"index","follow":"follow","max-snippet":"max-snippet:-1","max-image-preview":"max-image-preview:large","max-video-preview":"max-video-preview:-1"},"canonical":"https:\/\/www.manaus.am.gov.br\/seminf\/obras-de-infraestrutura-com-frentes-simultaneas\/","og_locale":"pt_BR","og_type":"article","og_title":"Prefeitura de Manaus intensifica obras de infraestrutura com frentes simult\u00e2neas na zona Leste","og_description":"A Prefeitura de Manaus, por meio da Secretaria Municipal de Infraestrutura (Seminf), segue atuando de forma intensiva para melhorar a malha vi\u00e1ria da capital. Nesta sexta-feira, 4\/7, duas frentes de obras avan\u00e7aram simultaneamente na zona Leste, promovendo melhorias significativas para motoristas e moradores da regi\u00e3o.","og_url":"https:\/\/www.manaus.am.gov.br\/seminf\/obras-de-infraestrutura-com-frentes-simultaneas\/","og_site_name":"SEMINF","article_published_time":"2025-07-04T21:36:28+00:00","article_modified_time":"2025-07-04T21:36:29+00:00","og_image":[{"width":1200,"height":739,"url":"https:\/\/www.manaus.am.gov.br\/seminf\/wp-content\/uploads\/sites\/6\/2025\/07\/Prefeitura-de-Manaus-intensifica-obras-de-infraestrutura-com-frentes-simultaneas-na-zona-Leste.jpeg","type":"image\/jpeg"}],"author":"bvalente","twitter_card":"summary_large_image","twitter_misc":{"Written by":"bvalente","Est. reading time":"2 minutos"},"schema":{"@context":"https:\/\/schema.org","@graph":[{"@type":"WebPage","@id":"https:\/\/www.manaus.am.gov.br\/seminf\/obras-de-infraestrutura-com-frentes-simultaneas\/","url":"https:\/\/www.manaus.am.gov.br\/seminf\/obras-de-infraestrutura-com-frentes-simultaneas\/","name":"Prefeitura de Manaus intensifica obras de infraestrutura com frentes simult\u00e2neas na zona Leste","isPartOf":{"@id":"https:\/\/www.manaus.am.gov.br\/seminf\/#website"},"primaryImageOfPage":{"@id":"https:\/\/www.manaus.am.gov.br\/seminf\/obras-de-infraestrutura-com-frentes-simultaneas\/#primaryimage"},"image":{"@id":"https:\/\/www.manaus.am.gov.br\/seminf\/obras-de-infraestrutura-com-frentes-simultaneas\/#primaryimage"},"thumbnailUrl":"https:\/\/www.manaus.am.gov.br\/seminf\/wp-content\/uploads\/sites\/6\/2025\/07\/Prefeitura-de-Manaus-intensifica-obras-de-infraestrutura-com-frentes-simultaneas-na-zona-Leste.jpeg","datePublished":"2025-07-04T21:36:28+00:00","dateModified":"2025-07-04T21:36:29+00:00","author":{"@id":"https:\/\/www.manaus.am.gov.br\/seminf\/#\/schema\/person\/466a0e03ae4b6062809046bd560ac955"},"description":"A Prefeitura de Manaus, por meio da Secretaria Municipal de Infraestrutura (Seminf), segue atuando de forma intensiva para melhorar a malha vi\u00e1ria da capital. Nesta sexta-feira, 4\/7, duas frentes de obras avan\u00e7aram simultaneamente na zona Leste, promovendo melhorias significativas para motoristas e moradores da regi\u00e3o.","inLanguage":"pt-BR","potentialAction":[{"@type":"ReadAction","target":["https:\/\/www.manaus.am.gov.br\/seminf\/obras-de-infraestrutura-com-frentes-simultaneas\/"]}]},{"@type":"ImageObject","inLanguage":"pt-BR","@id":"https:\/\/www.manaus.am.gov.br\/seminf\/obras-de-infraestrutura-com-frentes-simultaneas\/#primaryimage","url":"https:\/\/www.manaus.am.gov.br\/seminf\/wp-content\/uploads\/sites\/6\/2025\/07\/Prefeitura-de-Manaus-intensifica-obras-de-infraestrutura-com-frentes-simultaneas-na-zona-Leste.jpeg","contentUrl":"https:\/\/www.manaus.am.gov.br\/seminf\/wp-content\/uploads\/sites\/6\/2025\/07\/Prefeitura-de-Manaus-intensifica-obras-de-infraestrutura-com-frentes-simultaneas-na-zona-Leste.jpeg","width":1200,"height":739},{"@type":"WebSite","@id":"https:\/\/www.manaus.am.gov.br\/seminf\/#website","url":"https:\/\/www.manaus.am.gov.br\/seminf\/","name":"Secretaria de Infraestrutura","description":"Secretaria Municipal de Infraestrutura","potentialAction":[{"@type":"SearchAction","target":{"@type":"EntryPoint","urlTemplate":"https:\/\/www.manaus.am.gov.br\/seminf\/?s={search_term_string}"},"query-input":"required name=search_term_string"}],"inLanguage":"pt-BR"},{"@type":"Person","@id":"https:\/\/www.manaus.am.gov.br\/seminf\/#\/schema\/person\/466a0e03ae4b6062809046bd560ac955","name":"bvalente","image":{"@type":"ImageObject","inLanguage":"pt-BR","@id":"https:\/\/www.manaus.am.gov.br\/seminf\/#\/schema\/person\/image\/","url":"https:\/\/secure.gravatar.com\/avatar\/3e69bc2b014bdad41adfec3a39de07d2?s=96&d=mm&r=g","contentUrl":"https:\/\/secure.gravatar.com\/avatar\/3e69bc2b014bdad41adfec3a39de07d2?s=96&d=mm&r=g","caption":"bvalente"}}]}},"_links":{"self":[{"href":"https:\/\/www.manaus.am.gov.br\/seminf\/wp-json\/wp\/v2\/posts\/5972"}],"collection":[{"href":"https:\/\/www.manaus.am.gov.br\/seminf\/wp-json\/wp\/v2\/posts"}],"about":[{"href":"https:\/\/www.manaus.am.gov.br\/seminf\/wp-json\/wp\/v2\/types\/post"}],"author":[{"embeddable":true,"href":"https:\/\/www.manaus.am.gov.br\/seminf\/wp-json\/wp\/v2\/users\/68"}],"replies":[{"embeddable":true,"href":"https:\/\/www.manaus.am.gov.br\/seminf\/wp-json\/wp\/v2\/comments?post=5972"}],"version-history":[{"count":0,"href":"https:\/\/www.manaus.am.gov.br\/seminf\/wp-json\/wp\/v2\/posts\/5972\/revisions"}],"wp:featuredmedia":[{"embeddable":true,"href":"https:\/\/www.manaus.am.gov.br\/seminf\/wp-json\/wp\/v2\/media\/5973"}],"wp:attachment":[{"href":"https:\/\/www.manaus.am.gov.br\/seminf\/wp-json\/wp\/v2\/media?parent=5972"}],"wp:term":[{"taxonomy":"category","embeddable":true,"href":"https:\/\/www.manaus.am.gov.br\/seminf\/wp-json\/wp\/v2\/categories?post=5972"},{"taxonomy":"post_tag","embeddable":true,"href":"https:\/\/www.manaus.am.gov.br\/seminf\/wp-json\/wp\/v2\/tags?post=5972"}],"curies":[{"name":"wp","href":"https:\/\/api.w.org\/{rel}","templated":true}]}}