{"id":5968,"date":"2025-07-04T16:45:22","date_gmt":"2025-07-04T20:45:22","guid":{"rendered":"https:\/\/www.manaus.am.gov.br\/seminf\/recuperacao-bairro-taruma-acu\/"},"modified":"2025-07-04T16:45:23","modified_gmt":"2025-07-04T20:45:23","slug":"recuperacao-bairro-taruma-acu","status":"publish","type":"post","link":"https:\/\/www.manaus.am.gov.br\/seminf\/recuperacao-bairro-taruma-acu\/","title":{"rendered":"Prefeitura de Manaus recupera via na comunidade Ismael Aziz, no bairro Tarum\u00e3-A\u00e7u"},"content":{"rendered":"\n<p>A Prefeitura de Manaus segue avan\u00e7ando com o cronograma de recupera\u00e7\u00e3o vi\u00e1ria em todas as zonas da capital. Nesta sexta-feira, 4\/7, a Secretaria Municipal de Infraestrutura (Seminf), executou servi\u00e7os de recupera\u00e7\u00e3o asf\u00e1ltica na rua do Luso, localizada na comunidade Ismael Aziz, no bairro Tarum\u00e3-A\u00e7u, zona Oeste da cidade, atendendo a uma demanda dos moradores da regi\u00e3o.<\/p>\n\n\n\n<p>A interven\u00e7\u00e3o contemplou a aplica\u00e7\u00e3o de 40 toneladas de massa asf\u00e1ltica em um trecho de aproximadamente 500 metros, que apresentava desgaste acentuado. Antes da pavimenta\u00e7\u00e3o, as equipes realizaram o preparo completo do solo com o apoio de maquin\u00e1rio espec\u00edfico, garantindo a durabilidade do novo asfalto.<\/p>\n\n\n\n<p>De acordo com o vice-prefeito e secret\u00e1rio de Obras, Renato Junior, o trabalho faz parte de uma estrat\u00e9gia ampla da gest\u00e3o municipal para levar infraestrutura de qualidade a todas as zonas da cidade.<\/p>\n\n\n\n<p>\u201cEstamos atuando de forma estrat\u00e9gica, com equipes presentes em todas as regi\u00f5es. A recupera\u00e7\u00e3o da rua do Luso \u00e9 uma resposta \u00e0s necessidades da popula\u00e7\u00e3o. Na gest\u00e3o do prefeito David Almeida, o compromisso \u00e9 com trabalho, presen\u00e7a e resultados para os manauaras\u201d, destacou Renato Junior.<\/p>\n\n\n\n<p>As equipes da Seminf atuam diariamente em diversos bairros da cidade, priorizando \u00e1reas com maior necessidade de interven\u00e7\u00e3o e levando dignidade aos moradores por meio de obras que melhoram a mobilidade urbana e a qualidade de vida.<\/p>\n\n\n\n<p>As melhorias na comunidade Ismael Aziz refor\u00e7am o compromisso da Prefeitura de Manaus em transformar realidades com a\u00e7\u00f5es concretas e infraestrutura de qualidade.<\/p>\n\n\n\n<p>\u2014 \u2014 \u2014<br><strong>Texto &#8211; <\/strong>Maria Amed \/ Seminf<br><strong>Fotos &#8211; <\/strong>Divulga\u00e7\u00e3o \/ Seminf<\/p>\n","protected":false},"excerpt":{"rendered":"","protected":false},"author":68,"featured_media":5969,"comment_status":"closed","ping_status":"closed","sticky":false,"template":"","format":"standard","meta":{"footnotes":""},"categories":[6],"tags":[2233,43,2234,26],"acf":[],"yoast_head":"<!-- This site is optimized with the Yoast SEO plugin v23.0 - https:\/\/yoast.com\/wordpress\/plugins\/seo\/ -->\n<title>Prefeitura de Manaus recupera via na comunidade Ismael Aziz, no bairro Tarum\u00e3-A\u00e7u<\/title>\n<meta name=\"description\" content=\"A Prefeitura de Manaus segue avan\u00e7ando com o cronograma de recupera\u00e7\u00e3o vi\u00e1ria em todas as zonas da capital. Nesta sexta-feira, 4\/7, a Secretaria Municipal de Infraestrutura (Seminf), executou servi\u00e7os de recupera\u00e7\u00e3o asf\u00e1ltica na rua do Luso, localizada na comunidade Ismael Aziz, no bairro Tarum\u00e3-A\u00e7u, zona Oeste da cidade, atendendo a uma demanda dos moradores da regi\u00e3o.\" \/>\n<meta name=\"robots\" content=\"index, follow, max-snippet:-1, max-image-preview:large, max-video-preview:-1\" \/>\n<link rel=\"canonical\" href=\"https:\/\/www.manaus.am.gov.br\/seminf\/recuperacao-bairro-taruma-acu\/\" \/>\n<meta property=\"og:locale\" content=\"pt_BR\" \/>\n<meta property=\"og:type\" content=\"article\" \/>\n<meta property=\"og:title\" content=\"Prefeitura de Manaus recupera via na comunidade Ismael Aziz, no bairro Tarum\u00e3-A\u00e7u\" \/>\n<meta property=\"og:description\" content=\"A Prefeitura de Manaus segue avan\u00e7ando com o cronograma de recupera\u00e7\u00e3o vi\u00e1ria em todas as zonas da capital. Nesta sexta-feira, 4\/7, a Secretaria Municipal de Infraestrutura (Seminf), executou servi\u00e7os de recupera\u00e7\u00e3o asf\u00e1ltica na rua do Luso, localizada na comunidade Ismael Aziz, no bairro Tarum\u00e3-A\u00e7u, zona Oeste da cidade, atendendo a uma demanda dos moradores da regi\u00e3o.\" \/>\n<meta property=\"og:url\" content=\"https:\/\/www.manaus.am.gov.br\/seminf\/recuperacao-bairro-taruma-acu\/\" \/>\n<meta property=\"og:site_name\" content=\"SEMINF\" \/>\n<meta property=\"article:published_time\" content=\"2025-07-04T20:45:22+00:00\" \/>\n<meta property=\"article:modified_time\" content=\"2025-07-04T20:45:23+00:00\" \/>\n<meta property=\"og:image\" content=\"https:\/\/www.manaus.am.gov.br\/seminf\/wp-content\/uploads\/sites\/6\/2025\/07\/Prefeitura-de-Manaus-recupera-via-na-comunidade-Ismael-Aziz-no-bairro-Taruma-Acu.jpg\" \/>\n\t<meta property=\"og:image:width\" content=\"900\" \/>\n\t<meta property=\"og:image:height\" content=\"506\" \/>\n\t<meta property=\"og:image:type\" content=\"image\/jpeg\" \/>\n<meta name=\"author\" content=\"bvalente\" \/>\n<meta name=\"twitter:card\" content=\"summary_large_image\" \/>\n<meta name=\"twitter:label1\" content=\"Written by\" \/>\n\t<meta name=\"twitter:data1\" content=\"bvalente\" \/>\n\t<meta name=\"twitter:label2\" content=\"Est. reading time\" \/>\n\t<meta name=\"twitter:data2\" content=\"2 minutos\" \/>\n<script type=\"application\/ld+json\" class=\"yoast-schema-graph\">{\"@context\":\"https:\/\/schema.org\",\"@graph\":[{\"@type\":\"WebPage\",\"@id\":\"https:\/\/www.manaus.am.gov.br\/seminf\/recuperacao-bairro-taruma-acu\/\",\"url\":\"https:\/\/www.manaus.am.gov.br\/seminf\/recuperacao-bairro-taruma-acu\/\",\"name\":\"Prefeitura de Manaus recupera via na comunidade Ismael Aziz, no bairro Tarum\u00e3-A\u00e7u\",\"isPartOf\":{\"@id\":\"https:\/\/www.manaus.am.gov.br\/seminf\/#website\"},\"primaryImageOfPage\":{\"@id\":\"https:\/\/www.manaus.am.gov.br\/seminf\/recuperacao-bairro-taruma-acu\/#primaryimage\"},\"image\":{\"@id\":\"https:\/\/www.manaus.am.gov.br\/seminf\/recuperacao-bairro-taruma-acu\/#primaryimage\"},\"thumbnailUrl\":\"https:\/\/www.manaus.am.gov.br\/seminf\/wp-content\/uploads\/sites\/6\/2025\/07\/Prefeitura-de-Manaus-recupera-via-na-comunidade-Ismael-Aziz-no-bairro-Taruma-Acu.jpg\",\"datePublished\":\"2025-07-04T20:45:22+00:00\",\"dateModified\":\"2025-07-04T20:45:23+00:00\",\"author\":{\"@id\":\"https:\/\/www.manaus.am.gov.br\/seminf\/#\/schema\/person\/466a0e03ae4b6062809046bd560ac955\"},\"description\":\"A Prefeitura de Manaus segue avan\u00e7ando com o cronograma de recupera\u00e7\u00e3o vi\u00e1ria em todas as zonas da capital. Nesta sexta-feira, 4\/7, a Secretaria Municipal de Infraestrutura (Seminf), executou servi\u00e7os de recupera\u00e7\u00e3o asf\u00e1ltica na rua do Luso, localizada na comunidade Ismael Aziz, no bairro Tarum\u00e3-A\u00e7u, zona Oeste da cidade, atendendo a uma demanda dos moradores da regi\u00e3o.\",\"inLanguage\":\"pt-BR\",\"potentialAction\":[{\"@type\":\"ReadAction\",\"target\":[\"https:\/\/www.manaus.am.gov.br\/seminf\/recuperacao-bairro-taruma-acu\/\"]}]},{\"@type\":\"ImageObject\",\"inLanguage\":\"pt-BR\",\"@id\":\"https:\/\/www.manaus.am.gov.br\/seminf\/recuperacao-bairro-taruma-acu\/#primaryimage\",\"url\":\"https:\/\/www.manaus.am.gov.br\/seminf\/wp-content\/uploads\/sites\/6\/2025\/07\/Prefeitura-de-Manaus-recupera-via-na-comunidade-Ismael-Aziz-no-bairro-Taruma-Acu.jpg\",\"contentUrl\":\"https:\/\/www.manaus.am.gov.br\/seminf\/wp-content\/uploads\/sites\/6\/2025\/07\/Prefeitura-de-Manaus-recupera-via-na-comunidade-Ismael-Aziz-no-bairro-Taruma-Acu.jpg\",\"width\":900,\"height\":506},{\"@type\":\"WebSite\",\"@id\":\"https:\/\/www.manaus.am.gov.br\/seminf\/#website\",\"url\":\"https:\/\/www.manaus.am.gov.br\/seminf\/\",\"name\":\"Secretaria de Infraestrutura\",\"description\":\"Secretaria Municipal de Infraestrutura\",\"potentialAction\":[{\"@type\":\"SearchAction\",\"target\":{\"@type\":\"EntryPoint\",\"urlTemplate\":\"https:\/\/www.manaus.am.gov.br\/seminf\/?s={search_term_string}\"},\"query-input\":\"required name=search_term_string\"}],\"inLanguage\":\"pt-BR\"},{\"@type\":\"Person\",\"@id\":\"https:\/\/www.manaus.am.gov.br\/seminf\/#\/schema\/person\/466a0e03ae4b6062809046bd560ac955\",\"name\":\"bvalente\",\"image\":{\"@type\":\"ImageObject\",\"inLanguage\":\"pt-BR\",\"@id\":\"https:\/\/www.manaus.am.gov.br\/seminf\/#\/schema\/person\/image\/\",\"url\":\"https:\/\/secure.gravatar.com\/avatar\/3e69bc2b014bdad41adfec3a39de07d2?s=96&d=mm&r=g\",\"contentUrl\":\"https:\/\/secure.gravatar.com\/avatar\/3e69bc2b014bdad41adfec3a39de07d2?s=96&d=mm&r=g\",\"caption\":\"bvalente\"}}]}<\/script>\n<!-- \/ Yoast SEO plugin. -->","yoast_head_json":{"title":"Prefeitura de Manaus recupera via na comunidade Ismael Aziz, no bairro Tarum\u00e3-A\u00e7u","description":"A Prefeitura de Manaus segue avan\u00e7ando com o cronograma de recupera\u00e7\u00e3o vi\u00e1ria em todas as zonas da capital. Nesta sexta-feira, 4\/7, a Secretaria Municipal de Infraestrutura (Seminf), executou servi\u00e7os de recupera\u00e7\u00e3o asf\u00e1ltica na rua do Luso, localizada na comunidade Ismael Aziz, no bairro Tarum\u00e3-A\u00e7u, zona Oeste da cidade, atendendo a uma demanda dos moradores da regi\u00e3o.","robots":{"index":"index","follow":"follow","max-snippet":"max-snippet:-1","max-image-preview":"max-image-preview:large","max-video-preview":"max-video-preview:-1"},"canonical":"https:\/\/www.manaus.am.gov.br\/seminf\/recuperacao-bairro-taruma-acu\/","og_locale":"pt_BR","og_type":"article","og_title":"Prefeitura de Manaus recupera via na comunidade Ismael Aziz, no bairro Tarum\u00e3-A\u00e7u","og_description":"A Prefeitura de Manaus segue avan\u00e7ando com o cronograma de recupera\u00e7\u00e3o vi\u00e1ria em todas as zonas da capital. Nesta sexta-feira, 4\/7, a Secretaria Municipal de Infraestrutura (Seminf), executou servi\u00e7os de recupera\u00e7\u00e3o asf\u00e1ltica na rua do Luso, localizada na comunidade Ismael Aziz, no bairro Tarum\u00e3-A\u00e7u, zona Oeste da cidade, atendendo a uma demanda dos moradores da regi\u00e3o.","og_url":"https:\/\/www.manaus.am.gov.br\/seminf\/recuperacao-bairro-taruma-acu\/","og_site_name":"SEMINF","article_published_time":"2025-07-04T20:45:22+00:00","article_modified_time":"2025-07-04T20:45:23+00:00","og_image":[{"width":900,"height":506,"url":"https:\/\/www.manaus.am.gov.br\/seminf\/wp-content\/uploads\/sites\/6\/2025\/07\/Prefeitura-de-Manaus-recupera-via-na-comunidade-Ismael-Aziz-no-bairro-Taruma-Acu.jpg","type":"image\/jpeg"}],"author":"bvalente","twitter_card":"summary_large_image","twitter_misc":{"Written by":"bvalente","Est. reading time":"2 minutos"},"schema":{"@context":"https:\/\/schema.org","@graph":[{"@type":"WebPage","@id":"https:\/\/www.manaus.am.gov.br\/seminf\/recuperacao-bairro-taruma-acu\/","url":"https:\/\/www.manaus.am.gov.br\/seminf\/recuperacao-bairro-taruma-acu\/","name":"Prefeitura de Manaus recupera via na comunidade Ismael Aziz, no bairro Tarum\u00e3-A\u00e7u","isPartOf":{"@id":"https:\/\/www.manaus.am.gov.br\/seminf\/#website"},"primaryImageOfPage":{"@id":"https:\/\/www.manaus.am.gov.br\/seminf\/recuperacao-bairro-taruma-acu\/#primaryimage"},"image":{"@id":"https:\/\/www.manaus.am.gov.br\/seminf\/recuperacao-bairro-taruma-acu\/#primaryimage"},"thumbnailUrl":"https:\/\/www.manaus.am.gov.br\/seminf\/wp-content\/uploads\/sites\/6\/2025\/07\/Prefeitura-de-Manaus-recupera-via-na-comunidade-Ismael-Aziz-no-bairro-Taruma-Acu.jpg","datePublished":"2025-07-04T20:45:22+00:00","dateModified":"2025-07-04T20:45:23+00:00","author":{"@id":"https:\/\/www.manaus.am.gov.br\/seminf\/#\/schema\/person\/466a0e03ae4b6062809046bd560ac955"},"description":"A Prefeitura de Manaus segue avan\u00e7ando com o cronograma de recupera\u00e7\u00e3o vi\u00e1ria em todas as zonas da capital. Nesta sexta-feira, 4\/7, a Secretaria Municipal de Infraestrutura (Seminf), executou servi\u00e7os de recupera\u00e7\u00e3o asf\u00e1ltica na rua do Luso, localizada na comunidade Ismael Aziz, no bairro Tarum\u00e3-A\u00e7u, zona Oeste da cidade, atendendo a uma demanda dos moradores da regi\u00e3o.","inLanguage":"pt-BR","potentialAction":[{"@type":"ReadAction","target":["https:\/\/www.manaus.am.gov.br\/seminf\/recuperacao-bairro-taruma-acu\/"]}]},{"@type":"ImageObject","inLanguage":"pt-BR","@id":"https:\/\/www.manaus.am.gov.br\/seminf\/recuperacao-bairro-taruma-acu\/#primaryimage","url":"https:\/\/www.manaus.am.gov.br\/seminf\/wp-content\/uploads\/sites\/6\/2025\/07\/Prefeitura-de-Manaus-recupera-via-na-comunidade-Ismael-Aziz-no-bairro-Taruma-Acu.jpg","contentUrl":"https:\/\/www.manaus.am.gov.br\/seminf\/wp-content\/uploads\/sites\/6\/2025\/07\/Prefeitura-de-Manaus-recupera-via-na-comunidade-Ismael-Aziz-no-bairro-Taruma-Acu.jpg","width":900,"height":506},{"@type":"WebSite","@id":"https:\/\/www.manaus.am.gov.br\/seminf\/#website","url":"https:\/\/www.manaus.am.gov.br\/seminf\/","name":"Secretaria de Infraestrutura","description":"Secretaria Municipal de Infraestrutura","potentialAction":[{"@type":"SearchAction","target":{"@type":"EntryPoint","urlTemplate":"https:\/\/www.manaus.am.gov.br\/seminf\/?s={search_term_string}"},"query-input":"required name=search_term_string"}],"inLanguage":"pt-BR"},{"@type":"Person","@id":"https:\/\/www.manaus.am.gov.br\/seminf\/#\/schema\/person\/466a0e03ae4b6062809046bd560ac955","name":"bvalente","image":{"@type":"ImageObject","inLanguage":"pt-BR","@id":"https:\/\/www.manaus.am.gov.br\/seminf\/#\/schema\/person\/image\/","url":"https:\/\/secure.gravatar.com\/avatar\/3e69bc2b014bdad41adfec3a39de07d2?s=96&d=mm&r=g","contentUrl":"https:\/\/secure.gravatar.com\/avatar\/3e69bc2b014bdad41adfec3a39de07d2?s=96&d=mm&r=g","caption":"bvalente"}}]}},"_links":{"self":[{"href":"https:\/\/www.manaus.am.gov.br\/seminf\/wp-json\/wp\/v2\/posts\/5968"}],"collection":[{"href":"https:\/\/www.manaus.am.gov.br\/seminf\/wp-json\/wp\/v2\/posts"}],"about":[{"href":"https:\/\/www.manaus.am.gov.br\/seminf\/wp-json\/wp\/v2\/types\/post"}],"author":[{"embeddable":true,"href":"https:\/\/www.manaus.am.gov.br\/seminf\/wp-json\/wp\/v2\/users\/68"}],"replies":[{"embeddable":true,"href":"https:\/\/www.manaus.am.gov.br\/seminf\/wp-json\/wp\/v2\/comments?post=5968"}],"version-history":[{"count":0,"href":"https:\/\/www.manaus.am.gov.br\/seminf\/wp-json\/wp\/v2\/posts\/5968\/revisions"}],"wp:featuredmedia":[{"embeddable":true,"href":"https:\/\/www.manaus.am.gov.br\/seminf\/wp-json\/wp\/v2\/media\/5969"}],"wp:attachment":[{"href":"https:\/\/www.manaus.am.gov.br\/seminf\/wp-json\/wp\/v2\/media?parent=5968"}],"wp:term":[{"taxonomy":"category","embeddable":true,"href":"https:\/\/www.manaus.am.gov.br\/seminf\/wp-json\/wp\/v2\/categories?post=5968"},{"taxonomy":"post_tag","embeddable":true,"href":"https:\/\/www.manaus.am.gov.br\/seminf\/wp-json\/wp\/v2\/tags?post=5968"}],"curies":[{"name":"wp","href":"https:\/\/api.w.org\/{rel}","templated":true}]}}