{"id":5956,"date":"2025-07-04T14:21:18","date_gmt":"2025-07-04T18:21:18","guid":{"rendered":"https:\/\/www.manaus.am.gov.br\/seminf\/recuperacao-rede-drenagem-sao-jorge\/"},"modified":"2025-07-04T14:21:18","modified_gmt":"2025-07-04T18:21:18","slug":"recuperacao-rede-drenagem-sao-jorge","status":"publish","type":"post","link":"https:\/\/www.manaus.am.gov.br\/seminf\/recuperacao-rede-drenagem-sao-jorge\/","title":{"rendered":"Prefeitura elimina liga\u00e7\u00f5es clandestinas e recupera rede de drenagem profunda no bairro S\u00e3o Jorge"},"content":{"rendered":"\n<p>A Prefeitura de Manaus, por meio da Secretaria Municipal de Infraestrutura (Seminf), executa, nesta sexta-feira, 4\/7, a recupera\u00e7\u00e3o de uma importante rede de drenagem profunda na rua Padre Severo, no bairro S\u00e3o Jorge, zona Oeste da capital. O sistema foi comprometido por liga\u00e7\u00f5es irregulares conectadas \u00e0 rede de drenagem da prefeitura, associada ao ac\u00famulo de lixo no interior do equipamento p\u00fablico.<\/p>\n\n\n\n<p>Durante os servi\u00e7os, as equipes identificaram tubos clandestinos interligados \u00e0 rede principal, estrutura projetada exclusivamente para o escoamento de \u00e1guas pluviais. A interfer\u00eancia irregular provocou o rompimento da tubula\u00e7\u00e3o, comprometendo o funcionamento do sistema.<\/p>\n\n\n\n<p>\u201cInfelizmente essa \u00e9 uma situa\u00e7\u00e3o que se repete em diversos bairros, com as tubula\u00e7\u00f5es de \u00e1guas servidas lan\u00e7adas de forma indevida nas redes pluviais. Isso causa danos s\u00e9rios \u00e0 infraestrutura da cidade. Seguimos firmes, recuperando essas redes e contamos com a colabora\u00e7\u00e3o da popula\u00e7\u00e3o\u201d, destacou o vice-prefeito e secret\u00e1rio de Obras, Renato Junior.<\/p>\n\n\n\n<p>Todo o material danificado foi removido e substitu\u00eddo por novos tubos, mais resistentes&nbsp;e adequados&nbsp;para garantir o pleno funcionamento da drenagem, especialmente em dias de chuva.<\/p>\n\n\n\n<p>A a\u00e7\u00e3o foi fruto de uma demanda da pr\u00f3pria comunidade. O gerente comercial Manoel Pereira, de 45 anos, um dos moradores que fez a solicita\u00e7\u00e3o da obra, celebrou o atendimento r\u00e1pido da prefeitura.<\/p>\n\n\n\n<p>\u201cComo morador do bairro S\u00e3o Jorge, fico muito grato pelo servi\u00e7o. Essa era uma demanda antiga da vizinhan\u00e7a e fomos prontamente atendidos. Parab\u00e9ns \u00e0 Prefeitura de Manaus e \u00e0 equipe da Seminf\u201d, agradeceu Manoel.<\/p>\n\n\n\n<p>A atua\u00e7\u00e3o da prefeitura em pontos cr\u00edticos como esse refor\u00e7a o compromisso com a melhoria da infraestrutura urbana e a preven\u00e7\u00e3o de alagamentos, garantindo mais seguran\u00e7a e qualidade de vida para os manauaras.<\/p>\n\n\n\n<figure class=\"wp-block-image size-large\"><img loading=\"lazy\" decoding=\"async\" width=\"1024\" height=\"682\" src=\"https:\/\/www.manaus.am.gov.br\/seminf\/wp-content\/uploads\/sites\/6\/2025\/07\/Servico-3-1-1024x682.jpeg\" alt=\"\" class=\"wp-image-5958\" srcset=\"https:\/\/www.manaus.am.gov.br\/seminf\/wp-content\/uploads\/sites\/6\/2025\/07\/Servico-3-1-1024x682.jpeg 1024w, https:\/\/www.manaus.am.gov.br\/seminf\/wp-content\/uploads\/sites\/6\/2025\/07\/Servico-3-1-300x200.jpeg 300w, https:\/\/www.manaus.am.gov.br\/seminf\/wp-content\/uploads\/sites\/6\/2025\/07\/Servico-3-1-768x512.jpeg 768w, https:\/\/www.manaus.am.gov.br\/seminf\/wp-content\/uploads\/sites\/6\/2025\/07\/Servico-3-1-1536x1023.jpeg 1536w, https:\/\/www.manaus.am.gov.br\/seminf\/wp-content\/uploads\/sites\/6\/2025\/07\/Servico-3-1.jpeg 1600w\" sizes=\"(max-width: 1024px) 100vw, 1024px\" \/><\/figure>\n\n\n\n<p>&#8212; &#8212; &#8212;<\/p>\n\n\n\n<p><strong>Texto &#8211;<\/strong>\u00a0Rayana Coutinho\/Seminf<\/p>\n\n\n\n<p><strong>Fotos &#8211;<\/strong> M\u00e1rcio Melo\/Seminf<\/p>\n","protected":false},"excerpt":{"rendered":"","protected":false},"author":39,"featured_media":5957,"comment_status":"closed","ping_status":"closed","sticky":false,"template":"","format":"standard","meta":{"footnotes":""},"categories":[6],"tags":[156,2231,43,584,26],"acf":[],"yoast_head":"<!-- This site is optimized with the Yoast SEO plugin v23.0 - https:\/\/yoast.com\/wordpress\/plugins\/seo\/ -->\n<title>Recupera\u00e7\u00e3o de rede de drenagem profunda no bairro S\u00e3o Jorge<\/title>\n<meta name=\"description\" content=\"Prefeitura de Manaus elimina liga\u00e7\u00f5es clandestinas e recupera rede de drenagem profunda no bairro S\u00e3o Jorge.\" \/>\n<meta name=\"robots\" content=\"index, follow, max-snippet:-1, max-image-preview:large, max-video-preview:-1\" \/>\n<link rel=\"canonical\" href=\"https:\/\/www.manaus.am.gov.br\/seminf\/recuperacao-rede-drenagem-sao-jorge\/\" \/>\n<meta property=\"og:locale\" content=\"pt_BR\" \/>\n<meta property=\"og:type\" content=\"article\" \/>\n<meta property=\"og:title\" content=\"Recupera\u00e7\u00e3o de rede de drenagem profunda no bairro S\u00e3o Jorge\" \/>\n<meta property=\"og:description\" content=\"Prefeitura de Manaus elimina liga\u00e7\u00f5es clandestinas e recupera rede de drenagem profunda no bairro S\u00e3o Jorge.\" \/>\n<meta property=\"og:url\" content=\"https:\/\/www.manaus.am.gov.br\/seminf\/recuperacao-rede-drenagem-sao-jorge\/\" \/>\n<meta property=\"og:site_name\" content=\"SEMINF\" \/>\n<meta property=\"article:published_time\" content=\"2025-07-04T18:21:18+00:00\" \/>\n<meta property=\"og:image\" content=\"https:\/\/www.manaus.am.gov.br\/seminf\/wp-content\/uploads\/sites\/6\/2025\/07\/Servico-2-1.jpeg\" \/>\n\t<meta property=\"og:image:width\" content=\"1600\" \/>\n\t<meta property=\"og:image:height\" content=\"1066\" \/>\n\t<meta property=\"og:image:type\" content=\"image\/jpeg\" \/>\n<meta name=\"author\" content=\"Bruna Greco\" \/>\n<meta name=\"twitter:card\" content=\"summary_large_image\" \/>\n<meta name=\"twitter:label1\" content=\"Written by\" \/>\n\t<meta name=\"twitter:data1\" content=\"Bruna Greco\" \/>\n\t<meta name=\"twitter:label2\" content=\"Est. reading time\" \/>\n\t<meta name=\"twitter:data2\" content=\"2 minutos\" \/>\n<script type=\"application\/ld+json\" class=\"yoast-schema-graph\">{\"@context\":\"https:\/\/schema.org\",\"@graph\":[{\"@type\":\"WebPage\",\"@id\":\"https:\/\/www.manaus.am.gov.br\/seminf\/recuperacao-rede-drenagem-sao-jorge\/\",\"url\":\"https:\/\/www.manaus.am.gov.br\/seminf\/recuperacao-rede-drenagem-sao-jorge\/\",\"name\":\"Recupera\u00e7\u00e3o de rede de drenagem profunda no bairro S\u00e3o Jorge\",\"isPartOf\":{\"@id\":\"https:\/\/www.manaus.am.gov.br\/seminf\/#website\"},\"primaryImageOfPage\":{\"@id\":\"https:\/\/www.manaus.am.gov.br\/seminf\/recuperacao-rede-drenagem-sao-jorge\/#primaryimage\"},\"image\":{\"@id\":\"https:\/\/www.manaus.am.gov.br\/seminf\/recuperacao-rede-drenagem-sao-jorge\/#primaryimage\"},\"thumbnailUrl\":\"https:\/\/www.manaus.am.gov.br\/seminf\/wp-content\/uploads\/sites\/6\/2025\/07\/Servico-2-1.jpeg\",\"datePublished\":\"2025-07-04T18:21:18+00:00\",\"dateModified\":\"2025-07-04T18:21:18+00:00\",\"author\":{\"@id\":\"https:\/\/www.manaus.am.gov.br\/seminf\/#\/schema\/person\/05d223aea2bf115f9883a6ff3683d81b\"},\"description\":\"Prefeitura de Manaus elimina liga\u00e7\u00f5es clandestinas e recupera rede de drenagem profunda no bairro S\u00e3o Jorge.\",\"inLanguage\":\"pt-BR\",\"potentialAction\":[{\"@type\":\"ReadAction\",\"target\":[\"https:\/\/www.manaus.am.gov.br\/seminf\/recuperacao-rede-drenagem-sao-jorge\/\"]}]},{\"@type\":\"ImageObject\",\"inLanguage\":\"pt-BR\",\"@id\":\"https:\/\/www.manaus.am.gov.br\/seminf\/recuperacao-rede-drenagem-sao-jorge\/#primaryimage\",\"url\":\"https:\/\/www.manaus.am.gov.br\/seminf\/wp-content\/uploads\/sites\/6\/2025\/07\/Servico-2-1.jpeg\",\"contentUrl\":\"https:\/\/www.manaus.am.gov.br\/seminf\/wp-content\/uploads\/sites\/6\/2025\/07\/Servico-2-1.jpeg\",\"width\":1600,\"height\":1066,\"caption\":\"#paratodosverem - Equipe da Seminf realizando a recupera\u00e7\u00e3o da rede de drenagem profunda da rua Padre Severo, no bairro S\u00e3o Jorge\"},{\"@type\":\"WebSite\",\"@id\":\"https:\/\/www.manaus.am.gov.br\/seminf\/#website\",\"url\":\"https:\/\/www.manaus.am.gov.br\/seminf\/\",\"name\":\"Secretaria de Infraestrutura\",\"description\":\"Secretaria Municipal de Infraestrutura\",\"potentialAction\":[{\"@type\":\"SearchAction\",\"target\":{\"@type\":\"EntryPoint\",\"urlTemplate\":\"https:\/\/www.manaus.am.gov.br\/seminf\/?s={search_term_string}\"},\"query-input\":\"required name=search_term_string\"}],\"inLanguage\":\"pt-BR\"},{\"@type\":\"Person\",\"@id\":\"https:\/\/www.manaus.am.gov.br\/seminf\/#\/schema\/person\/05d223aea2bf115f9883a6ff3683d81b\",\"name\":\"Bruna Greco\",\"image\":{\"@type\":\"ImageObject\",\"inLanguage\":\"pt-BR\",\"@id\":\"https:\/\/www.manaus.am.gov.br\/seminf\/#\/schema\/person\/image\/\",\"url\":\"https:\/\/secure.gravatar.com\/avatar\/9c877d1a6adc2a055330e5c09a8653ce?s=96&d=mm&r=g\",\"contentUrl\":\"https:\/\/secure.gravatar.com\/avatar\/9c877d1a6adc2a055330e5c09a8653ce?s=96&d=mm&r=g\",\"caption\":\"Bruna Greco\"}}]}<\/script>\n<!-- \/ Yoast SEO plugin. -->","yoast_head_json":{"title":"Recupera\u00e7\u00e3o de rede de drenagem profunda no bairro S\u00e3o Jorge","description":"Prefeitura de Manaus elimina liga\u00e7\u00f5es clandestinas e recupera rede de drenagem profunda no bairro S\u00e3o Jorge.","robots":{"index":"index","follow":"follow","max-snippet":"max-snippet:-1","max-image-preview":"max-image-preview:large","max-video-preview":"max-video-preview:-1"},"canonical":"https:\/\/www.manaus.am.gov.br\/seminf\/recuperacao-rede-drenagem-sao-jorge\/","og_locale":"pt_BR","og_type":"article","og_title":"Recupera\u00e7\u00e3o de rede de drenagem profunda no bairro S\u00e3o Jorge","og_description":"Prefeitura de Manaus elimina liga\u00e7\u00f5es clandestinas e recupera rede de drenagem profunda no bairro S\u00e3o Jorge.","og_url":"https:\/\/www.manaus.am.gov.br\/seminf\/recuperacao-rede-drenagem-sao-jorge\/","og_site_name":"SEMINF","article_published_time":"2025-07-04T18:21:18+00:00","og_image":[{"width":1600,"height":1066,"url":"https:\/\/www.manaus.am.gov.br\/seminf\/wp-content\/uploads\/sites\/6\/2025\/07\/Servico-2-1.jpeg","type":"image\/jpeg"}],"author":"Bruna Greco","twitter_card":"summary_large_image","twitter_misc":{"Written by":"Bruna Greco","Est. reading time":"2 minutos"},"schema":{"@context":"https:\/\/schema.org","@graph":[{"@type":"WebPage","@id":"https:\/\/www.manaus.am.gov.br\/seminf\/recuperacao-rede-drenagem-sao-jorge\/","url":"https:\/\/www.manaus.am.gov.br\/seminf\/recuperacao-rede-drenagem-sao-jorge\/","name":"Recupera\u00e7\u00e3o de rede de drenagem profunda no bairro S\u00e3o Jorge","isPartOf":{"@id":"https:\/\/www.manaus.am.gov.br\/seminf\/#website"},"primaryImageOfPage":{"@id":"https:\/\/www.manaus.am.gov.br\/seminf\/recuperacao-rede-drenagem-sao-jorge\/#primaryimage"},"image":{"@id":"https:\/\/www.manaus.am.gov.br\/seminf\/recuperacao-rede-drenagem-sao-jorge\/#primaryimage"},"thumbnailUrl":"https:\/\/www.manaus.am.gov.br\/seminf\/wp-content\/uploads\/sites\/6\/2025\/07\/Servico-2-1.jpeg","datePublished":"2025-07-04T18:21:18+00:00","dateModified":"2025-07-04T18:21:18+00:00","author":{"@id":"https:\/\/www.manaus.am.gov.br\/seminf\/#\/schema\/person\/05d223aea2bf115f9883a6ff3683d81b"},"description":"Prefeitura de Manaus elimina liga\u00e7\u00f5es clandestinas e recupera rede de drenagem profunda no bairro S\u00e3o Jorge.","inLanguage":"pt-BR","potentialAction":[{"@type":"ReadAction","target":["https:\/\/www.manaus.am.gov.br\/seminf\/recuperacao-rede-drenagem-sao-jorge\/"]}]},{"@type":"ImageObject","inLanguage":"pt-BR","@id":"https:\/\/www.manaus.am.gov.br\/seminf\/recuperacao-rede-drenagem-sao-jorge\/#primaryimage","url":"https:\/\/www.manaus.am.gov.br\/seminf\/wp-content\/uploads\/sites\/6\/2025\/07\/Servico-2-1.jpeg","contentUrl":"https:\/\/www.manaus.am.gov.br\/seminf\/wp-content\/uploads\/sites\/6\/2025\/07\/Servico-2-1.jpeg","width":1600,"height":1066,"caption":"#paratodosverem - Equipe da Seminf realizando a recupera\u00e7\u00e3o da rede de drenagem profunda da rua Padre Severo, no bairro S\u00e3o Jorge"},{"@type":"WebSite","@id":"https:\/\/www.manaus.am.gov.br\/seminf\/#website","url":"https:\/\/www.manaus.am.gov.br\/seminf\/","name":"Secretaria de Infraestrutura","description":"Secretaria Municipal de Infraestrutura","potentialAction":[{"@type":"SearchAction","target":{"@type":"EntryPoint","urlTemplate":"https:\/\/www.manaus.am.gov.br\/seminf\/?s={search_term_string}"},"query-input":"required name=search_term_string"}],"inLanguage":"pt-BR"},{"@type":"Person","@id":"https:\/\/www.manaus.am.gov.br\/seminf\/#\/schema\/person\/05d223aea2bf115f9883a6ff3683d81b","name":"Bruna Greco","image":{"@type":"ImageObject","inLanguage":"pt-BR","@id":"https:\/\/www.manaus.am.gov.br\/seminf\/#\/schema\/person\/image\/","url":"https:\/\/secure.gravatar.com\/avatar\/9c877d1a6adc2a055330e5c09a8653ce?s=96&d=mm&r=g","contentUrl":"https:\/\/secure.gravatar.com\/avatar\/9c877d1a6adc2a055330e5c09a8653ce?s=96&d=mm&r=g","caption":"Bruna Greco"}}]}},"_links":{"self":[{"href":"https:\/\/www.manaus.am.gov.br\/seminf\/wp-json\/wp\/v2\/posts\/5956"}],"collection":[{"href":"https:\/\/www.manaus.am.gov.br\/seminf\/wp-json\/wp\/v2\/posts"}],"about":[{"href":"https:\/\/www.manaus.am.gov.br\/seminf\/wp-json\/wp\/v2\/types\/post"}],"author":[{"embeddable":true,"href":"https:\/\/www.manaus.am.gov.br\/seminf\/wp-json\/wp\/v2\/users\/39"}],"replies":[{"embeddable":true,"href":"https:\/\/www.manaus.am.gov.br\/seminf\/wp-json\/wp\/v2\/comments?post=5956"}],"version-history":[{"count":1,"href":"https:\/\/www.manaus.am.gov.br\/seminf\/wp-json\/wp\/v2\/posts\/5956\/revisions"}],"predecessor-version":[{"id":5959,"href":"https:\/\/www.manaus.am.gov.br\/seminf\/wp-json\/wp\/v2\/posts\/5956\/revisions\/5959"}],"wp:featuredmedia":[{"embeddable":true,"href":"https:\/\/www.manaus.am.gov.br\/seminf\/wp-json\/wp\/v2\/media\/5957"}],"wp:attachment":[{"href":"https:\/\/www.manaus.am.gov.br\/seminf\/wp-json\/wp\/v2\/media?parent=5956"}],"wp:term":[{"taxonomy":"category","embeddable":true,"href":"https:\/\/www.manaus.am.gov.br\/seminf\/wp-json\/wp\/v2\/categories?post=5956"},{"taxonomy":"post_tag","embeddable":true,"href":"https:\/\/www.manaus.am.gov.br\/seminf\/wp-json\/wp\/v2\/tags?post=5956"}],"curies":[{"name":"wp","href":"https:\/\/api.w.org\/{rel}","templated":true}]}}