{"id":5929,"date":"2025-07-03T17:57:23","date_gmt":"2025-07-03T21:57:23","guid":{"rendered":"https:\/\/www.manaus.am.gov.br\/seminf\/nova-ponte-alfredo-nascimento\/"},"modified":"2025-07-03T18:21:59","modified_gmt":"2025-07-03T22:21:59","slug":"nova-ponte-alfredo-nascimento","status":"publish","type":"post","link":"https:\/\/www.manaus.am.gov.br\/seminf\/nova-ponte-alfredo-nascimento\/","title":{"rendered":"Prefeitura entrega nova ponte no Alfredo Nascimento garantindo acessibilidade e mais mobilidade para a comunidade"},"content":{"rendered":"\n<p>A Prefeitura de Manaus, por meio da Secretaria Municipal de Infraestrutura (Seminf), concluiu, nesta quinta-feira, 3\/7, a constru\u00e7\u00e3o de uma nova ponte de madeira na rua Hosana, no bairro Alfredo Nascimento, zona Norte, com 130 metros de extens\u00e3o, promovendo a acessibilidade na comunidade. A obra representa um avan\u00e7o significativo na mobilidade urbana de pedestres da regi\u00e3o e melhora diretamente a qualidade de vida dos moradores.<\/p>\n\n\n\n<p>A interven\u00e7\u00e3o atende a uma antiga demanda da popula\u00e7\u00e3o local e proporciona mais seguran\u00e7a e conforto para os pedestres, inclusive idosos e pessoas com mobilidade reduzida, que antes enfrentavam dificuldades para se locomover pelo trecho. Agora, com a nova estrutura, a travessia ficou mais pr\u00e1tica, acess\u00edvel e segura.<\/p>\n\n\n\n<p>\u201cEu agrade\u00e7o \u00e0 Prefeitura de Manaus por essa conquista aqui no Alfredo Nascimento. S\u00f3 temos gratid\u00e3o por esse trabalho que tanto beneficia nossa comunidade\u201d, comemorou a aut\u00f4noma La\u00edse Viana, de 46 anos, moradora do bairro.<\/p>\n\n\n\n<p>O projeto priorizou a acessibilidade e foi pensado para atender \u00e0s reais necessidades dos moradores, promovendo inclus\u00e3o social e dignidade para quem precisa circular pela \u00e1rea. Para o vice-prefeito e secret\u00e1rio de Obras, Renato Junior, a entrega \u00e9 mais uma prova do compromisso da gest\u00e3o municipal com a popula\u00e7\u00e3o.<\/p>\n\n\n\n<p>&#8220;A implanta\u00e7\u00e3o dessa ponte promove a acessibilidade e vai beneficiar diretamente centenas de fam\u00edlias da regi\u00e3o. \u00c9 uma obra que melhora a mobilidade, fortalece a inclus\u00e3o e mostra que estamos atentos \u00e0s necessidades de quem vive nas \u00e1reas mais afastadas, como determina o prefeito David Almeida&#8221;, destacou Renato Junior.<\/p>\n\n\n\n<p>A nova ponte refor\u00e7a o trabalho cont\u00ednuo da Prefeitura de Manaus em levar infraestrutura de qualidade para todas as zonas da cidade. Com a\u00e7\u00f5es como essa, a gest\u00e3o municipal reafirma seu compromisso em construir uma capital mais humana, acess\u00edvel e segura para todos os manauaras.<\/p>\n\n\n\n<figure class=\"wp-block-image size-large\"><img loading=\"lazy\" decoding=\"async\" width=\"1024\" height=\"682\" src=\"https:\/\/www.manaus.am.gov.br\/seminf\/wp-content\/uploads\/sites\/6\/2025\/07\/Acessibilidade-3-1024x682.jpeg\" alt=\"\" class=\"wp-image-5932\" srcset=\"https:\/\/www.manaus.am.gov.br\/seminf\/wp-content\/uploads\/sites\/6\/2025\/07\/Acessibilidade-3-1024x682.jpeg 1024w, https:\/\/www.manaus.am.gov.br\/seminf\/wp-content\/uploads\/sites\/6\/2025\/07\/Acessibilidade-3-300x200.jpeg 300w, https:\/\/www.manaus.am.gov.br\/seminf\/wp-content\/uploads\/sites\/6\/2025\/07\/Acessibilidade-3-768x512.jpeg 768w, https:\/\/www.manaus.am.gov.br\/seminf\/wp-content\/uploads\/sites\/6\/2025\/07\/Acessibilidade-3-1536x1023.jpeg 1536w, https:\/\/www.manaus.am.gov.br\/seminf\/wp-content\/uploads\/sites\/6\/2025\/07\/Acessibilidade-3.jpeg 1600w\" sizes=\"(max-width: 1024px) 100vw, 1024px\" \/><\/figure>\n\n\n\n<p>&#8212; &#8212; &#8212;<\/p>\n\n\n\n<p><strong>Texto<\/strong>\u00a0&#8211; Maria Amed\/Seminf<\/p>\n\n\n\n<p><strong>Fotos &#8211;<\/strong> M\u00e1rcio Melo\/Seminf<\/p>\n\n\n\n<p> <\/p>\n","protected":false},"excerpt":{"rendered":"","protected":false},"author":39,"featured_media":5930,"comment_status":"closed","ping_status":"closed","sticky":false,"template":"","format":"standard","meta":{"footnotes":""},"categories":[4],"tags":[333,1855,160,43,26],"acf":[],"yoast_head":"<!-- This site is optimized with the Yoast SEO plugin v23.0 - https:\/\/yoast.com\/wordpress\/plugins\/seo\/ -->\n<title>Prefeitura entrega nova ponte no Alfredo Nascimento<\/title>\n<meta name=\"description\" content=\"Prefeitura entrega nova ponte no Alfredo Nascimento garantindo acessibilidade e mais mobilidade para a comunidade.\" \/>\n<meta name=\"robots\" content=\"index, follow, max-snippet:-1, max-image-preview:large, max-video-preview:-1\" \/>\n<link rel=\"canonical\" href=\"https:\/\/www.manaus.am.gov.br\/seminf\/nova-ponte-alfredo-nascimento\/\" \/>\n<meta property=\"og:locale\" content=\"pt_BR\" \/>\n<meta property=\"og:type\" content=\"article\" \/>\n<meta property=\"og:title\" content=\"Prefeitura entrega nova ponte no Alfredo Nascimento\" \/>\n<meta property=\"og:description\" content=\"Prefeitura entrega nova ponte no Alfredo Nascimento garantindo acessibilidade e mais mobilidade para a comunidade.\" \/>\n<meta property=\"og:url\" content=\"https:\/\/www.manaus.am.gov.br\/seminf\/nova-ponte-alfredo-nascimento\/\" \/>\n<meta property=\"og:site_name\" content=\"SEMINF\" \/>\n<meta property=\"article:published_time\" content=\"2025-07-03T21:57:23+00:00\" \/>\n<meta property=\"article:modified_time\" content=\"2025-07-03T22:21:59+00:00\" \/>\n<meta property=\"og:image\" content=\"https:\/\/www.manaus.am.gov.br\/seminf\/wp-content\/uploads\/sites\/6\/2025\/07\/Acessibilidade-1.jpeg\" \/>\n\t<meta property=\"og:image:width\" content=\"1600\" \/>\n\t<meta property=\"og:image:height\" content=\"1066\" \/>\n\t<meta property=\"og:image:type\" content=\"image\/jpeg\" \/>\n<meta name=\"author\" content=\"Bruna Greco\" \/>\n<meta name=\"twitter:card\" content=\"summary_large_image\" \/>\n<meta name=\"twitter:label1\" content=\"Written by\" \/>\n\t<meta name=\"twitter:data1\" content=\"Bruna Greco\" \/>\n\t<meta name=\"twitter:label2\" content=\"Est. reading time\" \/>\n\t<meta name=\"twitter:data2\" content=\"3 minutos\" \/>\n<script type=\"application\/ld+json\" class=\"yoast-schema-graph\">{\"@context\":\"https:\/\/schema.org\",\"@graph\":[{\"@type\":\"WebPage\",\"@id\":\"https:\/\/www.manaus.am.gov.br\/seminf\/nova-ponte-alfredo-nascimento\/\",\"url\":\"https:\/\/www.manaus.am.gov.br\/seminf\/nova-ponte-alfredo-nascimento\/\",\"name\":\"Prefeitura entrega nova ponte no Alfredo Nascimento\",\"isPartOf\":{\"@id\":\"https:\/\/www.manaus.am.gov.br\/seminf\/#website\"},\"primaryImageOfPage\":{\"@id\":\"https:\/\/www.manaus.am.gov.br\/seminf\/nova-ponte-alfredo-nascimento\/#primaryimage\"},\"image\":{\"@id\":\"https:\/\/www.manaus.am.gov.br\/seminf\/nova-ponte-alfredo-nascimento\/#primaryimage\"},\"thumbnailUrl\":\"https:\/\/www.manaus.am.gov.br\/seminf\/wp-content\/uploads\/sites\/6\/2025\/07\/Acessibilidade-1.jpeg\",\"datePublished\":\"2025-07-03T21:57:23+00:00\",\"dateModified\":\"2025-07-03T22:21:59+00:00\",\"author\":{\"@id\":\"https:\/\/www.manaus.am.gov.br\/seminf\/#\/schema\/person\/05d223aea2bf115f9883a6ff3683d81b\"},\"description\":\"Prefeitura entrega nova ponte no Alfredo Nascimento garantindo acessibilidade e mais mobilidade para a comunidade.\",\"inLanguage\":\"pt-BR\",\"potentialAction\":[{\"@type\":\"ReadAction\",\"target\":[\"https:\/\/www.manaus.am.gov.br\/seminf\/nova-ponte-alfredo-nascimento\/\"]}]},{\"@type\":\"ImageObject\",\"inLanguage\":\"pt-BR\",\"@id\":\"https:\/\/www.manaus.am.gov.br\/seminf\/nova-ponte-alfredo-nascimento\/#primaryimage\",\"url\":\"https:\/\/www.manaus.am.gov.br\/seminf\/wp-content\/uploads\/sites\/6\/2025\/07\/Acessibilidade-1.jpeg\",\"contentUrl\":\"https:\/\/www.manaus.am.gov.br\/seminf\/wp-content\/uploads\/sites\/6\/2025\/07\/Acessibilidade-1.jpeg\",\"width\":1600,\"height\":1066,\"caption\":\"#paratodosverem - Equipe da Seminf construindo nova ponte de madeira na rua Hosana, no bairro Alfredo Nascimento\"},{\"@type\":\"WebSite\",\"@id\":\"https:\/\/www.manaus.am.gov.br\/seminf\/#website\",\"url\":\"https:\/\/www.manaus.am.gov.br\/seminf\/\",\"name\":\"Secretaria de Infraestrutura\",\"description\":\"Secretaria Municipal de Infraestrutura\",\"potentialAction\":[{\"@type\":\"SearchAction\",\"target\":{\"@type\":\"EntryPoint\",\"urlTemplate\":\"https:\/\/www.manaus.am.gov.br\/seminf\/?s={search_term_string}\"},\"query-input\":\"required name=search_term_string\"}],\"inLanguage\":\"pt-BR\"},{\"@type\":\"Person\",\"@id\":\"https:\/\/www.manaus.am.gov.br\/seminf\/#\/schema\/person\/05d223aea2bf115f9883a6ff3683d81b\",\"name\":\"Bruna Greco\",\"image\":{\"@type\":\"ImageObject\",\"inLanguage\":\"pt-BR\",\"@id\":\"https:\/\/www.manaus.am.gov.br\/seminf\/#\/schema\/person\/image\/\",\"url\":\"https:\/\/secure.gravatar.com\/avatar\/9c877d1a6adc2a055330e5c09a8653ce?s=96&d=mm&r=g\",\"contentUrl\":\"https:\/\/secure.gravatar.com\/avatar\/9c877d1a6adc2a055330e5c09a8653ce?s=96&d=mm&r=g\",\"caption\":\"Bruna Greco\"}}]}<\/script>\n<!-- \/ Yoast SEO plugin. -->","yoast_head_json":{"title":"Prefeitura entrega nova ponte no Alfredo Nascimento","description":"Prefeitura entrega nova ponte no Alfredo Nascimento garantindo acessibilidade e mais mobilidade para a comunidade.","robots":{"index":"index","follow":"follow","max-snippet":"max-snippet:-1","max-image-preview":"max-image-preview:large","max-video-preview":"max-video-preview:-1"},"canonical":"https:\/\/www.manaus.am.gov.br\/seminf\/nova-ponte-alfredo-nascimento\/","og_locale":"pt_BR","og_type":"article","og_title":"Prefeitura entrega nova ponte no Alfredo Nascimento","og_description":"Prefeitura entrega nova ponte no Alfredo Nascimento garantindo acessibilidade e mais mobilidade para a comunidade.","og_url":"https:\/\/www.manaus.am.gov.br\/seminf\/nova-ponte-alfredo-nascimento\/","og_site_name":"SEMINF","article_published_time":"2025-07-03T21:57:23+00:00","article_modified_time":"2025-07-03T22:21:59+00:00","og_image":[{"width":1600,"height":1066,"url":"https:\/\/www.manaus.am.gov.br\/seminf\/wp-content\/uploads\/sites\/6\/2025\/07\/Acessibilidade-1.jpeg","type":"image\/jpeg"}],"author":"Bruna Greco","twitter_card":"summary_large_image","twitter_misc":{"Written by":"Bruna Greco","Est. reading time":"3 minutos"},"schema":{"@context":"https:\/\/schema.org","@graph":[{"@type":"WebPage","@id":"https:\/\/www.manaus.am.gov.br\/seminf\/nova-ponte-alfredo-nascimento\/","url":"https:\/\/www.manaus.am.gov.br\/seminf\/nova-ponte-alfredo-nascimento\/","name":"Prefeitura entrega nova ponte no Alfredo Nascimento","isPartOf":{"@id":"https:\/\/www.manaus.am.gov.br\/seminf\/#website"},"primaryImageOfPage":{"@id":"https:\/\/www.manaus.am.gov.br\/seminf\/nova-ponte-alfredo-nascimento\/#primaryimage"},"image":{"@id":"https:\/\/www.manaus.am.gov.br\/seminf\/nova-ponte-alfredo-nascimento\/#primaryimage"},"thumbnailUrl":"https:\/\/www.manaus.am.gov.br\/seminf\/wp-content\/uploads\/sites\/6\/2025\/07\/Acessibilidade-1.jpeg","datePublished":"2025-07-03T21:57:23+00:00","dateModified":"2025-07-03T22:21:59+00:00","author":{"@id":"https:\/\/www.manaus.am.gov.br\/seminf\/#\/schema\/person\/05d223aea2bf115f9883a6ff3683d81b"},"description":"Prefeitura entrega nova ponte no Alfredo Nascimento garantindo acessibilidade e mais mobilidade para a comunidade.","inLanguage":"pt-BR","potentialAction":[{"@type":"ReadAction","target":["https:\/\/www.manaus.am.gov.br\/seminf\/nova-ponte-alfredo-nascimento\/"]}]},{"@type":"ImageObject","inLanguage":"pt-BR","@id":"https:\/\/www.manaus.am.gov.br\/seminf\/nova-ponte-alfredo-nascimento\/#primaryimage","url":"https:\/\/www.manaus.am.gov.br\/seminf\/wp-content\/uploads\/sites\/6\/2025\/07\/Acessibilidade-1.jpeg","contentUrl":"https:\/\/www.manaus.am.gov.br\/seminf\/wp-content\/uploads\/sites\/6\/2025\/07\/Acessibilidade-1.jpeg","width":1600,"height":1066,"caption":"#paratodosverem - Equipe da Seminf construindo nova ponte de madeira na rua Hosana, no bairro Alfredo Nascimento"},{"@type":"WebSite","@id":"https:\/\/www.manaus.am.gov.br\/seminf\/#website","url":"https:\/\/www.manaus.am.gov.br\/seminf\/","name":"Secretaria de Infraestrutura","description":"Secretaria Municipal de Infraestrutura","potentialAction":[{"@type":"SearchAction","target":{"@type":"EntryPoint","urlTemplate":"https:\/\/www.manaus.am.gov.br\/seminf\/?s={search_term_string}"},"query-input":"required name=search_term_string"}],"inLanguage":"pt-BR"},{"@type":"Person","@id":"https:\/\/www.manaus.am.gov.br\/seminf\/#\/schema\/person\/05d223aea2bf115f9883a6ff3683d81b","name":"Bruna Greco","image":{"@type":"ImageObject","inLanguage":"pt-BR","@id":"https:\/\/www.manaus.am.gov.br\/seminf\/#\/schema\/person\/image\/","url":"https:\/\/secure.gravatar.com\/avatar\/9c877d1a6adc2a055330e5c09a8653ce?s=96&d=mm&r=g","contentUrl":"https:\/\/secure.gravatar.com\/avatar\/9c877d1a6adc2a055330e5c09a8653ce?s=96&d=mm&r=g","caption":"Bruna Greco"}}]}},"_links":{"self":[{"href":"https:\/\/www.manaus.am.gov.br\/seminf\/wp-json\/wp\/v2\/posts\/5929"}],"collection":[{"href":"https:\/\/www.manaus.am.gov.br\/seminf\/wp-json\/wp\/v2\/posts"}],"about":[{"href":"https:\/\/www.manaus.am.gov.br\/seminf\/wp-json\/wp\/v2\/types\/post"}],"author":[{"embeddable":true,"href":"https:\/\/www.manaus.am.gov.br\/seminf\/wp-json\/wp\/v2\/users\/39"}],"replies":[{"embeddable":true,"href":"https:\/\/www.manaus.am.gov.br\/seminf\/wp-json\/wp\/v2\/comments?post=5929"}],"version-history":[{"count":2,"href":"https:\/\/www.manaus.am.gov.br\/seminf\/wp-json\/wp\/v2\/posts\/5929\/revisions"}],"predecessor-version":[{"id":5933,"href":"https:\/\/www.manaus.am.gov.br\/seminf\/wp-json\/wp\/v2\/posts\/5929\/revisions\/5933"}],"wp:featuredmedia":[{"embeddable":true,"href":"https:\/\/www.manaus.am.gov.br\/seminf\/wp-json\/wp\/v2\/media\/5930"}],"wp:attachment":[{"href":"https:\/\/www.manaus.am.gov.br\/seminf\/wp-json\/wp\/v2\/media?parent=5929"}],"wp:term":[{"taxonomy":"category","embeddable":true,"href":"https:\/\/www.manaus.am.gov.br\/seminf\/wp-json\/wp\/v2\/categories?post=5929"},{"taxonomy":"post_tag","embeddable":true,"href":"https:\/\/www.manaus.am.gov.br\/seminf\/wp-json\/wp\/v2\/tags?post=5929"}],"curies":[{"name":"wp","href":"https:\/\/api.w.org\/{rel}","templated":true}]}}