{"id":5927,"date":"2025-07-03T17:54:25","date_gmt":"2025-07-03T21:54:25","guid":{"rendered":"https:\/\/www.manaus.am.gov.br\/seminf\/obras-infraestrutura-bairro-petropolis\/"},"modified":"2025-07-03T17:54:27","modified_gmt":"2025-07-03T21:54:27","slug":"obras-infraestrutura-bairro-petropolis","status":"publish","type":"post","link":"https:\/\/www.manaus.am.gov.br\/seminf\/obras-infraestrutura-bairro-petropolis\/","title":{"rendered":"Prefeitura de Manaus atende demanda de moradores no bairro Petr\u00f3polis e garante mais seguran\u00e7a no tr\u00e1fego de ve\u00edculos"},"content":{"rendered":"\n<p><br>Atendendo a solicita\u00e7\u00e3o da popula\u00e7\u00e3o, a Prefeitura de Manaus, por meio da Secretaria Municipal de Infraestrutura (Seminf), executou, nesta quinta-feira, 3\/7, servi\u00e7os de recupera\u00e7\u00e3o asf\u00e1ltica na rua Benjamim Constant, no bairro Petr\u00f3polis, zona Sul da capital. A a\u00e7\u00e3o devolve a trafegabilidade segura da via e refor\u00e7a o compromisso da gest\u00e3o municipal com a qualidade de vida nos bairros.<br><br>O trecho, que apresentava desgastes no pavimento, agora oferece mais seguran\u00e7a e conforto tanto para motoristas quanto para pedestres.<br><br>\u201cAchei um bom trabalho, melhorou bastante. Os moradores fizeram a solicita\u00e7\u00e3o porque a rua estava tomada por buracos. Agora, est\u00e1 um bel\u00edssimo trabalho e a Prefeitura de Manaus est\u00e1 de parab\u00e9ns. Espero que continue assim, atuante\u201d, disse o aposentado Jos\u00e9 L\u00edrio, de 67 anos, morador da \u00e1rea.<br><br>Segundo o vice-prefeito e secret\u00e1rio de Obras, Renato Junior, as equipes dos distritos de obras est\u00e3o mobilizadas por toda a cidade, intensificando os servi\u00e7os de infraestrutura. \u201cAqui no bairro Petr\u00f3polis, estamos com v\u00e1rias frentes em andamento. S\u00e3o obras de recupera\u00e7\u00e3o asf\u00e1ltica, drenagem profunda, desobstru\u00e7\u00e3o e limpeza de caixas coletoras, manuten\u00e7\u00e3o do sistema de drenagem, entre outros servi\u00e7os. \u00c9 um trabalho completo para garantir uma infraestrutura digna, como determina o prefeito David Almeida\u201d, destacou Renato Junior.<br><br>A obra de recupera\u00e7\u00e3o asf\u00e1ltica representa um avan\u00e7o na mobilidade urbana e na valoriza\u00e7\u00e3o das comunidades. Com a\u00e7\u00f5es pontuais e efetivas, a Prefeitura de Manaus segue promovendo mudan\u00e7as que impactam diretamente na rotina da popula\u00e7\u00e3o.<br><\/p>\n\n\n\n<p>\u2014 \u2014 \u2014<br><strong>Texto &#8211; <\/strong>Rayana Coutinho \/ Seminf<br><strong>Fotos &#8211; <\/strong>Alessandro Ara\u00fajo \/ Seminf<\/p>\n","protected":false},"excerpt":{"rendered":"","protected":false},"author":68,"featured_media":5928,"comment_status":"closed","ping_status":"closed","sticky":false,"template":"","format":"standard","meta":{"footnotes":""},"categories":[6],"tags":[43,2225,26],"acf":[],"yoast_head":"<!-- This site is optimized with the Yoast SEO plugin v23.0 - https:\/\/yoast.com\/wordpress\/plugins\/seo\/ -->\n<title>Prefeitura de Manaus atende demanda de moradores no bairro Petr\u00f3polis e garante mais seguran\u00e7a no tr\u00e1fego de ve\u00edculos<\/title>\n<meta name=\"description\" content=\"Atendendo a solicita\u00e7\u00e3o da popula\u00e7\u00e3o, a Prefeitura de Manaus, por meio da Secretaria Municipal de Infraestrutura (Seminf), executou, nesta quinta-feira, 3\/7, servi\u00e7os de recupera\u00e7\u00e3o asf\u00e1ltica na rua Benjamim Constant, no bairro Petr\u00f3polis, zona Sul da capital.\" \/>\n<meta name=\"robots\" content=\"index, follow, max-snippet:-1, max-image-preview:large, max-video-preview:-1\" \/>\n<link rel=\"canonical\" href=\"https:\/\/www.manaus.am.gov.br\/seminf\/obras-infraestrutura-bairro-petropolis\/\" \/>\n<meta property=\"og:locale\" content=\"pt_BR\" \/>\n<meta property=\"og:type\" content=\"article\" \/>\n<meta property=\"og:title\" content=\"Prefeitura de Manaus atende demanda de moradores no bairro Petr\u00f3polis e garante mais seguran\u00e7a no tr\u00e1fego de ve\u00edculos\" \/>\n<meta property=\"og:description\" content=\"Atendendo a solicita\u00e7\u00e3o da popula\u00e7\u00e3o, a Prefeitura de Manaus, por meio da Secretaria Municipal de Infraestrutura (Seminf), executou, nesta quinta-feira, 3\/7, servi\u00e7os de recupera\u00e7\u00e3o asf\u00e1ltica na rua Benjamim Constant, no bairro Petr\u00f3polis, zona Sul da capital.\" \/>\n<meta property=\"og:url\" content=\"https:\/\/www.manaus.am.gov.br\/seminf\/obras-infraestrutura-bairro-petropolis\/\" \/>\n<meta property=\"og:site_name\" content=\"SEMINF\" \/>\n<meta property=\"article:published_time\" content=\"2025-07-03T21:54:25+00:00\" \/>\n<meta property=\"article:modified_time\" content=\"2025-07-03T21:54:27+00:00\" \/>\n<meta property=\"og:image\" content=\"https:\/\/www.manaus.am.gov.br\/seminf\/wp-content\/uploads\/sites\/6\/2025\/07\/Prefeitura-de-Manaus-atende-demanda-de-moradores-no-bairro-Petropolis-e-garante-mais-seguranca-no-trafego-de-veiculos-2.jpg\" \/>\n\t<meta property=\"og:image:width\" content=\"800\" \/>\n\t<meta property=\"og:image:height\" content=\"600\" \/>\n\t<meta property=\"og:image:type\" content=\"image\/jpeg\" \/>\n<meta name=\"author\" content=\"bvalente\" \/>\n<meta name=\"twitter:card\" content=\"summary_large_image\" \/>\n<meta name=\"twitter:label1\" content=\"Written by\" \/>\n\t<meta name=\"twitter:data1\" content=\"bvalente\" \/>\n\t<meta name=\"twitter:label2\" content=\"Est. reading time\" \/>\n\t<meta name=\"twitter:data2\" content=\"2 minutos\" \/>\n<script type=\"application\/ld+json\" class=\"yoast-schema-graph\">{\"@context\":\"https:\/\/schema.org\",\"@graph\":[{\"@type\":\"WebPage\",\"@id\":\"https:\/\/www.manaus.am.gov.br\/seminf\/obras-infraestrutura-bairro-petropolis\/\",\"url\":\"https:\/\/www.manaus.am.gov.br\/seminf\/obras-infraestrutura-bairro-petropolis\/\",\"name\":\"Prefeitura de Manaus atende demanda de moradores no bairro Petr\u00f3polis e garante mais seguran\u00e7a no tr\u00e1fego de ve\u00edculos\",\"isPartOf\":{\"@id\":\"https:\/\/www.manaus.am.gov.br\/seminf\/#website\"},\"primaryImageOfPage\":{\"@id\":\"https:\/\/www.manaus.am.gov.br\/seminf\/obras-infraestrutura-bairro-petropolis\/#primaryimage\"},\"image\":{\"@id\":\"https:\/\/www.manaus.am.gov.br\/seminf\/obras-infraestrutura-bairro-petropolis\/#primaryimage\"},\"thumbnailUrl\":\"https:\/\/www.manaus.am.gov.br\/seminf\/wp-content\/uploads\/sites\/6\/2025\/07\/Prefeitura-de-Manaus-atende-demanda-de-moradores-no-bairro-Petropolis-e-garante-mais-seguranca-no-trafego-de-veiculos-2.jpg\",\"datePublished\":\"2025-07-03T21:54:25+00:00\",\"dateModified\":\"2025-07-03T21:54:27+00:00\",\"author\":{\"@id\":\"https:\/\/www.manaus.am.gov.br\/seminf\/#\/schema\/person\/466a0e03ae4b6062809046bd560ac955\"},\"description\":\"Atendendo a solicita\u00e7\u00e3o da popula\u00e7\u00e3o, a Prefeitura de Manaus, por meio da Secretaria Municipal de Infraestrutura (Seminf), executou, nesta quinta-feira, 3\/7, servi\u00e7os de recupera\u00e7\u00e3o asf\u00e1ltica na rua Benjamim Constant, no bairro Petr\u00f3polis, zona Sul da capital.\",\"inLanguage\":\"pt-BR\",\"potentialAction\":[{\"@type\":\"ReadAction\",\"target\":[\"https:\/\/www.manaus.am.gov.br\/seminf\/obras-infraestrutura-bairro-petropolis\/\"]}]},{\"@type\":\"ImageObject\",\"inLanguage\":\"pt-BR\",\"@id\":\"https:\/\/www.manaus.am.gov.br\/seminf\/obras-infraestrutura-bairro-petropolis\/#primaryimage\",\"url\":\"https:\/\/www.manaus.am.gov.br\/seminf\/wp-content\/uploads\/sites\/6\/2025\/07\/Prefeitura-de-Manaus-atende-demanda-de-moradores-no-bairro-Petropolis-e-garante-mais-seguranca-no-trafego-de-veiculos-2.jpg\",\"contentUrl\":\"https:\/\/www.manaus.am.gov.br\/seminf\/wp-content\/uploads\/sites\/6\/2025\/07\/Prefeitura-de-Manaus-atende-demanda-de-moradores-no-bairro-Petropolis-e-garante-mais-seguranca-no-trafego-de-veiculos-2.jpg\",\"width\":800,\"height\":600},{\"@type\":\"WebSite\",\"@id\":\"https:\/\/www.manaus.am.gov.br\/seminf\/#website\",\"url\":\"https:\/\/www.manaus.am.gov.br\/seminf\/\",\"name\":\"Secretaria de Infraestrutura\",\"description\":\"Secretaria Municipal de Infraestrutura\",\"potentialAction\":[{\"@type\":\"SearchAction\",\"target\":{\"@type\":\"EntryPoint\",\"urlTemplate\":\"https:\/\/www.manaus.am.gov.br\/seminf\/?s={search_term_string}\"},\"query-input\":\"required name=search_term_string\"}],\"inLanguage\":\"pt-BR\"},{\"@type\":\"Person\",\"@id\":\"https:\/\/www.manaus.am.gov.br\/seminf\/#\/schema\/person\/466a0e03ae4b6062809046bd560ac955\",\"name\":\"bvalente\",\"image\":{\"@type\":\"ImageObject\",\"inLanguage\":\"pt-BR\",\"@id\":\"https:\/\/www.manaus.am.gov.br\/seminf\/#\/schema\/person\/image\/\",\"url\":\"https:\/\/secure.gravatar.com\/avatar\/3e69bc2b014bdad41adfec3a39de07d2?s=96&d=mm&r=g\",\"contentUrl\":\"https:\/\/secure.gravatar.com\/avatar\/3e69bc2b014bdad41adfec3a39de07d2?s=96&d=mm&r=g\",\"caption\":\"bvalente\"}}]}<\/script>\n<!-- \/ Yoast SEO plugin. -->","yoast_head_json":{"title":"Prefeitura de Manaus atende demanda de moradores no bairro Petr\u00f3polis e garante mais seguran\u00e7a no tr\u00e1fego de ve\u00edculos","description":"Atendendo a solicita\u00e7\u00e3o da popula\u00e7\u00e3o, a Prefeitura de Manaus, por meio da Secretaria Municipal de Infraestrutura (Seminf), executou, nesta quinta-feira, 3\/7, servi\u00e7os de recupera\u00e7\u00e3o asf\u00e1ltica na rua Benjamim Constant, no bairro Petr\u00f3polis, zona Sul da capital.","robots":{"index":"index","follow":"follow","max-snippet":"max-snippet:-1","max-image-preview":"max-image-preview:large","max-video-preview":"max-video-preview:-1"},"canonical":"https:\/\/www.manaus.am.gov.br\/seminf\/obras-infraestrutura-bairro-petropolis\/","og_locale":"pt_BR","og_type":"article","og_title":"Prefeitura de Manaus atende demanda de moradores no bairro Petr\u00f3polis e garante mais seguran\u00e7a no tr\u00e1fego de ve\u00edculos","og_description":"Atendendo a solicita\u00e7\u00e3o da popula\u00e7\u00e3o, a Prefeitura de Manaus, por meio da Secretaria Municipal de Infraestrutura (Seminf), executou, nesta quinta-feira, 3\/7, servi\u00e7os de recupera\u00e7\u00e3o asf\u00e1ltica na rua Benjamim Constant, no bairro Petr\u00f3polis, zona Sul da capital.","og_url":"https:\/\/www.manaus.am.gov.br\/seminf\/obras-infraestrutura-bairro-petropolis\/","og_site_name":"SEMINF","article_published_time":"2025-07-03T21:54:25+00:00","article_modified_time":"2025-07-03T21:54:27+00:00","og_image":[{"width":800,"height":600,"url":"https:\/\/www.manaus.am.gov.br\/seminf\/wp-content\/uploads\/sites\/6\/2025\/07\/Prefeitura-de-Manaus-atende-demanda-de-moradores-no-bairro-Petropolis-e-garante-mais-seguranca-no-trafego-de-veiculos-2.jpg","type":"image\/jpeg"}],"author":"bvalente","twitter_card":"summary_large_image","twitter_misc":{"Written by":"bvalente","Est. reading time":"2 minutos"},"schema":{"@context":"https:\/\/schema.org","@graph":[{"@type":"WebPage","@id":"https:\/\/www.manaus.am.gov.br\/seminf\/obras-infraestrutura-bairro-petropolis\/","url":"https:\/\/www.manaus.am.gov.br\/seminf\/obras-infraestrutura-bairro-petropolis\/","name":"Prefeitura de Manaus atende demanda de moradores no bairro Petr\u00f3polis e garante mais seguran\u00e7a no tr\u00e1fego de ve\u00edculos","isPartOf":{"@id":"https:\/\/www.manaus.am.gov.br\/seminf\/#website"},"primaryImageOfPage":{"@id":"https:\/\/www.manaus.am.gov.br\/seminf\/obras-infraestrutura-bairro-petropolis\/#primaryimage"},"image":{"@id":"https:\/\/www.manaus.am.gov.br\/seminf\/obras-infraestrutura-bairro-petropolis\/#primaryimage"},"thumbnailUrl":"https:\/\/www.manaus.am.gov.br\/seminf\/wp-content\/uploads\/sites\/6\/2025\/07\/Prefeitura-de-Manaus-atende-demanda-de-moradores-no-bairro-Petropolis-e-garante-mais-seguranca-no-trafego-de-veiculos-2.jpg","datePublished":"2025-07-03T21:54:25+00:00","dateModified":"2025-07-03T21:54:27+00:00","author":{"@id":"https:\/\/www.manaus.am.gov.br\/seminf\/#\/schema\/person\/466a0e03ae4b6062809046bd560ac955"},"description":"Atendendo a solicita\u00e7\u00e3o da popula\u00e7\u00e3o, a Prefeitura de Manaus, por meio da Secretaria Municipal de Infraestrutura (Seminf), executou, nesta quinta-feira, 3\/7, servi\u00e7os de recupera\u00e7\u00e3o asf\u00e1ltica na rua Benjamim Constant, no bairro Petr\u00f3polis, zona Sul da capital.","inLanguage":"pt-BR","potentialAction":[{"@type":"ReadAction","target":["https:\/\/www.manaus.am.gov.br\/seminf\/obras-infraestrutura-bairro-petropolis\/"]}]},{"@type":"ImageObject","inLanguage":"pt-BR","@id":"https:\/\/www.manaus.am.gov.br\/seminf\/obras-infraestrutura-bairro-petropolis\/#primaryimage","url":"https:\/\/www.manaus.am.gov.br\/seminf\/wp-content\/uploads\/sites\/6\/2025\/07\/Prefeitura-de-Manaus-atende-demanda-de-moradores-no-bairro-Petropolis-e-garante-mais-seguranca-no-trafego-de-veiculos-2.jpg","contentUrl":"https:\/\/www.manaus.am.gov.br\/seminf\/wp-content\/uploads\/sites\/6\/2025\/07\/Prefeitura-de-Manaus-atende-demanda-de-moradores-no-bairro-Petropolis-e-garante-mais-seguranca-no-trafego-de-veiculos-2.jpg","width":800,"height":600},{"@type":"WebSite","@id":"https:\/\/www.manaus.am.gov.br\/seminf\/#website","url":"https:\/\/www.manaus.am.gov.br\/seminf\/","name":"Secretaria de Infraestrutura","description":"Secretaria Municipal de Infraestrutura","potentialAction":[{"@type":"SearchAction","target":{"@type":"EntryPoint","urlTemplate":"https:\/\/www.manaus.am.gov.br\/seminf\/?s={search_term_string}"},"query-input":"required name=search_term_string"}],"inLanguage":"pt-BR"},{"@type":"Person","@id":"https:\/\/www.manaus.am.gov.br\/seminf\/#\/schema\/person\/466a0e03ae4b6062809046bd560ac955","name":"bvalente","image":{"@type":"ImageObject","inLanguage":"pt-BR","@id":"https:\/\/www.manaus.am.gov.br\/seminf\/#\/schema\/person\/image\/","url":"https:\/\/secure.gravatar.com\/avatar\/3e69bc2b014bdad41adfec3a39de07d2?s=96&d=mm&r=g","contentUrl":"https:\/\/secure.gravatar.com\/avatar\/3e69bc2b014bdad41adfec3a39de07d2?s=96&d=mm&r=g","caption":"bvalente"}}]}},"_links":{"self":[{"href":"https:\/\/www.manaus.am.gov.br\/seminf\/wp-json\/wp\/v2\/posts\/5927"}],"collection":[{"href":"https:\/\/www.manaus.am.gov.br\/seminf\/wp-json\/wp\/v2\/posts"}],"about":[{"href":"https:\/\/www.manaus.am.gov.br\/seminf\/wp-json\/wp\/v2\/types\/post"}],"author":[{"embeddable":true,"href":"https:\/\/www.manaus.am.gov.br\/seminf\/wp-json\/wp\/v2\/users\/68"}],"replies":[{"embeddable":true,"href":"https:\/\/www.manaus.am.gov.br\/seminf\/wp-json\/wp\/v2\/comments?post=5927"}],"version-history":[{"count":0,"href":"https:\/\/www.manaus.am.gov.br\/seminf\/wp-json\/wp\/v2\/posts\/5927\/revisions"}],"wp:featuredmedia":[{"embeddable":true,"href":"https:\/\/www.manaus.am.gov.br\/seminf\/wp-json\/wp\/v2\/media\/5928"}],"wp:attachment":[{"href":"https:\/\/www.manaus.am.gov.br\/seminf\/wp-json\/wp\/v2\/media?parent=5927"}],"wp:term":[{"taxonomy":"category","embeddable":true,"href":"https:\/\/www.manaus.am.gov.br\/seminf\/wp-json\/wp\/v2\/categories?post=5927"},{"taxonomy":"post_tag","embeddable":true,"href":"https:\/\/www.manaus.am.gov.br\/seminf\/wp-json\/wp\/v2\/tags?post=5927"}],"curies":[{"name":"wp","href":"https:\/\/api.w.org\/{rel}","templated":true}]}}