{"id":5918,"date":"2025-07-03T14:40:05","date_gmt":"2025-07-03T18:40:05","guid":{"rendered":"https:\/\/www.manaus.am.gov.br\/seminf\/asfalto-qualidade-de-vida-petropolis\/"},"modified":"2025-07-03T14:40:08","modified_gmt":"2025-07-03T18:40:08","slug":"asfalto-qualidade-de-vida-petropolis","status":"publish","type":"post","link":"https:\/\/www.manaus.am.gov.br\/seminf\/asfalto-qualidade-de-vida-petropolis\/","title":{"rendered":"Prefeitura de Manaus leva asfalto e mais qualidade de vida ao bairro Petr\u00f3polis"},"content":{"rendered":"\n<p>A Prefeitura de Manaus, por meio da Secretaria Municipal de Infraestrutura (Seminf), segue transformando a realidade dos bairros com obras de recupera\u00e7\u00e3o asf\u00e1ltica. Nesta quinta-feira, 3\/7, as equipes da secretaria atuaram na rua Arist\u00eddes da Rocha, no bairro Petr\u00f3polis, zona Sul da capital, levando melhorias \u00e0 malha vi\u00e1ria de uma via importante para o conv\u00edvio e cultura da comunidade local.<\/p>\n\n\n\n<p>Com a aplica\u00e7\u00e3o de 40 toneladas de massa asf\u00e1ltica, a rua recebeu servi\u00e7o de manuten\u00e7\u00e3o. A a\u00e7\u00e3o mobilizou cerca de 15 trabalhadores da Seminf, que devolveram a trafegabilidade ao trecho que se encontrava desgastado. O trabalho da prefeitura vai al\u00e9m da infraestrutura, leva dignidade, seguran\u00e7a e impulsiona o sentimento de pertencimento entre os moradores.<\/p>\n\n\n\n<p>Morador h\u00e1 mais de 50 anos no bairro, o eletricista Adarildo Silva, de 59 anos, celebrou a chegada das equipes. \u201cEu moro h\u00e1 50 anos aqui no bairro Petr\u00f3polis e estou muito feliz pela atua\u00e7\u00e3o da prefeitura em recuperar essa via com asfalto. A gente da comunidade se re\u00fane aqui, fazemos nossos festivais, e agora faremos com uma rua muito melhor, com qualidade. Muito obrigado, Prefeitura de Manaus, pela sua presen\u00e7a\u201d, comemorou.<\/p>\n\n\n\n<p>A rua Arist\u00eddes da Rocha \u00e9 usada com frequ\u00eancia para ensaios culturais e festividades da comunidade. Com a via renovada, esses encontros populares ganham um novo cen\u00e1rio, mais seguro e acess\u00edvel. A presen\u00e7a do poder p\u00fablico, com a\u00e7\u00f5es pr\u00e1ticas e vis\u00edveis, refor\u00e7a o compromisso da gest\u00e3o em promover o bem-estar nos bairros.<\/p>\n\n\n\n<p>O vice-prefeito e secret\u00e1rio de Obras, Renato Junior, destacou o impacto social das a\u00e7\u00f5es de infraestrutura. \u201cTem equipe da Seminf ativa aqui na \u00e1rea da zona Sul, com ca\u00e7amba de asfalto abastecida para fazer a manuten\u00e7\u00e3o dessa via. O principal objetivo \u00e9 proporcionar seguran\u00e7a e qualidade para os motoristas e a comunidade que trafega. \u00c9 por meio dessa infraestrutura que a popula\u00e7\u00e3o vai poder se reunir, festejar, fazer ensaios, como o seu Adarildo mencionou. E essa \u00e9 a determina\u00e7\u00e3o do prefeito David Almeida: ver a popula\u00e7\u00e3o bem\u201d, afirmou.<\/p>\n\n\n\n<p>Com a\u00e7\u00f5es cont\u00ednuas e planejadas, a Prefeitura de Manaus reafirma seu compromisso com cada comunidade, promovendo avan\u00e7os reais na infraestrutura e na qualidade de vida da popula\u00e7\u00e3o. O trabalho segue em ritmo acelerado, transformando ruas, valorizando bairros e aproximando ainda mais a gest\u00e3o das pessoas.<\/p>\n\n\n\n\n\n<p>&#8212; &#8212; &#8212;<\/p>\n\n\n\n<p><strong>Texto &#8211;<\/strong> Rayana Coutinho\/Seminf\u00a0<\/p>\n\n\n\n<p><strong>Fotos &#8211;<\/strong> Alessandro Ara\u00fajo\/Seminf<\/p>\n","protected":false},"excerpt":{"rendered":"","protected":false},"author":39,"featured_media":5920,"comment_status":"closed","ping_status":"closed","sticky":false,"template":"","format":"standard","meta":{"footnotes":""},"categories":[8],"tags":[2222,75,43,70,26],"acf":[],"yoast_head":"<!-- This site is optimized with the Yoast SEO plugin v23.0 - https:\/\/yoast.com\/wordpress\/plugins\/seo\/ -->\n<title>Prefeitura leva asfalto e mais qualidade de vida ao bairro Petr\u00f3polis<\/title>\n<meta name=\"description\" content=\"Prefeitura de Manaus, por meio da Seminf, leva, nesta quinta-feira, 3\/7, asfalto e mais qualidade de vida ao bairro Petr\u00f3polis.\" \/>\n<meta name=\"robots\" content=\"index, follow, max-snippet:-1, max-image-preview:large, max-video-preview:-1\" \/>\n<link rel=\"canonical\" href=\"https:\/\/www.manaus.am.gov.br\/seminf\/asfalto-qualidade-de-vida-petropolis\/\" \/>\n<meta property=\"og:locale\" content=\"pt_BR\" \/>\n<meta property=\"og:type\" content=\"article\" \/>\n<meta property=\"og:title\" content=\"Prefeitura leva asfalto e mais qualidade de vida ao bairro Petr\u00f3polis\" \/>\n<meta property=\"og:description\" content=\"Prefeitura de Manaus, por meio da Seminf, leva, nesta quinta-feira, 3\/7, asfalto e mais qualidade de vida ao bairro Petr\u00f3polis.\" \/>\n<meta property=\"og:url\" content=\"https:\/\/www.manaus.am.gov.br\/seminf\/asfalto-qualidade-de-vida-petropolis\/\" \/>\n<meta property=\"og:site_name\" content=\"SEMINF\" \/>\n<meta property=\"article:published_time\" content=\"2025-07-03T18:40:05+00:00\" \/>\n<meta property=\"article:modified_time\" content=\"2025-07-03T18:40:08+00:00\" \/>\n<meta property=\"og:image\" content=\"https:\/\/www.manaus.am.gov.br\/seminf\/wp-content\/uploads\/sites\/6\/2025\/07\/IMG_4101-1024x768.jpg\" \/>\n\t<meta property=\"og:image:width\" content=\"1024\" \/>\n\t<meta property=\"og:image:height\" content=\"768\" \/>\n\t<meta property=\"og:image:type\" content=\"image\/jpeg\" \/>\n<meta name=\"author\" content=\"Bruna Greco\" \/>\n<meta name=\"twitter:card\" content=\"summary_large_image\" \/>\n<meta name=\"twitter:label1\" content=\"Written by\" \/>\n\t<meta name=\"twitter:data1\" content=\"Bruna Greco\" \/>\n\t<meta name=\"twitter:label2\" content=\"Est. reading time\" \/>\n\t<meta name=\"twitter:data2\" content=\"3 minutos\" \/>\n<script type=\"application\/ld+json\" class=\"yoast-schema-graph\">{\"@context\":\"https:\/\/schema.org\",\"@graph\":[{\"@type\":\"WebPage\",\"@id\":\"https:\/\/www.manaus.am.gov.br\/seminf\/asfalto-qualidade-de-vida-petropolis\/\",\"url\":\"https:\/\/www.manaus.am.gov.br\/seminf\/asfalto-qualidade-de-vida-petropolis\/\",\"name\":\"Prefeitura leva asfalto e mais qualidade de vida ao bairro Petr\u00f3polis\",\"isPartOf\":{\"@id\":\"https:\/\/www.manaus.am.gov.br\/seminf\/#website\"},\"primaryImageOfPage\":{\"@id\":\"https:\/\/www.manaus.am.gov.br\/seminf\/asfalto-qualidade-de-vida-petropolis\/#primaryimage\"},\"image\":{\"@id\":\"https:\/\/www.manaus.am.gov.br\/seminf\/asfalto-qualidade-de-vida-petropolis\/#primaryimage\"},\"thumbnailUrl\":\"https:\/\/www.manaus.am.gov.br\/seminf\/wp-content\/uploads\/sites\/6\/2025\/07\/IMG_4101.jpg\",\"datePublished\":\"2025-07-03T18:40:05+00:00\",\"dateModified\":\"2025-07-03T18:40:08+00:00\",\"author\":{\"@id\":\"https:\/\/www.manaus.am.gov.br\/seminf\/#\/schema\/person\/05d223aea2bf115f9883a6ff3683d81b\"},\"description\":\"Prefeitura de Manaus, por meio da Seminf, leva, nesta quinta-feira, 3\/7, asfalto e mais qualidade de vida ao bairro Petr\u00f3polis.\",\"inLanguage\":\"pt-BR\",\"potentialAction\":[{\"@type\":\"ReadAction\",\"target\":[\"https:\/\/www.manaus.am.gov.br\/seminf\/asfalto-qualidade-de-vida-petropolis\/\"]}]},{\"@type\":\"ImageObject\",\"inLanguage\":\"pt-BR\",\"@id\":\"https:\/\/www.manaus.am.gov.br\/seminf\/asfalto-qualidade-de-vida-petropolis\/#primaryimage\",\"url\":\"https:\/\/www.manaus.am.gov.br\/seminf\/wp-content\/uploads\/sites\/6\/2025\/07\/IMG_4101.jpg\",\"contentUrl\":\"https:\/\/www.manaus.am.gov.br\/seminf\/wp-content\/uploads\/sites\/6\/2025\/07\/IMG_4101.jpg\",\"width\":5712,\"height\":4284,\"caption\":\"#paratodosverem - Equipe da Seminf executando o servi\u00e7o de recupera\u00e7\u00e3o asf\u00e1ltica na rua Arist\u00eddes da Rocha, no bairro Petr\u00f3polis\"},{\"@type\":\"WebSite\",\"@id\":\"https:\/\/www.manaus.am.gov.br\/seminf\/#website\",\"url\":\"https:\/\/www.manaus.am.gov.br\/seminf\/\",\"name\":\"Secretaria de Infraestrutura\",\"description\":\"Secretaria Municipal de Infraestrutura\",\"potentialAction\":[{\"@type\":\"SearchAction\",\"target\":{\"@type\":\"EntryPoint\",\"urlTemplate\":\"https:\/\/www.manaus.am.gov.br\/seminf\/?s={search_term_string}\"},\"query-input\":\"required name=search_term_string\"}],\"inLanguage\":\"pt-BR\"},{\"@type\":\"Person\",\"@id\":\"https:\/\/www.manaus.am.gov.br\/seminf\/#\/schema\/person\/05d223aea2bf115f9883a6ff3683d81b\",\"name\":\"Bruna Greco\",\"image\":{\"@type\":\"ImageObject\",\"inLanguage\":\"pt-BR\",\"@id\":\"https:\/\/www.manaus.am.gov.br\/seminf\/#\/schema\/person\/image\/\",\"url\":\"https:\/\/secure.gravatar.com\/avatar\/9c877d1a6adc2a055330e5c09a8653ce?s=96&d=mm&r=g\",\"contentUrl\":\"https:\/\/secure.gravatar.com\/avatar\/9c877d1a6adc2a055330e5c09a8653ce?s=96&d=mm&r=g\",\"caption\":\"Bruna Greco\"}}]}<\/script>\n<!-- \/ Yoast SEO plugin. -->","yoast_head_json":{"title":"Prefeitura leva asfalto e mais qualidade de vida ao bairro Petr\u00f3polis","description":"Prefeitura de Manaus, por meio da Seminf, leva, nesta quinta-feira, 3\/7, asfalto e mais qualidade de vida ao bairro Petr\u00f3polis.","robots":{"index":"index","follow":"follow","max-snippet":"max-snippet:-1","max-image-preview":"max-image-preview:large","max-video-preview":"max-video-preview:-1"},"canonical":"https:\/\/www.manaus.am.gov.br\/seminf\/asfalto-qualidade-de-vida-petropolis\/","og_locale":"pt_BR","og_type":"article","og_title":"Prefeitura leva asfalto e mais qualidade de vida ao bairro Petr\u00f3polis","og_description":"Prefeitura de Manaus, por meio da Seminf, leva, nesta quinta-feira, 3\/7, asfalto e mais qualidade de vida ao bairro Petr\u00f3polis.","og_url":"https:\/\/www.manaus.am.gov.br\/seminf\/asfalto-qualidade-de-vida-petropolis\/","og_site_name":"SEMINF","article_published_time":"2025-07-03T18:40:05+00:00","article_modified_time":"2025-07-03T18:40:08+00:00","og_image":[{"width":1024,"height":768,"url":"https:\/\/www.manaus.am.gov.br\/seminf\/wp-content\/uploads\/sites\/6\/2025\/07\/IMG_4101-1024x768.jpg","type":"image\/jpeg"}],"author":"Bruna Greco","twitter_card":"summary_large_image","twitter_misc":{"Written by":"Bruna Greco","Est. reading time":"3 minutos"},"schema":{"@context":"https:\/\/schema.org","@graph":[{"@type":"WebPage","@id":"https:\/\/www.manaus.am.gov.br\/seminf\/asfalto-qualidade-de-vida-petropolis\/","url":"https:\/\/www.manaus.am.gov.br\/seminf\/asfalto-qualidade-de-vida-petropolis\/","name":"Prefeitura leva asfalto e mais qualidade de vida ao bairro Petr\u00f3polis","isPartOf":{"@id":"https:\/\/www.manaus.am.gov.br\/seminf\/#website"},"primaryImageOfPage":{"@id":"https:\/\/www.manaus.am.gov.br\/seminf\/asfalto-qualidade-de-vida-petropolis\/#primaryimage"},"image":{"@id":"https:\/\/www.manaus.am.gov.br\/seminf\/asfalto-qualidade-de-vida-petropolis\/#primaryimage"},"thumbnailUrl":"https:\/\/www.manaus.am.gov.br\/seminf\/wp-content\/uploads\/sites\/6\/2025\/07\/IMG_4101.jpg","datePublished":"2025-07-03T18:40:05+00:00","dateModified":"2025-07-03T18:40:08+00:00","author":{"@id":"https:\/\/www.manaus.am.gov.br\/seminf\/#\/schema\/person\/05d223aea2bf115f9883a6ff3683d81b"},"description":"Prefeitura de Manaus, por meio da Seminf, leva, nesta quinta-feira, 3\/7, asfalto e mais qualidade de vida ao bairro Petr\u00f3polis.","inLanguage":"pt-BR","potentialAction":[{"@type":"ReadAction","target":["https:\/\/www.manaus.am.gov.br\/seminf\/asfalto-qualidade-de-vida-petropolis\/"]}]},{"@type":"ImageObject","inLanguage":"pt-BR","@id":"https:\/\/www.manaus.am.gov.br\/seminf\/asfalto-qualidade-de-vida-petropolis\/#primaryimage","url":"https:\/\/www.manaus.am.gov.br\/seminf\/wp-content\/uploads\/sites\/6\/2025\/07\/IMG_4101.jpg","contentUrl":"https:\/\/www.manaus.am.gov.br\/seminf\/wp-content\/uploads\/sites\/6\/2025\/07\/IMG_4101.jpg","width":5712,"height":4284,"caption":"#paratodosverem - Equipe da Seminf executando o servi\u00e7o de recupera\u00e7\u00e3o asf\u00e1ltica na rua Arist\u00eddes da Rocha, no bairro Petr\u00f3polis"},{"@type":"WebSite","@id":"https:\/\/www.manaus.am.gov.br\/seminf\/#website","url":"https:\/\/www.manaus.am.gov.br\/seminf\/","name":"Secretaria de Infraestrutura","description":"Secretaria Municipal de Infraestrutura","potentialAction":[{"@type":"SearchAction","target":{"@type":"EntryPoint","urlTemplate":"https:\/\/www.manaus.am.gov.br\/seminf\/?s={search_term_string}"},"query-input":"required name=search_term_string"}],"inLanguage":"pt-BR"},{"@type":"Person","@id":"https:\/\/www.manaus.am.gov.br\/seminf\/#\/schema\/person\/05d223aea2bf115f9883a6ff3683d81b","name":"Bruna Greco","image":{"@type":"ImageObject","inLanguage":"pt-BR","@id":"https:\/\/www.manaus.am.gov.br\/seminf\/#\/schema\/person\/image\/","url":"https:\/\/secure.gravatar.com\/avatar\/9c877d1a6adc2a055330e5c09a8653ce?s=96&d=mm&r=g","contentUrl":"https:\/\/secure.gravatar.com\/avatar\/9c877d1a6adc2a055330e5c09a8653ce?s=96&d=mm&r=g","caption":"Bruna Greco"}}]}},"_links":{"self":[{"href":"https:\/\/www.manaus.am.gov.br\/seminf\/wp-json\/wp\/v2\/posts\/5918"}],"collection":[{"href":"https:\/\/www.manaus.am.gov.br\/seminf\/wp-json\/wp\/v2\/posts"}],"about":[{"href":"https:\/\/www.manaus.am.gov.br\/seminf\/wp-json\/wp\/v2\/types\/post"}],"author":[{"embeddable":true,"href":"https:\/\/www.manaus.am.gov.br\/seminf\/wp-json\/wp\/v2\/users\/39"}],"replies":[{"embeddable":true,"href":"https:\/\/www.manaus.am.gov.br\/seminf\/wp-json\/wp\/v2\/comments?post=5918"}],"version-history":[{"count":0,"href":"https:\/\/www.manaus.am.gov.br\/seminf\/wp-json\/wp\/v2\/posts\/5918\/revisions"}],"wp:featuredmedia":[{"embeddable":true,"href":"https:\/\/www.manaus.am.gov.br\/seminf\/wp-json\/wp\/v2\/media\/5920"}],"wp:attachment":[{"href":"https:\/\/www.manaus.am.gov.br\/seminf\/wp-json\/wp\/v2\/media?parent=5918"}],"wp:term":[{"taxonomy":"category","embeddable":true,"href":"https:\/\/www.manaus.am.gov.br\/seminf\/wp-json\/wp\/v2\/categories?post=5918"},{"taxonomy":"post_tag","embeddable":true,"href":"https:\/\/www.manaus.am.gov.br\/seminf\/wp-json\/wp\/v2\/tags?post=5918"}],"curies":[{"name":"wp","href":"https:\/\/api.w.org\/{rel}","templated":true}]}}