{"id":5912,"date":"2025-07-03T14:27:19","date_gmt":"2025-07-03T18:27:19","guid":{"rendered":"https:\/\/www.manaus.am.gov.br\/seminf\/recuperacao-asfaltica-avenida-max-teixeira\/"},"modified":"2025-07-03T14:27:56","modified_gmt":"2025-07-03T18:27:56","slug":"recuperacao-asfaltica-avenida-max-teixeira","status":"publish","type":"post","link":"https:\/\/www.manaus.am.gov.br\/seminf\/recuperacao-asfaltica-avenida-max-teixeira\/","title":{"rendered":"Prefeitura de Manaus intensifica recupera\u00e7\u00e3o asf\u00e1ltica e leva melhorias \u00e0 avenida Max Teixeira"},"content":{"rendered":"\n<p>A Prefeitura de Manaus, por meio da Secretaria Municipal de Infraestrutura (Seminf), segue em ritmo acelerado com os servi\u00e7os de recupera\u00e7\u00e3o asf\u00e1ltica na cidade. Nesta quinta-feira, 3\/7, a avenida Max Teixeira, uma das vias mais movimentadas da zona Norte, recebeu as frentes de obras que atuam diariamente para melhorar a mobilidade e garantir mais seguran\u00e7a para motoristas e pedestres.<\/p>\n\n\n\n<p>A a\u00e7\u00e3o integra um cronograma robusto de recupera\u00e7\u00e3o vi\u00e1ria que, em apenas uma semana, j\u00e1 atendeu mais de cem pontos principais em todas as zonas da capital. O objetivo da gest\u00e3o municipal \u00e9 promover infraestrutura de qualidade adequada ao intenso fluxo da cidade, especialmente em corredores vi\u00e1rios como a Max Teixeira.<\/p>\n\n\n\n<p>Al\u00e9m da Max Teixeira, as equipes tamb\u00e9m atuaram na rua Sorocaba e na avenida Samambaia, no bairro Cidade Nova, importantes liga\u00e7\u00f5es de tr\u00e1fego de ve\u00edculos. A revitaliza\u00e7\u00e3o desses trechos melhora significativamente o acesso \u00e0s resid\u00eancias, com\u00e9rcios e servi\u00e7os essenciais, refletindo diretamente no dia a dia da popula\u00e7\u00e3o.<\/p>\n\n\n\n<p>Com equipes operando em diversos turnos, a Seminf tem utilizado t\u00e9cnicas modernas para recuperar o pavimento em trechos desgastados, promovendo mais conforto e fluidez no tr\u00e1fego urbano. O servi\u00e7o reduz riscos de acidentes e gera mais agilidade no deslocamento da popula\u00e7\u00e3o.<\/p>\n\n\n\n<p>O vice-prefeito e secret\u00e1rio de Obras, Renato Junior, destacou a prioridade da gest\u00e3o municipal em transformar a infraestrutura urbana com obras que impactam diretamente a vida das pessoas. \u201cEstamos atuando com planejamento e compromisso. Mais do que colocar asfalto, estamos devolvendo o direito de ir e vir com dignidade e seguran\u00e7a, como determina o prefeito David Almeida&#8221;, afirma.<\/p>\n\n\n\n<p>A prefeitura refor\u00e7a que as frentes de obras seguem ativas em todas as zonas da cidade, priorizando as vias com maior fluxo e necessidade de interven\u00e7\u00e3o. O trabalho continua, levando mais qualidade de vida, valoriza\u00e7\u00e3o dos bairros e desenvolvimento para Manaus.<\/p>\n\n\n\n<figure class=\"wp-block-image size-large\"><img loading=\"lazy\" decoding=\"async\" width=\"1024\" height=\"770\" src=\"https:\/\/www.manaus.am.gov.br\/seminf\/wp-content\/uploads\/sites\/6\/2025\/07\/WhatsApp-Image-2025-07-03-at-12.38.11-1-1024x770.jpeg\" alt=\"\" class=\"wp-image-5916\" srcset=\"https:\/\/www.manaus.am.gov.br\/seminf\/wp-content\/uploads\/sites\/6\/2025\/07\/WhatsApp-Image-2025-07-03-at-12.38.11-1-1024x770.jpeg 1024w, https:\/\/www.manaus.am.gov.br\/seminf\/wp-content\/uploads\/sites\/6\/2025\/07\/WhatsApp-Image-2025-07-03-at-12.38.11-1-300x226.jpeg 300w, https:\/\/www.manaus.am.gov.br\/seminf\/wp-content\/uploads\/sites\/6\/2025\/07\/WhatsApp-Image-2025-07-03-at-12.38.11-1-768x578.jpeg 768w, https:\/\/www.manaus.am.gov.br\/seminf\/wp-content\/uploads\/sites\/6\/2025\/07\/WhatsApp-Image-2025-07-03-at-12.38.11-1.jpeg 1280w\" sizes=\"(max-width: 1024px) 100vw, 1024px\" \/><\/figure>\n\n\n\n<p>&#8212; &#8212; &#8212;<\/p>\n\n\n\n<p><strong>Texto &#8211;<\/strong> Valesca Martins\/Seminf\u00a0<\/p>\n\n\n\n<p><strong>Fotos<\/strong> &#8211; Divulga\u00e7\u00e3o\/Seminf<\/p>\n\n\n\n<p> <\/p>\n","protected":false},"excerpt":{"rendered":"","protected":false},"author":39,"featured_media":5913,"comment_status":"closed","ping_status":"closed","sticky":false,"template":"","format":"standard","meta":{"footnotes":""},"categories":[12],"tags":[350,43,70,26],"acf":[],"yoast_head":"<!-- This site is optimized with the Yoast SEO plugin v23.0 - https:\/\/yoast.com\/wordpress\/plugins\/seo\/ -->\n<title>Recupera\u00e7\u00e3o asf\u00e1ltica e leva melhorias \u00e0 avenida Max Teixeira<\/title>\n<meta name=\"description\" content=\"Prefeitura de Manaus, por meio da Seminf, intensifica recupera\u00e7\u00e3o asf\u00e1ltica e leva melhorias \u00e0 avenida Max Teixeira.\" \/>\n<meta name=\"robots\" content=\"index, follow, max-snippet:-1, max-image-preview:large, max-video-preview:-1\" \/>\n<link rel=\"canonical\" href=\"https:\/\/www.manaus.am.gov.br\/seminf\/recuperacao-asfaltica-avenida-max-teixeira\/\" \/>\n<meta property=\"og:locale\" content=\"pt_BR\" \/>\n<meta property=\"og:type\" content=\"article\" \/>\n<meta property=\"og:title\" content=\"Recupera\u00e7\u00e3o asf\u00e1ltica e leva melhorias \u00e0 avenida Max Teixeira\" \/>\n<meta property=\"og:description\" content=\"Prefeitura de Manaus, por meio da Seminf, intensifica recupera\u00e7\u00e3o asf\u00e1ltica e leva melhorias \u00e0 avenida Max Teixeira.\" \/>\n<meta property=\"og:url\" content=\"https:\/\/www.manaus.am.gov.br\/seminf\/recuperacao-asfaltica-avenida-max-teixeira\/\" \/>\n<meta property=\"og:site_name\" content=\"SEMINF\" \/>\n<meta property=\"article:published_time\" content=\"2025-07-03T18:27:19+00:00\" \/>\n<meta property=\"article:modified_time\" content=\"2025-07-03T18:27:56+00:00\" \/>\n<meta property=\"og:image\" content=\"https:\/\/www.manaus.am.gov.br\/seminf\/wp-content\/uploads\/sites\/6\/2025\/07\/WhatsApp-Image-2025-07-03-at-12.38.09-e1751567166525.jpeg\" \/>\n\t<meta property=\"og:image:width\" content=\"962\" \/>\n\t<meta property=\"og:image:height\" content=\"776\" \/>\n\t<meta property=\"og:image:type\" content=\"image\/jpeg\" \/>\n<meta name=\"author\" content=\"Bruna Greco\" \/>\n<meta name=\"twitter:card\" content=\"summary_large_image\" \/>\n<meta name=\"twitter:label1\" content=\"Written by\" \/>\n\t<meta name=\"twitter:data1\" content=\"Bruna Greco\" \/>\n\t<meta name=\"twitter:label2\" content=\"Est. reading time\" \/>\n\t<meta name=\"twitter:data2\" content=\"3 minutos\" \/>\n<script type=\"application\/ld+json\" class=\"yoast-schema-graph\">{\"@context\":\"https:\/\/schema.org\",\"@graph\":[{\"@type\":\"WebPage\",\"@id\":\"https:\/\/www.manaus.am.gov.br\/seminf\/recuperacao-asfaltica-avenida-max-teixeira\/\",\"url\":\"https:\/\/www.manaus.am.gov.br\/seminf\/recuperacao-asfaltica-avenida-max-teixeira\/\",\"name\":\"Recupera\u00e7\u00e3o asf\u00e1ltica e leva melhorias \u00e0 avenida Max Teixeira\",\"isPartOf\":{\"@id\":\"https:\/\/www.manaus.am.gov.br\/seminf\/#website\"},\"primaryImageOfPage\":{\"@id\":\"https:\/\/www.manaus.am.gov.br\/seminf\/recuperacao-asfaltica-avenida-max-teixeira\/#primaryimage\"},\"image\":{\"@id\":\"https:\/\/www.manaus.am.gov.br\/seminf\/recuperacao-asfaltica-avenida-max-teixeira\/#primaryimage\"},\"thumbnailUrl\":\"https:\/\/www.manaus.am.gov.br\/seminf\/wp-content\/uploads\/sites\/6\/2025\/07\/WhatsApp-Image-2025-07-03-at-12.38.09-e1751567166525.jpeg\",\"datePublished\":\"2025-07-03T18:27:19+00:00\",\"dateModified\":\"2025-07-03T18:27:56+00:00\",\"author\":{\"@id\":\"https:\/\/www.manaus.am.gov.br\/seminf\/#\/schema\/person\/05d223aea2bf115f9883a6ff3683d81b\"},\"description\":\"Prefeitura de Manaus, por meio da Seminf, intensifica recupera\u00e7\u00e3o asf\u00e1ltica e leva melhorias \u00e0 avenida Max Teixeira.\",\"inLanguage\":\"pt-BR\",\"potentialAction\":[{\"@type\":\"ReadAction\",\"target\":[\"https:\/\/www.manaus.am.gov.br\/seminf\/recuperacao-asfaltica-avenida-max-teixeira\/\"]}]},{\"@type\":\"ImageObject\",\"inLanguage\":\"pt-BR\",\"@id\":\"https:\/\/www.manaus.am.gov.br\/seminf\/recuperacao-asfaltica-avenida-max-teixeira\/#primaryimage\",\"url\":\"https:\/\/www.manaus.am.gov.br\/seminf\/wp-content\/uploads\/sites\/6\/2025\/07\/WhatsApp-Image-2025-07-03-at-12.38.09-e1751567166525.jpeg\",\"contentUrl\":\"https:\/\/www.manaus.am.gov.br\/seminf\/wp-content\/uploads\/sites\/6\/2025\/07\/WhatsApp-Image-2025-07-03-at-12.38.09-e1751567166525.jpeg\",\"width\":962,\"height\":776,\"caption\":\"#paratodosverem - Equipe da Seminf executando os servi\u00e7os de recupera\u00e7\u00e3o asf\u00e1ltica em trecho da avenida Max Teixeira\"},{\"@type\":\"WebSite\",\"@id\":\"https:\/\/www.manaus.am.gov.br\/seminf\/#website\",\"url\":\"https:\/\/www.manaus.am.gov.br\/seminf\/\",\"name\":\"Secretaria de Infraestrutura\",\"description\":\"Secretaria Municipal de Infraestrutura\",\"potentialAction\":[{\"@type\":\"SearchAction\",\"target\":{\"@type\":\"EntryPoint\",\"urlTemplate\":\"https:\/\/www.manaus.am.gov.br\/seminf\/?s={search_term_string}\"},\"query-input\":\"required name=search_term_string\"}],\"inLanguage\":\"pt-BR\"},{\"@type\":\"Person\",\"@id\":\"https:\/\/www.manaus.am.gov.br\/seminf\/#\/schema\/person\/05d223aea2bf115f9883a6ff3683d81b\",\"name\":\"Bruna Greco\",\"image\":{\"@type\":\"ImageObject\",\"inLanguage\":\"pt-BR\",\"@id\":\"https:\/\/www.manaus.am.gov.br\/seminf\/#\/schema\/person\/image\/\",\"url\":\"https:\/\/secure.gravatar.com\/avatar\/9c877d1a6adc2a055330e5c09a8653ce?s=96&d=mm&r=g\",\"contentUrl\":\"https:\/\/secure.gravatar.com\/avatar\/9c877d1a6adc2a055330e5c09a8653ce?s=96&d=mm&r=g\",\"caption\":\"Bruna Greco\"}}]}<\/script>\n<!-- \/ Yoast SEO plugin. -->","yoast_head_json":{"title":"Recupera\u00e7\u00e3o asf\u00e1ltica e leva melhorias \u00e0 avenida Max Teixeira","description":"Prefeitura de Manaus, por meio da Seminf, intensifica recupera\u00e7\u00e3o asf\u00e1ltica e leva melhorias \u00e0 avenida Max Teixeira.","robots":{"index":"index","follow":"follow","max-snippet":"max-snippet:-1","max-image-preview":"max-image-preview:large","max-video-preview":"max-video-preview:-1"},"canonical":"https:\/\/www.manaus.am.gov.br\/seminf\/recuperacao-asfaltica-avenida-max-teixeira\/","og_locale":"pt_BR","og_type":"article","og_title":"Recupera\u00e7\u00e3o asf\u00e1ltica e leva melhorias \u00e0 avenida Max Teixeira","og_description":"Prefeitura de Manaus, por meio da Seminf, intensifica recupera\u00e7\u00e3o asf\u00e1ltica e leva melhorias \u00e0 avenida Max Teixeira.","og_url":"https:\/\/www.manaus.am.gov.br\/seminf\/recuperacao-asfaltica-avenida-max-teixeira\/","og_site_name":"SEMINF","article_published_time":"2025-07-03T18:27:19+00:00","article_modified_time":"2025-07-03T18:27:56+00:00","og_image":[{"width":962,"height":776,"url":"https:\/\/www.manaus.am.gov.br\/seminf\/wp-content\/uploads\/sites\/6\/2025\/07\/WhatsApp-Image-2025-07-03-at-12.38.09-e1751567166525.jpeg","type":"image\/jpeg"}],"author":"Bruna Greco","twitter_card":"summary_large_image","twitter_misc":{"Written by":"Bruna Greco","Est. reading time":"3 minutos"},"schema":{"@context":"https:\/\/schema.org","@graph":[{"@type":"WebPage","@id":"https:\/\/www.manaus.am.gov.br\/seminf\/recuperacao-asfaltica-avenida-max-teixeira\/","url":"https:\/\/www.manaus.am.gov.br\/seminf\/recuperacao-asfaltica-avenida-max-teixeira\/","name":"Recupera\u00e7\u00e3o asf\u00e1ltica e leva melhorias \u00e0 avenida Max Teixeira","isPartOf":{"@id":"https:\/\/www.manaus.am.gov.br\/seminf\/#website"},"primaryImageOfPage":{"@id":"https:\/\/www.manaus.am.gov.br\/seminf\/recuperacao-asfaltica-avenida-max-teixeira\/#primaryimage"},"image":{"@id":"https:\/\/www.manaus.am.gov.br\/seminf\/recuperacao-asfaltica-avenida-max-teixeira\/#primaryimage"},"thumbnailUrl":"https:\/\/www.manaus.am.gov.br\/seminf\/wp-content\/uploads\/sites\/6\/2025\/07\/WhatsApp-Image-2025-07-03-at-12.38.09-e1751567166525.jpeg","datePublished":"2025-07-03T18:27:19+00:00","dateModified":"2025-07-03T18:27:56+00:00","author":{"@id":"https:\/\/www.manaus.am.gov.br\/seminf\/#\/schema\/person\/05d223aea2bf115f9883a6ff3683d81b"},"description":"Prefeitura de Manaus, por meio da Seminf, intensifica recupera\u00e7\u00e3o asf\u00e1ltica e leva melhorias \u00e0 avenida Max Teixeira.","inLanguage":"pt-BR","potentialAction":[{"@type":"ReadAction","target":["https:\/\/www.manaus.am.gov.br\/seminf\/recuperacao-asfaltica-avenida-max-teixeira\/"]}]},{"@type":"ImageObject","inLanguage":"pt-BR","@id":"https:\/\/www.manaus.am.gov.br\/seminf\/recuperacao-asfaltica-avenida-max-teixeira\/#primaryimage","url":"https:\/\/www.manaus.am.gov.br\/seminf\/wp-content\/uploads\/sites\/6\/2025\/07\/WhatsApp-Image-2025-07-03-at-12.38.09-e1751567166525.jpeg","contentUrl":"https:\/\/www.manaus.am.gov.br\/seminf\/wp-content\/uploads\/sites\/6\/2025\/07\/WhatsApp-Image-2025-07-03-at-12.38.09-e1751567166525.jpeg","width":962,"height":776,"caption":"#paratodosverem - Equipe da Seminf executando os servi\u00e7os de recupera\u00e7\u00e3o asf\u00e1ltica em trecho da avenida Max Teixeira"},{"@type":"WebSite","@id":"https:\/\/www.manaus.am.gov.br\/seminf\/#website","url":"https:\/\/www.manaus.am.gov.br\/seminf\/","name":"Secretaria de Infraestrutura","description":"Secretaria Municipal de Infraestrutura","potentialAction":[{"@type":"SearchAction","target":{"@type":"EntryPoint","urlTemplate":"https:\/\/www.manaus.am.gov.br\/seminf\/?s={search_term_string}"},"query-input":"required name=search_term_string"}],"inLanguage":"pt-BR"},{"@type":"Person","@id":"https:\/\/www.manaus.am.gov.br\/seminf\/#\/schema\/person\/05d223aea2bf115f9883a6ff3683d81b","name":"Bruna Greco","image":{"@type":"ImageObject","inLanguage":"pt-BR","@id":"https:\/\/www.manaus.am.gov.br\/seminf\/#\/schema\/person\/image\/","url":"https:\/\/secure.gravatar.com\/avatar\/9c877d1a6adc2a055330e5c09a8653ce?s=96&d=mm&r=g","contentUrl":"https:\/\/secure.gravatar.com\/avatar\/9c877d1a6adc2a055330e5c09a8653ce?s=96&d=mm&r=g","caption":"Bruna Greco"}}]}},"_links":{"self":[{"href":"https:\/\/www.manaus.am.gov.br\/seminf\/wp-json\/wp\/v2\/posts\/5912"}],"collection":[{"href":"https:\/\/www.manaus.am.gov.br\/seminf\/wp-json\/wp\/v2\/posts"}],"about":[{"href":"https:\/\/www.manaus.am.gov.br\/seminf\/wp-json\/wp\/v2\/types\/post"}],"author":[{"embeddable":true,"href":"https:\/\/www.manaus.am.gov.br\/seminf\/wp-json\/wp\/v2\/users\/39"}],"replies":[{"embeddable":true,"href":"https:\/\/www.manaus.am.gov.br\/seminf\/wp-json\/wp\/v2\/comments?post=5912"}],"version-history":[{"count":2,"href":"https:\/\/www.manaus.am.gov.br\/seminf\/wp-json\/wp\/v2\/posts\/5912\/revisions"}],"predecessor-version":[{"id":5917,"href":"https:\/\/www.manaus.am.gov.br\/seminf\/wp-json\/wp\/v2\/posts\/5912\/revisions\/5917"}],"wp:featuredmedia":[{"embeddable":true,"href":"https:\/\/www.manaus.am.gov.br\/seminf\/wp-json\/wp\/v2\/media\/5913"}],"wp:attachment":[{"href":"https:\/\/www.manaus.am.gov.br\/seminf\/wp-json\/wp\/v2\/media?parent=5912"}],"wp:term":[{"taxonomy":"category","embeddable":true,"href":"https:\/\/www.manaus.am.gov.br\/seminf\/wp-json\/wp\/v2\/categories?post=5912"},{"taxonomy":"post_tag","embeddable":true,"href":"https:\/\/www.manaus.am.gov.br\/seminf\/wp-json\/wp\/v2\/tags?post=5912"}],"curies":[{"name":"wp","href":"https:\/\/api.w.org\/{rel}","templated":true}]}}