{"id":5904,"date":"2025-07-02T19:58:56","date_gmt":"2025-07-02T23:58:56","guid":{"rendered":"https:\/\/www.manaus.am.gov.br\/seminf\/recuperacao-rede-de-drenagem-7\/"},"modified":"2025-07-02T19:58:57","modified_gmt":"2025-07-02T23:58:57","slug":"recuperacao-rede-de-drenagem-7","status":"publish","type":"post","link":"https:\/\/www.manaus.am.gov.br\/seminf\/recuperacao-rede-de-drenagem-7\/","title":{"rendered":"Prefeitura de Manaus recupera rede de drenagem e garante seguran\u00e7a vi\u00e1ria no bairro S\u00e3o Jorge"},"content":{"rendered":"\n<p><br>A Prefeitura de Manaus, por meio da Secretaria Municipal de Infraestrutura (Seminf), executou, nesta quarta-feira, 2\/7, mais uma frente de obras com foco na recupera\u00e7\u00e3o da rede de drenagem da rua Agostinho Pereira, no bairro S\u00e3o Jorge, zona Oeste da capital. A a\u00e7\u00e3o emergencial incluiu a substitui\u00e7\u00e3o de tubos deteriorados, que comprometiam o escoamento das \u00e1guas pluviais.<br><br>O servi\u00e7o, realizado por uma equipe t\u00e9cnica do distrito de obras da Seminf, seguiu todas as etapas necess\u00e1rias para garantir durabilidade e efici\u00eancia ao sistema. Foram utilizadas manilhas de concreto armado, que oferecem maior resist\u00eancia e asseguram o funcionamento adequado da galeria subterr\u00e2nea.<\/p>\n\n\n\n<p><br>Segundo o vice-prefeito e secret\u00e1rio de Obras, Renato Junior, a atua\u00e7\u00e3o reflete o compromisso da gest\u00e3o municipal com a popula\u00e7\u00e3o.<br><br>\u201cNa gest\u00e3o do prefeito David Almeida, o trabalho \u00e9 constante. Todos os dias, estamos em diferentes bairros levando infraestrutura e solu\u00e7\u00f5es que melhoram a vida da popula\u00e7\u00e3o. Seguimos firmes com esse compromisso\u201d, afirmou Renato Junior.<br><br>A Prefeitura de Manaus refor\u00e7a que a\u00e7\u00f5es como essa s\u00e3o fundamentais para a preven\u00e7\u00e3o de alagamentos, a preserva\u00e7\u00e3o do pavimento e o bem-estar dos moradores. As frentes de obras continuam em andamento em todas as zonas da cidade, conforme o cronograma da Seminf.<\/p>\n\n\n\n<p><strong>\u2014 \u2014 \u2014 <\/strong><strong><br><\/strong><strong>Texto &#8211; <\/strong>Maria Amed \/ Seminf<br><strong>Fotos &#8211; <\/strong>Alessandro Ara\u00fajo \/ Seminf<\/p>\n","protected":false},"excerpt":{"rendered":"","protected":false},"author":68,"featured_media":5905,"comment_status":"closed","ping_status":"closed","sticky":false,"template":"","format":"standard","meta":{"footnotes":""},"categories":[12],"tags":[2220,43,26],"acf":[],"yoast_head":"<!-- This site is optimized with the Yoast SEO plugin v23.0 - https:\/\/yoast.com\/wordpress\/plugins\/seo\/ -->\n<title>Prefeitura de Manaus recupera rede de drenagem e garante seguran\u00e7a vi\u00e1ria no bairro S\u00e3o Jorge<\/title>\n<meta name=\"description\" content=\"A Prefeitura de Manaus, por meio da Secretaria Municipal de Infraestrutura (Seminf), executou, nesta quarta-feira, 2\/7, mais uma frente de obras com foco na recupera\u00e7\u00e3o da rede de drenagem da rua Agostinho Pereira, no bairro S\u00e3o Jorge, zona Oeste da capital.\" \/>\n<meta name=\"robots\" content=\"index, follow, max-snippet:-1, max-image-preview:large, max-video-preview:-1\" \/>\n<link rel=\"canonical\" href=\"https:\/\/www.manaus.am.gov.br\/seminf\/recuperacao-rede-de-drenagem-7\/\" \/>\n<meta property=\"og:locale\" content=\"pt_BR\" \/>\n<meta property=\"og:type\" content=\"article\" \/>\n<meta property=\"og:title\" content=\"Prefeitura de Manaus recupera rede de drenagem e garante seguran\u00e7a vi\u00e1ria no bairro S\u00e3o Jorge\" \/>\n<meta property=\"og:description\" content=\"A Prefeitura de Manaus, por meio da Secretaria Municipal de Infraestrutura (Seminf), executou, nesta quarta-feira, 2\/7, mais uma frente de obras com foco na recupera\u00e7\u00e3o da rede de drenagem da rua Agostinho Pereira, no bairro S\u00e3o Jorge, zona Oeste da capital.\" \/>\n<meta property=\"og:url\" content=\"https:\/\/www.manaus.am.gov.br\/seminf\/recuperacao-rede-de-drenagem-7\/\" \/>\n<meta property=\"og:site_name\" content=\"SEMINF\" \/>\n<meta property=\"article:published_time\" content=\"2025-07-02T23:58:56+00:00\" \/>\n<meta property=\"article:modified_time\" content=\"2025-07-02T23:58:57+00:00\" \/>\n<meta property=\"og:image\" content=\"https:\/\/www.manaus.am.gov.br\/seminf\/wp-content\/uploads\/sites\/6\/2025\/07\/Prefeitura-de-Manaus-recupera-rede-de-drenagem-e-garante-seguranca-viaria-no-bairro-Sao-Jorge-2.jpg\" \/>\n\t<meta property=\"og:image:width\" content=\"800\" \/>\n\t<meta property=\"og:image:height\" content=\"600\" \/>\n\t<meta property=\"og:image:type\" content=\"image\/jpeg\" \/>\n<meta name=\"author\" content=\"bvalente\" \/>\n<meta name=\"twitter:card\" content=\"summary_large_image\" \/>\n<meta name=\"twitter:label1\" content=\"Written by\" \/>\n\t<meta name=\"twitter:data1\" content=\"bvalente\" \/>\n\t<meta name=\"twitter:label2\" content=\"Est. reading time\" \/>\n\t<meta name=\"twitter:data2\" content=\"2 minutos\" \/>\n<script type=\"application\/ld+json\" class=\"yoast-schema-graph\">{\"@context\":\"https:\/\/schema.org\",\"@graph\":[{\"@type\":\"WebPage\",\"@id\":\"https:\/\/www.manaus.am.gov.br\/seminf\/recuperacao-rede-de-drenagem-7\/\",\"url\":\"https:\/\/www.manaus.am.gov.br\/seminf\/recuperacao-rede-de-drenagem-7\/\",\"name\":\"Prefeitura de Manaus recupera rede de drenagem e garante seguran\u00e7a vi\u00e1ria no bairro S\u00e3o Jorge\",\"isPartOf\":{\"@id\":\"https:\/\/www.manaus.am.gov.br\/seminf\/#website\"},\"primaryImageOfPage\":{\"@id\":\"https:\/\/www.manaus.am.gov.br\/seminf\/recuperacao-rede-de-drenagem-7\/#primaryimage\"},\"image\":{\"@id\":\"https:\/\/www.manaus.am.gov.br\/seminf\/recuperacao-rede-de-drenagem-7\/#primaryimage\"},\"thumbnailUrl\":\"https:\/\/www.manaus.am.gov.br\/seminf\/wp-content\/uploads\/sites\/6\/2025\/07\/Prefeitura-de-Manaus-recupera-rede-de-drenagem-e-garante-seguranca-viaria-no-bairro-Sao-Jorge-2.jpg\",\"datePublished\":\"2025-07-02T23:58:56+00:00\",\"dateModified\":\"2025-07-02T23:58:57+00:00\",\"author\":{\"@id\":\"https:\/\/www.manaus.am.gov.br\/seminf\/#\/schema\/person\/466a0e03ae4b6062809046bd560ac955\"},\"description\":\"A Prefeitura de Manaus, por meio da Secretaria Municipal de Infraestrutura (Seminf), executou, nesta quarta-feira, 2\/7, mais uma frente de obras com foco na recupera\u00e7\u00e3o da rede de drenagem da rua Agostinho Pereira, no bairro S\u00e3o Jorge, zona Oeste da capital.\",\"inLanguage\":\"pt-BR\",\"potentialAction\":[{\"@type\":\"ReadAction\",\"target\":[\"https:\/\/www.manaus.am.gov.br\/seminf\/recuperacao-rede-de-drenagem-7\/\"]}]},{\"@type\":\"ImageObject\",\"inLanguage\":\"pt-BR\",\"@id\":\"https:\/\/www.manaus.am.gov.br\/seminf\/recuperacao-rede-de-drenagem-7\/#primaryimage\",\"url\":\"https:\/\/www.manaus.am.gov.br\/seminf\/wp-content\/uploads\/sites\/6\/2025\/07\/Prefeitura-de-Manaus-recupera-rede-de-drenagem-e-garante-seguranca-viaria-no-bairro-Sao-Jorge-2.jpg\",\"contentUrl\":\"https:\/\/www.manaus.am.gov.br\/seminf\/wp-content\/uploads\/sites\/6\/2025\/07\/Prefeitura-de-Manaus-recupera-rede-de-drenagem-e-garante-seguranca-viaria-no-bairro-Sao-Jorge-2.jpg\",\"width\":800,\"height\":600},{\"@type\":\"WebSite\",\"@id\":\"https:\/\/www.manaus.am.gov.br\/seminf\/#website\",\"url\":\"https:\/\/www.manaus.am.gov.br\/seminf\/\",\"name\":\"Secretaria de Infraestrutura\",\"description\":\"Secretaria Municipal de Infraestrutura\",\"potentialAction\":[{\"@type\":\"SearchAction\",\"target\":{\"@type\":\"EntryPoint\",\"urlTemplate\":\"https:\/\/www.manaus.am.gov.br\/seminf\/?s={search_term_string}\"},\"query-input\":\"required name=search_term_string\"}],\"inLanguage\":\"pt-BR\"},{\"@type\":\"Person\",\"@id\":\"https:\/\/www.manaus.am.gov.br\/seminf\/#\/schema\/person\/466a0e03ae4b6062809046bd560ac955\",\"name\":\"bvalente\",\"image\":{\"@type\":\"ImageObject\",\"inLanguage\":\"pt-BR\",\"@id\":\"https:\/\/www.manaus.am.gov.br\/seminf\/#\/schema\/person\/image\/\",\"url\":\"https:\/\/secure.gravatar.com\/avatar\/3e69bc2b014bdad41adfec3a39de07d2?s=96&d=mm&r=g\",\"contentUrl\":\"https:\/\/secure.gravatar.com\/avatar\/3e69bc2b014bdad41adfec3a39de07d2?s=96&d=mm&r=g\",\"caption\":\"bvalente\"}}]}<\/script>\n<!-- \/ Yoast SEO plugin. -->","yoast_head_json":{"title":"Prefeitura de Manaus recupera rede de drenagem e garante seguran\u00e7a vi\u00e1ria no bairro S\u00e3o Jorge","description":"A Prefeitura de Manaus, por meio da Secretaria Municipal de Infraestrutura (Seminf), executou, nesta quarta-feira, 2\/7, mais uma frente de obras com foco na recupera\u00e7\u00e3o da rede de drenagem da rua Agostinho Pereira, no bairro S\u00e3o Jorge, zona Oeste da capital.","robots":{"index":"index","follow":"follow","max-snippet":"max-snippet:-1","max-image-preview":"max-image-preview:large","max-video-preview":"max-video-preview:-1"},"canonical":"https:\/\/www.manaus.am.gov.br\/seminf\/recuperacao-rede-de-drenagem-7\/","og_locale":"pt_BR","og_type":"article","og_title":"Prefeitura de Manaus recupera rede de drenagem e garante seguran\u00e7a vi\u00e1ria no bairro S\u00e3o Jorge","og_description":"A Prefeitura de Manaus, por meio da Secretaria Municipal de Infraestrutura (Seminf), executou, nesta quarta-feira, 2\/7, mais uma frente de obras com foco na recupera\u00e7\u00e3o da rede de drenagem da rua Agostinho Pereira, no bairro S\u00e3o Jorge, zona Oeste da capital.","og_url":"https:\/\/www.manaus.am.gov.br\/seminf\/recuperacao-rede-de-drenagem-7\/","og_site_name":"SEMINF","article_published_time":"2025-07-02T23:58:56+00:00","article_modified_time":"2025-07-02T23:58:57+00:00","og_image":[{"width":800,"height":600,"url":"https:\/\/www.manaus.am.gov.br\/seminf\/wp-content\/uploads\/sites\/6\/2025\/07\/Prefeitura-de-Manaus-recupera-rede-de-drenagem-e-garante-seguranca-viaria-no-bairro-Sao-Jorge-2.jpg","type":"image\/jpeg"}],"author":"bvalente","twitter_card":"summary_large_image","twitter_misc":{"Written by":"bvalente","Est. reading time":"2 minutos"},"schema":{"@context":"https:\/\/schema.org","@graph":[{"@type":"WebPage","@id":"https:\/\/www.manaus.am.gov.br\/seminf\/recuperacao-rede-de-drenagem-7\/","url":"https:\/\/www.manaus.am.gov.br\/seminf\/recuperacao-rede-de-drenagem-7\/","name":"Prefeitura de Manaus recupera rede de drenagem e garante seguran\u00e7a vi\u00e1ria no bairro S\u00e3o Jorge","isPartOf":{"@id":"https:\/\/www.manaus.am.gov.br\/seminf\/#website"},"primaryImageOfPage":{"@id":"https:\/\/www.manaus.am.gov.br\/seminf\/recuperacao-rede-de-drenagem-7\/#primaryimage"},"image":{"@id":"https:\/\/www.manaus.am.gov.br\/seminf\/recuperacao-rede-de-drenagem-7\/#primaryimage"},"thumbnailUrl":"https:\/\/www.manaus.am.gov.br\/seminf\/wp-content\/uploads\/sites\/6\/2025\/07\/Prefeitura-de-Manaus-recupera-rede-de-drenagem-e-garante-seguranca-viaria-no-bairro-Sao-Jorge-2.jpg","datePublished":"2025-07-02T23:58:56+00:00","dateModified":"2025-07-02T23:58:57+00:00","author":{"@id":"https:\/\/www.manaus.am.gov.br\/seminf\/#\/schema\/person\/466a0e03ae4b6062809046bd560ac955"},"description":"A Prefeitura de Manaus, por meio da Secretaria Municipal de Infraestrutura (Seminf), executou, nesta quarta-feira, 2\/7, mais uma frente de obras com foco na recupera\u00e7\u00e3o da rede de drenagem da rua Agostinho Pereira, no bairro S\u00e3o Jorge, zona Oeste da capital.","inLanguage":"pt-BR","potentialAction":[{"@type":"ReadAction","target":["https:\/\/www.manaus.am.gov.br\/seminf\/recuperacao-rede-de-drenagem-7\/"]}]},{"@type":"ImageObject","inLanguage":"pt-BR","@id":"https:\/\/www.manaus.am.gov.br\/seminf\/recuperacao-rede-de-drenagem-7\/#primaryimage","url":"https:\/\/www.manaus.am.gov.br\/seminf\/wp-content\/uploads\/sites\/6\/2025\/07\/Prefeitura-de-Manaus-recupera-rede-de-drenagem-e-garante-seguranca-viaria-no-bairro-Sao-Jorge-2.jpg","contentUrl":"https:\/\/www.manaus.am.gov.br\/seminf\/wp-content\/uploads\/sites\/6\/2025\/07\/Prefeitura-de-Manaus-recupera-rede-de-drenagem-e-garante-seguranca-viaria-no-bairro-Sao-Jorge-2.jpg","width":800,"height":600},{"@type":"WebSite","@id":"https:\/\/www.manaus.am.gov.br\/seminf\/#website","url":"https:\/\/www.manaus.am.gov.br\/seminf\/","name":"Secretaria de Infraestrutura","description":"Secretaria Municipal de Infraestrutura","potentialAction":[{"@type":"SearchAction","target":{"@type":"EntryPoint","urlTemplate":"https:\/\/www.manaus.am.gov.br\/seminf\/?s={search_term_string}"},"query-input":"required name=search_term_string"}],"inLanguage":"pt-BR"},{"@type":"Person","@id":"https:\/\/www.manaus.am.gov.br\/seminf\/#\/schema\/person\/466a0e03ae4b6062809046bd560ac955","name":"bvalente","image":{"@type":"ImageObject","inLanguage":"pt-BR","@id":"https:\/\/www.manaus.am.gov.br\/seminf\/#\/schema\/person\/image\/","url":"https:\/\/secure.gravatar.com\/avatar\/3e69bc2b014bdad41adfec3a39de07d2?s=96&d=mm&r=g","contentUrl":"https:\/\/secure.gravatar.com\/avatar\/3e69bc2b014bdad41adfec3a39de07d2?s=96&d=mm&r=g","caption":"bvalente"}}]}},"_links":{"self":[{"href":"https:\/\/www.manaus.am.gov.br\/seminf\/wp-json\/wp\/v2\/posts\/5904"}],"collection":[{"href":"https:\/\/www.manaus.am.gov.br\/seminf\/wp-json\/wp\/v2\/posts"}],"about":[{"href":"https:\/\/www.manaus.am.gov.br\/seminf\/wp-json\/wp\/v2\/types\/post"}],"author":[{"embeddable":true,"href":"https:\/\/www.manaus.am.gov.br\/seminf\/wp-json\/wp\/v2\/users\/68"}],"replies":[{"embeddable":true,"href":"https:\/\/www.manaus.am.gov.br\/seminf\/wp-json\/wp\/v2\/comments?post=5904"}],"version-history":[{"count":0,"href":"https:\/\/www.manaus.am.gov.br\/seminf\/wp-json\/wp\/v2\/posts\/5904\/revisions"}],"wp:featuredmedia":[{"embeddable":true,"href":"https:\/\/www.manaus.am.gov.br\/seminf\/wp-json\/wp\/v2\/media\/5905"}],"wp:attachment":[{"href":"https:\/\/www.manaus.am.gov.br\/seminf\/wp-json\/wp\/v2\/media?parent=5904"}],"wp:term":[{"taxonomy":"category","embeddable":true,"href":"https:\/\/www.manaus.am.gov.br\/seminf\/wp-json\/wp\/v2\/categories?post=5904"},{"taxonomy":"post_tag","embeddable":true,"href":"https:\/\/www.manaus.am.gov.br\/seminf\/wp-json\/wp\/v2\/tags?post=5904"}],"curies":[{"name":"wp","href":"https:\/\/api.w.org\/{rel}","templated":true}]}}