{"id":5900,"date":"2025-07-02T19:38:36","date_gmt":"2025-07-02T23:38:36","guid":{"rendered":"https:\/\/www.manaus.am.gov.br\/seminf\/manutencao-de-drenagem-no-bairro-aleixo\/"},"modified":"2025-07-02T19:38:38","modified_gmt":"2025-07-02T23:38:38","slug":"manutencao-de-drenagem-no-bairro-aleixo","status":"publish","type":"post","link":"https:\/\/www.manaus.am.gov.br\/seminf\/manutencao-de-drenagem-no-bairro-aleixo\/","title":{"rendered":"Prefeitura de Manaus realiza manuten\u00e7\u00e3o em 100 metros de drenagem no bairro Aleixo"},"content":{"rendered":"\n<p><strong><br><\/strong>A Prefeitura de Manaus, por meio da Secretaria Municipal de Infraestrutura (Seminf), iniciou, nesta quarta-feira, 2\/7, os trabalhos de manuten\u00e7\u00e3o em um trecho de 100 metros da rede de drenagem da rua Oriental, no bairro Aleixo, zona Centro-Sul da capital. A a\u00e7\u00e3o tem como objetivo melhorar o escoamento das \u00e1guas das chuvas e garantir mais seguran\u00e7a aos moradores da regi\u00e3o.<br><br>As equipes atuam na substitui\u00e7\u00e3o da tubula\u00e7\u00e3o antiga, comprometida pelo intenso fluxo de \u00e1guas pluviais associada \u00e0 quantidade excessiva de lixo encontrada na parte interna da galeria. Dez servidores participam da opera\u00e7\u00e3o, que conta com o apoio de retroescavadeira para facilitar a remo\u00e7\u00e3o dos tubos danificados e a instala\u00e7\u00e3o das novas estruturas.<\/p>\n\n\n\n<p><br>\u201cO prefeito David Almeida nos orienta a manter um trabalho cont\u00ednuo de preven\u00e7\u00e3o. A manuten\u00e7\u00e3o das redes de drenagem tem sido uma das nossas prioridades para evitar alagamentos e preservar a seguran\u00e7a da popula\u00e7\u00e3o\u201d, afirmou o vice-prefeito e secret\u00e1rio de Obras, Renato Junior.<br><br>Os novos tubos, feitos de concreto armado, material refor\u00e7ado com ferro, garantem maior durabilidade e resist\u00eancia. Ap\u00f3s a substitui\u00e7\u00e3o da tubula\u00e7\u00e3o, a pr\u00f3xima etapa ser\u00e1 a constru\u00e7\u00e3o de cinco caixas coletoras, que v\u00e3o potencializar ainda mais o escoamento da \u00e1gua na via.<br><br>Moradora da \u00e1rea, a doceira Ivanice Menezes, de 31 anos, celebrou a iniciativa. \u201cEra bem complicado aqui, com mau cheiro e risco por causa das crateras. Agora, com esse trabalho da prefeitura, tudo vai melhorar\u201d, comentou.<br><br>A obra refor\u00e7a o compromisso da gest\u00e3o municipal com a infraestrutura urbana e com a resposta r\u00e1pida \u00e0s necessidades das comunidades.<br><br><strong>\u2014 \u2014 \u2014 <br>Texto &#8211; <\/strong>Eduarda Lira \/ Seminf<strong><br>Fotos &#8211; <\/strong>Marcio Melo \/ Seminf<\/p>\n","protected":false},"excerpt":{"rendered":"","protected":false},"author":68,"featured_media":5901,"comment_status":"closed","ping_status":"closed","sticky":false,"template":"","format":"standard","meta":{"footnotes":""},"categories":[8],"tags":[43,2219,26],"acf":[],"yoast_head":"<!-- This site is optimized with the Yoast SEO plugin v23.0 - https:\/\/yoast.com\/wordpress\/plugins\/seo\/ -->\n<title>Prefeitura de Manaus realiza manuten\u00e7\u00e3o em 100 metros de drenagem no bairro Aleixo<\/title>\n<meta name=\"description\" content=\"A Prefeitura de Manaus, por meio da Secretaria Municipal de Infraestrutura (Seminf), iniciou, nesta quarta-feira, 2\/7, os trabalhos de manuten\u00e7\u00e3o em um trecho de 100 metros da rede de drenagem da rua Oriental, no bairro Aleixo, zona Centro-Sul da capital.\" \/>\n<meta name=\"robots\" content=\"index, follow, max-snippet:-1, max-image-preview:large, max-video-preview:-1\" \/>\n<link rel=\"canonical\" href=\"https:\/\/www.manaus.am.gov.br\/seminf\/manutencao-de-drenagem-no-bairro-aleixo\/\" \/>\n<meta property=\"og:locale\" content=\"pt_BR\" \/>\n<meta property=\"og:type\" content=\"article\" \/>\n<meta property=\"og:title\" content=\"Prefeitura de Manaus realiza manuten\u00e7\u00e3o em 100 metros de drenagem no bairro Aleixo\" \/>\n<meta property=\"og:description\" content=\"A Prefeitura de Manaus, por meio da Secretaria Municipal de Infraestrutura (Seminf), iniciou, nesta quarta-feira, 2\/7, os trabalhos de manuten\u00e7\u00e3o em um trecho de 100 metros da rede de drenagem da rua Oriental, no bairro Aleixo, zona Centro-Sul da capital.\" \/>\n<meta property=\"og:url\" content=\"https:\/\/www.manaus.am.gov.br\/seminf\/manutencao-de-drenagem-no-bairro-aleixo\/\" \/>\n<meta property=\"og:site_name\" content=\"SEMINF\" \/>\n<meta property=\"article:published_time\" content=\"2025-07-02T23:38:36+00:00\" \/>\n<meta property=\"article:modified_time\" content=\"2025-07-02T23:38:38+00:00\" \/>\n<meta property=\"og:image\" content=\"https:\/\/www.manaus.am.gov.br\/seminf\/wp-content\/uploads\/sites\/6\/2025\/07\/736A1226-1024x683.jpg\" \/>\n\t<meta property=\"og:image:width\" content=\"1024\" \/>\n\t<meta property=\"og:image:height\" content=\"683\" \/>\n\t<meta property=\"og:image:type\" content=\"image\/jpeg\" \/>\n<meta name=\"author\" content=\"bvalente\" \/>\n<meta name=\"twitter:card\" content=\"summary_large_image\" \/>\n<meta name=\"twitter:label1\" content=\"Written by\" \/>\n\t<meta name=\"twitter:data1\" content=\"bvalente\" \/>\n\t<meta name=\"twitter:label2\" content=\"Est. reading time\" \/>\n\t<meta name=\"twitter:data2\" content=\"2 minutos\" \/>\n<script type=\"application\/ld+json\" class=\"yoast-schema-graph\">{\"@context\":\"https:\/\/schema.org\",\"@graph\":[{\"@type\":\"WebPage\",\"@id\":\"https:\/\/www.manaus.am.gov.br\/seminf\/manutencao-de-drenagem-no-bairro-aleixo\/\",\"url\":\"https:\/\/www.manaus.am.gov.br\/seminf\/manutencao-de-drenagem-no-bairro-aleixo\/\",\"name\":\"Prefeitura de Manaus realiza manuten\u00e7\u00e3o em 100 metros de drenagem no bairro Aleixo\",\"isPartOf\":{\"@id\":\"https:\/\/www.manaus.am.gov.br\/seminf\/#website\"},\"primaryImageOfPage\":{\"@id\":\"https:\/\/www.manaus.am.gov.br\/seminf\/manutencao-de-drenagem-no-bairro-aleixo\/#primaryimage\"},\"image\":{\"@id\":\"https:\/\/www.manaus.am.gov.br\/seminf\/manutencao-de-drenagem-no-bairro-aleixo\/#primaryimage\"},\"thumbnailUrl\":\"https:\/\/www.manaus.am.gov.br\/seminf\/wp-content\/uploads\/sites\/6\/2025\/07\/736A1226.jpg\",\"datePublished\":\"2025-07-02T23:38:36+00:00\",\"dateModified\":\"2025-07-02T23:38:38+00:00\",\"author\":{\"@id\":\"https:\/\/www.manaus.am.gov.br\/seminf\/#\/schema\/person\/466a0e03ae4b6062809046bd560ac955\"},\"description\":\"A Prefeitura de Manaus, por meio da Secretaria Municipal de Infraestrutura (Seminf), iniciou, nesta quarta-feira, 2\/7, os trabalhos de manuten\u00e7\u00e3o em um trecho de 100 metros da rede de drenagem da rua Oriental, no bairro Aleixo, zona Centro-Sul da capital.\",\"inLanguage\":\"pt-BR\",\"potentialAction\":[{\"@type\":\"ReadAction\",\"target\":[\"https:\/\/www.manaus.am.gov.br\/seminf\/manutencao-de-drenagem-no-bairro-aleixo\/\"]}]},{\"@type\":\"ImageObject\",\"inLanguage\":\"pt-BR\",\"@id\":\"https:\/\/www.manaus.am.gov.br\/seminf\/manutencao-de-drenagem-no-bairro-aleixo\/#primaryimage\",\"url\":\"https:\/\/www.manaus.am.gov.br\/seminf\/wp-content\/uploads\/sites\/6\/2025\/07\/736A1226.jpg\",\"contentUrl\":\"https:\/\/www.manaus.am.gov.br\/seminf\/wp-content\/uploads\/sites\/6\/2025\/07\/736A1226.jpg\",\"width\":4464,\"height\":2976},{\"@type\":\"WebSite\",\"@id\":\"https:\/\/www.manaus.am.gov.br\/seminf\/#website\",\"url\":\"https:\/\/www.manaus.am.gov.br\/seminf\/\",\"name\":\"Secretaria de Infraestrutura\",\"description\":\"Secretaria Municipal de Infraestrutura\",\"potentialAction\":[{\"@type\":\"SearchAction\",\"target\":{\"@type\":\"EntryPoint\",\"urlTemplate\":\"https:\/\/www.manaus.am.gov.br\/seminf\/?s={search_term_string}\"},\"query-input\":\"required name=search_term_string\"}],\"inLanguage\":\"pt-BR\"},{\"@type\":\"Person\",\"@id\":\"https:\/\/www.manaus.am.gov.br\/seminf\/#\/schema\/person\/466a0e03ae4b6062809046bd560ac955\",\"name\":\"bvalente\",\"image\":{\"@type\":\"ImageObject\",\"inLanguage\":\"pt-BR\",\"@id\":\"https:\/\/www.manaus.am.gov.br\/seminf\/#\/schema\/person\/image\/\",\"url\":\"https:\/\/secure.gravatar.com\/avatar\/3e69bc2b014bdad41adfec3a39de07d2?s=96&d=mm&r=g\",\"contentUrl\":\"https:\/\/secure.gravatar.com\/avatar\/3e69bc2b014bdad41adfec3a39de07d2?s=96&d=mm&r=g\",\"caption\":\"bvalente\"}}]}<\/script>\n<!-- \/ Yoast SEO plugin. -->","yoast_head_json":{"title":"Prefeitura de Manaus realiza manuten\u00e7\u00e3o em 100 metros de drenagem no bairro Aleixo","description":"A Prefeitura de Manaus, por meio da Secretaria Municipal de Infraestrutura (Seminf), iniciou, nesta quarta-feira, 2\/7, os trabalhos de manuten\u00e7\u00e3o em um trecho de 100 metros da rede de drenagem da rua Oriental, no bairro Aleixo, zona Centro-Sul da capital.","robots":{"index":"index","follow":"follow","max-snippet":"max-snippet:-1","max-image-preview":"max-image-preview:large","max-video-preview":"max-video-preview:-1"},"canonical":"https:\/\/www.manaus.am.gov.br\/seminf\/manutencao-de-drenagem-no-bairro-aleixo\/","og_locale":"pt_BR","og_type":"article","og_title":"Prefeitura de Manaus realiza manuten\u00e7\u00e3o em 100 metros de drenagem no bairro Aleixo","og_description":"A Prefeitura de Manaus, por meio da Secretaria Municipal de Infraestrutura (Seminf), iniciou, nesta quarta-feira, 2\/7, os trabalhos de manuten\u00e7\u00e3o em um trecho de 100 metros da rede de drenagem da rua Oriental, no bairro Aleixo, zona Centro-Sul da capital.","og_url":"https:\/\/www.manaus.am.gov.br\/seminf\/manutencao-de-drenagem-no-bairro-aleixo\/","og_site_name":"SEMINF","article_published_time":"2025-07-02T23:38:36+00:00","article_modified_time":"2025-07-02T23:38:38+00:00","og_image":[{"width":1024,"height":683,"url":"https:\/\/www.manaus.am.gov.br\/seminf\/wp-content\/uploads\/sites\/6\/2025\/07\/736A1226-1024x683.jpg","type":"image\/jpeg"}],"author":"bvalente","twitter_card":"summary_large_image","twitter_misc":{"Written by":"bvalente","Est. reading time":"2 minutos"},"schema":{"@context":"https:\/\/schema.org","@graph":[{"@type":"WebPage","@id":"https:\/\/www.manaus.am.gov.br\/seminf\/manutencao-de-drenagem-no-bairro-aleixo\/","url":"https:\/\/www.manaus.am.gov.br\/seminf\/manutencao-de-drenagem-no-bairro-aleixo\/","name":"Prefeitura de Manaus realiza manuten\u00e7\u00e3o em 100 metros de drenagem no bairro Aleixo","isPartOf":{"@id":"https:\/\/www.manaus.am.gov.br\/seminf\/#website"},"primaryImageOfPage":{"@id":"https:\/\/www.manaus.am.gov.br\/seminf\/manutencao-de-drenagem-no-bairro-aleixo\/#primaryimage"},"image":{"@id":"https:\/\/www.manaus.am.gov.br\/seminf\/manutencao-de-drenagem-no-bairro-aleixo\/#primaryimage"},"thumbnailUrl":"https:\/\/www.manaus.am.gov.br\/seminf\/wp-content\/uploads\/sites\/6\/2025\/07\/736A1226.jpg","datePublished":"2025-07-02T23:38:36+00:00","dateModified":"2025-07-02T23:38:38+00:00","author":{"@id":"https:\/\/www.manaus.am.gov.br\/seminf\/#\/schema\/person\/466a0e03ae4b6062809046bd560ac955"},"description":"A Prefeitura de Manaus, por meio da Secretaria Municipal de Infraestrutura (Seminf), iniciou, nesta quarta-feira, 2\/7, os trabalhos de manuten\u00e7\u00e3o em um trecho de 100 metros da rede de drenagem da rua Oriental, no bairro Aleixo, zona Centro-Sul da capital.","inLanguage":"pt-BR","potentialAction":[{"@type":"ReadAction","target":["https:\/\/www.manaus.am.gov.br\/seminf\/manutencao-de-drenagem-no-bairro-aleixo\/"]}]},{"@type":"ImageObject","inLanguage":"pt-BR","@id":"https:\/\/www.manaus.am.gov.br\/seminf\/manutencao-de-drenagem-no-bairro-aleixo\/#primaryimage","url":"https:\/\/www.manaus.am.gov.br\/seminf\/wp-content\/uploads\/sites\/6\/2025\/07\/736A1226.jpg","contentUrl":"https:\/\/www.manaus.am.gov.br\/seminf\/wp-content\/uploads\/sites\/6\/2025\/07\/736A1226.jpg","width":4464,"height":2976},{"@type":"WebSite","@id":"https:\/\/www.manaus.am.gov.br\/seminf\/#website","url":"https:\/\/www.manaus.am.gov.br\/seminf\/","name":"Secretaria de Infraestrutura","description":"Secretaria Municipal de Infraestrutura","potentialAction":[{"@type":"SearchAction","target":{"@type":"EntryPoint","urlTemplate":"https:\/\/www.manaus.am.gov.br\/seminf\/?s={search_term_string}"},"query-input":"required name=search_term_string"}],"inLanguage":"pt-BR"},{"@type":"Person","@id":"https:\/\/www.manaus.am.gov.br\/seminf\/#\/schema\/person\/466a0e03ae4b6062809046bd560ac955","name":"bvalente","image":{"@type":"ImageObject","inLanguage":"pt-BR","@id":"https:\/\/www.manaus.am.gov.br\/seminf\/#\/schema\/person\/image\/","url":"https:\/\/secure.gravatar.com\/avatar\/3e69bc2b014bdad41adfec3a39de07d2?s=96&d=mm&r=g","contentUrl":"https:\/\/secure.gravatar.com\/avatar\/3e69bc2b014bdad41adfec3a39de07d2?s=96&d=mm&r=g","caption":"bvalente"}}]}},"_links":{"self":[{"href":"https:\/\/www.manaus.am.gov.br\/seminf\/wp-json\/wp\/v2\/posts\/5900"}],"collection":[{"href":"https:\/\/www.manaus.am.gov.br\/seminf\/wp-json\/wp\/v2\/posts"}],"about":[{"href":"https:\/\/www.manaus.am.gov.br\/seminf\/wp-json\/wp\/v2\/types\/post"}],"author":[{"embeddable":true,"href":"https:\/\/www.manaus.am.gov.br\/seminf\/wp-json\/wp\/v2\/users\/68"}],"replies":[{"embeddable":true,"href":"https:\/\/www.manaus.am.gov.br\/seminf\/wp-json\/wp\/v2\/comments?post=5900"}],"version-history":[{"count":0,"href":"https:\/\/www.manaus.am.gov.br\/seminf\/wp-json\/wp\/v2\/posts\/5900\/revisions"}],"wp:featuredmedia":[{"embeddable":true,"href":"https:\/\/www.manaus.am.gov.br\/seminf\/wp-json\/wp\/v2\/media\/5901"}],"wp:attachment":[{"href":"https:\/\/www.manaus.am.gov.br\/seminf\/wp-json\/wp\/v2\/media?parent=5900"}],"wp:term":[{"taxonomy":"category","embeddable":true,"href":"https:\/\/www.manaus.am.gov.br\/seminf\/wp-json\/wp\/v2\/categories?post=5900"},{"taxonomy":"post_tag","embeddable":true,"href":"https:\/\/www.manaus.am.gov.br\/seminf\/wp-json\/wp\/v2\/tags?post=5900"}],"curies":[{"name":"wp","href":"https:\/\/api.w.org\/{rel}","templated":true}]}}