{"id":5862,"date":"2025-07-01T17:20:09","date_gmt":"2025-07-01T21:20:09","guid":{"rendered":"https:\/\/www.manaus.am.gov.br\/seminf\/recuperacao-asfaltica-bairro-sao-lazaro\/"},"modified":"2025-07-01T17:20:09","modified_gmt":"2025-07-01T21:20:09","slug":"recuperacao-asfaltica-bairro-sao-lazaro","status":"publish","type":"post","link":"https:\/\/www.manaus.am.gov.br\/seminf\/recuperacao-asfaltica-bairro-sao-lazaro\/","title":{"rendered":"Prefeitura avan\u00e7a na recupera\u00e7\u00e3o asf\u00e1ltica no bairro S\u00e3o L\u00e1zaro"},"content":{"rendered":"\n<p>A Prefeitura de Manaus intensificou, nesta ter\u00e7a-feira, 1\u00ba\/7, mais uma etapa da recupera\u00e7\u00e3o asf\u00e1ltica em um dos trechos da avenida Rodrigo Ot\u00e1vio, no bairro S\u00e3o L\u00e1zaro, zona Sul da capital. A a\u00e7\u00e3o integra o programa de requalifica\u00e7\u00e3o vi\u00e1ria executado pela Secretaria Municipal de Infraestrutura (Seminf), que atua em pontos estrat\u00e9gicos da cidade.<\/p>\n\n\n\n<p>Segundo o vice-prefeito e secret\u00e1rio de Obras, Renato Junior, a Rodrigo Ot\u00e1vio \u00e9 uma das vias mais importantes da zona Sul, com grande fluxo di\u00e1rio e acesso direto a escolas, unidades de sa\u00fade e centros comerciais.<\/p>\n\n\n\n<p>\u201cEstamos atuando com agilidade e compromisso, garantindo mais conforto e seguran\u00e7a para quem circula por aqui. Essa \u00e9 a orienta\u00e7\u00e3o do prefeito David Almeida, atender com qualidade \u00e0s necessidades da popula\u00e7\u00e3o\u201d, afirmou o gestor.<\/p>\n\n\n\n<p>A interven\u00e7\u00e3o segue todas as etapas t\u00e9cnicas, com aplica\u00e7\u00e3o de imprima\u00e7\u00e3o, pavimenta\u00e7\u00e3o com massa asf\u00e1ltica e acabamento com rolo compactador. O objetivo \u00e9 garantir durabilidade ao servi\u00e7o e melhorar a trafegabilidade, tanto para motoristas quanto para pedestres.<\/p>\n\n\n\n<p>As a\u00e7\u00f5es seguem um cronograma estrat\u00e9gico, priorizando \u00e1reas com maior desgaste e fluxo de ve\u00edculos, promovendo melhorias reais na mobilidade urbana e qualidade de vida da popula\u00e7\u00e3o.<\/p>\n\n\n\n<figure class=\"wp-block-image size-large\"><img loading=\"lazy\" decoding=\"async\" width=\"1024\" height=\"768\" src=\"https:\/\/www.manaus.am.gov.br\/seminf\/wp-content\/uploads\/sites\/6\/2025\/07\/Acao-1-1024x768.jpeg\" alt=\"\" class=\"wp-image-5863\" srcset=\"https:\/\/www.manaus.am.gov.br\/seminf\/wp-content\/uploads\/sites\/6\/2025\/07\/Acao-1-1024x768.jpeg 1024w, https:\/\/www.manaus.am.gov.br\/seminf\/wp-content\/uploads\/sites\/6\/2025\/07\/Acao-1-300x225.jpeg 300w, https:\/\/www.manaus.am.gov.br\/seminf\/wp-content\/uploads\/sites\/6\/2025\/07\/Acao-1-768x576.jpeg 768w, https:\/\/www.manaus.am.gov.br\/seminf\/wp-content\/uploads\/sites\/6\/2025\/07\/Acao-1-1536x1152.jpeg 1536w, https:\/\/www.manaus.am.gov.br\/seminf\/wp-content\/uploads\/sites\/6\/2025\/07\/Acao-1.jpeg 1600w\" sizes=\"(max-width: 1024px) 100vw, 1024px\" \/><\/figure>\n\n\n\n<p>&#8212; &#8212; &#8212;<\/p>\n\n\n\n<p><strong>Texto &#8211;<\/strong> Maria Amed\/Seminf<\/p>\n\n\n\n<p><strong>Fotos &#8211; <\/strong>Alessandro Ara\u00fajo\/Seminf<\/p>\n","protected":false},"excerpt":{"rendered":"","protected":false},"author":39,"featured_media":5864,"comment_status":"closed","ping_status":"closed","sticky":false,"template":"","format":"standard","meta":{"footnotes":""},"categories":[12],"tags":[611,43,70,26],"acf":[],"yoast_head":"<!-- This site is optimized with the Yoast SEO plugin v23.0 - https:\/\/yoast.com\/wordpress\/plugins\/seo\/ -->\n<title>Prefeitura avan\u00e7a na recupera\u00e7\u00e3o asf\u00e1ltica no bairro S\u00e3o L\u00e1zaro<\/title>\n<meta name=\"description\" content=\"Prefeitura de Manaus intensificou mais uma etapa da recupera\u00e7\u00e3o asf\u00e1ltica em um dos trechos da avenida Rodrigo Ot\u00e1vio, no bairro S\u00e3o L\u00e1zaro.\" \/>\n<meta name=\"robots\" content=\"index, follow, max-snippet:-1, max-image-preview:large, max-video-preview:-1\" \/>\n<link rel=\"canonical\" href=\"https:\/\/www.manaus.am.gov.br\/seminf\/recuperacao-asfaltica-bairro-sao-lazaro\/\" \/>\n<meta property=\"og:locale\" content=\"pt_BR\" \/>\n<meta property=\"og:type\" content=\"article\" \/>\n<meta property=\"og:title\" content=\"Prefeitura avan\u00e7a na recupera\u00e7\u00e3o asf\u00e1ltica no bairro S\u00e3o L\u00e1zaro\" \/>\n<meta property=\"og:description\" content=\"Prefeitura de Manaus intensificou mais uma etapa da recupera\u00e7\u00e3o asf\u00e1ltica em um dos trechos da avenida Rodrigo Ot\u00e1vio, no bairro S\u00e3o L\u00e1zaro.\" \/>\n<meta property=\"og:url\" content=\"https:\/\/www.manaus.am.gov.br\/seminf\/recuperacao-asfaltica-bairro-sao-lazaro\/\" \/>\n<meta property=\"og:site_name\" content=\"SEMINF\" \/>\n<meta property=\"article:published_time\" content=\"2025-07-01T21:20:09+00:00\" \/>\n<meta property=\"og:image\" content=\"https:\/\/www.manaus.am.gov.br\/seminf\/wp-content\/uploads\/sites\/6\/2025\/07\/Acao-2.jpeg\" \/>\n\t<meta property=\"og:image:width\" content=\"1600\" \/>\n\t<meta property=\"og:image:height\" content=\"1200\" \/>\n\t<meta property=\"og:image:type\" content=\"image\/jpeg\" \/>\n<meta name=\"author\" content=\"Bruna Greco\" \/>\n<meta name=\"twitter:card\" content=\"summary_large_image\" \/>\n<meta name=\"twitter:label1\" content=\"Written by\" \/>\n\t<meta name=\"twitter:data1\" content=\"Bruna Greco\" \/>\n\t<meta name=\"twitter:label2\" content=\"Est. reading time\" \/>\n\t<meta name=\"twitter:data2\" content=\"2 minutos\" \/>\n<script type=\"application\/ld+json\" class=\"yoast-schema-graph\">{\"@context\":\"https:\/\/schema.org\",\"@graph\":[{\"@type\":\"WebPage\",\"@id\":\"https:\/\/www.manaus.am.gov.br\/seminf\/recuperacao-asfaltica-bairro-sao-lazaro\/\",\"url\":\"https:\/\/www.manaus.am.gov.br\/seminf\/recuperacao-asfaltica-bairro-sao-lazaro\/\",\"name\":\"Prefeitura avan\u00e7a na recupera\u00e7\u00e3o asf\u00e1ltica no bairro S\u00e3o L\u00e1zaro\",\"isPartOf\":{\"@id\":\"https:\/\/www.manaus.am.gov.br\/seminf\/#website\"},\"primaryImageOfPage\":{\"@id\":\"https:\/\/www.manaus.am.gov.br\/seminf\/recuperacao-asfaltica-bairro-sao-lazaro\/#primaryimage\"},\"image\":{\"@id\":\"https:\/\/www.manaus.am.gov.br\/seminf\/recuperacao-asfaltica-bairro-sao-lazaro\/#primaryimage\"},\"thumbnailUrl\":\"https:\/\/www.manaus.am.gov.br\/seminf\/wp-content\/uploads\/sites\/6\/2025\/07\/Acao-2.jpeg\",\"datePublished\":\"2025-07-01T21:20:09+00:00\",\"dateModified\":\"2025-07-01T21:20:09+00:00\",\"author\":{\"@id\":\"https:\/\/www.manaus.am.gov.br\/seminf\/#\/schema\/person\/05d223aea2bf115f9883a6ff3683d81b\"},\"description\":\"Prefeitura de Manaus intensificou mais uma etapa da recupera\u00e7\u00e3o asf\u00e1ltica em um dos trechos da avenida Rodrigo Ot\u00e1vio, no bairro S\u00e3o L\u00e1zaro.\",\"inLanguage\":\"pt-BR\",\"potentialAction\":[{\"@type\":\"ReadAction\",\"target\":[\"https:\/\/www.manaus.am.gov.br\/seminf\/recuperacao-asfaltica-bairro-sao-lazaro\/\"]}]},{\"@type\":\"ImageObject\",\"inLanguage\":\"pt-BR\",\"@id\":\"https:\/\/www.manaus.am.gov.br\/seminf\/recuperacao-asfaltica-bairro-sao-lazaro\/#primaryimage\",\"url\":\"https:\/\/www.manaus.am.gov.br\/seminf\/wp-content\/uploads\/sites\/6\/2025\/07\/Acao-2.jpeg\",\"contentUrl\":\"https:\/\/www.manaus.am.gov.br\/seminf\/wp-content\/uploads\/sites\/6\/2025\/07\/Acao-2.jpeg\",\"width\":1600,\"height\":1200,\"caption\":\"#paratodosverem - Equipe da Seminf executando a recupera\u00e7\u00e3o asf\u00e1ltica em trecho da avenida Rodrigo Ot\u00e1vio, no bairro S\u00e3o L\u00e1zaro\"},{\"@type\":\"WebSite\",\"@id\":\"https:\/\/www.manaus.am.gov.br\/seminf\/#website\",\"url\":\"https:\/\/www.manaus.am.gov.br\/seminf\/\",\"name\":\"Secretaria de Infraestrutura\",\"description\":\"Secretaria Municipal de Infraestrutura\",\"potentialAction\":[{\"@type\":\"SearchAction\",\"target\":{\"@type\":\"EntryPoint\",\"urlTemplate\":\"https:\/\/www.manaus.am.gov.br\/seminf\/?s={search_term_string}\"},\"query-input\":\"required name=search_term_string\"}],\"inLanguage\":\"pt-BR\"},{\"@type\":\"Person\",\"@id\":\"https:\/\/www.manaus.am.gov.br\/seminf\/#\/schema\/person\/05d223aea2bf115f9883a6ff3683d81b\",\"name\":\"Bruna Greco\",\"image\":{\"@type\":\"ImageObject\",\"inLanguage\":\"pt-BR\",\"@id\":\"https:\/\/www.manaus.am.gov.br\/seminf\/#\/schema\/person\/image\/\",\"url\":\"https:\/\/secure.gravatar.com\/avatar\/9c877d1a6adc2a055330e5c09a8653ce?s=96&d=mm&r=g\",\"contentUrl\":\"https:\/\/secure.gravatar.com\/avatar\/9c877d1a6adc2a055330e5c09a8653ce?s=96&d=mm&r=g\",\"caption\":\"Bruna Greco\"}}]}<\/script>\n<!-- \/ Yoast SEO plugin. -->","yoast_head_json":{"title":"Prefeitura avan\u00e7a na recupera\u00e7\u00e3o asf\u00e1ltica no bairro S\u00e3o L\u00e1zaro","description":"Prefeitura de Manaus intensificou mais uma etapa da recupera\u00e7\u00e3o asf\u00e1ltica em um dos trechos da avenida Rodrigo Ot\u00e1vio, no bairro S\u00e3o L\u00e1zaro.","robots":{"index":"index","follow":"follow","max-snippet":"max-snippet:-1","max-image-preview":"max-image-preview:large","max-video-preview":"max-video-preview:-1"},"canonical":"https:\/\/www.manaus.am.gov.br\/seminf\/recuperacao-asfaltica-bairro-sao-lazaro\/","og_locale":"pt_BR","og_type":"article","og_title":"Prefeitura avan\u00e7a na recupera\u00e7\u00e3o asf\u00e1ltica no bairro S\u00e3o L\u00e1zaro","og_description":"Prefeitura de Manaus intensificou mais uma etapa da recupera\u00e7\u00e3o asf\u00e1ltica em um dos trechos da avenida Rodrigo Ot\u00e1vio, no bairro S\u00e3o L\u00e1zaro.","og_url":"https:\/\/www.manaus.am.gov.br\/seminf\/recuperacao-asfaltica-bairro-sao-lazaro\/","og_site_name":"SEMINF","article_published_time":"2025-07-01T21:20:09+00:00","og_image":[{"width":1600,"height":1200,"url":"https:\/\/www.manaus.am.gov.br\/seminf\/wp-content\/uploads\/sites\/6\/2025\/07\/Acao-2.jpeg","type":"image\/jpeg"}],"author":"Bruna Greco","twitter_card":"summary_large_image","twitter_misc":{"Written by":"Bruna Greco","Est. reading time":"2 minutos"},"schema":{"@context":"https:\/\/schema.org","@graph":[{"@type":"WebPage","@id":"https:\/\/www.manaus.am.gov.br\/seminf\/recuperacao-asfaltica-bairro-sao-lazaro\/","url":"https:\/\/www.manaus.am.gov.br\/seminf\/recuperacao-asfaltica-bairro-sao-lazaro\/","name":"Prefeitura avan\u00e7a na recupera\u00e7\u00e3o asf\u00e1ltica no bairro S\u00e3o L\u00e1zaro","isPartOf":{"@id":"https:\/\/www.manaus.am.gov.br\/seminf\/#website"},"primaryImageOfPage":{"@id":"https:\/\/www.manaus.am.gov.br\/seminf\/recuperacao-asfaltica-bairro-sao-lazaro\/#primaryimage"},"image":{"@id":"https:\/\/www.manaus.am.gov.br\/seminf\/recuperacao-asfaltica-bairro-sao-lazaro\/#primaryimage"},"thumbnailUrl":"https:\/\/www.manaus.am.gov.br\/seminf\/wp-content\/uploads\/sites\/6\/2025\/07\/Acao-2.jpeg","datePublished":"2025-07-01T21:20:09+00:00","dateModified":"2025-07-01T21:20:09+00:00","author":{"@id":"https:\/\/www.manaus.am.gov.br\/seminf\/#\/schema\/person\/05d223aea2bf115f9883a6ff3683d81b"},"description":"Prefeitura de Manaus intensificou mais uma etapa da recupera\u00e7\u00e3o asf\u00e1ltica em um dos trechos da avenida Rodrigo Ot\u00e1vio, no bairro S\u00e3o L\u00e1zaro.","inLanguage":"pt-BR","potentialAction":[{"@type":"ReadAction","target":["https:\/\/www.manaus.am.gov.br\/seminf\/recuperacao-asfaltica-bairro-sao-lazaro\/"]}]},{"@type":"ImageObject","inLanguage":"pt-BR","@id":"https:\/\/www.manaus.am.gov.br\/seminf\/recuperacao-asfaltica-bairro-sao-lazaro\/#primaryimage","url":"https:\/\/www.manaus.am.gov.br\/seminf\/wp-content\/uploads\/sites\/6\/2025\/07\/Acao-2.jpeg","contentUrl":"https:\/\/www.manaus.am.gov.br\/seminf\/wp-content\/uploads\/sites\/6\/2025\/07\/Acao-2.jpeg","width":1600,"height":1200,"caption":"#paratodosverem - Equipe da Seminf executando a recupera\u00e7\u00e3o asf\u00e1ltica em trecho da avenida Rodrigo Ot\u00e1vio, no bairro S\u00e3o L\u00e1zaro"},{"@type":"WebSite","@id":"https:\/\/www.manaus.am.gov.br\/seminf\/#website","url":"https:\/\/www.manaus.am.gov.br\/seminf\/","name":"Secretaria de Infraestrutura","description":"Secretaria Municipal de Infraestrutura","potentialAction":[{"@type":"SearchAction","target":{"@type":"EntryPoint","urlTemplate":"https:\/\/www.manaus.am.gov.br\/seminf\/?s={search_term_string}"},"query-input":"required name=search_term_string"}],"inLanguage":"pt-BR"},{"@type":"Person","@id":"https:\/\/www.manaus.am.gov.br\/seminf\/#\/schema\/person\/05d223aea2bf115f9883a6ff3683d81b","name":"Bruna Greco","image":{"@type":"ImageObject","inLanguage":"pt-BR","@id":"https:\/\/www.manaus.am.gov.br\/seminf\/#\/schema\/person\/image\/","url":"https:\/\/secure.gravatar.com\/avatar\/9c877d1a6adc2a055330e5c09a8653ce?s=96&d=mm&r=g","contentUrl":"https:\/\/secure.gravatar.com\/avatar\/9c877d1a6adc2a055330e5c09a8653ce?s=96&d=mm&r=g","caption":"Bruna Greco"}}]}},"_links":{"self":[{"href":"https:\/\/www.manaus.am.gov.br\/seminf\/wp-json\/wp\/v2\/posts\/5862"}],"collection":[{"href":"https:\/\/www.manaus.am.gov.br\/seminf\/wp-json\/wp\/v2\/posts"}],"about":[{"href":"https:\/\/www.manaus.am.gov.br\/seminf\/wp-json\/wp\/v2\/types\/post"}],"author":[{"embeddable":true,"href":"https:\/\/www.manaus.am.gov.br\/seminf\/wp-json\/wp\/v2\/users\/39"}],"replies":[{"embeddable":true,"href":"https:\/\/www.manaus.am.gov.br\/seminf\/wp-json\/wp\/v2\/comments?post=5862"}],"version-history":[{"count":1,"href":"https:\/\/www.manaus.am.gov.br\/seminf\/wp-json\/wp\/v2\/posts\/5862\/revisions"}],"predecessor-version":[{"id":5865,"href":"https:\/\/www.manaus.am.gov.br\/seminf\/wp-json\/wp\/v2\/posts\/5862\/revisions\/5865"}],"wp:featuredmedia":[{"embeddable":true,"href":"https:\/\/www.manaus.am.gov.br\/seminf\/wp-json\/wp\/v2\/media\/5864"}],"wp:attachment":[{"href":"https:\/\/www.manaus.am.gov.br\/seminf\/wp-json\/wp\/v2\/media?parent=5862"}],"wp:term":[{"taxonomy":"category","embeddable":true,"href":"https:\/\/www.manaus.am.gov.br\/seminf\/wp-json\/wp\/v2\/categories?post=5862"},{"taxonomy":"post_tag","embeddable":true,"href":"https:\/\/www.manaus.am.gov.br\/seminf\/wp-json\/wp\/v2\/tags?post=5862"}],"curies":[{"name":"wp","href":"https:\/\/api.w.org\/{rel}","templated":true}]}}