{"id":5839,"date":"2025-06-30T17:16:00","date_gmt":"2025-06-30T21:16:00","guid":{"rendered":"https:\/\/www.manaus.am.gov.br\/seminf\/reconstrucao-acesso-nova-cidade\/"},"modified":"2025-06-30T17:16:21","modified_gmt":"2025-06-30T21:16:21","slug":"reconstrucao-acesso-nova-cidade","status":"publish","type":"post","link":"https:\/\/www.manaus.am.gov.br\/seminf\/reconstrucao-acesso-nova-cidade\/","title":{"rendered":"Prefeitura de Manaus reconstr\u00f3i acesso no bairro Nova Cidade com nova ponte de 200 metros"},"content":{"rendered":"\n<p>A Prefeitura de Manaus, por meio da Secretaria Municipal de Infraestrutura (Seminf), est\u00e1 promovendo uma verdadeira transforma\u00e7\u00e3o na mobilidade da comunidade Alfredo Nascimento, no bairro Nova Cidade, zona Norte da capital. Nesta segunda-feira, 30\/6, as equipes intensificaram os trabalhos de reconstru\u00e7\u00e3o total de uma ponte com 200 metros de extens\u00e3o na travessa Rio de Fogo, um refor\u00e7o essencial para garantir mais seguran\u00e7a e acessibilidade aos moradores da \u00e1rea.<\/p>\n\n\n\n<p>A antiga estrutura estava deteriorada, comprometendo o acesso da popula\u00e7\u00e3o e colocando em risco a travessia de pedestres e ve\u00edculos. Agora, com a obra em andamento, a realidade come\u00e7a a mudar.<\/p>\n\n\n\n<p>\u201cA reforma de uma ponte como essa \u00e9 vital. Estamos garantindo seguran\u00e7a e melhorando a mobilidade das fam\u00edlias que dependem dessa travessia. \u00c9 determina\u00e7\u00e3o do prefeito David Almeida que todas as obras sejam feitas com qualidade, agilidade e, acima de tudo, compromisso com a popula\u00e7\u00e3o\u201d, destacou o vice-prefeito e secret\u00e1rio de Obras, Renato Junior.<\/p>\n\n\n\n<p>Cerca de 20 trabalhadores est\u00e3o atuando diretamente na constru\u00e7\u00e3o, que utiliza 350 t\u00e1buas de madeira transportadas por caminh\u00e3o at\u00e9 o ponto da obra. A nova ponte vai facilitar o acesso de centenas de moradores que enfrentavam dificuldades para transitar com seguran\u00e7a.<\/p>\n\n\n\n<p>A Secretaria de Obras segue firme com frentes de trabalho em diversos bairros da cidade, avan\u00e7ando com a reconstru\u00e7\u00e3o de pontes e proporcionando mais dignidade, mobilidade e qualidade de vida para quem vive nas \u00e1reas mais afetadas pelas intemp\u00e9ries.<\/p>\n\n\n\n<figure class=\"wp-block-image size-large\"><img loading=\"lazy\" decoding=\"async\" width=\"1024\" height=\"683\" src=\"https:\/\/www.manaus.am.gov.br\/seminf\/wp-content\/uploads\/sites\/6\/2025\/06\/IMG_5726-1024x683.jpg\" alt=\"\" class=\"wp-image-5840\" srcset=\"https:\/\/www.manaus.am.gov.br\/seminf\/wp-content\/uploads\/sites\/6\/2025\/06\/IMG_5726-1024x683.jpg 1024w, https:\/\/www.manaus.am.gov.br\/seminf\/wp-content\/uploads\/sites\/6\/2025\/06\/IMG_5726-300x200.jpg 300w, https:\/\/www.manaus.am.gov.br\/seminf\/wp-content\/uploads\/sites\/6\/2025\/06\/IMG_5726-768x512.jpg 768w, https:\/\/www.manaus.am.gov.br\/seminf\/wp-content\/uploads\/sites\/6\/2025\/06\/IMG_5726-1536x1024.jpg 1536w, https:\/\/www.manaus.am.gov.br\/seminf\/wp-content\/uploads\/sites\/6\/2025\/06\/IMG_5726-2048x1365.jpg 2048w\" sizes=\"(max-width: 1024px) 100vw, 1024px\" \/><\/figure>\n\n\n\n<p>&#8212; &#8212; &#8212;<\/p>\n\n\n\n<p><strong>Texto &#8211;<\/strong>\u00a0Eduarda Lira\/Seminf<\/p>\n\n\n\n<p><strong>Fotos &#8211;<\/strong> Divulga\u00e7\u00e3o\/Seminf<\/p>\n","protected":false},"excerpt":{"rendered":"","protected":false},"author":39,"featured_media":5841,"comment_status":"closed","ping_status":"closed","sticky":false,"template":"","format":"standard","meta":{"footnotes":""},"categories":[8],"tags":[1101,2206,2207,129,26],"acf":[],"yoast_head":"<!-- This site is optimized with the Yoast SEO plugin v23.0 - https:\/\/yoast.com\/wordpress\/plugins\/seo\/ -->\n<title>Reconstru\u00e7\u00e3o do acesso no Nova Cidade com nova ponte<\/title>\n<meta name=\"description\" content=\"Prefeitura de Manaus, por meio da Seminf, reconstr\u00f3i acesso no bairro Nova Cidade com nova ponte de 200 metros.\" \/>\n<meta name=\"robots\" content=\"index, follow, max-snippet:-1, max-image-preview:large, max-video-preview:-1\" \/>\n<link rel=\"canonical\" href=\"https:\/\/www.manaus.am.gov.br\/seminf\/reconstrucao-acesso-nova-cidade\/\" \/>\n<meta property=\"og:locale\" content=\"pt_BR\" \/>\n<meta property=\"og:type\" content=\"article\" \/>\n<meta property=\"og:title\" content=\"Reconstru\u00e7\u00e3o do acesso no Nova Cidade com nova ponte\" \/>\n<meta property=\"og:description\" content=\"Prefeitura de Manaus, por meio da Seminf, reconstr\u00f3i acesso no bairro Nova Cidade com nova ponte de 200 metros.\" \/>\n<meta property=\"og:url\" content=\"https:\/\/www.manaus.am.gov.br\/seminf\/reconstrucao-acesso-nova-cidade\/\" \/>\n<meta property=\"og:site_name\" content=\"SEMINF\" \/>\n<meta property=\"article:published_time\" content=\"2025-06-30T21:16:00+00:00\" \/>\n<meta property=\"article:modified_time\" content=\"2025-06-30T21:16:21+00:00\" \/>\n<meta property=\"og:image\" content=\"https:\/\/www.manaus.am.gov.br\/seminf\/wp-content\/uploads\/sites\/6\/2025\/06\/WhatsApp-Image-2025-06-24-at-09.18.041.jpeg\" \/>\n\t<meta property=\"og:image:width\" content=\"1247\" \/>\n\t<meta property=\"og:image:height\" content=\"700\" \/>\n\t<meta property=\"og:image:type\" content=\"image\/jpeg\" \/>\n<meta name=\"author\" content=\"Bruna Greco\" \/>\n<meta name=\"twitter:card\" content=\"summary_large_image\" \/>\n<meta name=\"twitter:label1\" content=\"Written by\" \/>\n\t<meta name=\"twitter:data1\" content=\"Bruna Greco\" \/>\n\t<meta name=\"twitter:label2\" content=\"Est. reading time\" \/>\n\t<meta name=\"twitter:data2\" content=\"2 minutos\" \/>\n<script type=\"application\/ld+json\" class=\"yoast-schema-graph\">{\"@context\":\"https:\/\/schema.org\",\"@graph\":[{\"@type\":\"WebPage\",\"@id\":\"https:\/\/www.manaus.am.gov.br\/seminf\/reconstrucao-acesso-nova-cidade\/\",\"url\":\"https:\/\/www.manaus.am.gov.br\/seminf\/reconstrucao-acesso-nova-cidade\/\",\"name\":\"Reconstru\u00e7\u00e3o do acesso no Nova Cidade com nova ponte\",\"isPartOf\":{\"@id\":\"https:\/\/www.manaus.am.gov.br\/seminf\/#website\"},\"primaryImageOfPage\":{\"@id\":\"https:\/\/www.manaus.am.gov.br\/seminf\/reconstrucao-acesso-nova-cidade\/#primaryimage\"},\"image\":{\"@id\":\"https:\/\/www.manaus.am.gov.br\/seminf\/reconstrucao-acesso-nova-cidade\/#primaryimage\"},\"thumbnailUrl\":\"https:\/\/www.manaus.am.gov.br\/seminf\/wp-content\/uploads\/sites\/6\/2025\/06\/WhatsApp-Image-2025-06-24-at-09.18.041.jpeg\",\"datePublished\":\"2025-06-30T21:16:00+00:00\",\"dateModified\":\"2025-06-30T21:16:21+00:00\",\"author\":{\"@id\":\"https:\/\/www.manaus.am.gov.br\/seminf\/#\/schema\/person\/05d223aea2bf115f9883a6ff3683d81b\"},\"description\":\"Prefeitura de Manaus, por meio da Seminf, reconstr\u00f3i acesso no bairro Nova Cidade com nova ponte de 200 metros.\",\"inLanguage\":\"pt-BR\",\"potentialAction\":[{\"@type\":\"ReadAction\",\"target\":[\"https:\/\/www.manaus.am.gov.br\/seminf\/reconstrucao-acesso-nova-cidade\/\"]}]},{\"@type\":\"ImageObject\",\"inLanguage\":\"pt-BR\",\"@id\":\"https:\/\/www.manaus.am.gov.br\/seminf\/reconstrucao-acesso-nova-cidade\/#primaryimage\",\"url\":\"https:\/\/www.manaus.am.gov.br\/seminf\/wp-content\/uploads\/sites\/6\/2025\/06\/WhatsApp-Image-2025-06-24-at-09.18.041.jpeg\",\"contentUrl\":\"https:\/\/www.manaus.am.gov.br\/seminf\/wp-content\/uploads\/sites\/6\/2025\/06\/WhatsApp-Image-2025-06-24-at-09.18.041.jpeg\",\"width\":1247,\"height\":700,\"caption\":\"#paratodosverem - Equipe da Seminf executando a reconstru\u00e7\u00e3o de uma ponte de 200 metros de extens\u00e3o na travessa Rio de Fogo, na comunidade Alfredo Nascimento, no bairro Nova Cidade\"},{\"@type\":\"WebSite\",\"@id\":\"https:\/\/www.manaus.am.gov.br\/seminf\/#website\",\"url\":\"https:\/\/www.manaus.am.gov.br\/seminf\/\",\"name\":\"Secretaria de Infraestrutura\",\"description\":\"Secretaria Municipal de Infraestrutura\",\"potentialAction\":[{\"@type\":\"SearchAction\",\"target\":{\"@type\":\"EntryPoint\",\"urlTemplate\":\"https:\/\/www.manaus.am.gov.br\/seminf\/?s={search_term_string}\"},\"query-input\":\"required name=search_term_string\"}],\"inLanguage\":\"pt-BR\"},{\"@type\":\"Person\",\"@id\":\"https:\/\/www.manaus.am.gov.br\/seminf\/#\/schema\/person\/05d223aea2bf115f9883a6ff3683d81b\",\"name\":\"Bruna Greco\",\"image\":{\"@type\":\"ImageObject\",\"inLanguage\":\"pt-BR\",\"@id\":\"https:\/\/www.manaus.am.gov.br\/seminf\/#\/schema\/person\/image\/\",\"url\":\"https:\/\/secure.gravatar.com\/avatar\/9c877d1a6adc2a055330e5c09a8653ce?s=96&d=mm&r=g\",\"contentUrl\":\"https:\/\/secure.gravatar.com\/avatar\/9c877d1a6adc2a055330e5c09a8653ce?s=96&d=mm&r=g\",\"caption\":\"Bruna Greco\"}}]}<\/script>\n<!-- \/ Yoast SEO plugin. -->","yoast_head_json":{"title":"Reconstru\u00e7\u00e3o do acesso no Nova Cidade com nova ponte","description":"Prefeitura de Manaus, por meio da Seminf, reconstr\u00f3i acesso no bairro Nova Cidade com nova ponte de 200 metros.","robots":{"index":"index","follow":"follow","max-snippet":"max-snippet:-1","max-image-preview":"max-image-preview:large","max-video-preview":"max-video-preview:-1"},"canonical":"https:\/\/www.manaus.am.gov.br\/seminf\/reconstrucao-acesso-nova-cidade\/","og_locale":"pt_BR","og_type":"article","og_title":"Reconstru\u00e7\u00e3o do acesso no Nova Cidade com nova ponte","og_description":"Prefeitura de Manaus, por meio da Seminf, reconstr\u00f3i acesso no bairro Nova Cidade com nova ponte de 200 metros.","og_url":"https:\/\/www.manaus.am.gov.br\/seminf\/reconstrucao-acesso-nova-cidade\/","og_site_name":"SEMINF","article_published_time":"2025-06-30T21:16:00+00:00","article_modified_time":"2025-06-30T21:16:21+00:00","og_image":[{"width":1247,"height":700,"url":"https:\/\/www.manaus.am.gov.br\/seminf\/wp-content\/uploads\/sites\/6\/2025\/06\/WhatsApp-Image-2025-06-24-at-09.18.041.jpeg","type":"image\/jpeg"}],"author":"Bruna Greco","twitter_card":"summary_large_image","twitter_misc":{"Written by":"Bruna Greco","Est. reading time":"2 minutos"},"schema":{"@context":"https:\/\/schema.org","@graph":[{"@type":"WebPage","@id":"https:\/\/www.manaus.am.gov.br\/seminf\/reconstrucao-acesso-nova-cidade\/","url":"https:\/\/www.manaus.am.gov.br\/seminf\/reconstrucao-acesso-nova-cidade\/","name":"Reconstru\u00e7\u00e3o do acesso no Nova Cidade com nova ponte","isPartOf":{"@id":"https:\/\/www.manaus.am.gov.br\/seminf\/#website"},"primaryImageOfPage":{"@id":"https:\/\/www.manaus.am.gov.br\/seminf\/reconstrucao-acesso-nova-cidade\/#primaryimage"},"image":{"@id":"https:\/\/www.manaus.am.gov.br\/seminf\/reconstrucao-acesso-nova-cidade\/#primaryimage"},"thumbnailUrl":"https:\/\/www.manaus.am.gov.br\/seminf\/wp-content\/uploads\/sites\/6\/2025\/06\/WhatsApp-Image-2025-06-24-at-09.18.041.jpeg","datePublished":"2025-06-30T21:16:00+00:00","dateModified":"2025-06-30T21:16:21+00:00","author":{"@id":"https:\/\/www.manaus.am.gov.br\/seminf\/#\/schema\/person\/05d223aea2bf115f9883a6ff3683d81b"},"description":"Prefeitura de Manaus, por meio da Seminf, reconstr\u00f3i acesso no bairro Nova Cidade com nova ponte de 200 metros.","inLanguage":"pt-BR","potentialAction":[{"@type":"ReadAction","target":["https:\/\/www.manaus.am.gov.br\/seminf\/reconstrucao-acesso-nova-cidade\/"]}]},{"@type":"ImageObject","inLanguage":"pt-BR","@id":"https:\/\/www.manaus.am.gov.br\/seminf\/reconstrucao-acesso-nova-cidade\/#primaryimage","url":"https:\/\/www.manaus.am.gov.br\/seminf\/wp-content\/uploads\/sites\/6\/2025\/06\/WhatsApp-Image-2025-06-24-at-09.18.041.jpeg","contentUrl":"https:\/\/www.manaus.am.gov.br\/seminf\/wp-content\/uploads\/sites\/6\/2025\/06\/WhatsApp-Image-2025-06-24-at-09.18.041.jpeg","width":1247,"height":700,"caption":"#paratodosverem - Equipe da Seminf executando a reconstru\u00e7\u00e3o de uma ponte de 200 metros de extens\u00e3o na travessa Rio de Fogo, na comunidade Alfredo Nascimento, no bairro Nova Cidade"},{"@type":"WebSite","@id":"https:\/\/www.manaus.am.gov.br\/seminf\/#website","url":"https:\/\/www.manaus.am.gov.br\/seminf\/","name":"Secretaria de Infraestrutura","description":"Secretaria Municipal de Infraestrutura","potentialAction":[{"@type":"SearchAction","target":{"@type":"EntryPoint","urlTemplate":"https:\/\/www.manaus.am.gov.br\/seminf\/?s={search_term_string}"},"query-input":"required name=search_term_string"}],"inLanguage":"pt-BR"},{"@type":"Person","@id":"https:\/\/www.manaus.am.gov.br\/seminf\/#\/schema\/person\/05d223aea2bf115f9883a6ff3683d81b","name":"Bruna Greco","image":{"@type":"ImageObject","inLanguage":"pt-BR","@id":"https:\/\/www.manaus.am.gov.br\/seminf\/#\/schema\/person\/image\/","url":"https:\/\/secure.gravatar.com\/avatar\/9c877d1a6adc2a055330e5c09a8653ce?s=96&d=mm&r=g","contentUrl":"https:\/\/secure.gravatar.com\/avatar\/9c877d1a6adc2a055330e5c09a8653ce?s=96&d=mm&r=g","caption":"Bruna Greco"}}]}},"_links":{"self":[{"href":"https:\/\/www.manaus.am.gov.br\/seminf\/wp-json\/wp\/v2\/posts\/5839"}],"collection":[{"href":"https:\/\/www.manaus.am.gov.br\/seminf\/wp-json\/wp\/v2\/posts"}],"about":[{"href":"https:\/\/www.manaus.am.gov.br\/seminf\/wp-json\/wp\/v2\/types\/post"}],"author":[{"embeddable":true,"href":"https:\/\/www.manaus.am.gov.br\/seminf\/wp-json\/wp\/v2\/users\/39"}],"replies":[{"embeddable":true,"href":"https:\/\/www.manaus.am.gov.br\/seminf\/wp-json\/wp\/v2\/comments?post=5839"}],"version-history":[{"count":2,"href":"https:\/\/www.manaus.am.gov.br\/seminf\/wp-json\/wp\/v2\/posts\/5839\/revisions"}],"predecessor-version":[{"id":5843,"href":"https:\/\/www.manaus.am.gov.br\/seminf\/wp-json\/wp\/v2\/posts\/5839\/revisions\/5843"}],"wp:featuredmedia":[{"embeddable":true,"href":"https:\/\/www.manaus.am.gov.br\/seminf\/wp-json\/wp\/v2\/media\/5841"}],"wp:attachment":[{"href":"https:\/\/www.manaus.am.gov.br\/seminf\/wp-json\/wp\/v2\/media?parent=5839"}],"wp:term":[{"taxonomy":"category","embeddable":true,"href":"https:\/\/www.manaus.am.gov.br\/seminf\/wp-json\/wp\/v2\/categories?post=5839"},{"taxonomy":"post_tag","embeddable":true,"href":"https:\/\/www.manaus.am.gov.br\/seminf\/wp-json\/wp\/v2\/tags?post=5839"}],"curies":[{"name":"wp","href":"https:\/\/api.w.org\/{rel}","templated":true}]}}