{"id":5798,"date":"2025-06-26T17:11:47","date_gmt":"2025-06-26T21:11:47","guid":{"rendered":"https:\/\/www.manaus.am.gov.br\/seminf\/condutores-pedestres-aprovam-complexo-viario-rei-pele\/"},"modified":"2025-06-26T17:11:47","modified_gmt":"2025-06-26T21:11:47","slug":"condutores-pedestres-aprovam-complexo-viario-rei-pele","status":"publish","type":"post","link":"https:\/\/www.manaus.am.gov.br\/seminf\/condutores-pedestres-aprovam-complexo-viario-rei-pele\/","title":{"rendered":"Transformando a mobilidade urbana da zona Leste da capital, condutores e pedestres aprovam o novo complexo vi\u00e1rio Rei Pel\u00e9"},"content":{"rendered":"\n<p>Marcando um novo momento da mobilidade urbana na zona Leste da capital, o complexo vi\u00e1rio Rei Pel\u00e9, constru\u00eddo pela Prefeitura de Manaus, por meio da Secretaria Municipal de Infraestrutura (Seminf), foi aprovado pelos condutores e pedestres, que agora trafegam com mais fluidez e seguran\u00e7a pela localidade.<\/p>\n\n\n\n<p>Na manh\u00e3 desta quinta-feira, 26\/6, motoristas, motociclistas e moradores comemoraram n\u00e3o apenas o tr\u00e2nsito livre, mas tamb\u00e9m os novos espa\u00e7os de lazer implantados no entorno da antiga &#8220;rotat\u00f3ria do Produtor&#8221;.<\/p>\n\n\n\n<p>Segundo o empres\u00e1rio Jos\u00e9 Rodrigues, de 69 anos, o impacto positivo da obra \u00e9 vis\u00edvel. \u201cQuero agradecer ao nosso prefeito David Almeida e ao vice-prefeito Renato Junior. Eles est\u00e3o de parab\u00e9ns. Passei por aqui e percebi como o tr\u00e2nsito melhorou. Est\u00e1 tudo muito bem feito, gostei demais, o complexo est\u00e1 maravilhoso\u201d, celebrou.<\/p>\n\n\n\n<p>O auxiliar de produ\u00e7\u00e3o Gabriel Xavier, de 27 anos, tamb\u00e9m comemorou a mudan\u00e7a. \u201cO tr\u00e2nsito melhorou e muito. Antes, ficava congestionado desde o in\u00edcio da avenida Ita\u00faba, era dif\u00edcil acessar outras avenidas. S\u00f3 temos a agradecer por essa melhoria para a zona Leste\u201d, afirmou.<\/p>\n\n\n\n<p>Quem tamb\u00e9m aprovou a funcionalidade do complexo vi\u00e1rio foi o motorista de aplicativo Ant\u00f4nio Carlos Nogueira, de 50 anos, que acordou cedo para testar o novo trajeto. \u201cAntes, era um sufoco passar por aqui. Agora ficou muito melhor. Todo mundo da zona Leste est\u00e1 feliz. A prefeitura est\u00e1 de parab\u00e9ns por essa obra. Eu estou muito feliz\u201d, disse.<\/p>\n\n\n\n<p>Para o vice-prefeito e secret\u00e1rio de Obras, Renato Junior, os relatos da popula\u00e7\u00e3o refor\u00e7am a import\u00e2ncia da obra. \u201c\u00c9 uma satisfa\u00e7\u00e3o enorme ouvir a aprova\u00e7\u00e3o dos condutores. Esse complexo representa um marco hist\u00f3rico, um problema que existia h\u00e1 30 anos e que a gest\u00e3o do prefeito David Almeida teve coragem de enfrentar. \u00c9 muito mais que uma solu\u00e7\u00e3o vi\u00e1ria, \u00e9 mais esporte, lazer e qualidade de vida para a zona Leste\u201d, destacou.<\/p>\n\n\n\n<figure class=\"wp-block-image size-large\"><img loading=\"lazy\" decoding=\"async\" width=\"1024\" height=\"683\" src=\"https:\/\/www.manaus.am.gov.br\/seminf\/wp-content\/uploads\/sites\/6\/2025\/06\/IMG_4900-1024x683.jpg\" alt=\"\" class=\"wp-image-5799\" srcset=\"https:\/\/www.manaus.am.gov.br\/seminf\/wp-content\/uploads\/sites\/6\/2025\/06\/IMG_4900-1024x683.jpg 1024w, https:\/\/www.manaus.am.gov.br\/seminf\/wp-content\/uploads\/sites\/6\/2025\/06\/IMG_4900-300x200.jpg 300w, https:\/\/www.manaus.am.gov.br\/seminf\/wp-content\/uploads\/sites\/6\/2025\/06\/IMG_4900-768x512.jpg 768w, https:\/\/www.manaus.am.gov.br\/seminf\/wp-content\/uploads\/sites\/6\/2025\/06\/IMG_4900-1536x1024.jpg 1536w, https:\/\/www.manaus.am.gov.br\/seminf\/wp-content\/uploads\/sites\/6\/2025\/06\/IMG_4900-2048x1365.jpg 2048w\" sizes=\"(max-width: 1024px) 100vw, 1024px\" \/><\/figure>\n\n\n\n<p><strong>Interliga\u00e7\u00e3o<\/strong><\/p>\n\n\n\n<p>A nova estrutura vi\u00e1ria conecta importantes vias da cidade. A al\u00e7a superior integra as avenidas Autaz Mirim e Camapu\u00e3. Na parte inferior, o t\u00fanel da avenida Ita\u00faba d\u00e1 acesso \u00e0 Camapu\u00e3 (sentido bairro Cidade Nova) e \u00e0 avenida Autaz Mirim (sentido bairro S\u00e3o Jos\u00e9), otimizando o fluxo de ve\u00edculos e reduzindo gargalos hist\u00f3ricos.<\/p>\n\n\n\n<p><strong>Lazer, esporte e conviv\u00eancia<\/strong><\/p>\n\n\n\n<p>Muito al\u00e9m da engenharia, o complexo vi\u00e1rio Rei Pel\u00e9 tamb\u00e9m oferece uma nova \u00e1rea de lazer para a comunidade. Onde antes havia apenas engarrafamento, agora h\u00e1 vida com uma nova quadra de basquete, pista de skate, palco para aulas de zumba, espa\u00e7o para artes marciais, academia ao ar livre e playground.<\/p>\n\n\n\n<p>A esteticista Ana Lima aproveitou a manh\u00e3 para levar a filha ao novo parquinho. \u201cEst\u00e1 maravilhoso, um espa\u00e7o confort\u00e1vel e agrad\u00e1vel. S\u00f3 tenho a agradecer \u00e0 Prefeitura de Manaus. Agora minha filha tem onde brincar e passear\u201d, finalizou a moradora.<\/p>\n\n\n\n<figure class=\"wp-block-image size-large\"><img loading=\"lazy\" decoding=\"async\" width=\"1024\" height=\"683\" src=\"https:\/\/www.manaus.am.gov.br\/seminf\/wp-content\/uploads\/sites\/6\/2025\/06\/IMG_4925-1024x683.jpg\" alt=\"\" class=\"wp-image-5800\" srcset=\"https:\/\/www.manaus.am.gov.br\/seminf\/wp-content\/uploads\/sites\/6\/2025\/06\/IMG_4925-1024x683.jpg 1024w, https:\/\/www.manaus.am.gov.br\/seminf\/wp-content\/uploads\/sites\/6\/2025\/06\/IMG_4925-300x200.jpg 300w, https:\/\/www.manaus.am.gov.br\/seminf\/wp-content\/uploads\/sites\/6\/2025\/06\/IMG_4925-768x512.jpg 768w, https:\/\/www.manaus.am.gov.br\/seminf\/wp-content\/uploads\/sites\/6\/2025\/06\/IMG_4925-1536x1024.jpg 1536w, https:\/\/www.manaus.am.gov.br\/seminf\/wp-content\/uploads\/sites\/6\/2025\/06\/IMG_4925-2048x1365.jpg 2048w\" sizes=\"(max-width: 1024px) 100vw, 1024px\" \/><\/figure>\n\n\n\n<p>&#8212; &#8212; &#8212;<\/p>\n\n\n\n<p><strong>Texto\u00a0<\/strong>&#8211; Rayana Coutinho\/Seminf<\/p>\n\n\n\n<p><strong>Fotos<\/strong> &#8211; M\u00e1rcio Melo\/Seminf<\/p>\n","protected":false},"excerpt":{"rendered":"","protected":false},"author":39,"featured_media":5802,"comment_status":"closed","ping_status":"closed","sticky":false,"template":"","format":"standard","meta":{"footnotes":""},"categories":[15],"tags":[1058,2195,743,43,26],"acf":[],"yoast_head":"<!-- This site is optimized with the Yoast SEO plugin v23.0 - https:\/\/yoast.com\/wordpress\/plugins\/seo\/ -->\n<title>Condutores e pedestres aprovam o novo complexo vi\u00e1rio Rei Pel\u00e9<\/title>\n<meta name=\"description\" content=\"Transformando a mobilidade urbana da zona Leste da capital, condutores e pedestres aprovam o novo complexo vi\u00e1rio Rei Pel\u00e9.\" \/>\n<meta name=\"robots\" content=\"index, follow, max-snippet:-1, max-image-preview:large, max-video-preview:-1\" \/>\n<link rel=\"canonical\" href=\"https:\/\/www.manaus.am.gov.br\/seminf\/condutores-pedestres-aprovam-complexo-viario-rei-pele\/\" \/>\n<meta property=\"og:locale\" content=\"pt_BR\" \/>\n<meta property=\"og:type\" content=\"article\" \/>\n<meta property=\"og:title\" content=\"Condutores e pedestres aprovam o novo complexo vi\u00e1rio Rei Pel\u00e9\" \/>\n<meta property=\"og:description\" content=\"Transformando a mobilidade urbana da zona Leste da capital, condutores e pedestres aprovam o novo complexo vi\u00e1rio Rei Pel\u00e9.\" \/>\n<meta property=\"og:url\" content=\"https:\/\/www.manaus.am.gov.br\/seminf\/condutores-pedestres-aprovam-complexo-viario-rei-pele\/\" \/>\n<meta property=\"og:site_name\" content=\"SEMINF\" \/>\n<meta property=\"article:published_time\" content=\"2025-06-26T21:11:47+00:00\" \/>\n<meta property=\"og:image\" content=\"https:\/\/www.manaus.am.gov.br\/seminf\/wp-content\/uploads\/sites\/6\/2025\/06\/IMG_4964-1024x576.jpg\" \/>\n\t<meta property=\"og:image:width\" content=\"1024\" \/>\n\t<meta property=\"og:image:height\" content=\"576\" \/>\n\t<meta property=\"og:image:type\" content=\"image\/jpeg\" \/>\n<meta name=\"author\" content=\"Bruna Greco\" \/>\n<meta name=\"twitter:card\" content=\"summary_large_image\" \/>\n<meta name=\"twitter:label1\" content=\"Written by\" \/>\n\t<meta name=\"twitter:data1\" content=\"Bruna Greco\" \/>\n\t<meta name=\"twitter:label2\" content=\"Est. reading time\" \/>\n\t<meta name=\"twitter:data2\" content=\"4 minutos\" \/>\n<script type=\"application\/ld+json\" class=\"yoast-schema-graph\">{\"@context\":\"https:\/\/schema.org\",\"@graph\":[{\"@type\":\"WebPage\",\"@id\":\"https:\/\/www.manaus.am.gov.br\/seminf\/condutores-pedestres-aprovam-complexo-viario-rei-pele\/\",\"url\":\"https:\/\/www.manaus.am.gov.br\/seminf\/condutores-pedestres-aprovam-complexo-viario-rei-pele\/\",\"name\":\"Condutores e pedestres aprovam o novo complexo vi\u00e1rio Rei Pel\u00e9\",\"isPartOf\":{\"@id\":\"https:\/\/www.manaus.am.gov.br\/seminf\/#website\"},\"primaryImageOfPage\":{\"@id\":\"https:\/\/www.manaus.am.gov.br\/seminf\/condutores-pedestres-aprovam-complexo-viario-rei-pele\/#primaryimage\"},\"image\":{\"@id\":\"https:\/\/www.manaus.am.gov.br\/seminf\/condutores-pedestres-aprovam-complexo-viario-rei-pele\/#primaryimage\"},\"thumbnailUrl\":\"https:\/\/www.manaus.am.gov.br\/seminf\/wp-content\/uploads\/sites\/6\/2025\/06\/IMG_4964.jpg\",\"datePublished\":\"2025-06-26T21:11:47+00:00\",\"dateModified\":\"2025-06-26T21:11:47+00:00\",\"author\":{\"@id\":\"https:\/\/www.manaus.am.gov.br\/seminf\/#\/schema\/person\/05d223aea2bf115f9883a6ff3683d81b\"},\"description\":\"Transformando a mobilidade urbana da zona Leste da capital, condutores e pedestres aprovam o novo complexo vi\u00e1rio Rei Pel\u00e9.\",\"inLanguage\":\"pt-BR\",\"potentialAction\":[{\"@type\":\"ReadAction\",\"target\":[\"https:\/\/www.manaus.am.gov.br\/seminf\/condutores-pedestres-aprovam-complexo-viario-rei-pele\/\"]}]},{\"@type\":\"ImageObject\",\"inLanguage\":\"pt-BR\",\"@id\":\"https:\/\/www.manaus.am.gov.br\/seminf\/condutores-pedestres-aprovam-complexo-viario-rei-pele\/#primaryimage\",\"url\":\"https:\/\/www.manaus.am.gov.br\/seminf\/wp-content\/uploads\/sites\/6\/2025\/06\/IMG_4964.jpg\",\"contentUrl\":\"https:\/\/www.manaus.am.gov.br\/seminf\/wp-content\/uploads\/sites\/6\/2025\/06\/IMG_4964.jpg\",\"width\":4000,\"height\":2250,\"caption\":\"#paratodosverem - Imagem a\u00e9rea do novo complexo vi\u00e1rio Rei Pel\u00e9, na zona Leste de Manaus\"},{\"@type\":\"WebSite\",\"@id\":\"https:\/\/www.manaus.am.gov.br\/seminf\/#website\",\"url\":\"https:\/\/www.manaus.am.gov.br\/seminf\/\",\"name\":\"Secretaria de Infraestrutura\",\"description\":\"Secretaria Municipal de Infraestrutura\",\"potentialAction\":[{\"@type\":\"SearchAction\",\"target\":{\"@type\":\"EntryPoint\",\"urlTemplate\":\"https:\/\/www.manaus.am.gov.br\/seminf\/?s={search_term_string}\"},\"query-input\":\"required name=search_term_string\"}],\"inLanguage\":\"pt-BR\"},{\"@type\":\"Person\",\"@id\":\"https:\/\/www.manaus.am.gov.br\/seminf\/#\/schema\/person\/05d223aea2bf115f9883a6ff3683d81b\",\"name\":\"Bruna Greco\",\"image\":{\"@type\":\"ImageObject\",\"inLanguage\":\"pt-BR\",\"@id\":\"https:\/\/www.manaus.am.gov.br\/seminf\/#\/schema\/person\/image\/\",\"url\":\"https:\/\/secure.gravatar.com\/avatar\/9c877d1a6adc2a055330e5c09a8653ce?s=96&d=mm&r=g\",\"contentUrl\":\"https:\/\/secure.gravatar.com\/avatar\/9c877d1a6adc2a055330e5c09a8653ce?s=96&d=mm&r=g\",\"caption\":\"Bruna Greco\"}}]}<\/script>\n<!-- \/ Yoast SEO plugin. -->","yoast_head_json":{"title":"Condutores e pedestres aprovam o novo complexo vi\u00e1rio Rei Pel\u00e9","description":"Transformando a mobilidade urbana da zona Leste da capital, condutores e pedestres aprovam o novo complexo vi\u00e1rio Rei Pel\u00e9.","robots":{"index":"index","follow":"follow","max-snippet":"max-snippet:-1","max-image-preview":"max-image-preview:large","max-video-preview":"max-video-preview:-1"},"canonical":"https:\/\/www.manaus.am.gov.br\/seminf\/condutores-pedestres-aprovam-complexo-viario-rei-pele\/","og_locale":"pt_BR","og_type":"article","og_title":"Condutores e pedestres aprovam o novo complexo vi\u00e1rio Rei Pel\u00e9","og_description":"Transformando a mobilidade urbana da zona Leste da capital, condutores e pedestres aprovam o novo complexo vi\u00e1rio Rei Pel\u00e9.","og_url":"https:\/\/www.manaus.am.gov.br\/seminf\/condutores-pedestres-aprovam-complexo-viario-rei-pele\/","og_site_name":"SEMINF","article_published_time":"2025-06-26T21:11:47+00:00","og_image":[{"width":1024,"height":576,"url":"https:\/\/www.manaus.am.gov.br\/seminf\/wp-content\/uploads\/sites\/6\/2025\/06\/IMG_4964-1024x576.jpg","type":"image\/jpeg"}],"author":"Bruna Greco","twitter_card":"summary_large_image","twitter_misc":{"Written by":"Bruna Greco","Est. reading time":"4 minutos"},"schema":{"@context":"https:\/\/schema.org","@graph":[{"@type":"WebPage","@id":"https:\/\/www.manaus.am.gov.br\/seminf\/condutores-pedestres-aprovam-complexo-viario-rei-pele\/","url":"https:\/\/www.manaus.am.gov.br\/seminf\/condutores-pedestres-aprovam-complexo-viario-rei-pele\/","name":"Condutores e pedestres aprovam o novo complexo vi\u00e1rio Rei Pel\u00e9","isPartOf":{"@id":"https:\/\/www.manaus.am.gov.br\/seminf\/#website"},"primaryImageOfPage":{"@id":"https:\/\/www.manaus.am.gov.br\/seminf\/condutores-pedestres-aprovam-complexo-viario-rei-pele\/#primaryimage"},"image":{"@id":"https:\/\/www.manaus.am.gov.br\/seminf\/condutores-pedestres-aprovam-complexo-viario-rei-pele\/#primaryimage"},"thumbnailUrl":"https:\/\/www.manaus.am.gov.br\/seminf\/wp-content\/uploads\/sites\/6\/2025\/06\/IMG_4964.jpg","datePublished":"2025-06-26T21:11:47+00:00","dateModified":"2025-06-26T21:11:47+00:00","author":{"@id":"https:\/\/www.manaus.am.gov.br\/seminf\/#\/schema\/person\/05d223aea2bf115f9883a6ff3683d81b"},"description":"Transformando a mobilidade urbana da zona Leste da capital, condutores e pedestres aprovam o novo complexo vi\u00e1rio Rei Pel\u00e9.","inLanguage":"pt-BR","potentialAction":[{"@type":"ReadAction","target":["https:\/\/www.manaus.am.gov.br\/seminf\/condutores-pedestres-aprovam-complexo-viario-rei-pele\/"]}]},{"@type":"ImageObject","inLanguage":"pt-BR","@id":"https:\/\/www.manaus.am.gov.br\/seminf\/condutores-pedestres-aprovam-complexo-viario-rei-pele\/#primaryimage","url":"https:\/\/www.manaus.am.gov.br\/seminf\/wp-content\/uploads\/sites\/6\/2025\/06\/IMG_4964.jpg","contentUrl":"https:\/\/www.manaus.am.gov.br\/seminf\/wp-content\/uploads\/sites\/6\/2025\/06\/IMG_4964.jpg","width":4000,"height":2250,"caption":"#paratodosverem - Imagem a\u00e9rea do novo complexo vi\u00e1rio Rei Pel\u00e9, na zona Leste de Manaus"},{"@type":"WebSite","@id":"https:\/\/www.manaus.am.gov.br\/seminf\/#website","url":"https:\/\/www.manaus.am.gov.br\/seminf\/","name":"Secretaria de Infraestrutura","description":"Secretaria Municipal de Infraestrutura","potentialAction":[{"@type":"SearchAction","target":{"@type":"EntryPoint","urlTemplate":"https:\/\/www.manaus.am.gov.br\/seminf\/?s={search_term_string}"},"query-input":"required name=search_term_string"}],"inLanguage":"pt-BR"},{"@type":"Person","@id":"https:\/\/www.manaus.am.gov.br\/seminf\/#\/schema\/person\/05d223aea2bf115f9883a6ff3683d81b","name":"Bruna Greco","image":{"@type":"ImageObject","inLanguage":"pt-BR","@id":"https:\/\/www.manaus.am.gov.br\/seminf\/#\/schema\/person\/image\/","url":"https:\/\/secure.gravatar.com\/avatar\/9c877d1a6adc2a055330e5c09a8653ce?s=96&d=mm&r=g","contentUrl":"https:\/\/secure.gravatar.com\/avatar\/9c877d1a6adc2a055330e5c09a8653ce?s=96&d=mm&r=g","caption":"Bruna Greco"}}]}},"_links":{"self":[{"href":"https:\/\/www.manaus.am.gov.br\/seminf\/wp-json\/wp\/v2\/posts\/5798"}],"collection":[{"href":"https:\/\/www.manaus.am.gov.br\/seminf\/wp-json\/wp\/v2\/posts"}],"about":[{"href":"https:\/\/www.manaus.am.gov.br\/seminf\/wp-json\/wp\/v2\/types\/post"}],"author":[{"embeddable":true,"href":"https:\/\/www.manaus.am.gov.br\/seminf\/wp-json\/wp\/v2\/users\/39"}],"replies":[{"embeddable":true,"href":"https:\/\/www.manaus.am.gov.br\/seminf\/wp-json\/wp\/v2\/comments?post=5798"}],"version-history":[{"count":1,"href":"https:\/\/www.manaus.am.gov.br\/seminf\/wp-json\/wp\/v2\/posts\/5798\/revisions"}],"predecessor-version":[{"id":5803,"href":"https:\/\/www.manaus.am.gov.br\/seminf\/wp-json\/wp\/v2\/posts\/5798\/revisions\/5803"}],"wp:featuredmedia":[{"embeddable":true,"href":"https:\/\/www.manaus.am.gov.br\/seminf\/wp-json\/wp\/v2\/media\/5802"}],"wp:attachment":[{"href":"https:\/\/www.manaus.am.gov.br\/seminf\/wp-json\/wp\/v2\/media?parent=5798"}],"wp:term":[{"taxonomy":"category","embeddable":true,"href":"https:\/\/www.manaus.am.gov.br\/seminf\/wp-json\/wp\/v2\/categories?post=5798"},{"taxonomy":"post_tag","embeddable":true,"href":"https:\/\/www.manaus.am.gov.br\/seminf\/wp-json\/wp\/v2\/tags?post=5798"}],"curies":[{"name":"wp","href":"https:\/\/api.w.org\/{rel}","templated":true}]}}