{"id":5796,"date":"2025-06-26T14:52:13","date_gmt":"2025-06-26T18:52:13","guid":{"rendered":"https:\/\/www.manaus.am.gov.br\/seminf\/vandalismo-complexo-viario-rei-pele\/"},"modified":"2025-06-26T15:05:08","modified_gmt":"2025-06-26T19:05:08","slug":"vandalismo-complexo-viario-rei-pele","status":"publish","type":"post","link":"https:\/\/www.manaus.am.gov.br\/seminf\/vandalismo-complexo-viario-rei-pele\/","title":{"rendered":"Prefeitura repudia vandalismo no complexo vi\u00e1rio Rei Pel\u00e9"},"content":{"rendered":"\n<p>A Prefeitura de Manaus, por meio da Secretaria Municipal de Infraestrutura (Seminf), repudia veementemente os atos de vandalismo registrados na \u00e1rea de conviv\u00eancia do complexo vi\u00e1rio Rei Pel\u00e9, inaugurado na noite desta quarta-feira, 25\/6. Na mesma noite, os equipamentos da academia ao ar livre foram furtados e danificados, comprometendo o acesso da popula\u00e7\u00e3o a um espa\u00e7o planejado para promover sa\u00fade e bem-estar.<\/p>\n\n\n\n<p>Infelizmente, os atos de depreda\u00e7\u00e3o n\u00e3o s\u00e3o isolados. Ainda na semana que antecedeu a entrega do complexo, trechos do viaduto foram pichados, ato classificado como crime, conforme o artigo 163 do C\u00f3digo Penal.<\/p>\n\n\n\n<p>Em resposta, a prefeitura convidou artistas urbanos da cidade para transformar a viol\u00eancia em arte. Grafiteiros est\u00e3o produzindo murais com tem\u00e1ticas sociais, culturais e esportivas e regionais, valorizando a identidade local e ocupando o espa\u00e7o de forma positiva e legalizada.<\/p>\n\n\n\n<p>Mesmo diante dos ataques, o complexo vi\u00e1rio Rei Pel\u00e9 foi entregue com todos os seus elementos: t\u00fanel, viaduto, playground, pista de skate, quadras esportivas e \u00e1reas de lazer, um novo marco para a mobilidade e a conviv\u00eancia na zona Leste.<\/p>\n\n\n\n<p>A destrui\u00e7\u00e3o de bens p\u00fablicos \u00e9 crime. A prefeitura j\u00e1 adotou medidas para identificar os respons\u00e1veis. A gest\u00e3o refor\u00e7a que preservar Manaus \u00e9 um dever coletivo. Den\u00fancias podem ser feitas de forma an\u00f4nima pelo Disque 153.<\/p>\n\n\n\n<p>&#8212; &#8212; &#8212;<\/p>\n\n\n\n<p><strong>Texto &#8211;<\/strong>&nbsp;Divulga\u00e7\u00e3o\/Seminf<\/p>\n","protected":false},"excerpt":{"rendered":"","protected":false},"author":39,"featured_media":5339,"comment_status":"closed","ping_status":"closed","sticky":false,"template":"","format":"standard","meta":{"footnotes":""},"categories":[101],"tags":[1058,2193,43,26,2194],"acf":[],"yoast_head":"<!-- This site is optimized with the Yoast SEO plugin v23.0 - https:\/\/yoast.com\/wordpress\/plugins\/seo\/ -->\n<title>Prefeitura repudia vandalismo no complexo vi\u00e1rio Rei Pel\u00e9<\/title>\n<meta name=\"description\" content=\"Prefeitura de Manaus, por meio da Seminf, repudia vandalismo ocorrido, na noite desta quarta-feira, 25\/6, no complexo vi\u00e1rio Rei Pel\u00e9.\" \/>\n<meta name=\"robots\" content=\"index, follow, max-snippet:-1, max-image-preview:large, max-video-preview:-1\" \/>\n<link rel=\"canonical\" href=\"https:\/\/www.manaus.am.gov.br\/seminf\/vandalismo-complexo-viario-rei-pele\/\" \/>\n<meta property=\"og:locale\" content=\"pt_BR\" \/>\n<meta property=\"og:type\" content=\"article\" \/>\n<meta property=\"og:title\" content=\"Prefeitura repudia vandalismo no complexo vi\u00e1rio Rei Pel\u00e9\" \/>\n<meta property=\"og:description\" content=\"Prefeitura de Manaus, por meio da Seminf, repudia vandalismo ocorrido, na noite desta quarta-feira, 25\/6, no complexo vi\u00e1rio Rei Pel\u00e9.\" \/>\n<meta property=\"og:url\" content=\"https:\/\/www.manaus.am.gov.br\/seminf\/vandalismo-complexo-viario-rei-pele\/\" \/>\n<meta property=\"og:site_name\" content=\"SEMINF\" \/>\n<meta property=\"article:published_time\" content=\"2025-06-26T18:52:13+00:00\" \/>\n<meta property=\"article:modified_time\" content=\"2025-06-26T19:05:08+00:00\" \/>\n<meta property=\"og:image\" content=\"https:\/\/www.manaus.am.gov.br\/seminf\/wp-content\/uploads\/sites\/6\/2025\/05\/BANNER-NOTA.png\" \/>\n\t<meta property=\"og:image:width\" content=\"900\" \/>\n\t<meta property=\"og:image:height\" content=\"509\" \/>\n\t<meta property=\"og:image:type\" content=\"image\/png\" \/>\n<meta name=\"author\" content=\"Bruna Greco\" \/>\n<meta name=\"twitter:card\" content=\"summary_large_image\" \/>\n<meta name=\"twitter:label1\" content=\"Written by\" \/>\n\t<meta name=\"twitter:data1\" content=\"Bruna Greco\" \/>\n\t<meta name=\"twitter:label2\" content=\"Est. reading time\" \/>\n\t<meta name=\"twitter:data2\" content=\"2 minutos\" \/>\n<script type=\"application\/ld+json\" class=\"yoast-schema-graph\">{\"@context\":\"https:\/\/schema.org\",\"@graph\":[{\"@type\":\"WebPage\",\"@id\":\"https:\/\/www.manaus.am.gov.br\/seminf\/vandalismo-complexo-viario-rei-pele\/\",\"url\":\"https:\/\/www.manaus.am.gov.br\/seminf\/vandalismo-complexo-viario-rei-pele\/\",\"name\":\"Prefeitura repudia vandalismo no complexo vi\u00e1rio Rei Pel\u00e9\",\"isPartOf\":{\"@id\":\"https:\/\/www.manaus.am.gov.br\/seminf\/#website\"},\"primaryImageOfPage\":{\"@id\":\"https:\/\/www.manaus.am.gov.br\/seminf\/vandalismo-complexo-viario-rei-pele\/#primaryimage\"},\"image\":{\"@id\":\"https:\/\/www.manaus.am.gov.br\/seminf\/vandalismo-complexo-viario-rei-pele\/#primaryimage\"},\"thumbnailUrl\":\"https:\/\/www.manaus.am.gov.br\/seminf\/wp-content\/uploads\/sites\/6\/2025\/05\/BANNER-NOTA.png\",\"datePublished\":\"2025-06-26T18:52:13+00:00\",\"dateModified\":\"2025-06-26T19:05:08+00:00\",\"author\":{\"@id\":\"https:\/\/www.manaus.am.gov.br\/seminf\/#\/schema\/person\/05d223aea2bf115f9883a6ff3683d81b\"},\"description\":\"Prefeitura de Manaus, por meio da Seminf, repudia vandalismo ocorrido, na noite desta quarta-feira, 25\/6, no complexo vi\u00e1rio Rei Pel\u00e9.\",\"inLanguage\":\"pt-BR\",\"potentialAction\":[{\"@type\":\"ReadAction\",\"target\":[\"https:\/\/www.manaus.am.gov.br\/seminf\/vandalismo-complexo-viario-rei-pele\/\"]}]},{\"@type\":\"ImageObject\",\"inLanguage\":\"pt-BR\",\"@id\":\"https:\/\/www.manaus.am.gov.br\/seminf\/vandalismo-complexo-viario-rei-pele\/#primaryimage\",\"url\":\"https:\/\/www.manaus.am.gov.br\/seminf\/wp-content\/uploads\/sites\/6\/2025\/05\/BANNER-NOTA.png\",\"contentUrl\":\"https:\/\/www.manaus.am.gov.br\/seminf\/wp-content\/uploads\/sites\/6\/2025\/05\/BANNER-NOTA.png\",\"width\":900,\"height\":509},{\"@type\":\"WebSite\",\"@id\":\"https:\/\/www.manaus.am.gov.br\/seminf\/#website\",\"url\":\"https:\/\/www.manaus.am.gov.br\/seminf\/\",\"name\":\"Secretaria de Infraestrutura\",\"description\":\"Secretaria Municipal de Infraestrutura\",\"potentialAction\":[{\"@type\":\"SearchAction\",\"target\":{\"@type\":\"EntryPoint\",\"urlTemplate\":\"https:\/\/www.manaus.am.gov.br\/seminf\/?s={search_term_string}\"},\"query-input\":\"required name=search_term_string\"}],\"inLanguage\":\"pt-BR\"},{\"@type\":\"Person\",\"@id\":\"https:\/\/www.manaus.am.gov.br\/seminf\/#\/schema\/person\/05d223aea2bf115f9883a6ff3683d81b\",\"name\":\"Bruna Greco\",\"image\":{\"@type\":\"ImageObject\",\"inLanguage\":\"pt-BR\",\"@id\":\"https:\/\/www.manaus.am.gov.br\/seminf\/#\/schema\/person\/image\/\",\"url\":\"https:\/\/secure.gravatar.com\/avatar\/9c877d1a6adc2a055330e5c09a8653ce?s=96&d=mm&r=g\",\"contentUrl\":\"https:\/\/secure.gravatar.com\/avatar\/9c877d1a6adc2a055330e5c09a8653ce?s=96&d=mm&r=g\",\"caption\":\"Bruna Greco\"}}]}<\/script>\n<!-- \/ Yoast SEO plugin. -->","yoast_head_json":{"title":"Prefeitura repudia vandalismo no complexo vi\u00e1rio Rei Pel\u00e9","description":"Prefeitura de Manaus, por meio da Seminf, repudia vandalismo ocorrido, na noite desta quarta-feira, 25\/6, no complexo vi\u00e1rio Rei Pel\u00e9.","robots":{"index":"index","follow":"follow","max-snippet":"max-snippet:-1","max-image-preview":"max-image-preview:large","max-video-preview":"max-video-preview:-1"},"canonical":"https:\/\/www.manaus.am.gov.br\/seminf\/vandalismo-complexo-viario-rei-pele\/","og_locale":"pt_BR","og_type":"article","og_title":"Prefeitura repudia vandalismo no complexo vi\u00e1rio Rei Pel\u00e9","og_description":"Prefeitura de Manaus, por meio da Seminf, repudia vandalismo ocorrido, na noite desta quarta-feira, 25\/6, no complexo vi\u00e1rio Rei Pel\u00e9.","og_url":"https:\/\/www.manaus.am.gov.br\/seminf\/vandalismo-complexo-viario-rei-pele\/","og_site_name":"SEMINF","article_published_time":"2025-06-26T18:52:13+00:00","article_modified_time":"2025-06-26T19:05:08+00:00","og_image":[{"width":900,"height":509,"url":"https:\/\/www.manaus.am.gov.br\/seminf\/wp-content\/uploads\/sites\/6\/2025\/05\/BANNER-NOTA.png","type":"image\/png"}],"author":"Bruna Greco","twitter_card":"summary_large_image","twitter_misc":{"Written by":"Bruna Greco","Est. reading time":"2 minutos"},"schema":{"@context":"https:\/\/schema.org","@graph":[{"@type":"WebPage","@id":"https:\/\/www.manaus.am.gov.br\/seminf\/vandalismo-complexo-viario-rei-pele\/","url":"https:\/\/www.manaus.am.gov.br\/seminf\/vandalismo-complexo-viario-rei-pele\/","name":"Prefeitura repudia vandalismo no complexo vi\u00e1rio Rei Pel\u00e9","isPartOf":{"@id":"https:\/\/www.manaus.am.gov.br\/seminf\/#website"},"primaryImageOfPage":{"@id":"https:\/\/www.manaus.am.gov.br\/seminf\/vandalismo-complexo-viario-rei-pele\/#primaryimage"},"image":{"@id":"https:\/\/www.manaus.am.gov.br\/seminf\/vandalismo-complexo-viario-rei-pele\/#primaryimage"},"thumbnailUrl":"https:\/\/www.manaus.am.gov.br\/seminf\/wp-content\/uploads\/sites\/6\/2025\/05\/BANNER-NOTA.png","datePublished":"2025-06-26T18:52:13+00:00","dateModified":"2025-06-26T19:05:08+00:00","author":{"@id":"https:\/\/www.manaus.am.gov.br\/seminf\/#\/schema\/person\/05d223aea2bf115f9883a6ff3683d81b"},"description":"Prefeitura de Manaus, por meio da Seminf, repudia vandalismo ocorrido, na noite desta quarta-feira, 25\/6, no complexo vi\u00e1rio Rei Pel\u00e9.","inLanguage":"pt-BR","potentialAction":[{"@type":"ReadAction","target":["https:\/\/www.manaus.am.gov.br\/seminf\/vandalismo-complexo-viario-rei-pele\/"]}]},{"@type":"ImageObject","inLanguage":"pt-BR","@id":"https:\/\/www.manaus.am.gov.br\/seminf\/vandalismo-complexo-viario-rei-pele\/#primaryimage","url":"https:\/\/www.manaus.am.gov.br\/seminf\/wp-content\/uploads\/sites\/6\/2025\/05\/BANNER-NOTA.png","contentUrl":"https:\/\/www.manaus.am.gov.br\/seminf\/wp-content\/uploads\/sites\/6\/2025\/05\/BANNER-NOTA.png","width":900,"height":509},{"@type":"WebSite","@id":"https:\/\/www.manaus.am.gov.br\/seminf\/#website","url":"https:\/\/www.manaus.am.gov.br\/seminf\/","name":"Secretaria de Infraestrutura","description":"Secretaria Municipal de Infraestrutura","potentialAction":[{"@type":"SearchAction","target":{"@type":"EntryPoint","urlTemplate":"https:\/\/www.manaus.am.gov.br\/seminf\/?s={search_term_string}"},"query-input":"required name=search_term_string"}],"inLanguage":"pt-BR"},{"@type":"Person","@id":"https:\/\/www.manaus.am.gov.br\/seminf\/#\/schema\/person\/05d223aea2bf115f9883a6ff3683d81b","name":"Bruna Greco","image":{"@type":"ImageObject","inLanguage":"pt-BR","@id":"https:\/\/www.manaus.am.gov.br\/seminf\/#\/schema\/person\/image\/","url":"https:\/\/secure.gravatar.com\/avatar\/9c877d1a6adc2a055330e5c09a8653ce?s=96&d=mm&r=g","contentUrl":"https:\/\/secure.gravatar.com\/avatar\/9c877d1a6adc2a055330e5c09a8653ce?s=96&d=mm&r=g","caption":"Bruna Greco"}}]}},"_links":{"self":[{"href":"https:\/\/www.manaus.am.gov.br\/seminf\/wp-json\/wp\/v2\/posts\/5796"}],"collection":[{"href":"https:\/\/www.manaus.am.gov.br\/seminf\/wp-json\/wp\/v2\/posts"}],"about":[{"href":"https:\/\/www.manaus.am.gov.br\/seminf\/wp-json\/wp\/v2\/types\/post"}],"author":[{"embeddable":true,"href":"https:\/\/www.manaus.am.gov.br\/seminf\/wp-json\/wp\/v2\/users\/39"}],"replies":[{"embeddable":true,"href":"https:\/\/www.manaus.am.gov.br\/seminf\/wp-json\/wp\/v2\/comments?post=5796"}],"version-history":[{"count":1,"href":"https:\/\/www.manaus.am.gov.br\/seminf\/wp-json\/wp\/v2\/posts\/5796\/revisions"}],"predecessor-version":[{"id":5797,"href":"https:\/\/www.manaus.am.gov.br\/seminf\/wp-json\/wp\/v2\/posts\/5796\/revisions\/5797"}],"wp:featuredmedia":[{"embeddable":true,"href":"https:\/\/www.manaus.am.gov.br\/seminf\/wp-json\/wp\/v2\/media\/5339"}],"wp:attachment":[{"href":"https:\/\/www.manaus.am.gov.br\/seminf\/wp-json\/wp\/v2\/media?parent=5796"}],"wp:term":[{"taxonomy":"category","embeddable":true,"href":"https:\/\/www.manaus.am.gov.br\/seminf\/wp-json\/wp\/v2\/categories?post=5796"},{"taxonomy":"post_tag","embeddable":true,"href":"https:\/\/www.manaus.am.gov.br\/seminf\/wp-json\/wp\/v2\/tags?post=5796"}],"curies":[{"name":"wp","href":"https:\/\/api.w.org\/{rel}","templated":true}]}}