{"id":5762,"date":"2025-06-18T17:31:18","date_gmt":"2025-06-18T21:31:18","guid":{"rendered":"https:\/\/www.manaus.am.gov.br\/seminf\/prefeitura-de-manaus-realiza-manutencao-em-rede-de-drenagem-profunda-na-avenida-solimoes\/"},"modified":"2025-06-18T17:31:20","modified_gmt":"2025-06-18T21:31:20","slug":"prefeitura-de-manaus-realiza-manutencao-em-rede-de-drenagem-profunda-na-avenida-solimoes","status":"publish","type":"post","link":"https:\/\/www.manaus.am.gov.br\/seminf\/prefeitura-de-manaus-realiza-manutencao-em-rede-de-drenagem-profunda-na-avenida-solimoes\/","title":{"rendered":"Prefeitura de Manaus realiza manuten\u00e7\u00e3o em rede de drenagem profunda na avenida Solim\u00f5es"},"content":{"rendered":"\n<p>A Prefeitura de Manaus, por meio da Secretaria Municipal de Infraestrutura (Seminf), realizou, nesta quarta-feira, 18\/6, uma obra emergencial de recupera\u00e7\u00e3o da rede de drenagem profunda na avenida Solim\u00f5es, no bairro Japiim, zona Sul da capital.<\/p>\n\n\n\n<p>A interven\u00e7\u00e3o faz parte do plano de manuten\u00e7\u00e3o no sistema de drenagem da gest\u00e3o municipal e teve como objetivo solucionar um problema cr\u00f4nico de alagamentos na regi\u00e3o, causado por danos na rede pluvial subterr\u00e2nea. Durante a execu\u00e7\u00e3o da obra, as equipes substitu\u00edram tr\u00eas tubos de concreto com 60 cent\u00edmetros de di\u00e2metro, que estavam quebrados e comprometiam o escoamento das \u00e1guas das chuvas.<\/p>\n\n\n\n<p>Segundo o vice-prefeito e secret\u00e1rio municipal de Obras, Renato J\u00fanior, a a\u00e7\u00e3o foi uma determina\u00e7\u00e3o direta do prefeito David Almeida.<\/p>\n\n\n\n<p>\u201cEstamos atuando de forma cont\u00ednua para garantir mais seguran\u00e7a e mobilidade \u00e0 popula\u00e7\u00e3o. Essa interven\u00e7\u00e3o \u00e9 essencial para evitar transtornos maiores, principalmente nos dias de chuva\u201d, afirmou.<\/p>\n\n\n\n<p>As equipes utilizaram maquin\u00e1rio especializado para agilizar os servi\u00e7os e reduzir os impactos no tr\u00e1fego da via, bastante movimentada. A atua\u00e7\u00e3o r\u00e1pida tamb\u00e9m teve como foco prevenir o agravamento da eros\u00e3o e infiltra\u00e7\u00f5es, que poderiam comprometer a estrutura da avenida.<\/p>\n\n\n\n<p>Moradores da \u00e1rea acompanharam os servi\u00e7os e aprovaram a a\u00e7\u00e3o. \u201cQuero agradecer \u00e0 Prefeitura de Manaus e ao distrito de obras de Petr\u00f3polis por atenderem minha solicita\u00e7\u00e3o. O servi\u00e7o foi executado com efici\u00eancia\u201d, declarou o t\u00e9cnico de seguran\u00e7a Luiz Fernando Matos, 54.<\/p>\n\n\n\n<p>A Prefeitura de Manaus segue intensificando os trabalhos de infraestrutura em diversos bairros da cidade, com frentes de servi\u00e7o simult\u00e2neas, priorizando \u00e1reas com maior necessidade de interven\u00e7\u00e3o estrutural.<\/p>\n\n\n\n<p>&#8212; &#8212; &#8212;<\/p>\n\n\n\n<p><strong>Texto &#8211;<\/strong> Maria Amed \/ Seminf<\/p>\n\n\n\n<p><strong>Fotos &#8211;<\/strong> Alessandro Ara\u00fajo \/ Seminf<\/p>\n\n\n\n<p><\/p>\n","protected":false},"excerpt":{"rendered":"","protected":false},"author":57,"featured_media":5763,"comment_status":"closed","ping_status":"closed","sticky":false,"template":"","format":"standard","meta":{"footnotes":""},"categories":[3],"tags":[2183,127,69,43,26],"acf":[],"yoast_head":"<!-- This site is optimized with the Yoast SEO plugin v23.0 - https:\/\/yoast.com\/wordpress\/plugins\/seo\/ -->\n<title>PMM realiza manuten\u00e7\u00e3o em rede de drenagem profunda na avenida Solim\u00f5es<\/title>\n<meta name=\"robots\" content=\"index, follow, max-snippet:-1, max-image-preview:large, max-video-preview:-1\" \/>\n<link rel=\"canonical\" href=\"https:\/\/www.manaus.am.gov.br\/seminf\/prefeitura-de-manaus-realiza-manutencao-em-rede-de-drenagem-profunda-na-avenida-solimoes\/\" \/>\n<meta property=\"og:locale\" content=\"pt_BR\" \/>\n<meta property=\"og:type\" content=\"article\" \/>\n<meta property=\"og:title\" content=\"PMM realiza manuten\u00e7\u00e3o em rede de drenagem profunda na avenida Solim\u00f5es\" \/>\n<meta property=\"og:url\" content=\"https:\/\/www.manaus.am.gov.br\/seminf\/prefeitura-de-manaus-realiza-manutencao-em-rede-de-drenagem-profunda-na-avenida-solimoes\/\" \/>\n<meta property=\"og:site_name\" content=\"SEMINF\" \/>\n<meta property=\"article:published_time\" content=\"2025-06-18T21:31:18+00:00\" \/>\n<meta property=\"article:modified_time\" content=\"2025-06-18T21:31:20+00:00\" \/>\n<meta property=\"og:image\" content=\"https:\/\/www.manaus.am.gov.br\/seminf\/wp-content\/uploads\/sites\/6\/2025\/06\/IMG_2720.jpg\" \/>\n\t<meta property=\"og:image:width\" content=\"1200\" \/>\n\t<meta property=\"og:image:height\" content=\"900\" \/>\n\t<meta property=\"og:image:type\" content=\"image\/jpeg\" \/>\n<meta name=\"author\" content=\"Thiago Fernando\" \/>\n<meta name=\"twitter:card\" content=\"summary_large_image\" \/>\n<meta name=\"twitter:label1\" content=\"Written by\" \/>\n\t<meta name=\"twitter:data1\" content=\"Thiago Fernando\" \/>\n\t<meta name=\"twitter:label2\" content=\"Est. reading time\" \/>\n\t<meta name=\"twitter:data2\" content=\"2 minutos\" \/>\n<script type=\"application\/ld+json\" class=\"yoast-schema-graph\">{\"@context\":\"https:\/\/schema.org\",\"@graph\":[{\"@type\":\"WebPage\",\"@id\":\"https:\/\/www.manaus.am.gov.br\/seminf\/prefeitura-de-manaus-realiza-manutencao-em-rede-de-drenagem-profunda-na-avenida-solimoes\/\",\"url\":\"https:\/\/www.manaus.am.gov.br\/seminf\/prefeitura-de-manaus-realiza-manutencao-em-rede-de-drenagem-profunda-na-avenida-solimoes\/\",\"name\":\"PMM realiza manuten\u00e7\u00e3o em rede de drenagem profunda na avenida Solim\u00f5es\",\"isPartOf\":{\"@id\":\"https:\/\/www.manaus.am.gov.br\/seminf\/#website\"},\"primaryImageOfPage\":{\"@id\":\"https:\/\/www.manaus.am.gov.br\/seminf\/prefeitura-de-manaus-realiza-manutencao-em-rede-de-drenagem-profunda-na-avenida-solimoes\/#primaryimage\"},\"image\":{\"@id\":\"https:\/\/www.manaus.am.gov.br\/seminf\/prefeitura-de-manaus-realiza-manutencao-em-rede-de-drenagem-profunda-na-avenida-solimoes\/#primaryimage\"},\"thumbnailUrl\":\"https:\/\/www.manaus.am.gov.br\/seminf\/wp-content\/uploads\/sites\/6\/2025\/06\/IMG_2720.jpg\",\"datePublished\":\"2025-06-18T21:31:18+00:00\",\"dateModified\":\"2025-06-18T21:31:20+00:00\",\"author\":{\"@id\":\"https:\/\/www.manaus.am.gov.br\/seminf\/#\/schema\/person\/a5ee5376db6e21af026374b369f30882\"},\"inLanguage\":\"pt-BR\",\"potentialAction\":[{\"@type\":\"ReadAction\",\"target\":[\"https:\/\/www.manaus.am.gov.br\/seminf\/prefeitura-de-manaus-realiza-manutencao-em-rede-de-drenagem-profunda-na-avenida-solimoes\/\"]}]},{\"@type\":\"ImageObject\",\"inLanguage\":\"pt-BR\",\"@id\":\"https:\/\/www.manaus.am.gov.br\/seminf\/prefeitura-de-manaus-realiza-manutencao-em-rede-de-drenagem-profunda-na-avenida-solimoes\/#primaryimage\",\"url\":\"https:\/\/www.manaus.am.gov.br\/seminf\/wp-content\/uploads\/sites\/6\/2025\/06\/IMG_2720.jpg\",\"contentUrl\":\"https:\/\/www.manaus.am.gov.br\/seminf\/wp-content\/uploads\/sites\/6\/2025\/06\/IMG_2720.jpg\",\"width\":1200,\"height\":900},{\"@type\":\"WebSite\",\"@id\":\"https:\/\/www.manaus.am.gov.br\/seminf\/#website\",\"url\":\"https:\/\/www.manaus.am.gov.br\/seminf\/\",\"name\":\"Secretaria de Infraestrutura\",\"description\":\"Secretaria Municipal de Infraestrutura\",\"potentialAction\":[{\"@type\":\"SearchAction\",\"target\":{\"@type\":\"EntryPoint\",\"urlTemplate\":\"https:\/\/www.manaus.am.gov.br\/seminf\/?s={search_term_string}\"},\"query-input\":\"required name=search_term_string\"}],\"inLanguage\":\"pt-BR\"},{\"@type\":\"Person\",\"@id\":\"https:\/\/www.manaus.am.gov.br\/seminf\/#\/schema\/person\/a5ee5376db6e21af026374b369f30882\",\"name\":\"Thiago Fernando\",\"image\":{\"@type\":\"ImageObject\",\"inLanguage\":\"pt-BR\",\"@id\":\"https:\/\/www.manaus.am.gov.br\/seminf\/#\/schema\/person\/image\/\",\"url\":\"https:\/\/secure.gravatar.com\/avatar\/f5aab8722444041451501c077052ac07?s=96&d=mm&r=g\",\"contentUrl\":\"https:\/\/secure.gravatar.com\/avatar\/f5aab8722444041451501c077052ac07?s=96&d=mm&r=g\",\"caption\":\"Thiago Fernando\"}}]}<\/script>\n<!-- \/ Yoast SEO plugin. -->","yoast_head_json":{"title":"PMM realiza manuten\u00e7\u00e3o em rede de drenagem profunda na avenida Solim\u00f5es","robots":{"index":"index","follow":"follow","max-snippet":"max-snippet:-1","max-image-preview":"max-image-preview:large","max-video-preview":"max-video-preview:-1"},"canonical":"https:\/\/www.manaus.am.gov.br\/seminf\/prefeitura-de-manaus-realiza-manutencao-em-rede-de-drenagem-profunda-na-avenida-solimoes\/","og_locale":"pt_BR","og_type":"article","og_title":"PMM realiza manuten\u00e7\u00e3o em rede de drenagem profunda na avenida Solim\u00f5es","og_url":"https:\/\/www.manaus.am.gov.br\/seminf\/prefeitura-de-manaus-realiza-manutencao-em-rede-de-drenagem-profunda-na-avenida-solimoes\/","og_site_name":"SEMINF","article_published_time":"2025-06-18T21:31:18+00:00","article_modified_time":"2025-06-18T21:31:20+00:00","og_image":[{"width":1200,"height":900,"url":"https:\/\/www.manaus.am.gov.br\/seminf\/wp-content\/uploads\/sites\/6\/2025\/06\/IMG_2720.jpg","type":"image\/jpeg"}],"author":"Thiago Fernando","twitter_card":"summary_large_image","twitter_misc":{"Written by":"Thiago Fernando","Est. reading time":"2 minutos"},"schema":{"@context":"https:\/\/schema.org","@graph":[{"@type":"WebPage","@id":"https:\/\/www.manaus.am.gov.br\/seminf\/prefeitura-de-manaus-realiza-manutencao-em-rede-de-drenagem-profunda-na-avenida-solimoes\/","url":"https:\/\/www.manaus.am.gov.br\/seminf\/prefeitura-de-manaus-realiza-manutencao-em-rede-de-drenagem-profunda-na-avenida-solimoes\/","name":"PMM realiza manuten\u00e7\u00e3o em rede de drenagem profunda na avenida Solim\u00f5es","isPartOf":{"@id":"https:\/\/www.manaus.am.gov.br\/seminf\/#website"},"primaryImageOfPage":{"@id":"https:\/\/www.manaus.am.gov.br\/seminf\/prefeitura-de-manaus-realiza-manutencao-em-rede-de-drenagem-profunda-na-avenida-solimoes\/#primaryimage"},"image":{"@id":"https:\/\/www.manaus.am.gov.br\/seminf\/prefeitura-de-manaus-realiza-manutencao-em-rede-de-drenagem-profunda-na-avenida-solimoes\/#primaryimage"},"thumbnailUrl":"https:\/\/www.manaus.am.gov.br\/seminf\/wp-content\/uploads\/sites\/6\/2025\/06\/IMG_2720.jpg","datePublished":"2025-06-18T21:31:18+00:00","dateModified":"2025-06-18T21:31:20+00:00","author":{"@id":"https:\/\/www.manaus.am.gov.br\/seminf\/#\/schema\/person\/a5ee5376db6e21af026374b369f30882"},"inLanguage":"pt-BR","potentialAction":[{"@type":"ReadAction","target":["https:\/\/www.manaus.am.gov.br\/seminf\/prefeitura-de-manaus-realiza-manutencao-em-rede-de-drenagem-profunda-na-avenida-solimoes\/"]}]},{"@type":"ImageObject","inLanguage":"pt-BR","@id":"https:\/\/www.manaus.am.gov.br\/seminf\/prefeitura-de-manaus-realiza-manutencao-em-rede-de-drenagem-profunda-na-avenida-solimoes\/#primaryimage","url":"https:\/\/www.manaus.am.gov.br\/seminf\/wp-content\/uploads\/sites\/6\/2025\/06\/IMG_2720.jpg","contentUrl":"https:\/\/www.manaus.am.gov.br\/seminf\/wp-content\/uploads\/sites\/6\/2025\/06\/IMG_2720.jpg","width":1200,"height":900},{"@type":"WebSite","@id":"https:\/\/www.manaus.am.gov.br\/seminf\/#website","url":"https:\/\/www.manaus.am.gov.br\/seminf\/","name":"Secretaria de Infraestrutura","description":"Secretaria Municipal de Infraestrutura","potentialAction":[{"@type":"SearchAction","target":{"@type":"EntryPoint","urlTemplate":"https:\/\/www.manaus.am.gov.br\/seminf\/?s={search_term_string}"},"query-input":"required name=search_term_string"}],"inLanguage":"pt-BR"},{"@type":"Person","@id":"https:\/\/www.manaus.am.gov.br\/seminf\/#\/schema\/person\/a5ee5376db6e21af026374b369f30882","name":"Thiago Fernando","image":{"@type":"ImageObject","inLanguage":"pt-BR","@id":"https:\/\/www.manaus.am.gov.br\/seminf\/#\/schema\/person\/image\/","url":"https:\/\/secure.gravatar.com\/avatar\/f5aab8722444041451501c077052ac07?s=96&d=mm&r=g","contentUrl":"https:\/\/secure.gravatar.com\/avatar\/f5aab8722444041451501c077052ac07?s=96&d=mm&r=g","caption":"Thiago Fernando"}}]}},"_links":{"self":[{"href":"https:\/\/www.manaus.am.gov.br\/seminf\/wp-json\/wp\/v2\/posts\/5762"}],"collection":[{"href":"https:\/\/www.manaus.am.gov.br\/seminf\/wp-json\/wp\/v2\/posts"}],"about":[{"href":"https:\/\/www.manaus.am.gov.br\/seminf\/wp-json\/wp\/v2\/types\/post"}],"author":[{"embeddable":true,"href":"https:\/\/www.manaus.am.gov.br\/seminf\/wp-json\/wp\/v2\/users\/57"}],"replies":[{"embeddable":true,"href":"https:\/\/www.manaus.am.gov.br\/seminf\/wp-json\/wp\/v2\/comments?post=5762"}],"version-history":[{"count":0,"href":"https:\/\/www.manaus.am.gov.br\/seminf\/wp-json\/wp\/v2\/posts\/5762\/revisions"}],"wp:featuredmedia":[{"embeddable":true,"href":"https:\/\/www.manaus.am.gov.br\/seminf\/wp-json\/wp\/v2\/media\/5763"}],"wp:attachment":[{"href":"https:\/\/www.manaus.am.gov.br\/seminf\/wp-json\/wp\/v2\/media?parent=5762"}],"wp:term":[{"taxonomy":"category","embeddable":true,"href":"https:\/\/www.manaus.am.gov.br\/seminf\/wp-json\/wp\/v2\/categories?post=5762"},{"taxonomy":"post_tag","embeddable":true,"href":"https:\/\/www.manaus.am.gov.br\/seminf\/wp-json\/wp\/v2\/tags?post=5762"}],"curies":[{"name":"wp","href":"https:\/\/api.w.org\/{rel}","templated":true}]}}