{"id":5750,"date":"2025-06-18T16:39:28","date_gmt":"2025-06-18T20:39:28","guid":{"rendered":"https:\/\/www.manaus.am.gov.br\/seminf\/tancredo-neves-mutirao-no-bairro\/"},"modified":"2025-06-18T16:39:28","modified_gmt":"2025-06-18T20:39:28","slug":"tancredo-neves-mutirao-no-bairro","status":"publish","type":"post","link":"https:\/\/www.manaus.am.gov.br\/seminf\/tancredo-neves-mutirao-no-bairro\/","title":{"rendered":"Bairro Tancredo Neves ganha cara nova com mutir\u00e3o da Prefeitura de Manaus"},"content":{"rendered":"\n<p>A Prefeitura de Manaus, por meio da Secretaria Municipal de Infraestrutura (Seminf), intensifica os trabalhos no bairro Tancredo Neves, na zona Leste, com mais uma edi\u00e7\u00e3o do programa \u201cMutir\u00e3o no Bairro\u201d. As a\u00e7\u00f5es incluem servi\u00e7os de manuten\u00e7\u00e3o vi\u00e1ria, que est\u00e3o transformando a realidade das ruas e melhorando o dia a dia dos moradores.<\/p>\n\n\n\n<p>O vice-prefeito e secret\u00e1rio de Obras, Renato Junior, acompanhou de perto os trabalhos e refor\u00e7ou o compromisso da gest\u00e3o municipal com as comunidades. \u201cOuvimos as necessidades da popula\u00e7\u00e3o e estamos aqui, atendendo com servi\u00e7os de qualidade. A miss\u00e3o dada pelo prefeito David Almeida \u00e9 levar infraestrutura, seguran\u00e7a e dignidade ao maior n\u00famero de fam\u00edlias poss\u00edvel\u201d, destacou.<\/p>\n\n\n\n<p>Antes de receberem o novo asfalto, as ruas passam por servi\u00e7os de limpeza e prepara\u00e7\u00e3o do solo, com o uso de retroescavadeira para acelerar o processo. Na travessa Toma-Toma foram aplicadas 20 toneladas de massa asf\u00e1ltica. A opera\u00e7\u00e3o tamb\u00e9m chegou \u00e0s ruas Girassol e Nelson Pinheiro, beneficiando diretamente motoristas, pedestres e moradores.<\/p>\n\n\n\n<p>Moradora h\u00e1 mais de duas d\u00e9cadas na travessa Toma-Toma, a dom\u00e9stica Edna Nunes, de 60 anos, celebrou a chegada das equipes. \u201cFoi uma alegria ver esse trabalho acontecendo. Est\u00e1vamos precisando h\u00e1 muito tempo. Vai melhorar muito para quem tem carro, moto, e tamb\u00e9m para quem anda a p\u00e9. S\u00f3 temos a agradecer\u201d, comentou.<\/p>\n\n\n\n<p>O \u201cMutir\u00e3o no Bairro\u201d segue avan\u00e7ando por diversas zonas da capital, promovendo melhorias urbanas e mais qualidade de vida para a popula\u00e7\u00e3o manauara.<\/p>\n\n\n\n<figure class=\"wp-block-image size-large\"><img loading=\"lazy\" decoding=\"async\" width=\"1024\" height=\"682\" src=\"https:\/\/www.manaus.am.gov.br\/seminf\/wp-content\/uploads\/sites\/6\/2025\/06\/Mutirao-8-1024x682.jpeg\" alt=\"\" class=\"wp-image-5751\" srcset=\"https:\/\/www.manaus.am.gov.br\/seminf\/wp-content\/uploads\/sites\/6\/2025\/06\/Mutirao-8-1024x682.jpeg 1024w, https:\/\/www.manaus.am.gov.br\/seminf\/wp-content\/uploads\/sites\/6\/2025\/06\/Mutirao-8-300x200.jpeg 300w, https:\/\/www.manaus.am.gov.br\/seminf\/wp-content\/uploads\/sites\/6\/2025\/06\/Mutirao-8-768x512.jpeg 768w, https:\/\/www.manaus.am.gov.br\/seminf\/wp-content\/uploads\/sites\/6\/2025\/06\/Mutirao-8-1536x1023.jpeg 1536w, https:\/\/www.manaus.am.gov.br\/seminf\/wp-content\/uploads\/sites\/6\/2025\/06\/Mutirao-8.jpeg 1600w\" sizes=\"(max-width: 1024px) 100vw, 1024px\" \/><\/figure>\n\n\n\n<p>&#8212; &#8212; &#8212;<\/p>\n\n\n\n<p><strong>Texto\u00a0<\/strong>&#8211; Eduarda Lira\/Seminf<\/p>\n\n\n\n<p><strong>Fotos &#8211;<\/strong> M\u00e1rcio Melo\/Seminf<\/p>\n","protected":false},"excerpt":{"rendered":"","protected":false},"author":39,"featured_media":5752,"comment_status":"closed","ping_status":"closed","sticky":false,"template":"","format":"standard","meta":{"footnotes":""},"categories":[3],"tags":[1747,2180,43,26,58],"acf":[],"yoast_head":"<!-- This site is optimized with the Yoast SEO plugin v23.0 - https:\/\/yoast.com\/wordpress\/plugins\/seo\/ -->\n<title>Tancredo Neves ganha cara nova com mutir\u00e3o da prefeitura<\/title>\n<meta name=\"description\" content=\"Bairro Tancredo Neves ganha cara nova com mutir\u00e3o da Prefeitura de Manaus, por meio da Seminf, nesta quarta-feira, 18\/6.\" \/>\n<meta name=\"robots\" content=\"index, follow, max-snippet:-1, max-image-preview:large, max-video-preview:-1\" \/>\n<link rel=\"canonical\" href=\"https:\/\/www.manaus.am.gov.br\/seminf\/tancredo-neves-mutirao-no-bairro\/\" \/>\n<meta property=\"og:locale\" content=\"pt_BR\" \/>\n<meta property=\"og:type\" content=\"article\" \/>\n<meta property=\"og:title\" content=\"Tancredo Neves ganha cara nova com mutir\u00e3o da prefeitura\" \/>\n<meta property=\"og:description\" content=\"Bairro Tancredo Neves ganha cara nova com mutir\u00e3o da Prefeitura de Manaus, por meio da Seminf, nesta quarta-feira, 18\/6.\" \/>\n<meta property=\"og:url\" content=\"https:\/\/www.manaus.am.gov.br\/seminf\/tancredo-neves-mutirao-no-bairro\/\" \/>\n<meta property=\"og:site_name\" content=\"SEMINF\" \/>\n<meta property=\"article:published_time\" content=\"2025-06-18T20:39:28+00:00\" \/>\n<meta property=\"og:image\" content=\"https:\/\/www.manaus.am.gov.br\/seminf\/wp-content\/uploads\/sites\/6\/2025\/06\/Mutirao-1.jpeg\" \/>\n\t<meta property=\"og:image:width\" content=\"1600\" \/>\n\t<meta property=\"og:image:height\" content=\"1066\" \/>\n\t<meta property=\"og:image:type\" content=\"image\/jpeg\" \/>\n<meta name=\"author\" content=\"Bruna Greco\" \/>\n<meta name=\"twitter:card\" content=\"summary_large_image\" \/>\n<meta name=\"twitter:label1\" content=\"Written by\" \/>\n\t<meta name=\"twitter:data1\" content=\"Bruna Greco\" \/>\n\t<meta name=\"twitter:label2\" content=\"Est. reading time\" \/>\n\t<meta name=\"twitter:data2\" content=\"2 minutos\" \/>\n<script type=\"application\/ld+json\" class=\"yoast-schema-graph\">{\"@context\":\"https:\/\/schema.org\",\"@graph\":[{\"@type\":\"WebPage\",\"@id\":\"https:\/\/www.manaus.am.gov.br\/seminf\/tancredo-neves-mutirao-no-bairro\/\",\"url\":\"https:\/\/www.manaus.am.gov.br\/seminf\/tancredo-neves-mutirao-no-bairro\/\",\"name\":\"Tancredo Neves ganha cara nova com mutir\u00e3o da prefeitura\",\"isPartOf\":{\"@id\":\"https:\/\/www.manaus.am.gov.br\/seminf\/#website\"},\"primaryImageOfPage\":{\"@id\":\"https:\/\/www.manaus.am.gov.br\/seminf\/tancredo-neves-mutirao-no-bairro\/#primaryimage\"},\"image\":{\"@id\":\"https:\/\/www.manaus.am.gov.br\/seminf\/tancredo-neves-mutirao-no-bairro\/#primaryimage\"},\"thumbnailUrl\":\"https:\/\/www.manaus.am.gov.br\/seminf\/wp-content\/uploads\/sites\/6\/2025\/06\/Mutirao-1.jpeg\",\"datePublished\":\"2025-06-18T20:39:28+00:00\",\"dateModified\":\"2025-06-18T20:39:28+00:00\",\"author\":{\"@id\":\"https:\/\/www.manaus.am.gov.br\/seminf\/#\/schema\/person\/05d223aea2bf115f9883a6ff3683d81b\"},\"description\":\"Bairro Tancredo Neves ganha cara nova com mutir\u00e3o da Prefeitura de Manaus, por meio da Seminf, nesta quarta-feira, 18\/6.\",\"inLanguage\":\"pt-BR\",\"potentialAction\":[{\"@type\":\"ReadAction\",\"target\":[\"https:\/\/www.manaus.am.gov.br\/seminf\/tancredo-neves-mutirao-no-bairro\/\"]}]},{\"@type\":\"ImageObject\",\"inLanguage\":\"pt-BR\",\"@id\":\"https:\/\/www.manaus.am.gov.br\/seminf\/tancredo-neves-mutirao-no-bairro\/#primaryimage\",\"url\":\"https:\/\/www.manaus.am.gov.br\/seminf\/wp-content\/uploads\/sites\/6\/2025\/06\/Mutirao-1.jpeg\",\"contentUrl\":\"https:\/\/www.manaus.am.gov.br\/seminf\/wp-content\/uploads\/sites\/6\/2025\/06\/Mutirao-1.jpeg\",\"width\":1600,\"height\":1066,\"caption\":\"#paratodosverem - Equipe da Seminf realizando a recupera\u00e7\u00e3o de via no bairro Tancredo Neves durante mutir\u00e3o\"},{\"@type\":\"WebSite\",\"@id\":\"https:\/\/www.manaus.am.gov.br\/seminf\/#website\",\"url\":\"https:\/\/www.manaus.am.gov.br\/seminf\/\",\"name\":\"Secretaria de Infraestrutura\",\"description\":\"Secretaria Municipal de Infraestrutura\",\"potentialAction\":[{\"@type\":\"SearchAction\",\"target\":{\"@type\":\"EntryPoint\",\"urlTemplate\":\"https:\/\/www.manaus.am.gov.br\/seminf\/?s={search_term_string}\"},\"query-input\":\"required name=search_term_string\"}],\"inLanguage\":\"pt-BR\"},{\"@type\":\"Person\",\"@id\":\"https:\/\/www.manaus.am.gov.br\/seminf\/#\/schema\/person\/05d223aea2bf115f9883a6ff3683d81b\",\"name\":\"Bruna Greco\",\"image\":{\"@type\":\"ImageObject\",\"inLanguage\":\"pt-BR\",\"@id\":\"https:\/\/www.manaus.am.gov.br\/seminf\/#\/schema\/person\/image\/\",\"url\":\"https:\/\/secure.gravatar.com\/avatar\/9c877d1a6adc2a055330e5c09a8653ce?s=96&d=mm&r=g\",\"contentUrl\":\"https:\/\/secure.gravatar.com\/avatar\/9c877d1a6adc2a055330e5c09a8653ce?s=96&d=mm&r=g\",\"caption\":\"Bruna Greco\"}}]}<\/script>\n<!-- \/ Yoast SEO plugin. -->","yoast_head_json":{"title":"Tancredo Neves ganha cara nova com mutir\u00e3o da prefeitura","description":"Bairro Tancredo Neves ganha cara nova com mutir\u00e3o da Prefeitura de Manaus, por meio da Seminf, nesta quarta-feira, 18\/6.","robots":{"index":"index","follow":"follow","max-snippet":"max-snippet:-1","max-image-preview":"max-image-preview:large","max-video-preview":"max-video-preview:-1"},"canonical":"https:\/\/www.manaus.am.gov.br\/seminf\/tancredo-neves-mutirao-no-bairro\/","og_locale":"pt_BR","og_type":"article","og_title":"Tancredo Neves ganha cara nova com mutir\u00e3o da prefeitura","og_description":"Bairro Tancredo Neves ganha cara nova com mutir\u00e3o da Prefeitura de Manaus, por meio da Seminf, nesta quarta-feira, 18\/6.","og_url":"https:\/\/www.manaus.am.gov.br\/seminf\/tancredo-neves-mutirao-no-bairro\/","og_site_name":"SEMINF","article_published_time":"2025-06-18T20:39:28+00:00","og_image":[{"width":1600,"height":1066,"url":"https:\/\/www.manaus.am.gov.br\/seminf\/wp-content\/uploads\/sites\/6\/2025\/06\/Mutirao-1.jpeg","type":"image\/jpeg"}],"author":"Bruna Greco","twitter_card":"summary_large_image","twitter_misc":{"Written by":"Bruna Greco","Est. reading time":"2 minutos"},"schema":{"@context":"https:\/\/schema.org","@graph":[{"@type":"WebPage","@id":"https:\/\/www.manaus.am.gov.br\/seminf\/tancredo-neves-mutirao-no-bairro\/","url":"https:\/\/www.manaus.am.gov.br\/seminf\/tancredo-neves-mutirao-no-bairro\/","name":"Tancredo Neves ganha cara nova com mutir\u00e3o da prefeitura","isPartOf":{"@id":"https:\/\/www.manaus.am.gov.br\/seminf\/#website"},"primaryImageOfPage":{"@id":"https:\/\/www.manaus.am.gov.br\/seminf\/tancredo-neves-mutirao-no-bairro\/#primaryimage"},"image":{"@id":"https:\/\/www.manaus.am.gov.br\/seminf\/tancredo-neves-mutirao-no-bairro\/#primaryimage"},"thumbnailUrl":"https:\/\/www.manaus.am.gov.br\/seminf\/wp-content\/uploads\/sites\/6\/2025\/06\/Mutirao-1.jpeg","datePublished":"2025-06-18T20:39:28+00:00","dateModified":"2025-06-18T20:39:28+00:00","author":{"@id":"https:\/\/www.manaus.am.gov.br\/seminf\/#\/schema\/person\/05d223aea2bf115f9883a6ff3683d81b"},"description":"Bairro Tancredo Neves ganha cara nova com mutir\u00e3o da Prefeitura de Manaus, por meio da Seminf, nesta quarta-feira, 18\/6.","inLanguage":"pt-BR","potentialAction":[{"@type":"ReadAction","target":["https:\/\/www.manaus.am.gov.br\/seminf\/tancredo-neves-mutirao-no-bairro\/"]}]},{"@type":"ImageObject","inLanguage":"pt-BR","@id":"https:\/\/www.manaus.am.gov.br\/seminf\/tancredo-neves-mutirao-no-bairro\/#primaryimage","url":"https:\/\/www.manaus.am.gov.br\/seminf\/wp-content\/uploads\/sites\/6\/2025\/06\/Mutirao-1.jpeg","contentUrl":"https:\/\/www.manaus.am.gov.br\/seminf\/wp-content\/uploads\/sites\/6\/2025\/06\/Mutirao-1.jpeg","width":1600,"height":1066,"caption":"#paratodosverem - Equipe da Seminf realizando a recupera\u00e7\u00e3o de via no bairro Tancredo Neves durante mutir\u00e3o"},{"@type":"WebSite","@id":"https:\/\/www.manaus.am.gov.br\/seminf\/#website","url":"https:\/\/www.manaus.am.gov.br\/seminf\/","name":"Secretaria de Infraestrutura","description":"Secretaria Municipal de Infraestrutura","potentialAction":[{"@type":"SearchAction","target":{"@type":"EntryPoint","urlTemplate":"https:\/\/www.manaus.am.gov.br\/seminf\/?s={search_term_string}"},"query-input":"required name=search_term_string"}],"inLanguage":"pt-BR"},{"@type":"Person","@id":"https:\/\/www.manaus.am.gov.br\/seminf\/#\/schema\/person\/05d223aea2bf115f9883a6ff3683d81b","name":"Bruna Greco","image":{"@type":"ImageObject","inLanguage":"pt-BR","@id":"https:\/\/www.manaus.am.gov.br\/seminf\/#\/schema\/person\/image\/","url":"https:\/\/secure.gravatar.com\/avatar\/9c877d1a6adc2a055330e5c09a8653ce?s=96&d=mm&r=g","contentUrl":"https:\/\/secure.gravatar.com\/avatar\/9c877d1a6adc2a055330e5c09a8653ce?s=96&d=mm&r=g","caption":"Bruna Greco"}}]}},"_links":{"self":[{"href":"https:\/\/www.manaus.am.gov.br\/seminf\/wp-json\/wp\/v2\/posts\/5750"}],"collection":[{"href":"https:\/\/www.manaus.am.gov.br\/seminf\/wp-json\/wp\/v2\/posts"}],"about":[{"href":"https:\/\/www.manaus.am.gov.br\/seminf\/wp-json\/wp\/v2\/types\/post"}],"author":[{"embeddable":true,"href":"https:\/\/www.manaus.am.gov.br\/seminf\/wp-json\/wp\/v2\/users\/39"}],"replies":[{"embeddable":true,"href":"https:\/\/www.manaus.am.gov.br\/seminf\/wp-json\/wp\/v2\/comments?post=5750"}],"version-history":[{"count":1,"href":"https:\/\/www.manaus.am.gov.br\/seminf\/wp-json\/wp\/v2\/posts\/5750\/revisions"}],"predecessor-version":[{"id":5753,"href":"https:\/\/www.manaus.am.gov.br\/seminf\/wp-json\/wp\/v2\/posts\/5750\/revisions\/5753"}],"wp:featuredmedia":[{"embeddable":true,"href":"https:\/\/www.manaus.am.gov.br\/seminf\/wp-json\/wp\/v2\/media\/5752"}],"wp:attachment":[{"href":"https:\/\/www.manaus.am.gov.br\/seminf\/wp-json\/wp\/v2\/media?parent=5750"}],"wp:term":[{"taxonomy":"category","embeddable":true,"href":"https:\/\/www.manaus.am.gov.br\/seminf\/wp-json\/wp\/v2\/categories?post=5750"},{"taxonomy":"post_tag","embeddable":true,"href":"https:\/\/www.manaus.am.gov.br\/seminf\/wp-json\/wp\/v2\/tags?post=5750"}],"curies":[{"name":"wp","href":"https:\/\/api.w.org\/{rel}","templated":true}]}}