{"id":5737,"date":"2025-06-18T10:23:50","date_gmt":"2025-06-18T14:23:50","guid":{"rendered":"https:\/\/www.manaus.am.gov.br\/seminf\/rei-pele-apaga-historico-caos\/"},"modified":"2025-06-18T10:23:50","modified_gmt":"2025-06-18T14:23:50","slug":"rei-pele-apaga-historico-caos","status":"publish","type":"post","link":"https:\/\/www.manaus.am.gov.br\/seminf\/rei-pele-apaga-historico-caos\/","title":{"rendered":"Complexo vi\u00e1rio Rei Pel\u00e9 apaga hist\u00f3rico de caos na zona Leste e garante seguran\u00e7a e fluidez ap\u00f3s d\u00e9cadas de acidentes"},"content":{"rendered":"\n<p>A antiga Bola do Produtor, na zona Leste de Manaus, foi por d\u00e9cadas um n\u00f3 no tr\u00e2nsito da capital, entre congestionamentos cr\u00f4nicos, acidentes frequentes e um cen\u00e1rio que h\u00e1 tempos pedia solu\u00e7\u00e3o. Agora, prestes a ser entregue \u00e0 popula\u00e7\u00e3o pela Prefeitura de Manaus, o complexo vi\u00e1rio Rei Pel\u00e9 transforma a paisagem e vai mudar a rotina de milhares de motoristas e pedestres que diariamente enfrentam o caos.<\/p>\n\n\n\n<p>\u201cEra mais do que um problema de tr\u00e2nsito, era um sofrimento permanente. Fam\u00edlias inteiras perderam entes queridos aqui, acidentes eram rotina. Agora, o que a gente entrega \u00e9 seguran\u00e7a, fluidez e dignidade para quem vive e trabalha na zona Leste\u201d, resumiu o vice-prefeito e secret\u00e1rio de Obras, Renato Junior, em entrevista \u00e0 r\u00e1dio Difusora nesta manh\u00e3 de quarta-feira, 18\/6.<\/p>\n\n\n\n<p>No cora\u00e7\u00e3o do projeto, um sistema vi\u00e1rio multin\u00edvel: 589 metros de trincheira (o maior t\u00fanel vi\u00e1rio da hist\u00f3ria da capital), 320 metros de elevado e 340 metros de rotat\u00f3ria. Um volume impressionante de obras subterr\u00e2neas e estruturas de conten\u00e7\u00e3o desafiadas por len\u00e7ol fre\u00e1tico elevado, redes de alta tens\u00e3o e uma \u00e1rea comercial viva, que inclui a tradicional &#8220;feira do Produtor&#8221;.<\/p>\n\n\n\n<p>O projeto, no entanto, foi al\u00e9m da engenharia pesada. \u201cA gente n\u00e3o fez s\u00f3 asfalto. Trouxemos para c\u00e1 \u00e1reas de lazer que antes n\u00e3o existiam. Skate, MMA, zumba, playground, caminhada, basquete, academia ao ar livre. Quem mora aqui sabe que sempre usaram a \u00e1rea da rotat\u00f3ria para atividades. Agora ter\u00e3o um espa\u00e7o seguro e de qualidade para isso\u201d, explicou o vice-prefeito.<\/p>\n\n\n\n<figure class=\"wp-block-image size-large\"><img loading=\"lazy\" decoding=\"async\" width=\"1024\" height=\"683\" src=\"https:\/\/www.manaus.am.gov.br\/seminf\/wp-content\/uploads\/sites\/6\/2025\/06\/image12-1024x683.jpeg\" alt=\"\" class=\"wp-image-5739\" srcset=\"https:\/\/www.manaus.am.gov.br\/seminf\/wp-content\/uploads\/sites\/6\/2025\/06\/image12-1024x683.jpeg 1024w, https:\/\/www.manaus.am.gov.br\/seminf\/wp-content\/uploads\/sites\/6\/2025\/06\/image12-300x200.jpeg 300w, https:\/\/www.manaus.am.gov.br\/seminf\/wp-content\/uploads\/sites\/6\/2025\/06\/image12-768x512.jpeg 768w, https:\/\/www.manaus.am.gov.br\/seminf\/wp-content\/uploads\/sites\/6\/2025\/06\/image12-1536x1024.jpeg 1536w, https:\/\/www.manaus.am.gov.br\/seminf\/wp-content\/uploads\/sites\/6\/2025\/06\/image12-2048x1366.jpeg 2048w\" sizes=\"(max-width: 1024px) 100vw, 1024px\" \/><figcaption class=\"wp-element-caption\">#paraotodosverem playground em constru\u00e7\u00e3o na rotat\u00f3ria do complexo vi\u00e1rio<\/figcaption><\/figure>\n\n\n\n<p><strong>Fim de um gargalo hist\u00f3rico<\/strong><\/p>\n\n\n\n<p>Com entrega prevista para os pr\u00f3ximos dias, o Rei Pel\u00e9 encerra um cap\u00edtulo amargo de mobilidade urbana em Manaus. \u201cAqui n\u00e3o faltou t\u00e9cnica, nem coragem. Muitos sabiam da gravidade do problema, mas n\u00e3o encararam. A gest\u00e3o do prefeito David Almeida enfrentou\u201d, afirmou Renato Junior. Ele ainda detalhou que, mesmo com as chuvas frequentes, o cronograma foi mantido, com cerca de 600 trabalhadores revezando-se diariamente nas frentes de urbaniza\u00e7\u00e3o, pavimenta\u00e7\u00e3o e acabamento.<\/p>\n\n\n\n<figure class=\"wp-block-image size-large\"><img loading=\"lazy\" decoding=\"async\" width=\"1024\" height=\"576\" src=\"https:\/\/www.manaus.am.gov.br\/seminf\/wp-content\/uploads\/sites\/6\/2025\/06\/image8-1024x576.jpeg\" alt=\"\" class=\"wp-image-5738\" srcset=\"https:\/\/www.manaus.am.gov.br\/seminf\/wp-content\/uploads\/sites\/6\/2025\/06\/image8-1024x576.jpeg 1024w, https:\/\/www.manaus.am.gov.br\/seminf\/wp-content\/uploads\/sites\/6\/2025\/06\/image8-300x169.jpeg 300w, https:\/\/www.manaus.am.gov.br\/seminf\/wp-content\/uploads\/sites\/6\/2025\/06\/image8-768x432.jpeg 768w, https:\/\/www.manaus.am.gov.br\/seminf\/wp-content\/uploads\/sites\/6\/2025\/06\/image8-1536x864.jpeg 1536w, https:\/\/www.manaus.am.gov.br\/seminf\/wp-content\/uploads\/sites\/6\/2025\/06\/image8.jpeg 2015w\" sizes=\"(max-width: 1024px) 100vw, 1024px\" \/><figcaption class=\"wp-element-caption\">#paratodosverem vis\u00e3o a\u00e9rea da reta final das obras<\/figcaption><\/figure>\n\n\n\n<p><strong>Obra com alma comunit\u00e1ria<\/strong><\/p>\n\n\n\n<p>O vice-prefeito destacou que a manuten\u00e7\u00e3o da feira do Produtor foi um compromisso desde o in\u00edcio. \u201cN\u00e3o fazia sentido resolver o tr\u00e2nsito e destruir o com\u00e9rcio local. Ajustamos o projeto para preservar empregos e dar ainda mais acesso aos clientes da feira. \u00c9 o tr\u00e2nsito organizado com desenvolvimento econ\u00f4mico. \u00c9 para o povo\u201d, pontuou.<\/p>\n\n\n\n<p>\u201cTem gente que s\u00f3 mostra o que falta e esconde o que avan\u00e7a. Em vez de drone para mostrar buraco, deveriam mostrar a quantidade de fam\u00edlias hoje frequentando a lagoa da Compensa, o mirante L\u00facia Almeida, o Gigantes da Floresta. Sabemos dos problemas, claro. Mas escolhemos trabalhar e n\u00e3o reclamar. \u00c9 por isso que eu estou aqui, de capacete na cabe\u00e7a, madrugada adentro, no canteiro de obras\u201d, disse.<\/p>\n\n\n\n<p><strong>Mutir\u00f5es avan\u00e7am<\/strong><\/p>\n\n\n\n<p>Mesmo \u00e0s v\u00e9speras de uma das maiores entregas da gest\u00e3o, o ritmo das frentes de servi\u00e7os segue forte em outros bairros e dentro de comunidades. No Alvorada, no Novo Aleixo (Mutir\u00e3o), no Tancredo Neves e no Col\u00f4nia Ant\u00f4nio Aleixo, os mutir\u00f5es j\u00e1 somam milhares de atendimentos, ruas recuperadas, sinaliza\u00e7\u00e3o renovada, ilumina\u00e7\u00e3o refor\u00e7ada, emprego ofertado e centenas de demandas comunit\u00e1rias resolvidas. \u201cEssa gest\u00e3o n\u00e3o espera elei\u00e7\u00e3o para trabalhar. Aqui, a gente escolheu servir\u201d, concluiu o vice-prefeito.<\/p>\n\n\n\n<p>&#8212; &#8212; &#8212;<\/p>\n\n\n\n<p><strong>Texto<\/strong> &#8211; Alessandra Taveira\/Vice-Prefeito<\/p>\n\n\n\n<p><strong>Fotos<\/strong> &#8211; Carlos Oliveira\/Vice-Prefeito<\/p>\n","protected":false},"excerpt":{"rendered":"","protected":false},"author":25,"featured_media":5740,"comment_status":"closed","ping_status":"closed","sticky":false,"template":"","format":"standard","meta":{"footnotes":""},"categories":[560],"tags":[1057,1058,118,58],"acf":[],"yoast_head":"<!-- This site is optimized with the Yoast SEO plugin v23.0 - https:\/\/yoast.com\/wordpress\/plugins\/seo\/ -->\n<title>Complexo vi\u00e1rio Rei Pel\u00e9 apaga hist\u00f3rico de caos na zona Leste e garante seguran\u00e7a e fluidez ap\u00f3s d\u00e9cadas de acidentes<\/title>\n<meta name=\"description\" content=\"Complexo vi\u00e1rio Rei Pel\u00e9 transforma a paisagem e vai mudar a rotina de milhares de motoristas e pedestres que diariamente enfrentam o caos\" \/>\n<meta name=\"robots\" content=\"index, follow, max-snippet:-1, max-image-preview:large, max-video-preview:-1\" \/>\n<link rel=\"canonical\" href=\"https:\/\/www.manaus.am.gov.br\/seminf\/rei-pele-apaga-historico-caos\/\" \/>\n<meta property=\"og:locale\" content=\"pt_BR\" \/>\n<meta property=\"og:type\" content=\"article\" \/>\n<meta property=\"og:title\" content=\"Complexo vi\u00e1rio Rei Pel\u00e9 apaga hist\u00f3rico de caos na zona Leste e garante seguran\u00e7a e fluidez ap\u00f3s d\u00e9cadas de acidentes\" \/>\n<meta property=\"og:description\" content=\"Complexo vi\u00e1rio Rei Pel\u00e9 transforma a paisagem e vai mudar a rotina de milhares de motoristas e pedestres que diariamente enfrentam o caos\" \/>\n<meta property=\"og:url\" content=\"https:\/\/www.manaus.am.gov.br\/seminf\/rei-pele-apaga-historico-caos\/\" \/>\n<meta property=\"og:site_name\" content=\"SEMINF\" \/>\n<meta property=\"article:published_time\" content=\"2025-06-18T14:23:50+00:00\" \/>\n<meta property=\"og:image\" content=\"https:\/\/www.manaus.am.gov.br\/seminf\/wp-content\/uploads\/sites\/6\/2025\/06\/image18.jpeg\" \/>\n\t<meta property=\"og:image:width\" content=\"2080\" \/>\n\t<meta property=\"og:image:height\" content=\"1387\" \/>\n\t<meta property=\"og:image:type\" content=\"image\/jpeg\" \/>\n<meta name=\"author\" content=\"Maur\u00edcio Freire\" \/>\n<meta name=\"twitter:card\" content=\"summary_large_image\" \/>\n<meta name=\"twitter:label1\" content=\"Written by\" \/>\n\t<meta name=\"twitter:data1\" content=\"Maur\u00edcio Freire\" \/>\n\t<meta name=\"twitter:label2\" content=\"Est. reading time\" \/>\n\t<meta name=\"twitter:data2\" content=\"4 minutos\" \/>\n<script type=\"application\/ld+json\" class=\"yoast-schema-graph\">{\"@context\":\"https:\/\/schema.org\",\"@graph\":[{\"@type\":\"WebPage\",\"@id\":\"https:\/\/www.manaus.am.gov.br\/seminf\/rei-pele-apaga-historico-caos\/\",\"url\":\"https:\/\/www.manaus.am.gov.br\/seminf\/rei-pele-apaga-historico-caos\/\",\"name\":\"Complexo vi\u00e1rio Rei Pel\u00e9 apaga hist\u00f3rico de caos na zona Leste e garante seguran\u00e7a e fluidez ap\u00f3s d\u00e9cadas de acidentes\",\"isPartOf\":{\"@id\":\"https:\/\/www.manaus.am.gov.br\/seminf\/#website\"},\"primaryImageOfPage\":{\"@id\":\"https:\/\/www.manaus.am.gov.br\/seminf\/rei-pele-apaga-historico-caos\/#primaryimage\"},\"image\":{\"@id\":\"https:\/\/www.manaus.am.gov.br\/seminf\/rei-pele-apaga-historico-caos\/#primaryimage\"},\"thumbnailUrl\":\"https:\/\/www.manaus.am.gov.br\/seminf\/wp-content\/uploads\/sites\/6\/2025\/06\/image18.jpeg\",\"datePublished\":\"2025-06-18T14:23:50+00:00\",\"dateModified\":\"2025-06-18T14:23:50+00:00\",\"author\":{\"@id\":\"https:\/\/www.manaus.am.gov.br\/seminf\/#\/schema\/person\/587989a23a463cde5618e6a028977a9a\"},\"description\":\"Complexo vi\u00e1rio Rei Pel\u00e9 transforma a paisagem e vai mudar a rotina de milhares de motoristas e pedestres que diariamente enfrentam o caos\",\"inLanguage\":\"pt-BR\",\"potentialAction\":[{\"@type\":\"ReadAction\",\"target\":[\"https:\/\/www.manaus.am.gov.br\/seminf\/rei-pele-apaga-historico-caos\/\"]}]},{\"@type\":\"ImageObject\",\"inLanguage\":\"pt-BR\",\"@id\":\"https:\/\/www.manaus.am.gov.br\/seminf\/rei-pele-apaga-historico-caos\/#primaryimage\",\"url\":\"https:\/\/www.manaus.am.gov.br\/seminf\/wp-content\/uploads\/sites\/6\/2025\/06\/image18.jpeg\",\"contentUrl\":\"https:\/\/www.manaus.am.gov.br\/seminf\/wp-content\/uploads\/sites\/6\/2025\/06\/image18.jpeg\",\"width\":2080,\"height\":1387,\"caption\":\"#paratodosverem vice-prefeito e secret\u00e1rio de Obras, Renato Junior, fiscalizando a obra\"},{\"@type\":\"WebSite\",\"@id\":\"https:\/\/www.manaus.am.gov.br\/seminf\/#website\",\"url\":\"https:\/\/www.manaus.am.gov.br\/seminf\/\",\"name\":\"Secretaria de Infraestrutura\",\"description\":\"Secretaria Municipal de Infraestrutura\",\"potentialAction\":[{\"@type\":\"SearchAction\",\"target\":{\"@type\":\"EntryPoint\",\"urlTemplate\":\"https:\/\/www.manaus.am.gov.br\/seminf\/?s={search_term_string}\"},\"query-input\":\"required name=search_term_string\"}],\"inLanguage\":\"pt-BR\"},{\"@type\":\"Person\",\"@id\":\"https:\/\/www.manaus.am.gov.br\/seminf\/#\/schema\/person\/587989a23a463cde5618e6a028977a9a\",\"name\":\"Maur\u00edcio Freire\",\"image\":{\"@type\":\"ImageObject\",\"inLanguage\":\"pt-BR\",\"@id\":\"https:\/\/www.manaus.am.gov.br\/seminf\/#\/schema\/person\/image\/\",\"url\":\"https:\/\/secure.gravatar.com\/avatar\/dc1481799a1f75c733ac3b2634cd6749?s=96&d=mm&r=g\",\"contentUrl\":\"https:\/\/secure.gravatar.com\/avatar\/dc1481799a1f75c733ac3b2634cd6749?s=96&d=mm&r=g\",\"caption\":\"Maur\u00edcio Freire\"}}]}<\/script>\n<!-- \/ Yoast SEO plugin. -->","yoast_head_json":{"title":"Complexo vi\u00e1rio Rei Pel\u00e9 apaga hist\u00f3rico de caos na zona Leste e garante seguran\u00e7a e fluidez ap\u00f3s d\u00e9cadas de acidentes","description":"Complexo vi\u00e1rio Rei Pel\u00e9 transforma a paisagem e vai mudar a rotina de milhares de motoristas e pedestres que diariamente enfrentam o caos","robots":{"index":"index","follow":"follow","max-snippet":"max-snippet:-1","max-image-preview":"max-image-preview:large","max-video-preview":"max-video-preview:-1"},"canonical":"https:\/\/www.manaus.am.gov.br\/seminf\/rei-pele-apaga-historico-caos\/","og_locale":"pt_BR","og_type":"article","og_title":"Complexo vi\u00e1rio Rei Pel\u00e9 apaga hist\u00f3rico de caos na zona Leste e garante seguran\u00e7a e fluidez ap\u00f3s d\u00e9cadas de acidentes","og_description":"Complexo vi\u00e1rio Rei Pel\u00e9 transforma a paisagem e vai mudar a rotina de milhares de motoristas e pedestres que diariamente enfrentam o caos","og_url":"https:\/\/www.manaus.am.gov.br\/seminf\/rei-pele-apaga-historico-caos\/","og_site_name":"SEMINF","article_published_time":"2025-06-18T14:23:50+00:00","og_image":[{"width":2080,"height":1387,"url":"https:\/\/www.manaus.am.gov.br\/seminf\/wp-content\/uploads\/sites\/6\/2025\/06\/image18.jpeg","type":"image\/jpeg"}],"author":"Maur\u00edcio Freire","twitter_card":"summary_large_image","twitter_misc":{"Written by":"Maur\u00edcio Freire","Est. reading time":"4 minutos"},"schema":{"@context":"https:\/\/schema.org","@graph":[{"@type":"WebPage","@id":"https:\/\/www.manaus.am.gov.br\/seminf\/rei-pele-apaga-historico-caos\/","url":"https:\/\/www.manaus.am.gov.br\/seminf\/rei-pele-apaga-historico-caos\/","name":"Complexo vi\u00e1rio Rei Pel\u00e9 apaga hist\u00f3rico de caos na zona Leste e garante seguran\u00e7a e fluidez ap\u00f3s d\u00e9cadas de acidentes","isPartOf":{"@id":"https:\/\/www.manaus.am.gov.br\/seminf\/#website"},"primaryImageOfPage":{"@id":"https:\/\/www.manaus.am.gov.br\/seminf\/rei-pele-apaga-historico-caos\/#primaryimage"},"image":{"@id":"https:\/\/www.manaus.am.gov.br\/seminf\/rei-pele-apaga-historico-caos\/#primaryimage"},"thumbnailUrl":"https:\/\/www.manaus.am.gov.br\/seminf\/wp-content\/uploads\/sites\/6\/2025\/06\/image18.jpeg","datePublished":"2025-06-18T14:23:50+00:00","dateModified":"2025-06-18T14:23:50+00:00","author":{"@id":"https:\/\/www.manaus.am.gov.br\/seminf\/#\/schema\/person\/587989a23a463cde5618e6a028977a9a"},"description":"Complexo vi\u00e1rio Rei Pel\u00e9 transforma a paisagem e vai mudar a rotina de milhares de motoristas e pedestres que diariamente enfrentam o caos","inLanguage":"pt-BR","potentialAction":[{"@type":"ReadAction","target":["https:\/\/www.manaus.am.gov.br\/seminf\/rei-pele-apaga-historico-caos\/"]}]},{"@type":"ImageObject","inLanguage":"pt-BR","@id":"https:\/\/www.manaus.am.gov.br\/seminf\/rei-pele-apaga-historico-caos\/#primaryimage","url":"https:\/\/www.manaus.am.gov.br\/seminf\/wp-content\/uploads\/sites\/6\/2025\/06\/image18.jpeg","contentUrl":"https:\/\/www.manaus.am.gov.br\/seminf\/wp-content\/uploads\/sites\/6\/2025\/06\/image18.jpeg","width":2080,"height":1387,"caption":"#paratodosverem vice-prefeito e secret\u00e1rio de Obras, Renato Junior, fiscalizando a obra"},{"@type":"WebSite","@id":"https:\/\/www.manaus.am.gov.br\/seminf\/#website","url":"https:\/\/www.manaus.am.gov.br\/seminf\/","name":"Secretaria de Infraestrutura","description":"Secretaria Municipal de Infraestrutura","potentialAction":[{"@type":"SearchAction","target":{"@type":"EntryPoint","urlTemplate":"https:\/\/www.manaus.am.gov.br\/seminf\/?s={search_term_string}"},"query-input":"required name=search_term_string"}],"inLanguage":"pt-BR"},{"@type":"Person","@id":"https:\/\/www.manaus.am.gov.br\/seminf\/#\/schema\/person\/587989a23a463cde5618e6a028977a9a","name":"Maur\u00edcio Freire","image":{"@type":"ImageObject","inLanguage":"pt-BR","@id":"https:\/\/www.manaus.am.gov.br\/seminf\/#\/schema\/person\/image\/","url":"https:\/\/secure.gravatar.com\/avatar\/dc1481799a1f75c733ac3b2634cd6749?s=96&d=mm&r=g","contentUrl":"https:\/\/secure.gravatar.com\/avatar\/dc1481799a1f75c733ac3b2634cd6749?s=96&d=mm&r=g","caption":"Maur\u00edcio Freire"}}]}},"_links":{"self":[{"href":"https:\/\/www.manaus.am.gov.br\/seminf\/wp-json\/wp\/v2\/posts\/5737"}],"collection":[{"href":"https:\/\/www.manaus.am.gov.br\/seminf\/wp-json\/wp\/v2\/posts"}],"about":[{"href":"https:\/\/www.manaus.am.gov.br\/seminf\/wp-json\/wp\/v2\/types\/post"}],"author":[{"embeddable":true,"href":"https:\/\/www.manaus.am.gov.br\/seminf\/wp-json\/wp\/v2\/users\/25"}],"replies":[{"embeddable":true,"href":"https:\/\/www.manaus.am.gov.br\/seminf\/wp-json\/wp\/v2\/comments?post=5737"}],"version-history":[{"count":1,"href":"https:\/\/www.manaus.am.gov.br\/seminf\/wp-json\/wp\/v2\/posts\/5737\/revisions"}],"predecessor-version":[{"id":5741,"href":"https:\/\/www.manaus.am.gov.br\/seminf\/wp-json\/wp\/v2\/posts\/5737\/revisions\/5741"}],"wp:featuredmedia":[{"embeddable":true,"href":"https:\/\/www.manaus.am.gov.br\/seminf\/wp-json\/wp\/v2\/media\/5740"}],"wp:attachment":[{"href":"https:\/\/www.manaus.am.gov.br\/seminf\/wp-json\/wp\/v2\/media?parent=5737"}],"wp:term":[{"taxonomy":"category","embeddable":true,"href":"https:\/\/www.manaus.am.gov.br\/seminf\/wp-json\/wp\/v2\/categories?post=5737"},{"taxonomy":"post_tag","embeddable":true,"href":"https:\/\/www.manaus.am.gov.br\/seminf\/wp-json\/wp\/v2\/tags?post=5737"}],"curies":[{"name":"wp","href":"https:\/\/api.w.org\/{rel}","templated":true}]}}