{"id":5730,"date":"2025-06-17T19:58:03","date_gmt":"2025-06-17T23:58:03","guid":{"rendered":"https:\/\/www.manaus.am.gov.br\/seminf\/avancos-na-obra-do-complexo-viario-rei-pele\/"},"modified":"2025-06-17T19:59:15","modified_gmt":"2025-06-17T23:59:15","slug":"avancos-na-obra-do-complexo-viario-rei-pele","status":"publish","type":"post","link":"https:\/\/www.manaus.am.gov.br\/seminf\/avancos-na-obra-do-complexo-viario-rei-pele\/","title":{"rendered":"Prefeitura de Manaus transforma mobilidade com avan\u00e7os na obra do complexo vi\u00e1rio Rei Pel\u00e9"},"content":{"rendered":"\n<p>A Prefeitura de Manaus, por meio da Secretaria Municipal de Infraestrutura (Seminf), intensifica, nesta ter\u00e7a-feira, 17\/6, os servi\u00e7os no complexo vi\u00e1rio Rei Pel\u00e9, uma das mais importantes obras de mobilidade da hist\u00f3ria da zona Leste. O avan\u00e7o simult\u00e2neo em frentes de infraestrutura, urbaniza\u00e7\u00e3o e paisagismo consolida a interven\u00e7\u00e3o como um divisor de \u00e1guas para o tr\u00e2nsito da regi\u00e3o, especialmente na antiga rotat\u00f3ria da Produtor.<\/p>\n\n\n\n<p>\u201cEstamos aproveitando ao m\u00e1ximo o sol para acelerar os trabalhos. Essa \u00e9 a determina\u00e7\u00e3o do prefeito David Almeida: entregar \u00e0 popula\u00e7\u00e3o uma obra que represente mais mobilidade, dignidade e qualidade de vida para quem vive ou trafega pela zona Leste\u201d, destacou o vice-prefeito e secret\u00e1rio de Obras, Renato Junior.<\/p>\n\n\n\n<p>Com equipes mobilizadas em v\u00e1rias frentes, a movimenta\u00e7\u00e3o no canteiro de obras \u00e9 intensa. Na avenida Ita\u00faba, sentido avenida Camapu\u00e3, o recapeamento avan\u00e7a com a aplica\u00e7\u00e3o e nivelamento da nova camada asf\u00e1ltica, utilizando equipamentos de alta performance, como vibroacabadora, rolo chapa e rolo pneum\u00e1tico para garantir a durabilidade do pavimento.<\/p>\n\n\n\n<p>Enquanto isso, outras equipes atuam no entorno do viaduto, onde os trabalhos de paisagismo ganham forma com o plantio de mudas e a cria\u00e7\u00e3o de \u00e1reas verdes. Simultaneamente, oper\u00e1rios executam a concretagem da arquibancada da arena de zumba e instalam os equipamentos da nova \u00e1rea de conviv\u00eancia, que contar\u00e1 com playgrounds, academias ao ar livre, bancos e mesas de concreto \u2014 espa\u00e7os pensados para o lazer e bem-estar da comunidade.<\/p>\n\n\n\n<figure class=\"wp-block-image size-full\"><img loading=\"lazy\" decoding=\"async\" width=\"800\" height=\"533\" src=\"https:\/\/www.manaus.am.gov.br\/seminf\/wp-content\/uploads\/sites\/6\/2025\/06\/Prefeitura-de-Manaus-transforma-mobilidade-com-avancos-na-obra-do-complexo-viario-Rei-Pele-.jpg\" alt=\"\" class=\"wp-image-5731\" srcset=\"https:\/\/www.manaus.am.gov.br\/seminf\/wp-content\/uploads\/sites\/6\/2025\/06\/Prefeitura-de-Manaus-transforma-mobilidade-com-avancos-na-obra-do-complexo-viario-Rei-Pele-.jpg 800w, https:\/\/www.manaus.am.gov.br\/seminf\/wp-content\/uploads\/sites\/6\/2025\/06\/Prefeitura-de-Manaus-transforma-mobilidade-com-avancos-na-obra-do-complexo-viario-Rei-Pele--300x200.jpg 300w, https:\/\/www.manaus.am.gov.br\/seminf\/wp-content\/uploads\/sites\/6\/2025\/06\/Prefeitura-de-Manaus-transforma-mobilidade-com-avancos-na-obra-do-complexo-viario-Rei-Pele--768x512.jpg 768w\" sizes=\"(max-width: 800px) 100vw, 800px\" \/><\/figure>\n\n\n\n<p>A transforma\u00e7\u00e3o j\u00e1 \u00e9 notada pelos moradores. \u201c\u00c9 uma maravilha ver essa obra acontecendo. O tr\u00e2nsito, que antes era um caos, agora j\u00e1 flui bem melhor. E tenho certeza de que com tudo finalizado, vai melhorar ainda mais. S\u00f3 temos a agradecer a todos que est\u00e3o fazendo isso acontecer\u201d, afirmou o motorista de aplicativo Diego Maradona, 40 anos, morador da zona Leste.<\/p>\n\n\n\n<p>A obra segue em ritmo acelerado e est\u00e1 prestes a ser entregue \u00e0 popula\u00e7\u00e3o. O complexo vi\u00e1rio Rei Pel\u00e9 representa n\u00e3o apenas um avan\u00e7o na mobilidade urbana, mas um marco na hist\u00f3ria da infraestrutura de Manaus, um legado que conecta progresso e qualidade de vida para milhares de pessoas.<\/p>\n\n\n\n<p><strong>\u2014 \u2014 \u2014<\/strong><\/p>\n\n\n\n<p><strong>Texto &#8211;<\/strong> Eduarda Lira \/ Seminf<br><strong>Fotos-<\/strong>\u00a0 M\u00e1rcio Melo \/ Seminf<\/p>\n","protected":false},"excerpt":{"rendered":"","protected":false},"author":68,"featured_media":5735,"comment_status":"closed","ping_status":"closed","sticky":false,"template":"","format":"standard","meta":{"footnotes":""},"categories":[1554],"tags":[43,2174,26],"acf":[],"yoast_head":"<!-- This site is optimized with the Yoast SEO plugin v23.0 - https:\/\/yoast.com\/wordpress\/plugins\/seo\/ -->\n<title>Prefeitura de Manaus transforma mobilidade com avan\u00e7os na obra do complexo vi\u00e1rio Rei Pel\u00e9<\/title>\n<meta name=\"description\" content=\"A Prefeitura de Manaus, por meio da Secretaria Municipal de Infraestrutura (Seminf), intensifica, nesta ter\u00e7a-feira, 17\/6, os servi\u00e7os no complexo vi\u00e1rio Rei Pel\u00e9, uma das mais importantes obras de mobilidade da hist\u00f3ria da zona Leste.\" \/>\n<meta name=\"robots\" content=\"index, follow, max-snippet:-1, max-image-preview:large, max-video-preview:-1\" \/>\n<link rel=\"canonical\" href=\"https:\/\/www.manaus.am.gov.br\/seminf\/avancos-na-obra-do-complexo-viario-rei-pele\/\" \/>\n<meta property=\"og:locale\" content=\"pt_BR\" \/>\n<meta property=\"og:type\" content=\"article\" \/>\n<meta property=\"og:title\" content=\"Prefeitura de Manaus transforma mobilidade com avan\u00e7os na obra do complexo vi\u00e1rio Rei Pel\u00e9\" \/>\n<meta property=\"og:description\" content=\"A Prefeitura de Manaus, por meio da Secretaria Municipal de Infraestrutura (Seminf), intensifica, nesta ter\u00e7a-feira, 17\/6, os servi\u00e7os no complexo vi\u00e1rio Rei Pel\u00e9, uma das mais importantes obras de mobilidade da hist\u00f3ria da zona Leste.\" \/>\n<meta property=\"og:url\" content=\"https:\/\/www.manaus.am.gov.br\/seminf\/avancos-na-obra-do-complexo-viario-rei-pele\/\" \/>\n<meta property=\"og:site_name\" content=\"SEMINF\" \/>\n<meta property=\"article:published_time\" content=\"2025-06-17T23:58:03+00:00\" \/>\n<meta property=\"article:modified_time\" content=\"2025-06-17T23:59:15+00:00\" \/>\n<meta property=\"og:image\" content=\"https:\/\/www.manaus.am.gov.br\/seminf\/wp-content\/uploads\/sites\/6\/2025\/06\/736A9297-1024x683.jpg\" \/>\n\t<meta property=\"og:image:width\" content=\"1024\" \/>\n\t<meta property=\"og:image:height\" content=\"683\" \/>\n\t<meta property=\"og:image:type\" content=\"image\/jpeg\" \/>\n<meta name=\"author\" content=\"bvalente\" \/>\n<meta name=\"twitter:card\" content=\"summary_large_image\" \/>\n<meta name=\"twitter:label1\" content=\"Written by\" \/>\n\t<meta name=\"twitter:data1\" content=\"bvalente\" \/>\n\t<meta name=\"twitter:label2\" content=\"Est. reading time\" \/>\n\t<meta name=\"twitter:data2\" content=\"3 minutos\" \/>\n<script type=\"application\/ld+json\" class=\"yoast-schema-graph\">{\"@context\":\"https:\/\/schema.org\",\"@graph\":[{\"@type\":\"WebPage\",\"@id\":\"https:\/\/www.manaus.am.gov.br\/seminf\/avancos-na-obra-do-complexo-viario-rei-pele\/\",\"url\":\"https:\/\/www.manaus.am.gov.br\/seminf\/avancos-na-obra-do-complexo-viario-rei-pele\/\",\"name\":\"Prefeitura de Manaus transforma mobilidade com avan\u00e7os na obra do complexo vi\u00e1rio Rei Pel\u00e9\",\"isPartOf\":{\"@id\":\"https:\/\/www.manaus.am.gov.br\/seminf\/#website\"},\"primaryImageOfPage\":{\"@id\":\"https:\/\/www.manaus.am.gov.br\/seminf\/avancos-na-obra-do-complexo-viario-rei-pele\/#primaryimage\"},\"image\":{\"@id\":\"https:\/\/www.manaus.am.gov.br\/seminf\/avancos-na-obra-do-complexo-viario-rei-pele\/#primaryimage\"},\"thumbnailUrl\":\"https:\/\/www.manaus.am.gov.br\/seminf\/wp-content\/uploads\/sites\/6\/2025\/06\/736A9297.jpg\",\"datePublished\":\"2025-06-17T23:58:03+00:00\",\"dateModified\":\"2025-06-17T23:59:15+00:00\",\"author\":{\"@id\":\"https:\/\/www.manaus.am.gov.br\/seminf\/#\/schema\/person\/466a0e03ae4b6062809046bd560ac955\"},\"description\":\"A Prefeitura de Manaus, por meio da Secretaria Municipal de Infraestrutura (Seminf), intensifica, nesta ter\u00e7a-feira, 17\/6, os servi\u00e7os no complexo vi\u00e1rio Rei Pel\u00e9, uma das mais importantes obras de mobilidade da hist\u00f3ria da zona Leste.\",\"inLanguage\":\"pt-BR\",\"potentialAction\":[{\"@type\":\"ReadAction\",\"target\":[\"https:\/\/www.manaus.am.gov.br\/seminf\/avancos-na-obra-do-complexo-viario-rei-pele\/\"]}]},{\"@type\":\"ImageObject\",\"inLanguage\":\"pt-BR\",\"@id\":\"https:\/\/www.manaus.am.gov.br\/seminf\/avancos-na-obra-do-complexo-viario-rei-pele\/#primaryimage\",\"url\":\"https:\/\/www.manaus.am.gov.br\/seminf\/wp-content\/uploads\/sites\/6\/2025\/06\/736A9297.jpg\",\"contentUrl\":\"https:\/\/www.manaus.am.gov.br\/seminf\/wp-content\/uploads\/sites\/6\/2025\/06\/736A9297.jpg\",\"width\":4464,\"height\":2976},{\"@type\":\"WebSite\",\"@id\":\"https:\/\/www.manaus.am.gov.br\/seminf\/#website\",\"url\":\"https:\/\/www.manaus.am.gov.br\/seminf\/\",\"name\":\"Secretaria de Infraestrutura\",\"description\":\"Secretaria Municipal de Infraestrutura\",\"potentialAction\":[{\"@type\":\"SearchAction\",\"target\":{\"@type\":\"EntryPoint\",\"urlTemplate\":\"https:\/\/www.manaus.am.gov.br\/seminf\/?s={search_term_string}\"},\"query-input\":\"required name=search_term_string\"}],\"inLanguage\":\"pt-BR\"},{\"@type\":\"Person\",\"@id\":\"https:\/\/www.manaus.am.gov.br\/seminf\/#\/schema\/person\/466a0e03ae4b6062809046bd560ac955\",\"name\":\"bvalente\",\"image\":{\"@type\":\"ImageObject\",\"inLanguage\":\"pt-BR\",\"@id\":\"https:\/\/www.manaus.am.gov.br\/seminf\/#\/schema\/person\/image\/\",\"url\":\"https:\/\/secure.gravatar.com\/avatar\/3e69bc2b014bdad41adfec3a39de07d2?s=96&d=mm&r=g\",\"contentUrl\":\"https:\/\/secure.gravatar.com\/avatar\/3e69bc2b014bdad41adfec3a39de07d2?s=96&d=mm&r=g\",\"caption\":\"bvalente\"}}]}<\/script>\n<!-- \/ Yoast SEO plugin. -->","yoast_head_json":{"title":"Prefeitura de Manaus transforma mobilidade com avan\u00e7os na obra do complexo vi\u00e1rio Rei Pel\u00e9","description":"A Prefeitura de Manaus, por meio da Secretaria Municipal de Infraestrutura (Seminf), intensifica, nesta ter\u00e7a-feira, 17\/6, os servi\u00e7os no complexo vi\u00e1rio Rei Pel\u00e9, uma das mais importantes obras de mobilidade da hist\u00f3ria da zona Leste.","robots":{"index":"index","follow":"follow","max-snippet":"max-snippet:-1","max-image-preview":"max-image-preview:large","max-video-preview":"max-video-preview:-1"},"canonical":"https:\/\/www.manaus.am.gov.br\/seminf\/avancos-na-obra-do-complexo-viario-rei-pele\/","og_locale":"pt_BR","og_type":"article","og_title":"Prefeitura de Manaus transforma mobilidade com avan\u00e7os na obra do complexo vi\u00e1rio Rei Pel\u00e9","og_description":"A Prefeitura de Manaus, por meio da Secretaria Municipal de Infraestrutura (Seminf), intensifica, nesta ter\u00e7a-feira, 17\/6, os servi\u00e7os no complexo vi\u00e1rio Rei Pel\u00e9, uma das mais importantes obras de mobilidade da hist\u00f3ria da zona Leste.","og_url":"https:\/\/www.manaus.am.gov.br\/seminf\/avancos-na-obra-do-complexo-viario-rei-pele\/","og_site_name":"SEMINF","article_published_time":"2025-06-17T23:58:03+00:00","article_modified_time":"2025-06-17T23:59:15+00:00","og_image":[{"width":1024,"height":683,"url":"https:\/\/www.manaus.am.gov.br\/seminf\/wp-content\/uploads\/sites\/6\/2025\/06\/736A9297-1024x683.jpg","type":"image\/jpeg"}],"author":"bvalente","twitter_card":"summary_large_image","twitter_misc":{"Written by":"bvalente","Est. reading time":"3 minutos"},"schema":{"@context":"https:\/\/schema.org","@graph":[{"@type":"WebPage","@id":"https:\/\/www.manaus.am.gov.br\/seminf\/avancos-na-obra-do-complexo-viario-rei-pele\/","url":"https:\/\/www.manaus.am.gov.br\/seminf\/avancos-na-obra-do-complexo-viario-rei-pele\/","name":"Prefeitura de Manaus transforma mobilidade com avan\u00e7os na obra do complexo vi\u00e1rio Rei Pel\u00e9","isPartOf":{"@id":"https:\/\/www.manaus.am.gov.br\/seminf\/#website"},"primaryImageOfPage":{"@id":"https:\/\/www.manaus.am.gov.br\/seminf\/avancos-na-obra-do-complexo-viario-rei-pele\/#primaryimage"},"image":{"@id":"https:\/\/www.manaus.am.gov.br\/seminf\/avancos-na-obra-do-complexo-viario-rei-pele\/#primaryimage"},"thumbnailUrl":"https:\/\/www.manaus.am.gov.br\/seminf\/wp-content\/uploads\/sites\/6\/2025\/06\/736A9297.jpg","datePublished":"2025-06-17T23:58:03+00:00","dateModified":"2025-06-17T23:59:15+00:00","author":{"@id":"https:\/\/www.manaus.am.gov.br\/seminf\/#\/schema\/person\/466a0e03ae4b6062809046bd560ac955"},"description":"A Prefeitura de Manaus, por meio da Secretaria Municipal de Infraestrutura (Seminf), intensifica, nesta ter\u00e7a-feira, 17\/6, os servi\u00e7os no complexo vi\u00e1rio Rei Pel\u00e9, uma das mais importantes obras de mobilidade da hist\u00f3ria da zona Leste.","inLanguage":"pt-BR","potentialAction":[{"@type":"ReadAction","target":["https:\/\/www.manaus.am.gov.br\/seminf\/avancos-na-obra-do-complexo-viario-rei-pele\/"]}]},{"@type":"ImageObject","inLanguage":"pt-BR","@id":"https:\/\/www.manaus.am.gov.br\/seminf\/avancos-na-obra-do-complexo-viario-rei-pele\/#primaryimage","url":"https:\/\/www.manaus.am.gov.br\/seminf\/wp-content\/uploads\/sites\/6\/2025\/06\/736A9297.jpg","contentUrl":"https:\/\/www.manaus.am.gov.br\/seminf\/wp-content\/uploads\/sites\/6\/2025\/06\/736A9297.jpg","width":4464,"height":2976},{"@type":"WebSite","@id":"https:\/\/www.manaus.am.gov.br\/seminf\/#website","url":"https:\/\/www.manaus.am.gov.br\/seminf\/","name":"Secretaria de Infraestrutura","description":"Secretaria Municipal de Infraestrutura","potentialAction":[{"@type":"SearchAction","target":{"@type":"EntryPoint","urlTemplate":"https:\/\/www.manaus.am.gov.br\/seminf\/?s={search_term_string}"},"query-input":"required name=search_term_string"}],"inLanguage":"pt-BR"},{"@type":"Person","@id":"https:\/\/www.manaus.am.gov.br\/seminf\/#\/schema\/person\/466a0e03ae4b6062809046bd560ac955","name":"bvalente","image":{"@type":"ImageObject","inLanguage":"pt-BR","@id":"https:\/\/www.manaus.am.gov.br\/seminf\/#\/schema\/person\/image\/","url":"https:\/\/secure.gravatar.com\/avatar\/3e69bc2b014bdad41adfec3a39de07d2?s=96&d=mm&r=g","contentUrl":"https:\/\/secure.gravatar.com\/avatar\/3e69bc2b014bdad41adfec3a39de07d2?s=96&d=mm&r=g","caption":"bvalente"}}]}},"_links":{"self":[{"href":"https:\/\/www.manaus.am.gov.br\/seminf\/wp-json\/wp\/v2\/posts\/5730"}],"collection":[{"href":"https:\/\/www.manaus.am.gov.br\/seminf\/wp-json\/wp\/v2\/posts"}],"about":[{"href":"https:\/\/www.manaus.am.gov.br\/seminf\/wp-json\/wp\/v2\/types\/post"}],"author":[{"embeddable":true,"href":"https:\/\/www.manaus.am.gov.br\/seminf\/wp-json\/wp\/v2\/users\/68"}],"replies":[{"embeddable":true,"href":"https:\/\/www.manaus.am.gov.br\/seminf\/wp-json\/wp\/v2\/comments?post=5730"}],"version-history":[{"count":3,"href":"https:\/\/www.manaus.am.gov.br\/seminf\/wp-json\/wp\/v2\/posts\/5730\/revisions"}],"predecessor-version":[{"id":5736,"href":"https:\/\/www.manaus.am.gov.br\/seminf\/wp-json\/wp\/v2\/posts\/5730\/revisions\/5736"}],"wp:featuredmedia":[{"embeddable":true,"href":"https:\/\/www.manaus.am.gov.br\/seminf\/wp-json\/wp\/v2\/media\/5735"}],"wp:attachment":[{"href":"https:\/\/www.manaus.am.gov.br\/seminf\/wp-json\/wp\/v2\/media?parent=5730"}],"wp:term":[{"taxonomy":"category","embeddable":true,"href":"https:\/\/www.manaus.am.gov.br\/seminf\/wp-json\/wp\/v2\/categories?post=5730"},{"taxonomy":"post_tag","embeddable":true,"href":"https:\/\/www.manaus.am.gov.br\/seminf\/wp-json\/wp\/v2\/tags?post=5730"}],"curies":[{"name":"wp","href":"https:\/\/api.w.org\/{rel}","templated":true}]}}