{"id":5722,"date":"2025-06-17T18:14:17","date_gmt":"2025-06-17T22:14:17","guid":{"rendered":"https:\/\/www.manaus.am.gov.br\/seminf\/rede-de-drenagem-no-sao-jorge\/"},"modified":"2025-06-17T18:14:18","modified_gmt":"2025-06-17T22:14:18","slug":"rede-de-drenagem-no-sao-jorge","status":"publish","type":"post","link":"https:\/\/www.manaus.am.gov.br\/seminf\/rede-de-drenagem-no-sao-jorge\/","title":{"rendered":"Prefeitura de Manaus conclui com agilidade a recupera\u00e7\u00e3o da rede de drenagem na avenida S\u00e3o Jorge"},"content":{"rendered":"\n<p>A <a href=\"https:\/\/www.instagram.com\/prefeiturademanaus\/\">Prefeitura de Manaus<\/a>, por meio da <a href=\"https:\/\/www.manaus.am.gov.br\/seminf\/\">Secretaria Municipal de Infraestrutura (Seminf)<\/a>, concluiu, nesta ter\u00e7a-feira, 17\/6, a recupera\u00e7\u00e3o emergencial da rede de drenagem da avenida S\u00e3o Jorge, zona Oeste da capital.<\/p>\n\n\n\n<p>O servi\u00e7o foi executado com celeridade ap\u00f3s o rompimento de tr\u00eas tubos na galeria subterr\u00e2nea que comprometeu a estrutura do pavimento causando transtornos \u00e0 popula\u00e7\u00e3o e impactando o tr\u00e1fego intenso da regi\u00e3o.<\/p>\n\n\n\n<p>Ao tomar conhecimento do problema, a prefeitura mobilizou imediatamente as equipes da Seminf, que atuaram de forma emergencial para conter os danos, garantir a seguran\u00e7a dos moradores e restaurar a funcionalidade da via.<\/p>\n\n\n\n<p>\u201cO compromisso da gest\u00e3o \u00e9 agir com efici\u00eancia e prontid\u00e3o, assegurando a seguran\u00e7a da popula\u00e7\u00e3o e a fluidez do tr\u00e2nsito. A determina\u00e7\u00e3o do prefeito David Almeida \u00e9 clara: manter uma cidade funcional e segura. A resposta r\u00e1pida das nossas equipes reflete esse comprometimento com Manaus\u201d, afirmou o vice-prefeito e secret\u00e1rio da Seminf, Renato Junior.<\/p>\n\n\n\n<p>A interven\u00e7\u00e3o incluiu a substitui\u00e7\u00e3o dos tubos comprometidos e a reestrutura\u00e7\u00e3o da rede de drenagem, promovendo uma solu\u00e7\u00e3o definitiva para o problema e garantindo maior durabilidade \u00e0 infraestrutura da avenida.<\/p>\n\n\n\n<p>A Prefeitura de Manaus segue atuando de forma preventiva e emergencial em todas as zonas da cidade, com monitoramento constante das redes de drenagem, reafirmando o compromisso com a moderniza\u00e7\u00e3o da infraestrutura e a qualidade de vida da popula\u00e7\u00e3o.<\/p>\n\n\n\n<p>&#8212; &#8212; &#8212;<\/p>\n\n\n\n<p><strong>Texto &#8211;<\/strong> Maria Amed \/ Seminf<\/p>\n\n\n\n<p><strong>Fotos &#8211;<\/strong> M\u00e1rcio Melo \/ Seminf<\/p>\n","protected":false},"excerpt":{"rendered":"","protected":false},"author":57,"featured_media":5723,"comment_status":"closed","ping_status":"closed","sticky":false,"template":"","format":"standard","meta":{"footnotes":""},"categories":[3],"tags":[43,2170,26],"acf":[],"yoast_head":"<!-- This site is optimized with the Yoast SEO plugin v23.0 - https:\/\/yoast.com\/wordpress\/plugins\/seo\/ -->\n<title>PMM conclui recupera\u00e7\u00e3o da rede de drenagem no S\u00e3o Jorge<\/title>\n<meta name=\"description\" content=\"A Prefeitura de Manaus concluiu, nesta ter\u00e7a-feira, 17\/6, a recupera\u00e7\u00e3o emergencial da rede de drenagem da avenida S\u00e3o Jorge, zona Oeste.\" \/>\n<meta name=\"robots\" content=\"index, follow, max-snippet:-1, max-image-preview:large, max-video-preview:-1\" \/>\n<link rel=\"canonical\" href=\"https:\/\/www.manaus.am.gov.br\/seminf\/rede-de-drenagem-no-sao-jorge\/\" \/>\n<meta property=\"og:locale\" content=\"pt_BR\" \/>\n<meta property=\"og:type\" content=\"article\" \/>\n<meta property=\"og:title\" content=\"PMM conclui recupera\u00e7\u00e3o da rede de drenagem no S\u00e3o Jorge\" \/>\n<meta property=\"og:description\" content=\"A Prefeitura de Manaus concluiu, nesta ter\u00e7a-feira, 17\/6, a recupera\u00e7\u00e3o emergencial da rede de drenagem da avenida S\u00e3o Jorge, zona Oeste.\" \/>\n<meta property=\"og:url\" content=\"https:\/\/www.manaus.am.gov.br\/seminf\/rede-de-drenagem-no-sao-jorge\/\" \/>\n<meta property=\"og:site_name\" content=\"SEMINF\" \/>\n<meta property=\"article:published_time\" content=\"2025-06-17T22:14:17+00:00\" \/>\n<meta property=\"article:modified_time\" content=\"2025-06-17T22:14:18+00:00\" \/>\n<meta property=\"og:image\" content=\"https:\/\/www.manaus.am.gov.br\/seminf\/wp-content\/uploads\/sites\/6\/2025\/06\/736A9478.jpg\" \/>\n\t<meta property=\"og:image:width\" content=\"1200\" \/>\n\t<meta property=\"og:image:height\" content=\"800\" \/>\n\t<meta property=\"og:image:type\" content=\"image\/jpeg\" \/>\n<meta name=\"author\" content=\"Thiago Fernando\" \/>\n<meta name=\"twitter:card\" content=\"summary_large_image\" \/>\n<meta name=\"twitter:label1\" content=\"Written by\" \/>\n\t<meta name=\"twitter:data1\" content=\"Thiago Fernando\" \/>\n\t<meta name=\"twitter:label2\" content=\"Est. reading time\" \/>\n\t<meta name=\"twitter:data2\" content=\"2 minutos\" \/>\n<script type=\"application\/ld+json\" class=\"yoast-schema-graph\">{\"@context\":\"https:\/\/schema.org\",\"@graph\":[{\"@type\":\"WebPage\",\"@id\":\"https:\/\/www.manaus.am.gov.br\/seminf\/rede-de-drenagem-no-sao-jorge\/\",\"url\":\"https:\/\/www.manaus.am.gov.br\/seminf\/rede-de-drenagem-no-sao-jorge\/\",\"name\":\"PMM conclui recupera\u00e7\u00e3o da rede de drenagem no S\u00e3o Jorge\",\"isPartOf\":{\"@id\":\"https:\/\/www.manaus.am.gov.br\/seminf\/#website\"},\"primaryImageOfPage\":{\"@id\":\"https:\/\/www.manaus.am.gov.br\/seminf\/rede-de-drenagem-no-sao-jorge\/#primaryimage\"},\"image\":{\"@id\":\"https:\/\/www.manaus.am.gov.br\/seminf\/rede-de-drenagem-no-sao-jorge\/#primaryimage\"},\"thumbnailUrl\":\"https:\/\/www.manaus.am.gov.br\/seminf\/wp-content\/uploads\/sites\/6\/2025\/06\/736A9478.jpg\",\"datePublished\":\"2025-06-17T22:14:17+00:00\",\"dateModified\":\"2025-06-17T22:14:18+00:00\",\"author\":{\"@id\":\"https:\/\/www.manaus.am.gov.br\/seminf\/#\/schema\/person\/a5ee5376db6e21af026374b369f30882\"},\"description\":\"A Prefeitura de Manaus concluiu, nesta ter\u00e7a-feira, 17\/6, a recupera\u00e7\u00e3o emergencial da rede de drenagem da avenida S\u00e3o Jorge, zona Oeste.\",\"inLanguage\":\"pt-BR\",\"potentialAction\":[{\"@type\":\"ReadAction\",\"target\":[\"https:\/\/www.manaus.am.gov.br\/seminf\/rede-de-drenagem-no-sao-jorge\/\"]}]},{\"@type\":\"ImageObject\",\"inLanguage\":\"pt-BR\",\"@id\":\"https:\/\/www.manaus.am.gov.br\/seminf\/rede-de-drenagem-no-sao-jorge\/#primaryimage\",\"url\":\"https:\/\/www.manaus.am.gov.br\/seminf\/wp-content\/uploads\/sites\/6\/2025\/06\/736A9478.jpg\",\"contentUrl\":\"https:\/\/www.manaus.am.gov.br\/seminf\/wp-content\/uploads\/sites\/6\/2025\/06\/736A9478.jpg\",\"width\":1200,\"height\":800,\"caption\":\"rede de drenagem no S\u00e3o Jorge\"},{\"@type\":\"WebSite\",\"@id\":\"https:\/\/www.manaus.am.gov.br\/seminf\/#website\",\"url\":\"https:\/\/www.manaus.am.gov.br\/seminf\/\",\"name\":\"Secretaria de Infraestrutura\",\"description\":\"Secretaria Municipal de Infraestrutura\",\"potentialAction\":[{\"@type\":\"SearchAction\",\"target\":{\"@type\":\"EntryPoint\",\"urlTemplate\":\"https:\/\/www.manaus.am.gov.br\/seminf\/?s={search_term_string}\"},\"query-input\":\"required name=search_term_string\"}],\"inLanguage\":\"pt-BR\"},{\"@type\":\"Person\",\"@id\":\"https:\/\/www.manaus.am.gov.br\/seminf\/#\/schema\/person\/a5ee5376db6e21af026374b369f30882\",\"name\":\"Thiago Fernando\",\"image\":{\"@type\":\"ImageObject\",\"inLanguage\":\"pt-BR\",\"@id\":\"https:\/\/www.manaus.am.gov.br\/seminf\/#\/schema\/person\/image\/\",\"url\":\"https:\/\/secure.gravatar.com\/avatar\/f5aab8722444041451501c077052ac07?s=96&d=mm&r=g\",\"contentUrl\":\"https:\/\/secure.gravatar.com\/avatar\/f5aab8722444041451501c077052ac07?s=96&d=mm&r=g\",\"caption\":\"Thiago Fernando\"}}]}<\/script>\n<!-- \/ Yoast SEO plugin. -->","yoast_head_json":{"title":"PMM conclui recupera\u00e7\u00e3o da rede de drenagem no S\u00e3o Jorge","description":"A Prefeitura de Manaus concluiu, nesta ter\u00e7a-feira, 17\/6, a recupera\u00e7\u00e3o emergencial da rede de drenagem da avenida S\u00e3o Jorge, zona Oeste.","robots":{"index":"index","follow":"follow","max-snippet":"max-snippet:-1","max-image-preview":"max-image-preview:large","max-video-preview":"max-video-preview:-1"},"canonical":"https:\/\/www.manaus.am.gov.br\/seminf\/rede-de-drenagem-no-sao-jorge\/","og_locale":"pt_BR","og_type":"article","og_title":"PMM conclui recupera\u00e7\u00e3o da rede de drenagem no S\u00e3o Jorge","og_description":"A Prefeitura de Manaus concluiu, nesta ter\u00e7a-feira, 17\/6, a recupera\u00e7\u00e3o emergencial da rede de drenagem da avenida S\u00e3o Jorge, zona Oeste.","og_url":"https:\/\/www.manaus.am.gov.br\/seminf\/rede-de-drenagem-no-sao-jorge\/","og_site_name":"SEMINF","article_published_time":"2025-06-17T22:14:17+00:00","article_modified_time":"2025-06-17T22:14:18+00:00","og_image":[{"width":1200,"height":800,"url":"https:\/\/www.manaus.am.gov.br\/seminf\/wp-content\/uploads\/sites\/6\/2025\/06\/736A9478.jpg","type":"image\/jpeg"}],"author":"Thiago Fernando","twitter_card":"summary_large_image","twitter_misc":{"Written by":"Thiago Fernando","Est. reading time":"2 minutos"},"schema":{"@context":"https:\/\/schema.org","@graph":[{"@type":"WebPage","@id":"https:\/\/www.manaus.am.gov.br\/seminf\/rede-de-drenagem-no-sao-jorge\/","url":"https:\/\/www.manaus.am.gov.br\/seminf\/rede-de-drenagem-no-sao-jorge\/","name":"PMM conclui recupera\u00e7\u00e3o da rede de drenagem no S\u00e3o Jorge","isPartOf":{"@id":"https:\/\/www.manaus.am.gov.br\/seminf\/#website"},"primaryImageOfPage":{"@id":"https:\/\/www.manaus.am.gov.br\/seminf\/rede-de-drenagem-no-sao-jorge\/#primaryimage"},"image":{"@id":"https:\/\/www.manaus.am.gov.br\/seminf\/rede-de-drenagem-no-sao-jorge\/#primaryimage"},"thumbnailUrl":"https:\/\/www.manaus.am.gov.br\/seminf\/wp-content\/uploads\/sites\/6\/2025\/06\/736A9478.jpg","datePublished":"2025-06-17T22:14:17+00:00","dateModified":"2025-06-17T22:14:18+00:00","author":{"@id":"https:\/\/www.manaus.am.gov.br\/seminf\/#\/schema\/person\/a5ee5376db6e21af026374b369f30882"},"description":"A Prefeitura de Manaus concluiu, nesta ter\u00e7a-feira, 17\/6, a recupera\u00e7\u00e3o emergencial da rede de drenagem da avenida S\u00e3o Jorge, zona Oeste.","inLanguage":"pt-BR","potentialAction":[{"@type":"ReadAction","target":["https:\/\/www.manaus.am.gov.br\/seminf\/rede-de-drenagem-no-sao-jorge\/"]}]},{"@type":"ImageObject","inLanguage":"pt-BR","@id":"https:\/\/www.manaus.am.gov.br\/seminf\/rede-de-drenagem-no-sao-jorge\/#primaryimage","url":"https:\/\/www.manaus.am.gov.br\/seminf\/wp-content\/uploads\/sites\/6\/2025\/06\/736A9478.jpg","contentUrl":"https:\/\/www.manaus.am.gov.br\/seminf\/wp-content\/uploads\/sites\/6\/2025\/06\/736A9478.jpg","width":1200,"height":800,"caption":"rede de drenagem no S\u00e3o Jorge"},{"@type":"WebSite","@id":"https:\/\/www.manaus.am.gov.br\/seminf\/#website","url":"https:\/\/www.manaus.am.gov.br\/seminf\/","name":"Secretaria de Infraestrutura","description":"Secretaria Municipal de Infraestrutura","potentialAction":[{"@type":"SearchAction","target":{"@type":"EntryPoint","urlTemplate":"https:\/\/www.manaus.am.gov.br\/seminf\/?s={search_term_string}"},"query-input":"required name=search_term_string"}],"inLanguage":"pt-BR"},{"@type":"Person","@id":"https:\/\/www.manaus.am.gov.br\/seminf\/#\/schema\/person\/a5ee5376db6e21af026374b369f30882","name":"Thiago Fernando","image":{"@type":"ImageObject","inLanguage":"pt-BR","@id":"https:\/\/www.manaus.am.gov.br\/seminf\/#\/schema\/person\/image\/","url":"https:\/\/secure.gravatar.com\/avatar\/f5aab8722444041451501c077052ac07?s=96&d=mm&r=g","contentUrl":"https:\/\/secure.gravatar.com\/avatar\/f5aab8722444041451501c077052ac07?s=96&d=mm&r=g","caption":"Thiago Fernando"}}]}},"_links":{"self":[{"href":"https:\/\/www.manaus.am.gov.br\/seminf\/wp-json\/wp\/v2\/posts\/5722"}],"collection":[{"href":"https:\/\/www.manaus.am.gov.br\/seminf\/wp-json\/wp\/v2\/posts"}],"about":[{"href":"https:\/\/www.manaus.am.gov.br\/seminf\/wp-json\/wp\/v2\/types\/post"}],"author":[{"embeddable":true,"href":"https:\/\/www.manaus.am.gov.br\/seminf\/wp-json\/wp\/v2\/users\/57"}],"replies":[{"embeddable":true,"href":"https:\/\/www.manaus.am.gov.br\/seminf\/wp-json\/wp\/v2\/comments?post=5722"}],"version-history":[{"count":0,"href":"https:\/\/www.manaus.am.gov.br\/seminf\/wp-json\/wp\/v2\/posts\/5722\/revisions"}],"wp:featuredmedia":[{"embeddable":true,"href":"https:\/\/www.manaus.am.gov.br\/seminf\/wp-json\/wp\/v2\/media\/5723"}],"wp:attachment":[{"href":"https:\/\/www.manaus.am.gov.br\/seminf\/wp-json\/wp\/v2\/media?parent=5722"}],"wp:term":[{"taxonomy":"category","embeddable":true,"href":"https:\/\/www.manaus.am.gov.br\/seminf\/wp-json\/wp\/v2\/categories?post=5722"},{"taxonomy":"post_tag","embeddable":true,"href":"https:\/\/www.manaus.am.gov.br\/seminf\/wp-json\/wp\/v2\/tags?post=5722"}],"curies":[{"name":"wp","href":"https:\/\/api.w.org\/{rel}","templated":true}]}}