{"id":5718,"date":"2025-06-17T15:44:47","date_gmt":"2025-06-17T19:44:47","guid":{"rendered":"https:\/\/www.manaus.am.gov.br\/seminf\/mutirao-no-bairro-ruas-tancredo-neves\/"},"modified":"2025-06-17T15:44:47","modified_gmt":"2025-06-17T19:44:47","slug":"mutirao-no-bairro-ruas-tancredo-neves","status":"publish","type":"post","link":"https:\/\/www.manaus.am.gov.br\/seminf\/mutirao-no-bairro-ruas-tancredo-neves\/","title":{"rendered":"\u2018Mutir\u00e3o no Bairro\u2019 da prefeitura transforma ruas do Tancredo Neves e leva mais seguran\u00e7a \u00e0 popula\u00e7\u00e3o"},"content":{"rendered":"\n<p>A Prefeitura de Manaus, por meio da Secretaria Municipal de Infraestrutura (Seminf), segue intensificando os servi\u00e7os do programa &#8220;Mutir\u00e3o no Bairro&#8221;, desta vez no Tancredo Neves, zona Leste da capital. Nesta ter\u00e7a-feira, 17\/6, as equipes executam a manuten\u00e7\u00e3o da rede de drenagem superficial na rua Jana\u00edna, no cruzamento com a rua Joana.<\/p>\n\n\n\n<p>A a\u00e7\u00e3o inclui a instala\u00e7\u00e3o de novas canaletas para escoamento das \u00e1guas pluviais, garantindo mais efici\u00eancia na drenagem e reduzindo riscos de alagamento. O trabalho tem como objetivo principal melhorar a trafegabilidade e levar mais seguran\u00e7a e qualidade de vida aos moradores da regi\u00e3o.<\/p>\n\n\n\n<p>\u201cSeguimos firmes com o mutir\u00e3o aqui no Tancredo Neves. Essa a\u00e7\u00e3o j\u00e1 beneficiou muitas fam\u00edlias com limpeza, melhorias nas ruas e combate aos alagamentos. A orienta\u00e7\u00e3o do prefeito David Almeida \u00e9 clara, estar presente nos bairros e melhorar a vida das pessoas\u201d, destacou o vice-prefeito e secret\u00e1rio de Obras, Renato Junior.<\/p>\n\n\n\n<p>As novas canaletas direcionam a \u00e1gua da chuva para as caixas coletoras, conduzindo-a at\u00e9 as redes de drenagem e prevenindo transtornos nos per\u00edodos chuvosos.<\/p>\n\n\n\n<p>A resposta da popula\u00e7\u00e3o tem sido positiva. Moradores reconhecem os avan\u00e7os e elogiam a aten\u00e7\u00e3o da prefeitura.<\/p>\n\n\n\n<p>\u201cEstamos felizes com os servi\u00e7os. O bairro estava precisando dessa aten\u00e7\u00e3o. O trabalho est\u00e1 \u00f3timo e a cada dia percebemos a melhora\u201d, afirmou o morador da \u00e1rea, o aposentado Cosme Ribeiro, de 65 anos.<\/p>\n\n\n\n<figure class=\"wp-block-image size-large\"><img loading=\"lazy\" decoding=\"async\" width=\"1021\" height=\"1024\" src=\"https:\/\/www.manaus.am.gov.br\/seminf\/wp-content\/uploads\/sites\/6\/2025\/06\/WhatsApp-Image-2025-06-17-at-15.43.35-1021x1024.jpeg\" alt=\"\" class=\"wp-image-5719\" srcset=\"https:\/\/www.manaus.am.gov.br\/seminf\/wp-content\/uploads\/sites\/6\/2025\/06\/WhatsApp-Image-2025-06-17-at-15.43.35-1021x1024.jpeg 1021w, https:\/\/www.manaus.am.gov.br\/seminf\/wp-content\/uploads\/sites\/6\/2025\/06\/WhatsApp-Image-2025-06-17-at-15.43.35-300x300.jpeg 300w, https:\/\/www.manaus.am.gov.br\/seminf\/wp-content\/uploads\/sites\/6\/2025\/06\/WhatsApp-Image-2025-06-17-at-15.43.35-150x150.jpeg 150w, https:\/\/www.manaus.am.gov.br\/seminf\/wp-content\/uploads\/sites\/6\/2025\/06\/WhatsApp-Image-2025-06-17-at-15.43.35-768x770.jpeg 768w, https:\/\/www.manaus.am.gov.br\/seminf\/wp-content\/uploads\/sites\/6\/2025\/06\/WhatsApp-Image-2025-06-17-at-15.43.35.jpeg 1066w\" sizes=\"(max-width: 1021px) 100vw, 1021px\" \/><\/figure>\n\n\n\n<p>&#8212; &#8212; &#8212;<\/p>\n\n\n\n<p><strong>Texto\u00a0<\/strong>&#8211; Eduarda Lira\/Seminf<\/p>\n\n\n\n<p><strong>Fotos<\/strong> &#8211; M\u00e1rcio Melo\/Seminf<\/p>\n","protected":false},"excerpt":{"rendered":"","protected":false},"author":39,"featured_media":5720,"comment_status":"closed","ping_status":"closed","sticky":false,"template":"","format":"standard","meta":{"footnotes":""},"categories":[12],"tags":[2168,2078,43,2169,26],"acf":[],"yoast_head":"<!-- This site is optimized with the Yoast SEO plugin v23.0 - https:\/\/yoast.com\/wordpress\/plugins\/seo\/ -->\n<title>\u2018Mutir\u00e3o no Bairro\u2019 transforma ruas do Tancredo Neves<\/title>\n<meta name=\"description\" content=\"\u2018Mutir\u00e3o no Bairro\u2019 da Prefeitura de Manaus transforma ruas do Tancredo Neves e leva mais seguran\u00e7a \u00e0 popula\u00e7\u00e3o.\" \/>\n<meta name=\"robots\" content=\"index, follow, max-snippet:-1, max-image-preview:large, max-video-preview:-1\" \/>\n<link rel=\"canonical\" href=\"https:\/\/www.manaus.am.gov.br\/seminf\/mutirao-no-bairro-ruas-tancredo-neves\/\" \/>\n<meta property=\"og:locale\" content=\"pt_BR\" \/>\n<meta property=\"og:type\" content=\"article\" \/>\n<meta property=\"og:title\" content=\"\u2018Mutir\u00e3o no Bairro\u2019 transforma ruas do Tancredo Neves\" \/>\n<meta property=\"og:description\" content=\"\u2018Mutir\u00e3o no Bairro\u2019 da Prefeitura de Manaus transforma ruas do Tancredo Neves e leva mais seguran\u00e7a \u00e0 popula\u00e7\u00e3o.\" \/>\n<meta property=\"og:url\" content=\"https:\/\/www.manaus.am.gov.br\/seminf\/mutirao-no-bairro-ruas-tancredo-neves\/\" \/>\n<meta property=\"og:site_name\" content=\"SEMINF\" \/>\n<meta property=\"article:published_time\" content=\"2025-06-17T19:44:47+00:00\" \/>\n<meta property=\"og:image\" content=\"https:\/\/www.manaus.am.gov.br\/seminf\/wp-content\/uploads\/sites\/6\/2025\/06\/736A9442-1024x683.jpg\" \/>\n\t<meta property=\"og:image:width\" content=\"1024\" \/>\n\t<meta property=\"og:image:height\" content=\"683\" \/>\n\t<meta property=\"og:image:type\" content=\"image\/jpeg\" \/>\n<meta name=\"author\" content=\"Bruna Greco\" \/>\n<meta name=\"twitter:card\" content=\"summary_large_image\" \/>\n<meta name=\"twitter:label1\" content=\"Written by\" \/>\n\t<meta name=\"twitter:data1\" content=\"Bruna Greco\" \/>\n\t<meta name=\"twitter:label2\" content=\"Est. reading time\" \/>\n\t<meta name=\"twitter:data2\" content=\"2 minutos\" \/>\n<script type=\"application\/ld+json\" class=\"yoast-schema-graph\">{\"@context\":\"https:\/\/schema.org\",\"@graph\":[{\"@type\":\"WebPage\",\"@id\":\"https:\/\/www.manaus.am.gov.br\/seminf\/mutirao-no-bairro-ruas-tancredo-neves\/\",\"url\":\"https:\/\/www.manaus.am.gov.br\/seminf\/mutirao-no-bairro-ruas-tancredo-neves\/\",\"name\":\"\u2018Mutir\u00e3o no Bairro\u2019 transforma ruas do Tancredo Neves\",\"isPartOf\":{\"@id\":\"https:\/\/www.manaus.am.gov.br\/seminf\/#website\"},\"primaryImageOfPage\":{\"@id\":\"https:\/\/www.manaus.am.gov.br\/seminf\/mutirao-no-bairro-ruas-tancredo-neves\/#primaryimage\"},\"image\":{\"@id\":\"https:\/\/www.manaus.am.gov.br\/seminf\/mutirao-no-bairro-ruas-tancredo-neves\/#primaryimage\"},\"thumbnailUrl\":\"https:\/\/www.manaus.am.gov.br\/seminf\/wp-content\/uploads\/sites\/6\/2025\/06\/736A9442.jpg\",\"datePublished\":\"2025-06-17T19:44:47+00:00\",\"dateModified\":\"2025-06-17T19:44:47+00:00\",\"author\":{\"@id\":\"https:\/\/www.manaus.am.gov.br\/seminf\/#\/schema\/person\/05d223aea2bf115f9883a6ff3683d81b\"},\"description\":\"\u2018Mutir\u00e3o no Bairro\u2019 da Prefeitura de Manaus transforma ruas do Tancredo Neves e leva mais seguran\u00e7a \u00e0 popula\u00e7\u00e3o.\",\"inLanguage\":\"pt-BR\",\"potentialAction\":[{\"@type\":\"ReadAction\",\"target\":[\"https:\/\/www.manaus.am.gov.br\/seminf\/mutirao-no-bairro-ruas-tancredo-neves\/\"]}]},{\"@type\":\"ImageObject\",\"inLanguage\":\"pt-BR\",\"@id\":\"https:\/\/www.manaus.am.gov.br\/seminf\/mutirao-no-bairro-ruas-tancredo-neves\/#primaryimage\",\"url\":\"https:\/\/www.manaus.am.gov.br\/seminf\/wp-content\/uploads\/sites\/6\/2025\/06\/736A9442.jpg\",\"contentUrl\":\"https:\/\/www.manaus.am.gov.br\/seminf\/wp-content\/uploads\/sites\/6\/2025\/06\/736A9442.jpg\",\"width\":4464,\"height\":2976,\"caption\":\"#paratodosverem - Equipe da Seminf executando a manuten\u00e7\u00e3o da rede de drenagem superficial na rua Jana\u00edna, no cruzamento com a rua Joana durante \\\"Mutir\u00e3o do Bairro\\\"\"},{\"@type\":\"WebSite\",\"@id\":\"https:\/\/www.manaus.am.gov.br\/seminf\/#website\",\"url\":\"https:\/\/www.manaus.am.gov.br\/seminf\/\",\"name\":\"Secretaria de Infraestrutura\",\"description\":\"Secretaria Municipal de Infraestrutura\",\"potentialAction\":[{\"@type\":\"SearchAction\",\"target\":{\"@type\":\"EntryPoint\",\"urlTemplate\":\"https:\/\/www.manaus.am.gov.br\/seminf\/?s={search_term_string}\"},\"query-input\":\"required name=search_term_string\"}],\"inLanguage\":\"pt-BR\"},{\"@type\":\"Person\",\"@id\":\"https:\/\/www.manaus.am.gov.br\/seminf\/#\/schema\/person\/05d223aea2bf115f9883a6ff3683d81b\",\"name\":\"Bruna Greco\",\"image\":{\"@type\":\"ImageObject\",\"inLanguage\":\"pt-BR\",\"@id\":\"https:\/\/www.manaus.am.gov.br\/seminf\/#\/schema\/person\/image\/\",\"url\":\"https:\/\/secure.gravatar.com\/avatar\/9c877d1a6adc2a055330e5c09a8653ce?s=96&d=mm&r=g\",\"contentUrl\":\"https:\/\/secure.gravatar.com\/avatar\/9c877d1a6adc2a055330e5c09a8653ce?s=96&d=mm&r=g\",\"caption\":\"Bruna Greco\"}}]}<\/script>\n<!-- \/ Yoast SEO plugin. -->","yoast_head_json":{"title":"\u2018Mutir\u00e3o no Bairro\u2019 transforma ruas do Tancredo Neves","description":"\u2018Mutir\u00e3o no Bairro\u2019 da Prefeitura de Manaus transforma ruas do Tancredo Neves e leva mais seguran\u00e7a \u00e0 popula\u00e7\u00e3o.","robots":{"index":"index","follow":"follow","max-snippet":"max-snippet:-1","max-image-preview":"max-image-preview:large","max-video-preview":"max-video-preview:-1"},"canonical":"https:\/\/www.manaus.am.gov.br\/seminf\/mutirao-no-bairro-ruas-tancredo-neves\/","og_locale":"pt_BR","og_type":"article","og_title":"\u2018Mutir\u00e3o no Bairro\u2019 transforma ruas do Tancredo Neves","og_description":"\u2018Mutir\u00e3o no Bairro\u2019 da Prefeitura de Manaus transforma ruas do Tancredo Neves e leva mais seguran\u00e7a \u00e0 popula\u00e7\u00e3o.","og_url":"https:\/\/www.manaus.am.gov.br\/seminf\/mutirao-no-bairro-ruas-tancredo-neves\/","og_site_name":"SEMINF","article_published_time":"2025-06-17T19:44:47+00:00","og_image":[{"width":1024,"height":683,"url":"https:\/\/www.manaus.am.gov.br\/seminf\/wp-content\/uploads\/sites\/6\/2025\/06\/736A9442-1024x683.jpg","type":"image\/jpeg"}],"author":"Bruna Greco","twitter_card":"summary_large_image","twitter_misc":{"Written by":"Bruna Greco","Est. reading time":"2 minutos"},"schema":{"@context":"https:\/\/schema.org","@graph":[{"@type":"WebPage","@id":"https:\/\/www.manaus.am.gov.br\/seminf\/mutirao-no-bairro-ruas-tancredo-neves\/","url":"https:\/\/www.manaus.am.gov.br\/seminf\/mutirao-no-bairro-ruas-tancredo-neves\/","name":"\u2018Mutir\u00e3o no Bairro\u2019 transforma ruas do Tancredo Neves","isPartOf":{"@id":"https:\/\/www.manaus.am.gov.br\/seminf\/#website"},"primaryImageOfPage":{"@id":"https:\/\/www.manaus.am.gov.br\/seminf\/mutirao-no-bairro-ruas-tancredo-neves\/#primaryimage"},"image":{"@id":"https:\/\/www.manaus.am.gov.br\/seminf\/mutirao-no-bairro-ruas-tancredo-neves\/#primaryimage"},"thumbnailUrl":"https:\/\/www.manaus.am.gov.br\/seminf\/wp-content\/uploads\/sites\/6\/2025\/06\/736A9442.jpg","datePublished":"2025-06-17T19:44:47+00:00","dateModified":"2025-06-17T19:44:47+00:00","author":{"@id":"https:\/\/www.manaus.am.gov.br\/seminf\/#\/schema\/person\/05d223aea2bf115f9883a6ff3683d81b"},"description":"\u2018Mutir\u00e3o no Bairro\u2019 da Prefeitura de Manaus transforma ruas do Tancredo Neves e leva mais seguran\u00e7a \u00e0 popula\u00e7\u00e3o.","inLanguage":"pt-BR","potentialAction":[{"@type":"ReadAction","target":["https:\/\/www.manaus.am.gov.br\/seminf\/mutirao-no-bairro-ruas-tancredo-neves\/"]}]},{"@type":"ImageObject","inLanguage":"pt-BR","@id":"https:\/\/www.manaus.am.gov.br\/seminf\/mutirao-no-bairro-ruas-tancredo-neves\/#primaryimage","url":"https:\/\/www.manaus.am.gov.br\/seminf\/wp-content\/uploads\/sites\/6\/2025\/06\/736A9442.jpg","contentUrl":"https:\/\/www.manaus.am.gov.br\/seminf\/wp-content\/uploads\/sites\/6\/2025\/06\/736A9442.jpg","width":4464,"height":2976,"caption":"#paratodosverem - Equipe da Seminf executando a manuten\u00e7\u00e3o da rede de drenagem superficial na rua Jana\u00edna, no cruzamento com a rua Joana durante \"Mutir\u00e3o do Bairro\""},{"@type":"WebSite","@id":"https:\/\/www.manaus.am.gov.br\/seminf\/#website","url":"https:\/\/www.manaus.am.gov.br\/seminf\/","name":"Secretaria de Infraestrutura","description":"Secretaria Municipal de Infraestrutura","potentialAction":[{"@type":"SearchAction","target":{"@type":"EntryPoint","urlTemplate":"https:\/\/www.manaus.am.gov.br\/seminf\/?s={search_term_string}"},"query-input":"required name=search_term_string"}],"inLanguage":"pt-BR"},{"@type":"Person","@id":"https:\/\/www.manaus.am.gov.br\/seminf\/#\/schema\/person\/05d223aea2bf115f9883a6ff3683d81b","name":"Bruna Greco","image":{"@type":"ImageObject","inLanguage":"pt-BR","@id":"https:\/\/www.manaus.am.gov.br\/seminf\/#\/schema\/person\/image\/","url":"https:\/\/secure.gravatar.com\/avatar\/9c877d1a6adc2a055330e5c09a8653ce?s=96&d=mm&r=g","contentUrl":"https:\/\/secure.gravatar.com\/avatar\/9c877d1a6adc2a055330e5c09a8653ce?s=96&d=mm&r=g","caption":"Bruna Greco"}}]}},"_links":{"self":[{"href":"https:\/\/www.manaus.am.gov.br\/seminf\/wp-json\/wp\/v2\/posts\/5718"}],"collection":[{"href":"https:\/\/www.manaus.am.gov.br\/seminf\/wp-json\/wp\/v2\/posts"}],"about":[{"href":"https:\/\/www.manaus.am.gov.br\/seminf\/wp-json\/wp\/v2\/types\/post"}],"author":[{"embeddable":true,"href":"https:\/\/www.manaus.am.gov.br\/seminf\/wp-json\/wp\/v2\/users\/39"}],"replies":[{"embeddable":true,"href":"https:\/\/www.manaus.am.gov.br\/seminf\/wp-json\/wp\/v2\/comments?post=5718"}],"version-history":[{"count":1,"href":"https:\/\/www.manaus.am.gov.br\/seminf\/wp-json\/wp\/v2\/posts\/5718\/revisions"}],"predecessor-version":[{"id":5721,"href":"https:\/\/www.manaus.am.gov.br\/seminf\/wp-json\/wp\/v2\/posts\/5718\/revisions\/5721"}],"wp:featuredmedia":[{"embeddable":true,"href":"https:\/\/www.manaus.am.gov.br\/seminf\/wp-json\/wp\/v2\/media\/5720"}],"wp:attachment":[{"href":"https:\/\/www.manaus.am.gov.br\/seminf\/wp-json\/wp\/v2\/media?parent=5718"}],"wp:term":[{"taxonomy":"category","embeddable":true,"href":"https:\/\/www.manaus.am.gov.br\/seminf\/wp-json\/wp\/v2\/categories?post=5718"},{"taxonomy":"post_tag","embeddable":true,"href":"https:\/\/www.manaus.am.gov.br\/seminf\/wp-json\/wp\/v2\/tags?post=5718"}],"curies":[{"name":"wp","href":"https:\/\/api.w.org\/{rel}","templated":true}]}}