{"id":5709,"date":"2025-06-17T12:09:30","date_gmt":"2025-06-17T16:09:30","guid":{"rendered":"https:\/\/www.manaus.am.gov.br\/seminf\/tancredo-neves-canteiro-obras-mutirao-no-bairro\/"},"modified":"2025-06-17T12:10:18","modified_gmt":"2025-06-17T16:10:18","slug":"tancredo-neves-canteiro-obras-mutirao-no-bairro","status":"publish","type":"post","link":"https:\/\/www.manaus.am.gov.br\/seminf\/tancredo-neves-canteiro-obras-mutirao-no-bairro\/","title":{"rendered":"Tancredo Neves vira canteiro de obras com \u2018Mutir\u00e3o no Bairro\u2019 e ruas ganham asfalto com a\u00e7\u00e3o da prefeitura"},"content":{"rendered":"\n<p>A Prefeitura de Manaus, por meio da Secretaria Municipal de Infraestrutura (Seminf), intensificou, nesta ter\u00e7a-feira, 17\/6, as a\u00e7\u00f5es do mutir\u00e3o de recupera\u00e7\u00e3o asf\u00e1ltica no bairro Tancredo Neves, na zona Leste da capital. Diversas ruas est\u00e3o sendo revitalizadas, simultaneamente, devolvendo trafegabilidade e seguran\u00e7a aos moradores da regi\u00e3o.<\/p>\n\n\n\n<p>\u201cEstamos empenhados em recuperar as ruas com o \u2018Mutir\u00e3o no Bairro\u2019. Essas interven\u00e7\u00f5es levam muito mais que infraestrutura, levam dignidade, respeito e resposta direta \u00e0s demandas da popula\u00e7\u00e3o. Apertamos o &#8216;play&#8217; e seguimos com muito trabalho nas comunidades\u201d, destacou o vice-prefeito e secret\u00e1rio de Obras, Renato Junior.<\/p>\n\n\n\n<p>Na rua Rep\u00fablica Neves, uma equipe com 20 trabalhadores aplicou cerca de 40 toneladas de massa asf\u00e1ltica para corrigir fissuras e desgastes no pavimento.<\/p>\n\n\n\n<p>Paralelamente, outras duas frentes de obras operam nas ruas Jana\u00edna e D\u00e1lia, com o apoio de ca\u00e7ambas carregadas com 20 toneladas de asfalto cada. O objetivo \u00e9 garantir vias mais seguras e de qualidade, favorecendo a mobilidade urbana no bairro.<\/p>\n\n\n\n<p>O mutir\u00e3o no Tancredo Neves \u00e9 parte de uma for\u00e7a-tarefa da prefeitura, que mobiliza diversas equipes para atuar de forma coordenada nos bairros, levando infraestrutura, qualidade de vida e bem-estar para as comunidades.<\/p>\n\n\n\n<figure class=\"wp-block-image size-full\"><img loading=\"lazy\" decoding=\"async\" width=\"739\" height=\"549\" src=\"https:\/\/www.manaus.am.gov.br\/seminf\/wp-content\/uploads\/sites\/6\/2025\/06\/Servico-3.jpeg\" alt=\"\" class=\"wp-image-5712\" srcset=\"https:\/\/www.manaus.am.gov.br\/seminf\/wp-content\/uploads\/sites\/6\/2025\/06\/Servico-3.jpeg 739w, https:\/\/www.manaus.am.gov.br\/seminf\/wp-content\/uploads\/sites\/6\/2025\/06\/Servico-3-300x223.jpeg 300w\" sizes=\"(max-width: 739px) 100vw, 739px\" \/><\/figure>\n\n\n\n<p>&#8212; &#8212; &#8212;<\/p>\n\n\n\n<p><strong>Texto &#8211;<\/strong>\u00a0Rayana Coutinho\/Seminf<\/p>\n\n\n\n<p><strong>Fotos \u2013<\/strong> Divulga\u00e7\u00e3o\/Seminf<\/p>\n\n\n\n<p> <\/p>\n","protected":false},"excerpt":{"rendered":"","protected":false},"author":39,"featured_media":5710,"comment_status":"closed","ping_status":"closed","sticky":false,"template":"","format":"standard","meta":{"footnotes":""},"categories":[6],"tags":[1747,2078,43,70,26],"acf":[],"yoast_head":"<!-- This site is optimized with the Yoast SEO plugin v23.0 - https:\/\/yoast.com\/wordpress\/plugins\/seo\/ -->\n<title>Tancredo Neves vira canteiro de obras com \u2018Mutir\u00e3o no Bairro\u2019<\/title>\n<meta name=\"description\" content=\"Tancredo Neves vira canteiro de obras com \u2018Mutir\u00e3o no Bairro\u2019 e ruas ganham asfalto com a\u00e7\u00e3o da prefeitura.\" \/>\n<meta name=\"robots\" content=\"index, follow, max-snippet:-1, max-image-preview:large, max-video-preview:-1\" \/>\n<link rel=\"canonical\" href=\"https:\/\/www.manaus.am.gov.br\/seminf\/tancredo-neves-canteiro-obras-mutirao-no-bairro\/\" \/>\n<meta property=\"og:locale\" content=\"pt_BR\" \/>\n<meta property=\"og:type\" content=\"article\" \/>\n<meta property=\"og:title\" content=\"Tancredo Neves vira canteiro de obras com \u2018Mutir\u00e3o no Bairro\u2019\" \/>\n<meta property=\"og:description\" content=\"Tancredo Neves vira canteiro de obras com \u2018Mutir\u00e3o no Bairro\u2019 e ruas ganham asfalto com a\u00e7\u00e3o da prefeitura.\" \/>\n<meta property=\"og:url\" content=\"https:\/\/www.manaus.am.gov.br\/seminf\/tancredo-neves-canteiro-obras-mutirao-no-bairro\/\" \/>\n<meta property=\"og:site_name\" content=\"SEMINF\" \/>\n<meta property=\"article:published_time\" content=\"2025-06-17T16:09:30+00:00\" \/>\n<meta property=\"article:modified_time\" content=\"2025-06-17T16:10:18+00:00\" \/>\n<meta property=\"og:image\" content=\"https:\/\/www.manaus.am.gov.br\/seminf\/wp-content\/uploads\/sites\/6\/2025\/06\/Servico-1.jpeg\" \/>\n\t<meta property=\"og:image:width\" content=\"900\" \/>\n\t<meta property=\"og:image:height\" content=\"655\" \/>\n\t<meta property=\"og:image:type\" content=\"image\/jpeg\" \/>\n<meta name=\"author\" content=\"Bruna Greco\" \/>\n<meta name=\"twitter:card\" content=\"summary_large_image\" \/>\n<meta name=\"twitter:label1\" content=\"Written by\" \/>\n\t<meta name=\"twitter:data1\" content=\"Bruna Greco\" \/>\n\t<meta name=\"twitter:label2\" content=\"Est. reading time\" \/>\n\t<meta name=\"twitter:data2\" content=\"2 minutos\" \/>\n<script type=\"application\/ld+json\" class=\"yoast-schema-graph\">{\"@context\":\"https:\/\/schema.org\",\"@graph\":[{\"@type\":\"WebPage\",\"@id\":\"https:\/\/www.manaus.am.gov.br\/seminf\/tancredo-neves-canteiro-obras-mutirao-no-bairro\/\",\"url\":\"https:\/\/www.manaus.am.gov.br\/seminf\/tancredo-neves-canteiro-obras-mutirao-no-bairro\/\",\"name\":\"Tancredo Neves vira canteiro de obras com \u2018Mutir\u00e3o no Bairro\u2019\",\"isPartOf\":{\"@id\":\"https:\/\/www.manaus.am.gov.br\/seminf\/#website\"},\"primaryImageOfPage\":{\"@id\":\"https:\/\/www.manaus.am.gov.br\/seminf\/tancredo-neves-canteiro-obras-mutirao-no-bairro\/#primaryimage\"},\"image\":{\"@id\":\"https:\/\/www.manaus.am.gov.br\/seminf\/tancredo-neves-canteiro-obras-mutirao-no-bairro\/#primaryimage\"},\"thumbnailUrl\":\"https:\/\/www.manaus.am.gov.br\/seminf\/wp-content\/uploads\/sites\/6\/2025\/06\/Servico-1.jpeg\",\"datePublished\":\"2025-06-17T16:09:30+00:00\",\"dateModified\":\"2025-06-17T16:10:18+00:00\",\"author\":{\"@id\":\"https:\/\/www.manaus.am.gov.br\/seminf\/#\/schema\/person\/05d223aea2bf115f9883a6ff3683d81b\"},\"description\":\"Tancredo Neves vira canteiro de obras com \u2018Mutir\u00e3o no Bairro\u2019 e ruas ganham asfalto com a\u00e7\u00e3o da prefeitura.\",\"inLanguage\":\"pt-BR\",\"potentialAction\":[{\"@type\":\"ReadAction\",\"target\":[\"https:\/\/www.manaus.am.gov.br\/seminf\/tancredo-neves-canteiro-obras-mutirao-no-bairro\/\"]}]},{\"@type\":\"ImageObject\",\"inLanguage\":\"pt-BR\",\"@id\":\"https:\/\/www.manaus.am.gov.br\/seminf\/tancredo-neves-canteiro-obras-mutirao-no-bairro\/#primaryimage\",\"url\":\"https:\/\/www.manaus.am.gov.br\/seminf\/wp-content\/uploads\/sites\/6\/2025\/06\/Servico-1.jpeg\",\"contentUrl\":\"https:\/\/www.manaus.am.gov.br\/seminf\/wp-content\/uploads\/sites\/6\/2025\/06\/Servico-1.jpeg\",\"width\":900,\"height\":655,\"caption\":\"#paratodosverem - Equipe da Seminf realiza recupera\u00e7\u00e3o asf\u00e1ltica em via do bairro Tancredo Neves\"},{\"@type\":\"WebSite\",\"@id\":\"https:\/\/www.manaus.am.gov.br\/seminf\/#website\",\"url\":\"https:\/\/www.manaus.am.gov.br\/seminf\/\",\"name\":\"Secretaria de Infraestrutura\",\"description\":\"Secretaria Municipal de Infraestrutura\",\"potentialAction\":[{\"@type\":\"SearchAction\",\"target\":{\"@type\":\"EntryPoint\",\"urlTemplate\":\"https:\/\/www.manaus.am.gov.br\/seminf\/?s={search_term_string}\"},\"query-input\":\"required name=search_term_string\"}],\"inLanguage\":\"pt-BR\"},{\"@type\":\"Person\",\"@id\":\"https:\/\/www.manaus.am.gov.br\/seminf\/#\/schema\/person\/05d223aea2bf115f9883a6ff3683d81b\",\"name\":\"Bruna Greco\",\"image\":{\"@type\":\"ImageObject\",\"inLanguage\":\"pt-BR\",\"@id\":\"https:\/\/www.manaus.am.gov.br\/seminf\/#\/schema\/person\/image\/\",\"url\":\"https:\/\/secure.gravatar.com\/avatar\/9c877d1a6adc2a055330e5c09a8653ce?s=96&d=mm&r=g\",\"contentUrl\":\"https:\/\/secure.gravatar.com\/avatar\/9c877d1a6adc2a055330e5c09a8653ce?s=96&d=mm&r=g\",\"caption\":\"Bruna Greco\"}}]}<\/script>\n<!-- \/ Yoast SEO plugin. -->","yoast_head_json":{"title":"Tancredo Neves vira canteiro de obras com \u2018Mutir\u00e3o no Bairro\u2019","description":"Tancredo Neves vira canteiro de obras com \u2018Mutir\u00e3o no Bairro\u2019 e ruas ganham asfalto com a\u00e7\u00e3o da prefeitura.","robots":{"index":"index","follow":"follow","max-snippet":"max-snippet:-1","max-image-preview":"max-image-preview:large","max-video-preview":"max-video-preview:-1"},"canonical":"https:\/\/www.manaus.am.gov.br\/seminf\/tancredo-neves-canteiro-obras-mutirao-no-bairro\/","og_locale":"pt_BR","og_type":"article","og_title":"Tancredo Neves vira canteiro de obras com \u2018Mutir\u00e3o no Bairro\u2019","og_description":"Tancredo Neves vira canteiro de obras com \u2018Mutir\u00e3o no Bairro\u2019 e ruas ganham asfalto com a\u00e7\u00e3o da prefeitura.","og_url":"https:\/\/www.manaus.am.gov.br\/seminf\/tancredo-neves-canteiro-obras-mutirao-no-bairro\/","og_site_name":"SEMINF","article_published_time":"2025-06-17T16:09:30+00:00","article_modified_time":"2025-06-17T16:10:18+00:00","og_image":[{"width":900,"height":655,"url":"https:\/\/www.manaus.am.gov.br\/seminf\/wp-content\/uploads\/sites\/6\/2025\/06\/Servico-1.jpeg","type":"image\/jpeg"}],"author":"Bruna Greco","twitter_card":"summary_large_image","twitter_misc":{"Written by":"Bruna Greco","Est. reading time":"2 minutos"},"schema":{"@context":"https:\/\/schema.org","@graph":[{"@type":"WebPage","@id":"https:\/\/www.manaus.am.gov.br\/seminf\/tancredo-neves-canteiro-obras-mutirao-no-bairro\/","url":"https:\/\/www.manaus.am.gov.br\/seminf\/tancredo-neves-canteiro-obras-mutirao-no-bairro\/","name":"Tancredo Neves vira canteiro de obras com \u2018Mutir\u00e3o no Bairro\u2019","isPartOf":{"@id":"https:\/\/www.manaus.am.gov.br\/seminf\/#website"},"primaryImageOfPage":{"@id":"https:\/\/www.manaus.am.gov.br\/seminf\/tancredo-neves-canteiro-obras-mutirao-no-bairro\/#primaryimage"},"image":{"@id":"https:\/\/www.manaus.am.gov.br\/seminf\/tancredo-neves-canteiro-obras-mutirao-no-bairro\/#primaryimage"},"thumbnailUrl":"https:\/\/www.manaus.am.gov.br\/seminf\/wp-content\/uploads\/sites\/6\/2025\/06\/Servico-1.jpeg","datePublished":"2025-06-17T16:09:30+00:00","dateModified":"2025-06-17T16:10:18+00:00","author":{"@id":"https:\/\/www.manaus.am.gov.br\/seminf\/#\/schema\/person\/05d223aea2bf115f9883a6ff3683d81b"},"description":"Tancredo Neves vira canteiro de obras com \u2018Mutir\u00e3o no Bairro\u2019 e ruas ganham asfalto com a\u00e7\u00e3o da prefeitura.","inLanguage":"pt-BR","potentialAction":[{"@type":"ReadAction","target":["https:\/\/www.manaus.am.gov.br\/seminf\/tancredo-neves-canteiro-obras-mutirao-no-bairro\/"]}]},{"@type":"ImageObject","inLanguage":"pt-BR","@id":"https:\/\/www.manaus.am.gov.br\/seminf\/tancredo-neves-canteiro-obras-mutirao-no-bairro\/#primaryimage","url":"https:\/\/www.manaus.am.gov.br\/seminf\/wp-content\/uploads\/sites\/6\/2025\/06\/Servico-1.jpeg","contentUrl":"https:\/\/www.manaus.am.gov.br\/seminf\/wp-content\/uploads\/sites\/6\/2025\/06\/Servico-1.jpeg","width":900,"height":655,"caption":"#paratodosverem - Equipe da Seminf realiza recupera\u00e7\u00e3o asf\u00e1ltica em via do bairro Tancredo Neves"},{"@type":"WebSite","@id":"https:\/\/www.manaus.am.gov.br\/seminf\/#website","url":"https:\/\/www.manaus.am.gov.br\/seminf\/","name":"Secretaria de Infraestrutura","description":"Secretaria Municipal de Infraestrutura","potentialAction":[{"@type":"SearchAction","target":{"@type":"EntryPoint","urlTemplate":"https:\/\/www.manaus.am.gov.br\/seminf\/?s={search_term_string}"},"query-input":"required name=search_term_string"}],"inLanguage":"pt-BR"},{"@type":"Person","@id":"https:\/\/www.manaus.am.gov.br\/seminf\/#\/schema\/person\/05d223aea2bf115f9883a6ff3683d81b","name":"Bruna Greco","image":{"@type":"ImageObject","inLanguage":"pt-BR","@id":"https:\/\/www.manaus.am.gov.br\/seminf\/#\/schema\/person\/image\/","url":"https:\/\/secure.gravatar.com\/avatar\/9c877d1a6adc2a055330e5c09a8653ce?s=96&d=mm&r=g","contentUrl":"https:\/\/secure.gravatar.com\/avatar\/9c877d1a6adc2a055330e5c09a8653ce?s=96&d=mm&r=g","caption":"Bruna Greco"}}]}},"_links":{"self":[{"href":"https:\/\/www.manaus.am.gov.br\/seminf\/wp-json\/wp\/v2\/posts\/5709"}],"collection":[{"href":"https:\/\/www.manaus.am.gov.br\/seminf\/wp-json\/wp\/v2\/posts"}],"about":[{"href":"https:\/\/www.manaus.am.gov.br\/seminf\/wp-json\/wp\/v2\/types\/post"}],"author":[{"embeddable":true,"href":"https:\/\/www.manaus.am.gov.br\/seminf\/wp-json\/wp\/v2\/users\/39"}],"replies":[{"embeddable":true,"href":"https:\/\/www.manaus.am.gov.br\/seminf\/wp-json\/wp\/v2\/comments?post=5709"}],"version-history":[{"count":2,"href":"https:\/\/www.manaus.am.gov.br\/seminf\/wp-json\/wp\/v2\/posts\/5709\/revisions"}],"predecessor-version":[{"id":5713,"href":"https:\/\/www.manaus.am.gov.br\/seminf\/wp-json\/wp\/v2\/posts\/5709\/revisions\/5713"}],"wp:featuredmedia":[{"embeddable":true,"href":"https:\/\/www.manaus.am.gov.br\/seminf\/wp-json\/wp\/v2\/media\/5710"}],"wp:attachment":[{"href":"https:\/\/www.manaus.am.gov.br\/seminf\/wp-json\/wp\/v2\/media?parent=5709"}],"wp:term":[{"taxonomy":"category","embeddable":true,"href":"https:\/\/www.manaus.am.gov.br\/seminf\/wp-json\/wp\/v2\/categories?post=5709"},{"taxonomy":"post_tag","embeddable":true,"href":"https:\/\/www.manaus.am.gov.br\/seminf\/wp-json\/wp\/v2\/tags?post=5709"}],"curies":[{"name":"wp","href":"https:\/\/api.w.org\/{rel}","templated":true}]}}