{"id":5696,"date":"2025-06-16T16:59:33","date_gmt":"2025-06-16T20:59:33","guid":{"rendered":"https:\/\/www.manaus.am.gov.br\/seminf\/prefeitura-seminf-compensa\/"},"modified":"2025-06-16T16:59:34","modified_gmt":"2025-06-16T20:59:34","slug":"prefeitura-seminf-compensa","status":"publish","type":"post","link":"https:\/\/www.manaus.am.gov.br\/seminf\/prefeitura-seminf-compensa\/","title":{"rendered":"Prefeitura de Manaus realiza desobstru\u00e7\u00e3o de caixa coletora no bairro Compensa 2 para evitar alagamentos"},"content":{"rendered":"\n<p>A Prefeitura de Manaus, por meio da Secretaria Municipal de Infraestrutura (Seminf), deu continuidade \u00e0s a\u00e7\u00f5es de manuten\u00e7\u00e3o e infraestrutura urbana na cidade, executando, nesta segunda-feira, 16\/6, o servi\u00e7o de desobstru\u00e7\u00e3o de caixa coletora na esquina da rua Maria Amorim Neves com a rua T5, no bairro Compensa 2, zona Oeste da cidade.<\/p>\n\n\n\n<p>A interven\u00e7\u00e3o faz parte do cronograma da Seminf, que visa melhorar o escoamento das \u00e1guas pluviais e prevenir transtornos causados por alagamentos, especialmente em per\u00edodos de fortes chuvas na capital.<\/p>\n\n\n\n<p>Segundo a equipe t\u00e9cnica da Seminf, a caixa coletora da regi\u00e3o encontrava-se obstru\u00edda por res\u00edduos s\u00f3lidos e sedimentos, comprometendo o sistema de drenagem e causando ac\u00famulo de \u00e1gua nas vias. O trabalho envolveu a remo\u00e7\u00e3o dos detritos e a limpeza profunda da estrutura, garantindo o pleno funcionamento da rede de escoamento.<\/p>\n\n\n\n<p>\u201cEstamos atuando de forma intensiva em diversos pontos da cidade, principalmente nas \u00e1reas cr\u00edticas identificadas pelas nossas equipes. A Compensa 2 \u00e9 uma dessas regi\u00f5es que recebe aten\u00e7\u00e3o constante para evitar danos \u00e0 popula\u00e7\u00e3o e ao tr\u00e1fego local e, conforme determina o nosso prefeito David Almeida, seguimos atuantes por todas as zonas da cidade, levando Manaus ao avan\u00e7o!\u201d, destacou o vice-prefeito e secret\u00e1rio de Obras, Renato J\u00fanior.<\/p>\n\n\n\n<p>A Prefeitura de Manaus refor\u00e7a o apelo \u00e0 popula\u00e7\u00e3o, para que evite o descarte irregular de lixo nas ruas, pr\u00e1tica que contribui diretamente para o entupimento das caixas coletoras e bueiros. Os servi\u00e7os seguem em outros pontos da cidade, com o objetivo de manter a infraestrutura urbana funcionando de forma eficaz e segura para todos os manauaras.<\/p>\n\n\n\n<p>&#8212; &#8212; &#8212;<\/p>\n\n\n\n<p><strong>Texto\u00a0<\/strong>&#8211; Maria Amed\/ Seminf<\/p>\n\n\n\n<p><strong>Fotos\u00a0<\/strong>&#8211; Divulga\u00e7\u00e3o Seminf<\/p>\n","protected":false},"excerpt":{"rendered":"","protected":false},"author":23,"featured_media":5697,"comment_status":"closed","ping_status":"closed","sticky":false,"template":"","format":"standard","meta":{"footnotes":""},"categories":[3],"tags":[2164,45,43,26,231],"acf":[],"yoast_head":"<!-- This site is optimized with the Yoast SEO plugin v23.0 - https:\/\/yoast.com\/wordpress\/plugins\/seo\/ -->\n<title>Prefeitura de Manaus realiza desobstru\u00e7\u00e3o de caixa coletora no bairro Compensa 2 para evitar alagamentos<\/title>\n<meta name=\"description\" content=\"A Prefeitura de Manaus, por meio da Secretaria Municipal de Infraestrutura (Seminf), deu continuidade \u00e0s a\u00e7\u00f5es de manuten\u00e7\u00e3o e infraestrutura urbana na cidade, executando, nesta segunda-feira, 16\/6, o servi\u00e7o de desobstru\u00e7\u00e3o de caixa coletora na esquina da rua Maria Amorim Neves com a rua T5, no bairro Compensa 2, zona Oeste da cidade.\" \/>\n<meta name=\"robots\" content=\"index, follow, max-snippet:-1, max-image-preview:large, max-video-preview:-1\" \/>\n<link rel=\"canonical\" href=\"https:\/\/www.manaus.am.gov.br\/seminf\/prefeitura-seminf-compensa\/\" \/>\n<meta property=\"og:locale\" content=\"pt_BR\" \/>\n<meta property=\"og:type\" content=\"article\" \/>\n<meta property=\"og:title\" content=\"Prefeitura de Manaus realiza desobstru\u00e7\u00e3o de caixa coletora no bairro Compensa 2 para evitar alagamentos\" \/>\n<meta property=\"og:description\" content=\"A Prefeitura de Manaus, por meio da Secretaria Municipal de Infraestrutura (Seminf), deu continuidade \u00e0s a\u00e7\u00f5es de manuten\u00e7\u00e3o e infraestrutura urbana na cidade, executando, nesta segunda-feira, 16\/6, o servi\u00e7o de desobstru\u00e7\u00e3o de caixa coletora na esquina da rua Maria Amorim Neves com a rua T5, no bairro Compensa 2, zona Oeste da cidade.\" \/>\n<meta property=\"og:url\" content=\"https:\/\/www.manaus.am.gov.br\/seminf\/prefeitura-seminf-compensa\/\" \/>\n<meta property=\"og:site_name\" content=\"SEMINF\" \/>\n<meta property=\"article:published_time\" content=\"2025-06-16T20:59:33+00:00\" \/>\n<meta property=\"article:modified_time\" content=\"2025-06-16T20:59:34+00:00\" \/>\n<meta property=\"og:image\" content=\"https:\/\/www.manaus.am.gov.br\/seminf\/wp-content\/uploads\/sites\/6\/2025\/06\/WhatsApp-Image-2025-06-16-at-16.48.52-1.jpeg\" \/>\n\t<meta property=\"og:image:width\" content=\"4160\" \/>\n\t<meta property=\"og:image:height\" content=\"2774\" \/>\n\t<meta property=\"og:image:type\" content=\"image\/jpeg\" \/>\n<meta name=\"author\" content=\"Adriana Costa\" \/>\n<meta name=\"twitter:card\" content=\"summary_large_image\" \/>\n<meta name=\"twitter:label1\" content=\"Written by\" \/>\n\t<meta name=\"twitter:data1\" content=\"Adriana Costa\" \/>\n\t<meta name=\"twitter:label2\" content=\"Est. reading time\" \/>\n\t<meta name=\"twitter:data2\" content=\"2 minutos\" \/>\n<script type=\"application\/ld+json\" class=\"yoast-schema-graph\">{\"@context\":\"https:\/\/schema.org\",\"@graph\":[{\"@type\":\"WebPage\",\"@id\":\"https:\/\/www.manaus.am.gov.br\/seminf\/prefeitura-seminf-compensa\/\",\"url\":\"https:\/\/www.manaus.am.gov.br\/seminf\/prefeitura-seminf-compensa\/\",\"name\":\"Prefeitura de Manaus realiza desobstru\u00e7\u00e3o de caixa coletora no bairro Compensa 2 para evitar alagamentos\",\"isPartOf\":{\"@id\":\"https:\/\/www.manaus.am.gov.br\/seminf\/#website\"},\"primaryImageOfPage\":{\"@id\":\"https:\/\/www.manaus.am.gov.br\/seminf\/prefeitura-seminf-compensa\/#primaryimage\"},\"image\":{\"@id\":\"https:\/\/www.manaus.am.gov.br\/seminf\/prefeitura-seminf-compensa\/#primaryimage\"},\"thumbnailUrl\":\"https:\/\/www.manaus.am.gov.br\/seminf\/wp-content\/uploads\/sites\/6\/2025\/06\/WhatsApp-Image-2025-06-16-at-16.48.52-1.jpeg\",\"datePublished\":\"2025-06-16T20:59:33+00:00\",\"dateModified\":\"2025-06-16T20:59:34+00:00\",\"author\":{\"@id\":\"https:\/\/www.manaus.am.gov.br\/seminf\/#\/schema\/person\/4e49f4e267757a06ca072ec61b2b9968\"},\"description\":\"A Prefeitura de Manaus, por meio da Secretaria Municipal de Infraestrutura (Seminf), deu continuidade \u00e0s a\u00e7\u00f5es de manuten\u00e7\u00e3o e infraestrutura urbana na cidade, executando, nesta segunda-feira, 16\/6, o servi\u00e7o de desobstru\u00e7\u00e3o de caixa coletora na esquina da rua Maria Amorim Neves com a rua T5, no bairro Compensa 2, zona Oeste da cidade.\",\"inLanguage\":\"pt-BR\",\"potentialAction\":[{\"@type\":\"ReadAction\",\"target\":[\"https:\/\/www.manaus.am.gov.br\/seminf\/prefeitura-seminf-compensa\/\"]}]},{\"@type\":\"ImageObject\",\"inLanguage\":\"pt-BR\",\"@id\":\"https:\/\/www.manaus.am.gov.br\/seminf\/prefeitura-seminf-compensa\/#primaryimage\",\"url\":\"https:\/\/www.manaus.am.gov.br\/seminf\/wp-content\/uploads\/sites\/6\/2025\/06\/WhatsApp-Image-2025-06-16-at-16.48.52-1.jpeg\",\"contentUrl\":\"https:\/\/www.manaus.am.gov.br\/seminf\/wp-content\/uploads\/sites\/6\/2025\/06\/WhatsApp-Image-2025-06-16-at-16.48.52-1.jpeg\",\"width\":4160,\"height\":2774},{\"@type\":\"WebSite\",\"@id\":\"https:\/\/www.manaus.am.gov.br\/seminf\/#website\",\"url\":\"https:\/\/www.manaus.am.gov.br\/seminf\/\",\"name\":\"Secretaria de Infraestrutura\",\"description\":\"Secretaria Municipal de Infraestrutura\",\"potentialAction\":[{\"@type\":\"SearchAction\",\"target\":{\"@type\":\"EntryPoint\",\"urlTemplate\":\"https:\/\/www.manaus.am.gov.br\/seminf\/?s={search_term_string}\"},\"query-input\":\"required name=search_term_string\"}],\"inLanguage\":\"pt-BR\"},{\"@type\":\"Person\",\"@id\":\"https:\/\/www.manaus.am.gov.br\/seminf\/#\/schema\/person\/4e49f4e267757a06ca072ec61b2b9968\",\"name\":\"Adriana Costa\",\"image\":{\"@type\":\"ImageObject\",\"inLanguage\":\"pt-BR\",\"@id\":\"https:\/\/www.manaus.am.gov.br\/seminf\/#\/schema\/person\/image\/\",\"url\":\"https:\/\/secure.gravatar.com\/avatar\/576258617ef7194f718179e766d57bd4?s=96&d=mm&r=g\",\"contentUrl\":\"https:\/\/secure.gravatar.com\/avatar\/576258617ef7194f718179e766d57bd4?s=96&d=mm&r=g\",\"caption\":\"Adriana Costa\"}}]}<\/script>\n<!-- \/ Yoast SEO plugin. -->","yoast_head_json":{"title":"Prefeitura de Manaus realiza desobstru\u00e7\u00e3o de caixa coletora no bairro Compensa 2 para evitar alagamentos","description":"A Prefeitura de Manaus, por meio da Secretaria Municipal de Infraestrutura (Seminf), deu continuidade \u00e0s a\u00e7\u00f5es de manuten\u00e7\u00e3o e infraestrutura urbana na cidade, executando, nesta segunda-feira, 16\/6, o servi\u00e7o de desobstru\u00e7\u00e3o de caixa coletora na esquina da rua Maria Amorim Neves com a rua T5, no bairro Compensa 2, zona Oeste da cidade.","robots":{"index":"index","follow":"follow","max-snippet":"max-snippet:-1","max-image-preview":"max-image-preview:large","max-video-preview":"max-video-preview:-1"},"canonical":"https:\/\/www.manaus.am.gov.br\/seminf\/prefeitura-seminf-compensa\/","og_locale":"pt_BR","og_type":"article","og_title":"Prefeitura de Manaus realiza desobstru\u00e7\u00e3o de caixa coletora no bairro Compensa 2 para evitar alagamentos","og_description":"A Prefeitura de Manaus, por meio da Secretaria Municipal de Infraestrutura (Seminf), deu continuidade \u00e0s a\u00e7\u00f5es de manuten\u00e7\u00e3o e infraestrutura urbana na cidade, executando, nesta segunda-feira, 16\/6, o servi\u00e7o de desobstru\u00e7\u00e3o de caixa coletora na esquina da rua Maria Amorim Neves com a rua T5, no bairro Compensa 2, zona Oeste da cidade.","og_url":"https:\/\/www.manaus.am.gov.br\/seminf\/prefeitura-seminf-compensa\/","og_site_name":"SEMINF","article_published_time":"2025-06-16T20:59:33+00:00","article_modified_time":"2025-06-16T20:59:34+00:00","og_image":[{"width":4160,"height":2774,"url":"https:\/\/www.manaus.am.gov.br\/seminf\/wp-content\/uploads\/sites\/6\/2025\/06\/WhatsApp-Image-2025-06-16-at-16.48.52-1.jpeg","type":"image\/jpeg"}],"author":"Adriana Costa","twitter_card":"summary_large_image","twitter_misc":{"Written by":"Adriana Costa","Est. reading time":"2 minutos"},"schema":{"@context":"https:\/\/schema.org","@graph":[{"@type":"WebPage","@id":"https:\/\/www.manaus.am.gov.br\/seminf\/prefeitura-seminf-compensa\/","url":"https:\/\/www.manaus.am.gov.br\/seminf\/prefeitura-seminf-compensa\/","name":"Prefeitura de Manaus realiza desobstru\u00e7\u00e3o de caixa coletora no bairro Compensa 2 para evitar alagamentos","isPartOf":{"@id":"https:\/\/www.manaus.am.gov.br\/seminf\/#website"},"primaryImageOfPage":{"@id":"https:\/\/www.manaus.am.gov.br\/seminf\/prefeitura-seminf-compensa\/#primaryimage"},"image":{"@id":"https:\/\/www.manaus.am.gov.br\/seminf\/prefeitura-seminf-compensa\/#primaryimage"},"thumbnailUrl":"https:\/\/www.manaus.am.gov.br\/seminf\/wp-content\/uploads\/sites\/6\/2025\/06\/WhatsApp-Image-2025-06-16-at-16.48.52-1.jpeg","datePublished":"2025-06-16T20:59:33+00:00","dateModified":"2025-06-16T20:59:34+00:00","author":{"@id":"https:\/\/www.manaus.am.gov.br\/seminf\/#\/schema\/person\/4e49f4e267757a06ca072ec61b2b9968"},"description":"A Prefeitura de Manaus, por meio da Secretaria Municipal de Infraestrutura (Seminf), deu continuidade \u00e0s a\u00e7\u00f5es de manuten\u00e7\u00e3o e infraestrutura urbana na cidade, executando, nesta segunda-feira, 16\/6, o servi\u00e7o de desobstru\u00e7\u00e3o de caixa coletora na esquina da rua Maria Amorim Neves com a rua T5, no bairro Compensa 2, zona Oeste da cidade.","inLanguage":"pt-BR","potentialAction":[{"@type":"ReadAction","target":["https:\/\/www.manaus.am.gov.br\/seminf\/prefeitura-seminf-compensa\/"]}]},{"@type":"ImageObject","inLanguage":"pt-BR","@id":"https:\/\/www.manaus.am.gov.br\/seminf\/prefeitura-seminf-compensa\/#primaryimage","url":"https:\/\/www.manaus.am.gov.br\/seminf\/wp-content\/uploads\/sites\/6\/2025\/06\/WhatsApp-Image-2025-06-16-at-16.48.52-1.jpeg","contentUrl":"https:\/\/www.manaus.am.gov.br\/seminf\/wp-content\/uploads\/sites\/6\/2025\/06\/WhatsApp-Image-2025-06-16-at-16.48.52-1.jpeg","width":4160,"height":2774},{"@type":"WebSite","@id":"https:\/\/www.manaus.am.gov.br\/seminf\/#website","url":"https:\/\/www.manaus.am.gov.br\/seminf\/","name":"Secretaria de Infraestrutura","description":"Secretaria Municipal de Infraestrutura","potentialAction":[{"@type":"SearchAction","target":{"@type":"EntryPoint","urlTemplate":"https:\/\/www.manaus.am.gov.br\/seminf\/?s={search_term_string}"},"query-input":"required name=search_term_string"}],"inLanguage":"pt-BR"},{"@type":"Person","@id":"https:\/\/www.manaus.am.gov.br\/seminf\/#\/schema\/person\/4e49f4e267757a06ca072ec61b2b9968","name":"Adriana Costa","image":{"@type":"ImageObject","inLanguage":"pt-BR","@id":"https:\/\/www.manaus.am.gov.br\/seminf\/#\/schema\/person\/image\/","url":"https:\/\/secure.gravatar.com\/avatar\/576258617ef7194f718179e766d57bd4?s=96&d=mm&r=g","contentUrl":"https:\/\/secure.gravatar.com\/avatar\/576258617ef7194f718179e766d57bd4?s=96&d=mm&r=g","caption":"Adriana Costa"}}]}},"_links":{"self":[{"href":"https:\/\/www.manaus.am.gov.br\/seminf\/wp-json\/wp\/v2\/posts\/5696"}],"collection":[{"href":"https:\/\/www.manaus.am.gov.br\/seminf\/wp-json\/wp\/v2\/posts"}],"about":[{"href":"https:\/\/www.manaus.am.gov.br\/seminf\/wp-json\/wp\/v2\/types\/post"}],"author":[{"embeddable":true,"href":"https:\/\/www.manaus.am.gov.br\/seminf\/wp-json\/wp\/v2\/users\/23"}],"replies":[{"embeddable":true,"href":"https:\/\/www.manaus.am.gov.br\/seminf\/wp-json\/wp\/v2\/comments?post=5696"}],"version-history":[{"count":0,"href":"https:\/\/www.manaus.am.gov.br\/seminf\/wp-json\/wp\/v2\/posts\/5696\/revisions"}],"wp:featuredmedia":[{"embeddable":true,"href":"https:\/\/www.manaus.am.gov.br\/seminf\/wp-json\/wp\/v2\/media\/5697"}],"wp:attachment":[{"href":"https:\/\/www.manaus.am.gov.br\/seminf\/wp-json\/wp\/v2\/media?parent=5696"}],"wp:term":[{"taxonomy":"category","embeddable":true,"href":"https:\/\/www.manaus.am.gov.br\/seminf\/wp-json\/wp\/v2\/categories?post=5696"},{"taxonomy":"post_tag","embeddable":true,"href":"https:\/\/www.manaus.am.gov.br\/seminf\/wp-json\/wp\/v2\/tags?post=5696"}],"curies":[{"name":"wp","href":"https:\/\/api.w.org\/{rel}","templated":true}]}}