{"id":5683,"date":"2025-06-14T14:40:33","date_gmt":"2025-06-14T18:40:33","guid":{"rendered":"https:\/\/www.manaus.am.gov.br\/seminf\/obras-e-servicos-de-urbanizacao\/"},"modified":"2025-06-14T14:40:33","modified_gmt":"2025-06-14T18:40:33","slug":"obras-e-servicos-de-urbanizacao","status":"publish","type":"post","link":"https:\/\/www.manaus.am.gov.br\/seminf\/obras-e-servicos-de-urbanizacao\/","title":{"rendered":"Prefeitura de Manaus avan\u00e7a com obras e servi\u00e7os de urbaniza\u00e7\u00e3o no complexo vi\u00e1rio Rei Pel\u00e9"},"content":{"rendered":"\n<p><strong><br><\/strong>A Prefeitura de Manaus, por meio da Secretaria Municipal de Infraestrutura (Seminf), avan\u00e7a nas obras do complexo vi\u00e1rio Rei Pel\u00e9, na zona Leste da capital. Neste s\u00e1bado, 14\/6, os trabalhos seguem em ritmo acelerado na fase final da obra, que vai al\u00e9m da mobilidade urbana, impactando diretamente a qualidade de vida dos moradores da regi\u00e3o.<br><br>&#8220;Seguimos avan\u00e7ando com as obras do Rei Pel\u00e9, cumprindo a determina\u00e7\u00e3o do prefeito David Almeida de intensificar os trabalhos na zona Leste. Este \u00e9 um investimento que n\u00e3o se limita ao tr\u00e2nsito. Queremos garantir mais bem-estar para a popula\u00e7\u00e3o, com espa\u00e7os de lazer, conviv\u00eancia e esporte. Nosso compromisso \u00e9 transformar a cidade&#8221;, destacou o vice-prefeito e secret\u00e1rio de Obras, Renato Junior.<br><br>Durante o s\u00e1bado, equipes intensificaram os servi\u00e7os de urbaniza\u00e7\u00e3o na rotat\u00f3ria do complexo, com plantio de mudas e prepara\u00e7\u00e3o da base para aplica\u00e7\u00e3o do piso estampado, criando um ambiente mais harm\u00f4nico e com acabamento moderno.<\/p>\n\n\n\n<figure class=\"wp-block-image size-full\"><img loading=\"lazy\" decoding=\"async\" width=\"800\" height=\"533\" src=\"https:\/\/www.manaus.am.gov.br\/seminf\/wp-content\/uploads\/sites\/6\/2025\/06\/Prefeitura-de-Manaus-avanca-com-obras-e-servicos-de-urbanizacao-do-complexo-viario-Rei-Pele-2.jpg\" alt=\"\" class=\"wp-image-5684\" srcset=\"https:\/\/www.manaus.am.gov.br\/seminf\/wp-content\/uploads\/sites\/6\/2025\/06\/Prefeitura-de-Manaus-avanca-com-obras-e-servicos-de-urbanizacao-do-complexo-viario-Rei-Pele-2.jpg 800w, https:\/\/www.manaus.am.gov.br\/seminf\/wp-content\/uploads\/sites\/6\/2025\/06\/Prefeitura-de-Manaus-avanca-com-obras-e-servicos-de-urbanizacao-do-complexo-viario-Rei-Pele-2-300x200.jpg 300w, https:\/\/www.manaus.am.gov.br\/seminf\/wp-content\/uploads\/sites\/6\/2025\/06\/Prefeitura-de-Manaus-avanca-com-obras-e-servicos-de-urbanizacao-do-complexo-viario-Rei-Pele-2-768x512.jpg 768w\" sizes=\"(max-width: 800px) 100vw, 800px\" \/><\/figure>\n\n\n\n<p><br>Simultaneamente, outras frentes de trabalho seguem na constru\u00e7\u00e3o de um espa\u00e7o para zumba e na instala\u00e7\u00e3o de equipamentos de uso p\u00fablico, como playground, academia ao ar livre, mesas e bancos, elementos que refor\u00e7am o car\u00e1ter de integra\u00e7\u00e3o e conviv\u00eancia social do local.<br><br><strong>Infraestrutura vi\u00e1ria<\/strong><br><br>Na avenida Camapu\u00e3, sentido avenida Autaz Mirim, as equipes iniciaram a etapa final de recapeamento, ap\u00f3s realizarem fresagem e remo\u00e7\u00e3o do antigo pavimento. No local, aplicam a imprima\u00e7\u00e3o e a nova camada asf\u00e1ltica com o aux\u00edlio da vibroacabadora, equipamento que nivela e compacta o asfalto. Na sequ\u00eancia, ser\u00e1 feita a manuten\u00e7\u00e3o de meio-fio, sarjetas e cal\u00e7adas da via.<br><br>Tamb\u00e9m est\u00e1 em andamento a terraplanagem na avenida Autaz Mirim, no cruzamento com a avenida Ita\u00faba, preparando a base para receber pavimenta\u00e7\u00e3o. Na parte inferior do complexo, seguem os servi\u00e7os de instala\u00e7\u00e3o da ilumina\u00e7\u00e3o nas trincheiras e pintura interna das estruturas.<br><br>Al\u00e9m das equipes da Seminf, a concession\u00e1ria de ilumina\u00e7\u00e3o p\u00fablica tamb\u00e9m atua no local com a manuten\u00e7\u00e3o e implanta\u00e7\u00e3o de novos postes, garantindo mais seguran\u00e7a para motoristas e pedestres.<br><br>\u201cEssa obra \u00e9 muito importante. S\u00f3 temos a agradecer \u00e0 Prefeitura de Manaus por finalmente realizar esse sonho, algo que ningu\u00e9m teve coragem de fazer antes. Est\u00e3o de parab\u00e9ns\u201d, disse o comerciante Antonio Corr\u00eaa, de 41 anos.<br><br>A Prefeitura de Manaus segue com o compromisso de transformar a zona Leste, deixando para tr\u00e1s o caos no tr\u00e2nsito e inaugurando um novo cen\u00e1rio de fluidez, seguran\u00e7a e qualidade de vida para a popula\u00e7\u00e3o.<\/p>\n\n\n\n<p>\u2014 \u2014 \u2014<br><strong>Texto &#8211;<\/strong> Eduarda Lira\/Seminf<br><strong>Fotos &#8211; <\/strong>M\u00e1rcio Melo\/Seminf<\/p>\n","protected":false},"excerpt":{"rendered":"","protected":false},"author":68,"featured_media":5685,"comment_status":"closed","ping_status":"closed","sticky":false,"template":"","format":"standard","meta":{"footnotes":""},"categories":[1554],"tags":[43,2158,26],"acf":[],"yoast_head":"<!-- This site is optimized with the Yoast SEO plugin v23.0 - https:\/\/yoast.com\/wordpress\/plugins\/seo\/ -->\n<title>Prefeitura de Manaus avan\u00e7a com obras e servi\u00e7os de urbaniza\u00e7\u00e3o no complexo vi\u00e1rio Rei Pel\u00e9<\/title>\n<meta name=\"description\" content=\"A Prefeitura de Manaus, por meio da Secretaria Municipal de Infraestrutura (Seminf), avan\u00e7a nas obras do complexo vi\u00e1rio Rei Pel\u00e9, na zona Leste da capital. Neste s\u00e1bado, 14\/6, os trabalhos seguem em ritmo acelerado na fase final da obra, que vai al\u00e9m da mobilidade urbana, impactando diretamente a qualidade de vida dos moradores da regi\u00e3o.\" \/>\n<meta name=\"robots\" content=\"index, follow, max-snippet:-1, max-image-preview:large, max-video-preview:-1\" \/>\n<link rel=\"canonical\" href=\"https:\/\/www.manaus.am.gov.br\/seminf\/obras-e-servicos-de-urbanizacao\/\" \/>\n<meta property=\"og:locale\" content=\"pt_BR\" \/>\n<meta property=\"og:type\" content=\"article\" \/>\n<meta property=\"og:title\" content=\"Prefeitura de Manaus avan\u00e7a com obras e servi\u00e7os de urbaniza\u00e7\u00e3o no complexo vi\u00e1rio Rei Pel\u00e9\" \/>\n<meta property=\"og:description\" content=\"A Prefeitura de Manaus, por meio da Secretaria Municipal de Infraestrutura (Seminf), avan\u00e7a nas obras do complexo vi\u00e1rio Rei Pel\u00e9, na zona Leste da capital. Neste s\u00e1bado, 14\/6, os trabalhos seguem em ritmo acelerado na fase final da obra, que vai al\u00e9m da mobilidade urbana, impactando diretamente a qualidade de vida dos moradores da regi\u00e3o.\" \/>\n<meta property=\"og:url\" content=\"https:\/\/www.manaus.am.gov.br\/seminf\/obras-e-servicos-de-urbanizacao\/\" \/>\n<meta property=\"og:site_name\" content=\"SEMINF\" \/>\n<meta property=\"article:published_time\" content=\"2025-06-14T18:40:33+00:00\" \/>\n<meta property=\"og:image\" content=\"https:\/\/www.manaus.am.gov.br\/seminf\/wp-content\/uploads\/sites\/6\/2025\/06\/Prefeitura-de-Manaus-avanca-com-obras-e-servicos-de-urbanizacao-do-complexo-viario-Rei-Pele-5.jpg\" \/>\n\t<meta property=\"og:image:width\" content=\"800\" \/>\n\t<meta property=\"og:image:height\" content=\"533\" \/>\n\t<meta property=\"og:image:type\" content=\"image\/jpeg\" \/>\n<meta name=\"author\" content=\"bvalente\" \/>\n<meta name=\"twitter:card\" content=\"summary_large_image\" \/>\n<meta name=\"twitter:label1\" content=\"Written by\" \/>\n\t<meta name=\"twitter:data1\" content=\"bvalente\" \/>\n\t<meta name=\"twitter:label2\" content=\"Est. reading time\" \/>\n\t<meta name=\"twitter:data2\" content=\"3 minutos\" \/>\n<script type=\"application\/ld+json\" class=\"yoast-schema-graph\">{\"@context\":\"https:\/\/schema.org\",\"@graph\":[{\"@type\":\"WebPage\",\"@id\":\"https:\/\/www.manaus.am.gov.br\/seminf\/obras-e-servicos-de-urbanizacao\/\",\"url\":\"https:\/\/www.manaus.am.gov.br\/seminf\/obras-e-servicos-de-urbanizacao\/\",\"name\":\"Prefeitura de Manaus avan\u00e7a com obras e servi\u00e7os de urbaniza\u00e7\u00e3o no complexo vi\u00e1rio Rei Pel\u00e9\",\"isPartOf\":{\"@id\":\"https:\/\/www.manaus.am.gov.br\/seminf\/#website\"},\"primaryImageOfPage\":{\"@id\":\"https:\/\/www.manaus.am.gov.br\/seminf\/obras-e-servicos-de-urbanizacao\/#primaryimage\"},\"image\":{\"@id\":\"https:\/\/www.manaus.am.gov.br\/seminf\/obras-e-servicos-de-urbanizacao\/#primaryimage\"},\"thumbnailUrl\":\"https:\/\/www.manaus.am.gov.br\/seminf\/wp-content\/uploads\/sites\/6\/2025\/06\/Prefeitura-de-Manaus-avanca-com-obras-e-servicos-de-urbanizacao-do-complexo-viario-Rei-Pele-5.jpg\",\"datePublished\":\"2025-06-14T18:40:33+00:00\",\"dateModified\":\"2025-06-14T18:40:33+00:00\",\"author\":{\"@id\":\"https:\/\/www.manaus.am.gov.br\/seminf\/#\/schema\/person\/466a0e03ae4b6062809046bd560ac955\"},\"description\":\"A Prefeitura de Manaus, por meio da Secretaria Municipal de Infraestrutura (Seminf), avan\u00e7a nas obras do complexo vi\u00e1rio Rei Pel\u00e9, na zona Leste da capital. Neste s\u00e1bado, 14\/6, os trabalhos seguem em ritmo acelerado na fase final da obra, que vai al\u00e9m da mobilidade urbana, impactando diretamente a qualidade de vida dos moradores da regi\u00e3o.\",\"inLanguage\":\"pt-BR\",\"potentialAction\":[{\"@type\":\"ReadAction\",\"target\":[\"https:\/\/www.manaus.am.gov.br\/seminf\/obras-e-servicos-de-urbanizacao\/\"]}]},{\"@type\":\"ImageObject\",\"inLanguage\":\"pt-BR\",\"@id\":\"https:\/\/www.manaus.am.gov.br\/seminf\/obras-e-servicos-de-urbanizacao\/#primaryimage\",\"url\":\"https:\/\/www.manaus.am.gov.br\/seminf\/wp-content\/uploads\/sites\/6\/2025\/06\/Prefeitura-de-Manaus-avanca-com-obras-e-servicos-de-urbanizacao-do-complexo-viario-Rei-Pele-5.jpg\",\"contentUrl\":\"https:\/\/www.manaus.am.gov.br\/seminf\/wp-content\/uploads\/sites\/6\/2025\/06\/Prefeitura-de-Manaus-avanca-com-obras-e-servicos-de-urbanizacao-do-complexo-viario-Rei-Pele-5.jpg\",\"width\":800,\"height\":533},{\"@type\":\"WebSite\",\"@id\":\"https:\/\/www.manaus.am.gov.br\/seminf\/#website\",\"url\":\"https:\/\/www.manaus.am.gov.br\/seminf\/\",\"name\":\"Secretaria de Infraestrutura\",\"description\":\"Secretaria Municipal de Infraestrutura\",\"potentialAction\":[{\"@type\":\"SearchAction\",\"target\":{\"@type\":\"EntryPoint\",\"urlTemplate\":\"https:\/\/www.manaus.am.gov.br\/seminf\/?s={search_term_string}\"},\"query-input\":\"required name=search_term_string\"}],\"inLanguage\":\"pt-BR\"},{\"@type\":\"Person\",\"@id\":\"https:\/\/www.manaus.am.gov.br\/seminf\/#\/schema\/person\/466a0e03ae4b6062809046bd560ac955\",\"name\":\"bvalente\",\"image\":{\"@type\":\"ImageObject\",\"inLanguage\":\"pt-BR\",\"@id\":\"https:\/\/www.manaus.am.gov.br\/seminf\/#\/schema\/person\/image\/\",\"url\":\"https:\/\/secure.gravatar.com\/avatar\/3e69bc2b014bdad41adfec3a39de07d2?s=96&d=mm&r=g\",\"contentUrl\":\"https:\/\/secure.gravatar.com\/avatar\/3e69bc2b014bdad41adfec3a39de07d2?s=96&d=mm&r=g\",\"caption\":\"bvalente\"}}]}<\/script>\n<!-- \/ Yoast SEO plugin. -->","yoast_head_json":{"title":"Prefeitura de Manaus avan\u00e7a com obras e servi\u00e7os de urbaniza\u00e7\u00e3o no complexo vi\u00e1rio Rei Pel\u00e9","description":"A Prefeitura de Manaus, por meio da Secretaria Municipal de Infraestrutura (Seminf), avan\u00e7a nas obras do complexo vi\u00e1rio Rei Pel\u00e9, na zona Leste da capital. Neste s\u00e1bado, 14\/6, os trabalhos seguem em ritmo acelerado na fase final da obra, que vai al\u00e9m da mobilidade urbana, impactando diretamente a qualidade de vida dos moradores da regi\u00e3o.","robots":{"index":"index","follow":"follow","max-snippet":"max-snippet:-1","max-image-preview":"max-image-preview:large","max-video-preview":"max-video-preview:-1"},"canonical":"https:\/\/www.manaus.am.gov.br\/seminf\/obras-e-servicos-de-urbanizacao\/","og_locale":"pt_BR","og_type":"article","og_title":"Prefeitura de Manaus avan\u00e7a com obras e servi\u00e7os de urbaniza\u00e7\u00e3o no complexo vi\u00e1rio Rei Pel\u00e9","og_description":"A Prefeitura de Manaus, por meio da Secretaria Municipal de Infraestrutura (Seminf), avan\u00e7a nas obras do complexo vi\u00e1rio Rei Pel\u00e9, na zona Leste da capital. Neste s\u00e1bado, 14\/6, os trabalhos seguem em ritmo acelerado na fase final da obra, que vai al\u00e9m da mobilidade urbana, impactando diretamente a qualidade de vida dos moradores da regi\u00e3o.","og_url":"https:\/\/www.manaus.am.gov.br\/seminf\/obras-e-servicos-de-urbanizacao\/","og_site_name":"SEMINF","article_published_time":"2025-06-14T18:40:33+00:00","og_image":[{"width":800,"height":533,"url":"https:\/\/www.manaus.am.gov.br\/seminf\/wp-content\/uploads\/sites\/6\/2025\/06\/Prefeitura-de-Manaus-avanca-com-obras-e-servicos-de-urbanizacao-do-complexo-viario-Rei-Pele-5.jpg","type":"image\/jpeg"}],"author":"bvalente","twitter_card":"summary_large_image","twitter_misc":{"Written by":"bvalente","Est. reading time":"3 minutos"},"schema":{"@context":"https:\/\/schema.org","@graph":[{"@type":"WebPage","@id":"https:\/\/www.manaus.am.gov.br\/seminf\/obras-e-servicos-de-urbanizacao\/","url":"https:\/\/www.manaus.am.gov.br\/seminf\/obras-e-servicos-de-urbanizacao\/","name":"Prefeitura de Manaus avan\u00e7a com obras e servi\u00e7os de urbaniza\u00e7\u00e3o no complexo vi\u00e1rio Rei Pel\u00e9","isPartOf":{"@id":"https:\/\/www.manaus.am.gov.br\/seminf\/#website"},"primaryImageOfPage":{"@id":"https:\/\/www.manaus.am.gov.br\/seminf\/obras-e-servicos-de-urbanizacao\/#primaryimage"},"image":{"@id":"https:\/\/www.manaus.am.gov.br\/seminf\/obras-e-servicos-de-urbanizacao\/#primaryimage"},"thumbnailUrl":"https:\/\/www.manaus.am.gov.br\/seminf\/wp-content\/uploads\/sites\/6\/2025\/06\/Prefeitura-de-Manaus-avanca-com-obras-e-servicos-de-urbanizacao-do-complexo-viario-Rei-Pele-5.jpg","datePublished":"2025-06-14T18:40:33+00:00","dateModified":"2025-06-14T18:40:33+00:00","author":{"@id":"https:\/\/www.manaus.am.gov.br\/seminf\/#\/schema\/person\/466a0e03ae4b6062809046bd560ac955"},"description":"A Prefeitura de Manaus, por meio da Secretaria Municipal de Infraestrutura (Seminf), avan\u00e7a nas obras do complexo vi\u00e1rio Rei Pel\u00e9, na zona Leste da capital. Neste s\u00e1bado, 14\/6, os trabalhos seguem em ritmo acelerado na fase final da obra, que vai al\u00e9m da mobilidade urbana, impactando diretamente a qualidade de vida dos moradores da regi\u00e3o.","inLanguage":"pt-BR","potentialAction":[{"@type":"ReadAction","target":["https:\/\/www.manaus.am.gov.br\/seminf\/obras-e-servicos-de-urbanizacao\/"]}]},{"@type":"ImageObject","inLanguage":"pt-BR","@id":"https:\/\/www.manaus.am.gov.br\/seminf\/obras-e-servicos-de-urbanizacao\/#primaryimage","url":"https:\/\/www.manaus.am.gov.br\/seminf\/wp-content\/uploads\/sites\/6\/2025\/06\/Prefeitura-de-Manaus-avanca-com-obras-e-servicos-de-urbanizacao-do-complexo-viario-Rei-Pele-5.jpg","contentUrl":"https:\/\/www.manaus.am.gov.br\/seminf\/wp-content\/uploads\/sites\/6\/2025\/06\/Prefeitura-de-Manaus-avanca-com-obras-e-servicos-de-urbanizacao-do-complexo-viario-Rei-Pele-5.jpg","width":800,"height":533},{"@type":"WebSite","@id":"https:\/\/www.manaus.am.gov.br\/seminf\/#website","url":"https:\/\/www.manaus.am.gov.br\/seminf\/","name":"Secretaria de Infraestrutura","description":"Secretaria Municipal de Infraestrutura","potentialAction":[{"@type":"SearchAction","target":{"@type":"EntryPoint","urlTemplate":"https:\/\/www.manaus.am.gov.br\/seminf\/?s={search_term_string}"},"query-input":"required name=search_term_string"}],"inLanguage":"pt-BR"},{"@type":"Person","@id":"https:\/\/www.manaus.am.gov.br\/seminf\/#\/schema\/person\/466a0e03ae4b6062809046bd560ac955","name":"bvalente","image":{"@type":"ImageObject","inLanguage":"pt-BR","@id":"https:\/\/www.manaus.am.gov.br\/seminf\/#\/schema\/person\/image\/","url":"https:\/\/secure.gravatar.com\/avatar\/3e69bc2b014bdad41adfec3a39de07d2?s=96&d=mm&r=g","contentUrl":"https:\/\/secure.gravatar.com\/avatar\/3e69bc2b014bdad41adfec3a39de07d2?s=96&d=mm&r=g","caption":"bvalente"}}]}},"_links":{"self":[{"href":"https:\/\/www.manaus.am.gov.br\/seminf\/wp-json\/wp\/v2\/posts\/5683"}],"collection":[{"href":"https:\/\/www.manaus.am.gov.br\/seminf\/wp-json\/wp\/v2\/posts"}],"about":[{"href":"https:\/\/www.manaus.am.gov.br\/seminf\/wp-json\/wp\/v2\/types\/post"}],"author":[{"embeddable":true,"href":"https:\/\/www.manaus.am.gov.br\/seminf\/wp-json\/wp\/v2\/users\/68"}],"replies":[{"embeddable":true,"href":"https:\/\/www.manaus.am.gov.br\/seminf\/wp-json\/wp\/v2\/comments?post=5683"}],"version-history":[{"count":1,"href":"https:\/\/www.manaus.am.gov.br\/seminf\/wp-json\/wp\/v2\/posts\/5683\/revisions"}],"predecessor-version":[{"id":5686,"href":"https:\/\/www.manaus.am.gov.br\/seminf\/wp-json\/wp\/v2\/posts\/5683\/revisions\/5686"}],"wp:featuredmedia":[{"embeddable":true,"href":"https:\/\/www.manaus.am.gov.br\/seminf\/wp-json\/wp\/v2\/media\/5685"}],"wp:attachment":[{"href":"https:\/\/www.manaus.am.gov.br\/seminf\/wp-json\/wp\/v2\/media?parent=5683"}],"wp:term":[{"taxonomy":"category","embeddable":true,"href":"https:\/\/www.manaus.am.gov.br\/seminf\/wp-json\/wp\/v2\/categories?post=5683"},{"taxonomy":"post_tag","embeddable":true,"href":"https:\/\/www.manaus.am.gov.br\/seminf\/wp-json\/wp\/v2\/tags?post=5683"}],"curies":[{"name":"wp","href":"https:\/\/api.w.org\/{rel}","templated":true}]}}