{"id":5679,"date":"2025-06-13T16:57:10","date_gmt":"2025-06-13T20:57:10","guid":{"rendered":"https:\/\/www.manaus.am.gov.br\/seminf\/santo-agostinho-com-obras-de-infraestrutura\/"},"modified":"2025-06-13T16:57:11","modified_gmt":"2025-06-13T20:57:11","slug":"santo-agostinho-com-obras-de-infraestrutura","status":"publish","type":"post","link":"https:\/\/www.manaus.am.gov.br\/seminf\/santo-agostinho-com-obras-de-infraestrutura\/","title":{"rendered":"Prefeitura de Manaus atua em ruas do bairro Santo Agostinho com obras de infraestrutura"},"content":{"rendered":"\n<p>A Prefeitura de Manaus, por meio da <a href=\"https:\/\/www.manaus.am.gov.br\/seminf\/\">Secretaria Municipal de Infraestrutura (Seminf)<\/a>, segue intensificando os trabalhos de recupera\u00e7\u00e3o vi\u00e1ria e de drenagem profunda na capital. Nesta sexta-feira, 13\/6, as equipes atuam de forma simult\u00e2nea em duas frentes de obra no bairro Santo Agostinho, zona Oeste da cidade, com interven\u00e7\u00f5es nas ruas Amauri (antiga Travessa 2) e Campina Grande.<\/p>\n\n\n\n<p>Na rua Amauri, os servi\u00e7os foram concentrados na recupera\u00e7\u00e3o do sistema de drenagem com a substitui\u00e7\u00e3o de oito tubos, servi\u00e7o essencial para o escoamento adequado das \u00e1guas pluviais da \u00e1rea, seguida da recomposi\u00e7\u00e3o do meio-fio e das sarjetas, garantindo melhor conten\u00e7\u00e3o e direcionamento das \u00e1guas, al\u00e9m de maior durabilidade ao pavimento.<\/p>\n\n\n\n<p>\u201cQuero agradecer desde j\u00e1 a vinda da prefeitura aqui na comunidade. Levamos a demanda ao distrito de obras que nos atendeu prontamente. Gra\u00e7as a Deus, veio a solu\u00e7\u00e3o definitiva que vai facilitar muito para as crian\u00e7as e os idosos, que tinham dificuldades de transitar aqui\u201d, disse a treinadora Fab\u00edola Braga, 41.<\/p>\n\n\n\n<p>Paralelamente, na rua Campina Grande, a Seminf trabalha na substitui\u00e7\u00e3o de um trecho de aproximadamente 40 metros da rede de drenagem profunda. Com a conclus\u00e3o do servi\u00e7o, a equipe realiza a recupera\u00e7\u00e3o completa da escadaria promovendo seguran\u00e7a e acessibilidade para os moradores da regi\u00e3o.<\/p>\n\n\n\n<p>&#8220;Estamos atuando de forma planejada, levando importantes servi\u00e7os de infraestrutura aos bairros que mais precisam, de acordo com a determina\u00e7\u00e3o do nosso prefeito, David Almeida. No Santo Agostinho, identificamos a demanda em duas \u00e1reas distintas e mobilizamos nossas equipes para atender essas demandas da popula\u00e7\u00e3o&#8221;, destacou o vice-prefeito e secret\u00e1rio de Obras, Renato Junior.<\/p>\n\n\n\n<p>As obras fazem parte do plano cont\u00ednuo de manuten\u00e7\u00e3o e recupera\u00e7\u00e3o de infraestrutura urbana da Prefeitura de Manaus, que tem como foco a melhoria da qualidade de vida da popula\u00e7\u00e3o, especialmente nas zonas mais afetadas por transtornos ou deteriora\u00e7\u00f5es decorrentes do tempo.<\/p>\n\n\n\n<p>&#8212; &#8212; &#8212;<\/p>\n\n\n\n<p><strong>Texto &#8211;<\/strong> Maria Amed \/ Seminf<\/p>\n\n\n\n<p><strong>Fotos &#8211;<\/strong> M\u00e1rcio Melo \/ Seminf<\/p>\n","protected":false},"excerpt":{"rendered":"","protected":false},"author":57,"featured_media":5680,"comment_status":"closed","ping_status":"closed","sticky":false,"template":"","format":"standard","meta":{"footnotes":""},"categories":[3],"tags":[1253,43,2156,26],"acf":[],"yoast_head":"<!-- This site is optimized with the Yoast SEO plugin v23.0 - https:\/\/yoast.com\/wordpress\/plugins\/seo\/ -->\n<title>PMM atua no bairro Santo Agostinho com obras de infraestrutura<\/title>\n<meta name=\"description\" content=\"Nesta sexta-feira, 13\/6, as equipes atuam de forma simult\u00e2nea em duas frentes de obra no bairro Santo Agostinho, zona Oeste da cidade\" \/>\n<meta name=\"robots\" content=\"index, follow, max-snippet:-1, max-image-preview:large, max-video-preview:-1\" \/>\n<link rel=\"canonical\" href=\"https:\/\/www.manaus.am.gov.br\/seminf\/santo-agostinho-com-obras-de-infraestrutura\/\" \/>\n<meta property=\"og:locale\" content=\"pt_BR\" \/>\n<meta property=\"og:type\" content=\"article\" \/>\n<meta property=\"og:title\" content=\"PMM atua no bairro Santo Agostinho com obras de infraestrutura\" \/>\n<meta property=\"og:description\" content=\"Nesta sexta-feira, 13\/6, as equipes atuam de forma simult\u00e2nea em duas frentes de obra no bairro Santo Agostinho, zona Oeste da cidade\" \/>\n<meta property=\"og:url\" content=\"https:\/\/www.manaus.am.gov.br\/seminf\/santo-agostinho-com-obras-de-infraestrutura\/\" \/>\n<meta property=\"og:site_name\" content=\"SEMINF\" \/>\n<meta property=\"article:published_time\" content=\"2025-06-13T20:57:10+00:00\" \/>\n<meta property=\"article:modified_time\" content=\"2025-06-13T20:57:11+00:00\" \/>\n<meta property=\"og:image\" content=\"https:\/\/www.manaus.am.gov.br\/seminf\/wp-content\/uploads\/sites\/6\/2025\/06\/Santo-Agostinho-3.jpg\" \/>\n\t<meta property=\"og:image:width\" content=\"1200\" \/>\n\t<meta property=\"og:image:height\" content=\"800\" \/>\n\t<meta property=\"og:image:type\" content=\"image\/jpeg\" \/>\n<meta name=\"author\" content=\"Thiago Fernando\" \/>\n<meta name=\"twitter:card\" content=\"summary_large_image\" \/>\n<meta name=\"twitter:label1\" content=\"Written by\" \/>\n\t<meta name=\"twitter:data1\" content=\"Thiago Fernando\" \/>\n\t<meta name=\"twitter:label2\" content=\"Est. reading time\" \/>\n\t<meta name=\"twitter:data2\" content=\"2 minutos\" \/>\n<script type=\"application\/ld+json\" class=\"yoast-schema-graph\">{\"@context\":\"https:\/\/schema.org\",\"@graph\":[{\"@type\":\"WebPage\",\"@id\":\"https:\/\/www.manaus.am.gov.br\/seminf\/santo-agostinho-com-obras-de-infraestrutura\/\",\"url\":\"https:\/\/www.manaus.am.gov.br\/seminf\/santo-agostinho-com-obras-de-infraestrutura\/\",\"name\":\"PMM atua no bairro Santo Agostinho com obras de infraestrutura\",\"isPartOf\":{\"@id\":\"https:\/\/www.manaus.am.gov.br\/seminf\/#website\"},\"primaryImageOfPage\":{\"@id\":\"https:\/\/www.manaus.am.gov.br\/seminf\/santo-agostinho-com-obras-de-infraestrutura\/#primaryimage\"},\"image\":{\"@id\":\"https:\/\/www.manaus.am.gov.br\/seminf\/santo-agostinho-com-obras-de-infraestrutura\/#primaryimage\"},\"thumbnailUrl\":\"https:\/\/www.manaus.am.gov.br\/seminf\/wp-content\/uploads\/sites\/6\/2025\/06\/Santo-Agostinho-3.jpg\",\"datePublished\":\"2025-06-13T20:57:10+00:00\",\"dateModified\":\"2025-06-13T20:57:11+00:00\",\"author\":{\"@id\":\"https:\/\/www.manaus.am.gov.br\/seminf\/#\/schema\/person\/a5ee5376db6e21af026374b369f30882\"},\"description\":\"Nesta sexta-feira, 13\/6, as equipes atuam de forma simult\u00e2nea em duas frentes de obra no bairro Santo Agostinho, zona Oeste da cidade\",\"inLanguage\":\"pt-BR\",\"potentialAction\":[{\"@type\":\"ReadAction\",\"target\":[\"https:\/\/www.manaus.am.gov.br\/seminf\/santo-agostinho-com-obras-de-infraestrutura\/\"]}]},{\"@type\":\"ImageObject\",\"inLanguage\":\"pt-BR\",\"@id\":\"https:\/\/www.manaus.am.gov.br\/seminf\/santo-agostinho-com-obras-de-infraestrutura\/#primaryimage\",\"url\":\"https:\/\/www.manaus.am.gov.br\/seminf\/wp-content\/uploads\/sites\/6\/2025\/06\/Santo-Agostinho-3.jpg\",\"contentUrl\":\"https:\/\/www.manaus.am.gov.br\/seminf\/wp-content\/uploads\/sites\/6\/2025\/06\/Santo-Agostinho-3.jpg\",\"width\":1200,\"height\":800,\"caption\":\"Santo Agostinho\"},{\"@type\":\"WebSite\",\"@id\":\"https:\/\/www.manaus.am.gov.br\/seminf\/#website\",\"url\":\"https:\/\/www.manaus.am.gov.br\/seminf\/\",\"name\":\"Secretaria de Infraestrutura\",\"description\":\"Secretaria Municipal de Infraestrutura\",\"potentialAction\":[{\"@type\":\"SearchAction\",\"target\":{\"@type\":\"EntryPoint\",\"urlTemplate\":\"https:\/\/www.manaus.am.gov.br\/seminf\/?s={search_term_string}\"},\"query-input\":\"required name=search_term_string\"}],\"inLanguage\":\"pt-BR\"},{\"@type\":\"Person\",\"@id\":\"https:\/\/www.manaus.am.gov.br\/seminf\/#\/schema\/person\/a5ee5376db6e21af026374b369f30882\",\"name\":\"Thiago Fernando\",\"image\":{\"@type\":\"ImageObject\",\"inLanguage\":\"pt-BR\",\"@id\":\"https:\/\/www.manaus.am.gov.br\/seminf\/#\/schema\/person\/image\/\",\"url\":\"https:\/\/secure.gravatar.com\/avatar\/f5aab8722444041451501c077052ac07?s=96&d=mm&r=g\",\"contentUrl\":\"https:\/\/secure.gravatar.com\/avatar\/f5aab8722444041451501c077052ac07?s=96&d=mm&r=g\",\"caption\":\"Thiago Fernando\"}}]}<\/script>\n<!-- \/ Yoast SEO plugin. -->","yoast_head_json":{"title":"PMM atua no bairro Santo Agostinho com obras de infraestrutura","description":"Nesta sexta-feira, 13\/6, as equipes atuam de forma simult\u00e2nea em duas frentes de obra no bairro Santo Agostinho, zona Oeste da cidade","robots":{"index":"index","follow":"follow","max-snippet":"max-snippet:-1","max-image-preview":"max-image-preview:large","max-video-preview":"max-video-preview:-1"},"canonical":"https:\/\/www.manaus.am.gov.br\/seminf\/santo-agostinho-com-obras-de-infraestrutura\/","og_locale":"pt_BR","og_type":"article","og_title":"PMM atua no bairro Santo Agostinho com obras de infraestrutura","og_description":"Nesta sexta-feira, 13\/6, as equipes atuam de forma simult\u00e2nea em duas frentes de obra no bairro Santo Agostinho, zona Oeste da cidade","og_url":"https:\/\/www.manaus.am.gov.br\/seminf\/santo-agostinho-com-obras-de-infraestrutura\/","og_site_name":"SEMINF","article_published_time":"2025-06-13T20:57:10+00:00","article_modified_time":"2025-06-13T20:57:11+00:00","og_image":[{"width":1200,"height":800,"url":"https:\/\/www.manaus.am.gov.br\/seminf\/wp-content\/uploads\/sites\/6\/2025\/06\/Santo-Agostinho-3.jpg","type":"image\/jpeg"}],"author":"Thiago Fernando","twitter_card":"summary_large_image","twitter_misc":{"Written by":"Thiago Fernando","Est. reading time":"2 minutos"},"schema":{"@context":"https:\/\/schema.org","@graph":[{"@type":"WebPage","@id":"https:\/\/www.manaus.am.gov.br\/seminf\/santo-agostinho-com-obras-de-infraestrutura\/","url":"https:\/\/www.manaus.am.gov.br\/seminf\/santo-agostinho-com-obras-de-infraestrutura\/","name":"PMM atua no bairro Santo Agostinho com obras de infraestrutura","isPartOf":{"@id":"https:\/\/www.manaus.am.gov.br\/seminf\/#website"},"primaryImageOfPage":{"@id":"https:\/\/www.manaus.am.gov.br\/seminf\/santo-agostinho-com-obras-de-infraestrutura\/#primaryimage"},"image":{"@id":"https:\/\/www.manaus.am.gov.br\/seminf\/santo-agostinho-com-obras-de-infraestrutura\/#primaryimage"},"thumbnailUrl":"https:\/\/www.manaus.am.gov.br\/seminf\/wp-content\/uploads\/sites\/6\/2025\/06\/Santo-Agostinho-3.jpg","datePublished":"2025-06-13T20:57:10+00:00","dateModified":"2025-06-13T20:57:11+00:00","author":{"@id":"https:\/\/www.manaus.am.gov.br\/seminf\/#\/schema\/person\/a5ee5376db6e21af026374b369f30882"},"description":"Nesta sexta-feira, 13\/6, as equipes atuam de forma simult\u00e2nea em duas frentes de obra no bairro Santo Agostinho, zona Oeste da cidade","inLanguage":"pt-BR","potentialAction":[{"@type":"ReadAction","target":["https:\/\/www.manaus.am.gov.br\/seminf\/santo-agostinho-com-obras-de-infraestrutura\/"]}]},{"@type":"ImageObject","inLanguage":"pt-BR","@id":"https:\/\/www.manaus.am.gov.br\/seminf\/santo-agostinho-com-obras-de-infraestrutura\/#primaryimage","url":"https:\/\/www.manaus.am.gov.br\/seminf\/wp-content\/uploads\/sites\/6\/2025\/06\/Santo-Agostinho-3.jpg","contentUrl":"https:\/\/www.manaus.am.gov.br\/seminf\/wp-content\/uploads\/sites\/6\/2025\/06\/Santo-Agostinho-3.jpg","width":1200,"height":800,"caption":"Santo Agostinho"},{"@type":"WebSite","@id":"https:\/\/www.manaus.am.gov.br\/seminf\/#website","url":"https:\/\/www.manaus.am.gov.br\/seminf\/","name":"Secretaria de Infraestrutura","description":"Secretaria Municipal de Infraestrutura","potentialAction":[{"@type":"SearchAction","target":{"@type":"EntryPoint","urlTemplate":"https:\/\/www.manaus.am.gov.br\/seminf\/?s={search_term_string}"},"query-input":"required name=search_term_string"}],"inLanguage":"pt-BR"},{"@type":"Person","@id":"https:\/\/www.manaus.am.gov.br\/seminf\/#\/schema\/person\/a5ee5376db6e21af026374b369f30882","name":"Thiago Fernando","image":{"@type":"ImageObject","inLanguage":"pt-BR","@id":"https:\/\/www.manaus.am.gov.br\/seminf\/#\/schema\/person\/image\/","url":"https:\/\/secure.gravatar.com\/avatar\/f5aab8722444041451501c077052ac07?s=96&d=mm&r=g","contentUrl":"https:\/\/secure.gravatar.com\/avatar\/f5aab8722444041451501c077052ac07?s=96&d=mm&r=g","caption":"Thiago Fernando"}}]}},"_links":{"self":[{"href":"https:\/\/www.manaus.am.gov.br\/seminf\/wp-json\/wp\/v2\/posts\/5679"}],"collection":[{"href":"https:\/\/www.manaus.am.gov.br\/seminf\/wp-json\/wp\/v2\/posts"}],"about":[{"href":"https:\/\/www.manaus.am.gov.br\/seminf\/wp-json\/wp\/v2\/types\/post"}],"author":[{"embeddable":true,"href":"https:\/\/www.manaus.am.gov.br\/seminf\/wp-json\/wp\/v2\/users\/57"}],"replies":[{"embeddable":true,"href":"https:\/\/www.manaus.am.gov.br\/seminf\/wp-json\/wp\/v2\/comments?post=5679"}],"version-history":[{"count":0,"href":"https:\/\/www.manaus.am.gov.br\/seminf\/wp-json\/wp\/v2\/posts\/5679\/revisions"}],"wp:featuredmedia":[{"embeddable":true,"href":"https:\/\/www.manaus.am.gov.br\/seminf\/wp-json\/wp\/v2\/media\/5680"}],"wp:attachment":[{"href":"https:\/\/www.manaus.am.gov.br\/seminf\/wp-json\/wp\/v2\/media?parent=5679"}],"wp:term":[{"taxonomy":"category","embeddable":true,"href":"https:\/\/www.manaus.am.gov.br\/seminf\/wp-json\/wp\/v2\/categories?post=5679"},{"taxonomy":"post_tag","embeddable":true,"href":"https:\/\/www.manaus.am.gov.br\/seminf\/wp-json\/wp\/v2\/tags?post=5679"}],"curies":[{"name":"wp","href":"https:\/\/api.w.org\/{rel}","templated":true}]}}