{"id":5673,"date":"2025-06-13T15:06:44","date_gmt":"2025-06-13T19:06:44","guid":{"rendered":"https:\/\/www.manaus.am.gov.br\/seminf\/rede-de-drenagem-no-bairro-japiim\/"},"modified":"2025-06-13T15:06:45","modified_gmt":"2025-06-13T19:06:45","slug":"rede-de-drenagem-no-bairro-japiim","status":"publish","type":"post","link":"https:\/\/www.manaus.am.gov.br\/seminf\/rede-de-drenagem-no-bairro-japiim\/","title":{"rendered":"Prefeitura de Manaus realiza manuten\u00e7\u00e3o em rede de drenagem no bairro Japiim"},"content":{"rendered":"\n<p>A <a href=\"https:\/\/www.instagram.com\/prefeiturademanaus\/\">Prefeitura de Manaus<\/a>, por meio da <a href=\"https:\/\/www.manaus.am.gov.br\/seminf\/\">Secretaria Municipal de Infraestrutura (Seminf)<\/a>, realizou nesta sexta-feira, 13\/6, a manuten\u00e7\u00e3o da rede de drenagem da rua C-21, no bairro Japiim 2, zona Sul da capital, proporcionando mais seguran\u00e7a e evitando alagamentos no local.\u00a0<\/p>\n\n\n\n<p>\u201cEstamos concentrados em atender as demandas realizadas pelos moradores em todas as zonas da cidade. Com isso, o distrito de obras aqui de Petr\u00f3polis tem realizado estudos hidrogr\u00e1ficos nessa parte da cidade para realizar a manuten\u00e7\u00e3o das redes de drenagem que forem necess\u00e1rias, atendendo \u00e0s determina\u00e7\u00f5es do prefeito David Almeida de garantir qualidade de vida e seguran\u00e7a dos moradores\u201d, afirma o vice-prefeito e secret\u00e1rio de Obras, Renato Junior.&nbsp;<\/p>\n\n\n\n<p>Os moradores entraram em contato com o distrito de obras, para realizar uma vistoria na via. Ap\u00f3s a vistoria t\u00e9cnica, as equipes deram in\u00edcio \u00e0 troca de 5 metros da tubula\u00e7\u00e3o da rede de drenagem que estava rompida, causando a fuga de material e resultando na abertura de uma cratera na via.<\/p>\n\n\n\n<p>\u201cAgradecemos muito \u00e0s equipes da prefeitura por realizarem a desobstru\u00e7\u00e3o dos bueiros daqui da rua e por terem trocado a tubula\u00e7\u00e3o. Agora vai parar os alagamentos, maus cheiros. Vai ficar \u00f3timo, estamos gratos e seguros agora\u201d, comenta o aposentado Cleociomar Magalh\u00e3es, 63.&nbsp;<\/p>\n\n\n\n<p>Al\u00e9m da manuten\u00e7\u00e3o da galeria subterr\u00e2nea, os oper\u00e1rios atuaram, tamb\u00e9m, na desobstru\u00e7\u00e3o e recupera\u00e7\u00e3o de duas caixas coletoras presentes na rua. A equipe chega a etapa final do servi\u00e7o realizando o aterro com uma retroescavadeira auxiliando os trabalhadores no despejo do barro e areia.<\/p>\n\n\n\n<p>&#8212; &#8212; &#8212;<\/p>\n\n\n\n<p><strong>Texto &#8211;<\/strong> Eduarda Lira \/ Seminf<\/p>\n\n\n\n<p><strong>Fotos &#8211;<\/strong> M\u00e1rcio Melo \/ Seminf<\/p>\n","protected":false},"excerpt":{"rendered":"","protected":false},"author":57,"featured_media":5674,"comment_status":"closed","ping_status":"closed","sticky":false,"template":"","format":"standard","meta":{"footnotes":""},"categories":[3],"tags":[43,2153,26],"acf":[],"yoast_head":"<!-- This site is optimized with the Yoast SEO plugin v23.0 - https:\/\/yoast.com\/wordpress\/plugins\/seo\/ -->\n<title>PMM realiza manuten\u00e7\u00e3o em rede de drenagem no bairro Japiim<\/title>\n<meta name=\"description\" content=\"A Prefeitura de Manaus realizou nesta sexta-feira, 13\/6, a manuten\u00e7\u00e3o da rede de drenagem da rua C-21, no bairro Japiim.\" \/>\n<meta name=\"robots\" content=\"index, follow, max-snippet:-1, max-image-preview:large, max-video-preview:-1\" \/>\n<link rel=\"canonical\" href=\"https:\/\/www.manaus.am.gov.br\/seminf\/rede-de-drenagem-no-bairro-japiim\/\" \/>\n<meta property=\"og:locale\" content=\"pt_BR\" \/>\n<meta property=\"og:type\" content=\"article\" \/>\n<meta property=\"og:title\" content=\"PMM realiza manuten\u00e7\u00e3o em rede de drenagem no bairro Japiim\" \/>\n<meta property=\"og:description\" content=\"A Prefeitura de Manaus realizou nesta sexta-feira, 13\/6, a manuten\u00e7\u00e3o da rede de drenagem da rua C-21, no bairro Japiim.\" \/>\n<meta property=\"og:url\" content=\"https:\/\/www.manaus.am.gov.br\/seminf\/rede-de-drenagem-no-bairro-japiim\/\" \/>\n<meta property=\"og:site_name\" content=\"SEMINF\" \/>\n<meta property=\"article:published_time\" content=\"2025-06-13T19:06:44+00:00\" \/>\n<meta property=\"article:modified_time\" content=\"2025-06-13T19:06:45+00:00\" \/>\n<meta property=\"og:image\" content=\"https:\/\/www.manaus.am.gov.br\/seminf\/wp-content\/uploads\/sites\/6\/2025\/06\/rede-de-drenagem-no-bairro-Japiim-2.jpg\" \/>\n\t<meta property=\"og:image:width\" content=\"1200\" \/>\n\t<meta property=\"og:image:height\" content=\"800\" \/>\n\t<meta property=\"og:image:type\" content=\"image\/jpeg\" \/>\n<meta name=\"author\" content=\"Thiago Fernando\" \/>\n<meta name=\"twitter:card\" content=\"summary_large_image\" \/>\n<meta name=\"twitter:label1\" content=\"Written by\" \/>\n\t<meta name=\"twitter:data1\" content=\"Thiago Fernando\" \/>\n\t<meta name=\"twitter:label2\" content=\"Est. reading time\" \/>\n\t<meta name=\"twitter:data2\" content=\"2 minutos\" \/>\n<script type=\"application\/ld+json\" class=\"yoast-schema-graph\">{\"@context\":\"https:\/\/schema.org\",\"@graph\":[{\"@type\":\"WebPage\",\"@id\":\"https:\/\/www.manaus.am.gov.br\/seminf\/rede-de-drenagem-no-bairro-japiim\/\",\"url\":\"https:\/\/www.manaus.am.gov.br\/seminf\/rede-de-drenagem-no-bairro-japiim\/\",\"name\":\"PMM realiza manuten\u00e7\u00e3o em rede de drenagem no bairro Japiim\",\"isPartOf\":{\"@id\":\"https:\/\/www.manaus.am.gov.br\/seminf\/#website\"},\"primaryImageOfPage\":{\"@id\":\"https:\/\/www.manaus.am.gov.br\/seminf\/rede-de-drenagem-no-bairro-japiim\/#primaryimage\"},\"image\":{\"@id\":\"https:\/\/www.manaus.am.gov.br\/seminf\/rede-de-drenagem-no-bairro-japiim\/#primaryimage\"},\"thumbnailUrl\":\"https:\/\/www.manaus.am.gov.br\/seminf\/wp-content\/uploads\/sites\/6\/2025\/06\/rede-de-drenagem-no-bairro-Japiim-2.jpg\",\"datePublished\":\"2025-06-13T19:06:44+00:00\",\"dateModified\":\"2025-06-13T19:06:45+00:00\",\"author\":{\"@id\":\"https:\/\/www.manaus.am.gov.br\/seminf\/#\/schema\/person\/a5ee5376db6e21af026374b369f30882\"},\"description\":\"A Prefeitura de Manaus realizou nesta sexta-feira, 13\/6, a manuten\u00e7\u00e3o da rede de drenagem da rua C-21, no bairro Japiim.\",\"inLanguage\":\"pt-BR\",\"potentialAction\":[{\"@type\":\"ReadAction\",\"target\":[\"https:\/\/www.manaus.am.gov.br\/seminf\/rede-de-drenagem-no-bairro-japiim\/\"]}]},{\"@type\":\"ImageObject\",\"inLanguage\":\"pt-BR\",\"@id\":\"https:\/\/www.manaus.am.gov.br\/seminf\/rede-de-drenagem-no-bairro-japiim\/#primaryimage\",\"url\":\"https:\/\/www.manaus.am.gov.br\/seminf\/wp-content\/uploads\/sites\/6\/2025\/06\/rede-de-drenagem-no-bairro-Japiim-2.jpg\",\"contentUrl\":\"https:\/\/www.manaus.am.gov.br\/seminf\/wp-content\/uploads\/sites\/6\/2025\/06\/rede-de-drenagem-no-bairro-Japiim-2.jpg\",\"width\":1200,\"height\":800,\"caption\":\"rede de drenagem no bairro Japiim\"},{\"@type\":\"WebSite\",\"@id\":\"https:\/\/www.manaus.am.gov.br\/seminf\/#website\",\"url\":\"https:\/\/www.manaus.am.gov.br\/seminf\/\",\"name\":\"Secretaria de Infraestrutura\",\"description\":\"Secretaria Municipal de Infraestrutura\",\"potentialAction\":[{\"@type\":\"SearchAction\",\"target\":{\"@type\":\"EntryPoint\",\"urlTemplate\":\"https:\/\/www.manaus.am.gov.br\/seminf\/?s={search_term_string}\"},\"query-input\":\"required name=search_term_string\"}],\"inLanguage\":\"pt-BR\"},{\"@type\":\"Person\",\"@id\":\"https:\/\/www.manaus.am.gov.br\/seminf\/#\/schema\/person\/a5ee5376db6e21af026374b369f30882\",\"name\":\"Thiago Fernando\",\"image\":{\"@type\":\"ImageObject\",\"inLanguage\":\"pt-BR\",\"@id\":\"https:\/\/www.manaus.am.gov.br\/seminf\/#\/schema\/person\/image\/\",\"url\":\"https:\/\/secure.gravatar.com\/avatar\/f5aab8722444041451501c077052ac07?s=96&d=mm&r=g\",\"contentUrl\":\"https:\/\/secure.gravatar.com\/avatar\/f5aab8722444041451501c077052ac07?s=96&d=mm&r=g\",\"caption\":\"Thiago Fernando\"}}]}<\/script>\n<!-- \/ Yoast SEO plugin. -->","yoast_head_json":{"title":"PMM realiza manuten\u00e7\u00e3o em rede de drenagem no bairro Japiim","description":"A Prefeitura de Manaus realizou nesta sexta-feira, 13\/6, a manuten\u00e7\u00e3o da rede de drenagem da rua C-21, no bairro Japiim.","robots":{"index":"index","follow":"follow","max-snippet":"max-snippet:-1","max-image-preview":"max-image-preview:large","max-video-preview":"max-video-preview:-1"},"canonical":"https:\/\/www.manaus.am.gov.br\/seminf\/rede-de-drenagem-no-bairro-japiim\/","og_locale":"pt_BR","og_type":"article","og_title":"PMM realiza manuten\u00e7\u00e3o em rede de drenagem no bairro Japiim","og_description":"A Prefeitura de Manaus realizou nesta sexta-feira, 13\/6, a manuten\u00e7\u00e3o da rede de drenagem da rua C-21, no bairro Japiim.","og_url":"https:\/\/www.manaus.am.gov.br\/seminf\/rede-de-drenagem-no-bairro-japiim\/","og_site_name":"SEMINF","article_published_time":"2025-06-13T19:06:44+00:00","article_modified_time":"2025-06-13T19:06:45+00:00","og_image":[{"width":1200,"height":800,"url":"https:\/\/www.manaus.am.gov.br\/seminf\/wp-content\/uploads\/sites\/6\/2025\/06\/rede-de-drenagem-no-bairro-Japiim-2.jpg","type":"image\/jpeg"}],"author":"Thiago Fernando","twitter_card":"summary_large_image","twitter_misc":{"Written by":"Thiago Fernando","Est. reading time":"2 minutos"},"schema":{"@context":"https:\/\/schema.org","@graph":[{"@type":"WebPage","@id":"https:\/\/www.manaus.am.gov.br\/seminf\/rede-de-drenagem-no-bairro-japiim\/","url":"https:\/\/www.manaus.am.gov.br\/seminf\/rede-de-drenagem-no-bairro-japiim\/","name":"PMM realiza manuten\u00e7\u00e3o em rede de drenagem no bairro Japiim","isPartOf":{"@id":"https:\/\/www.manaus.am.gov.br\/seminf\/#website"},"primaryImageOfPage":{"@id":"https:\/\/www.manaus.am.gov.br\/seminf\/rede-de-drenagem-no-bairro-japiim\/#primaryimage"},"image":{"@id":"https:\/\/www.manaus.am.gov.br\/seminf\/rede-de-drenagem-no-bairro-japiim\/#primaryimage"},"thumbnailUrl":"https:\/\/www.manaus.am.gov.br\/seminf\/wp-content\/uploads\/sites\/6\/2025\/06\/rede-de-drenagem-no-bairro-Japiim-2.jpg","datePublished":"2025-06-13T19:06:44+00:00","dateModified":"2025-06-13T19:06:45+00:00","author":{"@id":"https:\/\/www.manaus.am.gov.br\/seminf\/#\/schema\/person\/a5ee5376db6e21af026374b369f30882"},"description":"A Prefeitura de Manaus realizou nesta sexta-feira, 13\/6, a manuten\u00e7\u00e3o da rede de drenagem da rua C-21, no bairro Japiim.","inLanguage":"pt-BR","potentialAction":[{"@type":"ReadAction","target":["https:\/\/www.manaus.am.gov.br\/seminf\/rede-de-drenagem-no-bairro-japiim\/"]}]},{"@type":"ImageObject","inLanguage":"pt-BR","@id":"https:\/\/www.manaus.am.gov.br\/seminf\/rede-de-drenagem-no-bairro-japiim\/#primaryimage","url":"https:\/\/www.manaus.am.gov.br\/seminf\/wp-content\/uploads\/sites\/6\/2025\/06\/rede-de-drenagem-no-bairro-Japiim-2.jpg","contentUrl":"https:\/\/www.manaus.am.gov.br\/seminf\/wp-content\/uploads\/sites\/6\/2025\/06\/rede-de-drenagem-no-bairro-Japiim-2.jpg","width":1200,"height":800,"caption":"rede de drenagem no bairro Japiim"},{"@type":"WebSite","@id":"https:\/\/www.manaus.am.gov.br\/seminf\/#website","url":"https:\/\/www.manaus.am.gov.br\/seminf\/","name":"Secretaria de Infraestrutura","description":"Secretaria Municipal de Infraestrutura","potentialAction":[{"@type":"SearchAction","target":{"@type":"EntryPoint","urlTemplate":"https:\/\/www.manaus.am.gov.br\/seminf\/?s={search_term_string}"},"query-input":"required name=search_term_string"}],"inLanguage":"pt-BR"},{"@type":"Person","@id":"https:\/\/www.manaus.am.gov.br\/seminf\/#\/schema\/person\/a5ee5376db6e21af026374b369f30882","name":"Thiago Fernando","image":{"@type":"ImageObject","inLanguage":"pt-BR","@id":"https:\/\/www.manaus.am.gov.br\/seminf\/#\/schema\/person\/image\/","url":"https:\/\/secure.gravatar.com\/avatar\/f5aab8722444041451501c077052ac07?s=96&d=mm&r=g","contentUrl":"https:\/\/secure.gravatar.com\/avatar\/f5aab8722444041451501c077052ac07?s=96&d=mm&r=g","caption":"Thiago Fernando"}}]}},"_links":{"self":[{"href":"https:\/\/www.manaus.am.gov.br\/seminf\/wp-json\/wp\/v2\/posts\/5673"}],"collection":[{"href":"https:\/\/www.manaus.am.gov.br\/seminf\/wp-json\/wp\/v2\/posts"}],"about":[{"href":"https:\/\/www.manaus.am.gov.br\/seminf\/wp-json\/wp\/v2\/types\/post"}],"author":[{"embeddable":true,"href":"https:\/\/www.manaus.am.gov.br\/seminf\/wp-json\/wp\/v2\/users\/57"}],"replies":[{"embeddable":true,"href":"https:\/\/www.manaus.am.gov.br\/seminf\/wp-json\/wp\/v2\/comments?post=5673"}],"version-history":[{"count":0,"href":"https:\/\/www.manaus.am.gov.br\/seminf\/wp-json\/wp\/v2\/posts\/5673\/revisions"}],"wp:featuredmedia":[{"embeddable":true,"href":"https:\/\/www.manaus.am.gov.br\/seminf\/wp-json\/wp\/v2\/media\/5674"}],"wp:attachment":[{"href":"https:\/\/www.manaus.am.gov.br\/seminf\/wp-json\/wp\/v2\/media?parent=5673"}],"wp:term":[{"taxonomy":"category","embeddable":true,"href":"https:\/\/www.manaus.am.gov.br\/seminf\/wp-json\/wp\/v2\/categories?post=5673"},{"taxonomy":"post_tag","embeddable":true,"href":"https:\/\/www.manaus.am.gov.br\/seminf\/wp-json\/wp\/v2\/tags?post=5673"}],"curies":[{"name":"wp","href":"https:\/\/api.w.org\/{rel}","templated":true}]}}