{"id":5650,"date":"2025-06-11T17:07:01","date_gmt":"2025-06-11T21:07:01","guid":{"rendered":"https:\/\/www.manaus.am.gov.br\/seminf\/rede-de-drenagem-da-av-joao-machado\/"},"modified":"2025-06-11T17:07:03","modified_gmt":"2025-06-11T21:07:03","slug":"rede-de-drenagem-da-av-joao-machado","status":"publish","type":"post","link":"https:\/\/www.manaus.am.gov.br\/seminf\/rede-de-drenagem-da-av-joao-machado\/","title":{"rendered":"Prefeitura de Manaus atua na manuten\u00e7\u00e3o da rede de drenagem da avenida Desembargador Jo\u00e3o Machado"},"content":{"rendered":"\n<p><a href=\"https:\/\/www.instagram.com\/prefeiturademanaus\/\">A Prefeitura de Manaus<\/a>, por meio da <a href=\"https:\/\/www.manaus.am.gov.br\/seminf\/\">Secretaria Municipal de Infraestrutura (Seminf)<\/a>, atua, nesta quarta-feira, 11\/6, em uma das principais avenidas da zona Oeste da capital, a avenida Desembargador Jo\u00e3o Machado, no bairro Planalto, com o servi\u00e7o de manuten\u00e7\u00e3o na rede de drenagem da via.<\/p>\n\n\n\n<p>\u201cNossas equipes seguem espalhadas em diversas partes da cidade realizando servi\u00e7os simult\u00e2neos como o da avenida Desembargador Jo\u00e3o Machado, atendendo as demandas da popula\u00e7\u00e3o para evitar alagamentos, obstru\u00e7\u00f5es e seguimos empenhados nessas tarefas, seguindo as orienta\u00e7\u00f5es do prefeito David Almeida, de fazer Manaus uma cidade mais limpa e segura para todos\u201d, afirma o vice-prefeito e secret\u00e1rio de Obras, Renato Junior.<\/p>\n\n\n\n<p>Os oper\u00e1rios realizam a escava\u00e7\u00e3o manual com utens\u00edlios como boca de lobo, p\u00e1s e enxadas. Dessa forma, d\u00e3o continuidade para realizar a desobstru\u00e7\u00e3o da rede de drenagem que se encontra obstru\u00edda com o grande ac\u00famulo de res\u00edduos como areia e lixo. Com isso ir\u00e3o contar com o aux\u00edlio de um hidrojato para realizar a remo\u00e7\u00e3o total dos res\u00edduos que se encontram na galeria subterr\u00e2nea.<\/p>\n\n\n\n<p>Moradores das redondezas se sentem mais seguros com as equipes da prefeitura atuando na avenida para solucionar o problema da via, como comenta o auxiliar de frigor\u00edfico Diego Rodrigues.<\/p>\n\n\n\n<p>\u201c\u00c9 muito importante esse servi\u00e7o por evitar acidentes, alagamentos na beira da pista. Agradecemos \u00e0 prefeitura pelo trabalho realizado, porque era complicado para os pedestres devido \u00e0s po\u00e7as de lama e os carros que passavam e acabavam jogando \u00e1gua para a cal\u00e7ada, mas agora com certeza vai ficar bem melhor\u201d, comenta o jovem de 22 anos.<\/p>\n\n\n\n<p>A Secretaria de Obras tem impulsionado seus servi\u00e7os de manuten\u00e7\u00e3o nas redes de drenagem e limpeza de caixas coletoras de pontos cr\u00edticos da cidade, como era o caso da avenida Desembargador Jo\u00e3o Machado, a fim de evitar alagamentos e acidentes nos locais.<\/p>\n\n\n\n<p>&#8212; &#8212; &#8212;<\/p>\n\n\n\n<p><strong>Texto &#8211;<\/strong> Eduarda Lira \/ Seminf<\/p>\n\n\n\n<p><strong>Fotos &#8211;<\/strong> Marcio Melo \/ Seminf&nbsp;<\/p>\n","protected":false},"excerpt":{"rendered":"","protected":false},"author":57,"featured_media":5651,"comment_status":"closed","ping_status":"closed","sticky":false,"template":"","format":"standard","meta":{"footnotes":""},"categories":[3],"tags":[43,2144,26],"acf":[],"yoast_head":"<!-- This site is optimized with the Yoast SEO plugin v23.0 - https:\/\/yoast.com\/wordpress\/plugins\/seo\/ -->\n<title>PMM faz manuten\u00e7\u00e3o da rede de drenagem da av. Jo\u00e3o Machado<\/title>\n<meta name=\"description\" content=\"A Prefeitura de Manaus atua, nesta quarta-feira, 11\/6, na avenida Jo\u00e3o Machado, com o servi\u00e7o de manuten\u00e7\u00e3o na rede de drenagem.\" \/>\n<meta name=\"robots\" content=\"index, follow, max-snippet:-1, max-image-preview:large, max-video-preview:-1\" \/>\n<link rel=\"canonical\" href=\"https:\/\/www.manaus.am.gov.br\/seminf\/rede-de-drenagem-da-av-joao-machado\/\" \/>\n<meta property=\"og:locale\" content=\"pt_BR\" \/>\n<meta property=\"og:type\" content=\"article\" \/>\n<meta property=\"og:title\" content=\"PMM faz manuten\u00e7\u00e3o da rede de drenagem da av. Jo\u00e3o Machado\" \/>\n<meta property=\"og:description\" content=\"A Prefeitura de Manaus atua, nesta quarta-feira, 11\/6, na avenida Jo\u00e3o Machado, com o servi\u00e7o de manuten\u00e7\u00e3o na rede de drenagem.\" \/>\n<meta property=\"og:url\" content=\"https:\/\/www.manaus.am.gov.br\/seminf\/rede-de-drenagem-da-av-joao-machado\/\" \/>\n<meta property=\"og:site_name\" content=\"SEMINF\" \/>\n<meta property=\"article:published_time\" content=\"2025-06-11T21:07:01+00:00\" \/>\n<meta property=\"article:modified_time\" content=\"2025-06-11T21:07:03+00:00\" \/>\n<meta property=\"og:image\" content=\"https:\/\/www.manaus.am.gov.br\/seminf\/wp-content\/uploads\/sites\/6\/2025\/06\/rede-de-drenagem-da-av-Joao-Machado-1.jpg\" \/>\n\t<meta property=\"og:image:width\" content=\"1200\" \/>\n\t<meta property=\"og:image:height\" content=\"800\" \/>\n\t<meta property=\"og:image:type\" content=\"image\/jpeg\" \/>\n<meta name=\"author\" content=\"Thiago Fernando\" \/>\n<meta name=\"twitter:card\" content=\"summary_large_image\" \/>\n<meta name=\"twitter:label1\" content=\"Written by\" \/>\n\t<meta name=\"twitter:data1\" content=\"Thiago Fernando\" \/>\n\t<meta name=\"twitter:label2\" content=\"Est. reading time\" \/>\n\t<meta name=\"twitter:data2\" content=\"2 minutos\" \/>\n<script type=\"application\/ld+json\" class=\"yoast-schema-graph\">{\"@context\":\"https:\/\/schema.org\",\"@graph\":[{\"@type\":\"WebPage\",\"@id\":\"https:\/\/www.manaus.am.gov.br\/seminf\/rede-de-drenagem-da-av-joao-machado\/\",\"url\":\"https:\/\/www.manaus.am.gov.br\/seminf\/rede-de-drenagem-da-av-joao-machado\/\",\"name\":\"PMM faz manuten\u00e7\u00e3o da rede de drenagem da av. Jo\u00e3o Machado\",\"isPartOf\":{\"@id\":\"https:\/\/www.manaus.am.gov.br\/seminf\/#website\"},\"primaryImageOfPage\":{\"@id\":\"https:\/\/www.manaus.am.gov.br\/seminf\/rede-de-drenagem-da-av-joao-machado\/#primaryimage\"},\"image\":{\"@id\":\"https:\/\/www.manaus.am.gov.br\/seminf\/rede-de-drenagem-da-av-joao-machado\/#primaryimage\"},\"thumbnailUrl\":\"https:\/\/www.manaus.am.gov.br\/seminf\/wp-content\/uploads\/sites\/6\/2025\/06\/rede-de-drenagem-da-av-Joao-Machado-1.jpg\",\"datePublished\":\"2025-06-11T21:07:01+00:00\",\"dateModified\":\"2025-06-11T21:07:03+00:00\",\"author\":{\"@id\":\"https:\/\/www.manaus.am.gov.br\/seminf\/#\/schema\/person\/a5ee5376db6e21af026374b369f30882\"},\"description\":\"A Prefeitura de Manaus atua, nesta quarta-feira, 11\/6, na avenida Jo\u00e3o Machado, com o servi\u00e7o de manuten\u00e7\u00e3o na rede de drenagem.\",\"inLanguage\":\"pt-BR\",\"potentialAction\":[{\"@type\":\"ReadAction\",\"target\":[\"https:\/\/www.manaus.am.gov.br\/seminf\/rede-de-drenagem-da-av-joao-machado\/\"]}]},{\"@type\":\"ImageObject\",\"inLanguage\":\"pt-BR\",\"@id\":\"https:\/\/www.manaus.am.gov.br\/seminf\/rede-de-drenagem-da-av-joao-machado\/#primaryimage\",\"url\":\"https:\/\/www.manaus.am.gov.br\/seminf\/wp-content\/uploads\/sites\/6\/2025\/06\/rede-de-drenagem-da-av-Joao-Machado-1.jpg\",\"contentUrl\":\"https:\/\/www.manaus.am.gov.br\/seminf\/wp-content\/uploads\/sites\/6\/2025\/06\/rede-de-drenagem-da-av-Joao-Machado-1.jpg\",\"width\":1200,\"height\":800,\"caption\":\"rede de drenagem da av Jo\u00e3o Machado\"},{\"@type\":\"WebSite\",\"@id\":\"https:\/\/www.manaus.am.gov.br\/seminf\/#website\",\"url\":\"https:\/\/www.manaus.am.gov.br\/seminf\/\",\"name\":\"Secretaria de Infraestrutura\",\"description\":\"Secretaria Municipal de Infraestrutura\",\"potentialAction\":[{\"@type\":\"SearchAction\",\"target\":{\"@type\":\"EntryPoint\",\"urlTemplate\":\"https:\/\/www.manaus.am.gov.br\/seminf\/?s={search_term_string}\"},\"query-input\":\"required name=search_term_string\"}],\"inLanguage\":\"pt-BR\"},{\"@type\":\"Person\",\"@id\":\"https:\/\/www.manaus.am.gov.br\/seminf\/#\/schema\/person\/a5ee5376db6e21af026374b369f30882\",\"name\":\"Thiago Fernando\",\"image\":{\"@type\":\"ImageObject\",\"inLanguage\":\"pt-BR\",\"@id\":\"https:\/\/www.manaus.am.gov.br\/seminf\/#\/schema\/person\/image\/\",\"url\":\"https:\/\/secure.gravatar.com\/avatar\/f5aab8722444041451501c077052ac07?s=96&d=mm&r=g\",\"contentUrl\":\"https:\/\/secure.gravatar.com\/avatar\/f5aab8722444041451501c077052ac07?s=96&d=mm&r=g\",\"caption\":\"Thiago Fernando\"}}]}<\/script>\n<!-- \/ Yoast SEO plugin. -->","yoast_head_json":{"title":"PMM faz manuten\u00e7\u00e3o da rede de drenagem da av. Jo\u00e3o Machado","description":"A Prefeitura de Manaus atua, nesta quarta-feira, 11\/6, na avenida Jo\u00e3o Machado, com o servi\u00e7o de manuten\u00e7\u00e3o na rede de drenagem.","robots":{"index":"index","follow":"follow","max-snippet":"max-snippet:-1","max-image-preview":"max-image-preview:large","max-video-preview":"max-video-preview:-1"},"canonical":"https:\/\/www.manaus.am.gov.br\/seminf\/rede-de-drenagem-da-av-joao-machado\/","og_locale":"pt_BR","og_type":"article","og_title":"PMM faz manuten\u00e7\u00e3o da rede de drenagem da av. Jo\u00e3o Machado","og_description":"A Prefeitura de Manaus atua, nesta quarta-feira, 11\/6, na avenida Jo\u00e3o Machado, com o servi\u00e7o de manuten\u00e7\u00e3o na rede de drenagem.","og_url":"https:\/\/www.manaus.am.gov.br\/seminf\/rede-de-drenagem-da-av-joao-machado\/","og_site_name":"SEMINF","article_published_time":"2025-06-11T21:07:01+00:00","article_modified_time":"2025-06-11T21:07:03+00:00","og_image":[{"width":1200,"height":800,"url":"https:\/\/www.manaus.am.gov.br\/seminf\/wp-content\/uploads\/sites\/6\/2025\/06\/rede-de-drenagem-da-av-Joao-Machado-1.jpg","type":"image\/jpeg"}],"author":"Thiago Fernando","twitter_card":"summary_large_image","twitter_misc":{"Written by":"Thiago Fernando","Est. reading time":"2 minutos"},"schema":{"@context":"https:\/\/schema.org","@graph":[{"@type":"WebPage","@id":"https:\/\/www.manaus.am.gov.br\/seminf\/rede-de-drenagem-da-av-joao-machado\/","url":"https:\/\/www.manaus.am.gov.br\/seminf\/rede-de-drenagem-da-av-joao-machado\/","name":"PMM faz manuten\u00e7\u00e3o da rede de drenagem da av. Jo\u00e3o Machado","isPartOf":{"@id":"https:\/\/www.manaus.am.gov.br\/seminf\/#website"},"primaryImageOfPage":{"@id":"https:\/\/www.manaus.am.gov.br\/seminf\/rede-de-drenagem-da-av-joao-machado\/#primaryimage"},"image":{"@id":"https:\/\/www.manaus.am.gov.br\/seminf\/rede-de-drenagem-da-av-joao-machado\/#primaryimage"},"thumbnailUrl":"https:\/\/www.manaus.am.gov.br\/seminf\/wp-content\/uploads\/sites\/6\/2025\/06\/rede-de-drenagem-da-av-Joao-Machado-1.jpg","datePublished":"2025-06-11T21:07:01+00:00","dateModified":"2025-06-11T21:07:03+00:00","author":{"@id":"https:\/\/www.manaus.am.gov.br\/seminf\/#\/schema\/person\/a5ee5376db6e21af026374b369f30882"},"description":"A Prefeitura de Manaus atua, nesta quarta-feira, 11\/6, na avenida Jo\u00e3o Machado, com o servi\u00e7o de manuten\u00e7\u00e3o na rede de drenagem.","inLanguage":"pt-BR","potentialAction":[{"@type":"ReadAction","target":["https:\/\/www.manaus.am.gov.br\/seminf\/rede-de-drenagem-da-av-joao-machado\/"]}]},{"@type":"ImageObject","inLanguage":"pt-BR","@id":"https:\/\/www.manaus.am.gov.br\/seminf\/rede-de-drenagem-da-av-joao-machado\/#primaryimage","url":"https:\/\/www.manaus.am.gov.br\/seminf\/wp-content\/uploads\/sites\/6\/2025\/06\/rede-de-drenagem-da-av-Joao-Machado-1.jpg","contentUrl":"https:\/\/www.manaus.am.gov.br\/seminf\/wp-content\/uploads\/sites\/6\/2025\/06\/rede-de-drenagem-da-av-Joao-Machado-1.jpg","width":1200,"height":800,"caption":"rede de drenagem da av Jo\u00e3o Machado"},{"@type":"WebSite","@id":"https:\/\/www.manaus.am.gov.br\/seminf\/#website","url":"https:\/\/www.manaus.am.gov.br\/seminf\/","name":"Secretaria de Infraestrutura","description":"Secretaria Municipal de Infraestrutura","potentialAction":[{"@type":"SearchAction","target":{"@type":"EntryPoint","urlTemplate":"https:\/\/www.manaus.am.gov.br\/seminf\/?s={search_term_string}"},"query-input":"required name=search_term_string"}],"inLanguage":"pt-BR"},{"@type":"Person","@id":"https:\/\/www.manaus.am.gov.br\/seminf\/#\/schema\/person\/a5ee5376db6e21af026374b369f30882","name":"Thiago Fernando","image":{"@type":"ImageObject","inLanguage":"pt-BR","@id":"https:\/\/www.manaus.am.gov.br\/seminf\/#\/schema\/person\/image\/","url":"https:\/\/secure.gravatar.com\/avatar\/f5aab8722444041451501c077052ac07?s=96&d=mm&r=g","contentUrl":"https:\/\/secure.gravatar.com\/avatar\/f5aab8722444041451501c077052ac07?s=96&d=mm&r=g","caption":"Thiago Fernando"}}]}},"_links":{"self":[{"href":"https:\/\/www.manaus.am.gov.br\/seminf\/wp-json\/wp\/v2\/posts\/5650"}],"collection":[{"href":"https:\/\/www.manaus.am.gov.br\/seminf\/wp-json\/wp\/v2\/posts"}],"about":[{"href":"https:\/\/www.manaus.am.gov.br\/seminf\/wp-json\/wp\/v2\/types\/post"}],"author":[{"embeddable":true,"href":"https:\/\/www.manaus.am.gov.br\/seminf\/wp-json\/wp\/v2\/users\/57"}],"replies":[{"embeddable":true,"href":"https:\/\/www.manaus.am.gov.br\/seminf\/wp-json\/wp\/v2\/comments?post=5650"}],"version-history":[{"count":0,"href":"https:\/\/www.manaus.am.gov.br\/seminf\/wp-json\/wp\/v2\/posts\/5650\/revisions"}],"wp:featuredmedia":[{"embeddable":true,"href":"https:\/\/www.manaus.am.gov.br\/seminf\/wp-json\/wp\/v2\/media\/5651"}],"wp:attachment":[{"href":"https:\/\/www.manaus.am.gov.br\/seminf\/wp-json\/wp\/v2\/media?parent=5650"}],"wp:term":[{"taxonomy":"category","embeddable":true,"href":"https:\/\/www.manaus.am.gov.br\/seminf\/wp-json\/wp\/v2\/categories?post=5650"},{"taxonomy":"post_tag","embeddable":true,"href":"https:\/\/www.manaus.am.gov.br\/seminf\/wp-json\/wp\/v2\/tags?post=5650"}],"curies":[{"name":"wp","href":"https:\/\/api.w.org\/{rel}","templated":true}]}}