{"id":5637,"date":"2025-06-10T18:05:04","date_gmt":"2025-06-10T22:05:04","guid":{"rendered":"https:\/\/www.manaus.am.gov.br\/seminf\/recuperacao-rede-drenagem-escada-centro\/"},"modified":"2025-06-10T18:05:05","modified_gmt":"2025-06-10T22:05:05","slug":"recuperacao-rede-drenagem-escada-centro","status":"publish","type":"post","link":"https:\/\/www.manaus.am.gov.br\/seminf\/recuperacao-rede-drenagem-escada-centro\/","title":{"rendered":"Prefeitura de Manaus recupera rede de drenagem profunda e escada em concreto no centro da cidade"},"content":{"rendered":"\n<p>A Prefeitura de Manaus, por meio da Secretaria Municipal de Infraestrutura (Seminf), trabalha, nesta ter\u00e7a-feira, 10\/6, na recupera\u00e7\u00e3o da rede de drenagem profunda, que passa por debaixo de uma escada em concreto na rua Santa Isabel, no Centro, zona Sul da cidade. As fortes chuvas provocaram o desanelamento dos tubos, comprometendo a estrutura.&nbsp;<\/p>\n\n\n\n<p>\u201cEssa \u00e9 uma solicita\u00e7\u00e3o dos moradores, que nos acionaram e reivindicaram as obras de reparo. A equipe da Seminf est\u00e1 presente no local e executando a recupera\u00e7\u00e3o da rede de drenagem profunda, promovendo melhorias no sistema. Em seguida, ir\u00e1 trabalhar na recupera\u00e7\u00e3o da escada, que tamb\u00e9m vai ajudar no fluxo dos moradores, conforme determina o prefeito David Almeida\u201d, afirma o vice-prefeito e secret\u00e1rio de Obras, Renato Junior.&nbsp;<\/p>\n\n\n\n<p>A equipe realizou o anelamento de 12 tubos, e ir\u00e3o trabalhar na recupera\u00e7\u00e3o da escada de concreto que possui aproximadamente 19 metros de comprimento. A professora Rosa Garcia, de 66 anos, fez a solicita\u00e7\u00e3o do servi\u00e7o e compartilha o sentimento de alegria em ver a equipe da Seminf chegando para atender sua regi\u00e3o.&nbsp;<\/p>\n\n\n\n<p>\u201cHoje acordamos bem felizes. Logo nas primeiras horas do dia, a Prefeitura de Manaus estava aqui atendendo o nosso pedido. A gente estava subindo e descendo essa escada bem preocupados, e agora estamos todos satisfeitos com esse servi\u00e7o. S\u00f3 temos a agradecer a prefeitura\u201d, comemora a moradora.&nbsp;<\/p>\n\n\n\n<p>A Prefeitura de Manaus trabalha de Norte a Sul, levando as obras de infraestrutura pelos bairros da cidade e atendendo a solicita\u00e7\u00e3o dos\u00a0moradores.<\/p>\n\n\n\n<p>&#8212; &#8212; &#8212;<\/p>\n\n\n\n<p><strong>Texto<\/strong>\u00a0&#8211; Rayana Coutinho\/Seminf\u00a0<\/p>\n\n\n\n<p><strong>Foto<\/strong> &#8211; Alessandro Ara\u00fajo\/Seminf<\/p>\n","protected":false},"excerpt":{"rendered":"","protected":false},"author":39,"featured_media":5639,"comment_status":"closed","ping_status":"closed","sticky":false,"template":"","format":"standard","meta":{"footnotes":""},"categories":[6],"tags":[1577,768,43,129,408,26],"acf":[],"yoast_head":"<!-- This site is optimized with the Yoast SEO plugin v23.0 - https:\/\/yoast.com\/wordpress\/plugins\/seo\/ -->\n<title>Recupera\u00e7\u00e3o de rede de drenagem e escada no centro da cidade<\/title>\n<meta name=\"description\" content=\"Prefeitura de Manaus, por meio da Seminf, recupera rede de drenagem profunda e escada em concreto no centro da cidade.\" \/>\n<meta name=\"robots\" content=\"index, follow, max-snippet:-1, max-image-preview:large, max-video-preview:-1\" \/>\n<link rel=\"canonical\" href=\"https:\/\/www.manaus.am.gov.br\/seminf\/recuperacao-rede-drenagem-escada-centro\/\" \/>\n<meta property=\"og:locale\" content=\"pt_BR\" \/>\n<meta property=\"og:type\" content=\"article\" \/>\n<meta property=\"og:title\" content=\"Recupera\u00e7\u00e3o de rede de drenagem e escada no centro da cidade\" \/>\n<meta property=\"og:description\" content=\"Prefeitura de Manaus, por meio da Seminf, recupera rede de drenagem profunda e escada em concreto no centro da cidade.\" \/>\n<meta property=\"og:url\" content=\"https:\/\/www.manaus.am.gov.br\/seminf\/recuperacao-rede-drenagem-escada-centro\/\" \/>\n<meta property=\"og:site_name\" content=\"SEMINF\" \/>\n<meta property=\"article:published_time\" content=\"2025-06-10T22:05:04+00:00\" \/>\n<meta property=\"article:modified_time\" content=\"2025-06-10T22:05:05+00:00\" \/>\n<meta property=\"og:image\" content=\"https:\/\/www.manaus.am.gov.br\/seminf\/wp-content\/uploads\/sites\/6\/2025\/06\/WhatsApp-Image-2025-06-10-at-18.00.47-2.jpeg\" \/>\n\t<meta property=\"og:image:width\" content=\"1600\" \/>\n\t<meta property=\"og:image:height\" content=\"1200\" \/>\n\t<meta property=\"og:image:type\" content=\"image\/jpeg\" \/>\n<meta name=\"author\" content=\"Bruna Greco\" \/>\n<meta name=\"twitter:card\" content=\"summary_large_image\" \/>\n<meta name=\"twitter:label1\" content=\"Written by\" \/>\n\t<meta name=\"twitter:data1\" content=\"Bruna Greco\" \/>\n\t<meta name=\"twitter:label2\" content=\"Est. reading time\" \/>\n\t<meta name=\"twitter:data2\" content=\"2 minutos\" \/>\n<script type=\"application\/ld+json\" class=\"yoast-schema-graph\">{\"@context\":\"https:\/\/schema.org\",\"@graph\":[{\"@type\":\"WebPage\",\"@id\":\"https:\/\/www.manaus.am.gov.br\/seminf\/recuperacao-rede-drenagem-escada-centro\/\",\"url\":\"https:\/\/www.manaus.am.gov.br\/seminf\/recuperacao-rede-drenagem-escada-centro\/\",\"name\":\"Recupera\u00e7\u00e3o de rede de drenagem e escada no centro da cidade\",\"isPartOf\":{\"@id\":\"https:\/\/www.manaus.am.gov.br\/seminf\/#website\"},\"primaryImageOfPage\":{\"@id\":\"https:\/\/www.manaus.am.gov.br\/seminf\/recuperacao-rede-drenagem-escada-centro\/#primaryimage\"},\"image\":{\"@id\":\"https:\/\/www.manaus.am.gov.br\/seminf\/recuperacao-rede-drenagem-escada-centro\/#primaryimage\"},\"thumbnailUrl\":\"https:\/\/www.manaus.am.gov.br\/seminf\/wp-content\/uploads\/sites\/6\/2025\/06\/WhatsApp-Image-2025-06-10-at-18.00.47-2.jpeg\",\"datePublished\":\"2025-06-10T22:05:04+00:00\",\"dateModified\":\"2025-06-10T22:05:05+00:00\",\"author\":{\"@id\":\"https:\/\/www.manaus.am.gov.br\/seminf\/#\/schema\/person\/05d223aea2bf115f9883a6ff3683d81b\"},\"description\":\"Prefeitura de Manaus, por meio da Seminf, recupera rede de drenagem profunda e escada em concreto no centro da cidade.\",\"inLanguage\":\"pt-BR\",\"potentialAction\":[{\"@type\":\"ReadAction\",\"target\":[\"https:\/\/www.manaus.am.gov.br\/seminf\/recuperacao-rede-drenagem-escada-centro\/\"]}]},{\"@type\":\"ImageObject\",\"inLanguage\":\"pt-BR\",\"@id\":\"https:\/\/www.manaus.am.gov.br\/seminf\/recuperacao-rede-drenagem-escada-centro\/#primaryimage\",\"url\":\"https:\/\/www.manaus.am.gov.br\/seminf\/wp-content\/uploads\/sites\/6\/2025\/06\/WhatsApp-Image-2025-06-10-at-18.00.47-2.jpeg\",\"contentUrl\":\"https:\/\/www.manaus.am.gov.br\/seminf\/wp-content\/uploads\/sites\/6\/2025\/06\/WhatsApp-Image-2025-06-10-at-18.00.47-2.jpeg\",\"width\":1600,\"height\":1200,\"caption\":\"#paratodosverem - Equipe da Seminf executando a recupera\u00e7\u00e3o de rede de drenagem profunda e escada em concreto na rua Santa Isabel, no Centro\"},{\"@type\":\"WebSite\",\"@id\":\"https:\/\/www.manaus.am.gov.br\/seminf\/#website\",\"url\":\"https:\/\/www.manaus.am.gov.br\/seminf\/\",\"name\":\"Secretaria de Infraestrutura\",\"description\":\"Secretaria Municipal de Infraestrutura\",\"potentialAction\":[{\"@type\":\"SearchAction\",\"target\":{\"@type\":\"EntryPoint\",\"urlTemplate\":\"https:\/\/www.manaus.am.gov.br\/seminf\/?s={search_term_string}\"},\"query-input\":\"required name=search_term_string\"}],\"inLanguage\":\"pt-BR\"},{\"@type\":\"Person\",\"@id\":\"https:\/\/www.manaus.am.gov.br\/seminf\/#\/schema\/person\/05d223aea2bf115f9883a6ff3683d81b\",\"name\":\"Bruna Greco\",\"image\":{\"@type\":\"ImageObject\",\"inLanguage\":\"pt-BR\",\"@id\":\"https:\/\/www.manaus.am.gov.br\/seminf\/#\/schema\/person\/image\/\",\"url\":\"https:\/\/secure.gravatar.com\/avatar\/9c877d1a6adc2a055330e5c09a8653ce?s=96&d=mm&r=g\",\"contentUrl\":\"https:\/\/secure.gravatar.com\/avatar\/9c877d1a6adc2a055330e5c09a8653ce?s=96&d=mm&r=g\",\"caption\":\"Bruna Greco\"}}]}<\/script>\n<!-- \/ Yoast SEO plugin. -->","yoast_head_json":{"title":"Recupera\u00e7\u00e3o de rede de drenagem e escada no centro da cidade","description":"Prefeitura de Manaus, por meio da Seminf, recupera rede de drenagem profunda e escada em concreto no centro da cidade.","robots":{"index":"index","follow":"follow","max-snippet":"max-snippet:-1","max-image-preview":"max-image-preview:large","max-video-preview":"max-video-preview:-1"},"canonical":"https:\/\/www.manaus.am.gov.br\/seminf\/recuperacao-rede-drenagem-escada-centro\/","og_locale":"pt_BR","og_type":"article","og_title":"Recupera\u00e7\u00e3o de rede de drenagem e escada no centro da cidade","og_description":"Prefeitura de Manaus, por meio da Seminf, recupera rede de drenagem profunda e escada em concreto no centro da cidade.","og_url":"https:\/\/www.manaus.am.gov.br\/seminf\/recuperacao-rede-drenagem-escada-centro\/","og_site_name":"SEMINF","article_published_time":"2025-06-10T22:05:04+00:00","article_modified_time":"2025-06-10T22:05:05+00:00","og_image":[{"width":1600,"height":1200,"url":"https:\/\/www.manaus.am.gov.br\/seminf\/wp-content\/uploads\/sites\/6\/2025\/06\/WhatsApp-Image-2025-06-10-at-18.00.47-2.jpeg","type":"image\/jpeg"}],"author":"Bruna Greco","twitter_card":"summary_large_image","twitter_misc":{"Written by":"Bruna Greco","Est. reading time":"2 minutos"},"schema":{"@context":"https:\/\/schema.org","@graph":[{"@type":"WebPage","@id":"https:\/\/www.manaus.am.gov.br\/seminf\/recuperacao-rede-drenagem-escada-centro\/","url":"https:\/\/www.manaus.am.gov.br\/seminf\/recuperacao-rede-drenagem-escada-centro\/","name":"Recupera\u00e7\u00e3o de rede de drenagem e escada no centro da cidade","isPartOf":{"@id":"https:\/\/www.manaus.am.gov.br\/seminf\/#website"},"primaryImageOfPage":{"@id":"https:\/\/www.manaus.am.gov.br\/seminf\/recuperacao-rede-drenagem-escada-centro\/#primaryimage"},"image":{"@id":"https:\/\/www.manaus.am.gov.br\/seminf\/recuperacao-rede-drenagem-escada-centro\/#primaryimage"},"thumbnailUrl":"https:\/\/www.manaus.am.gov.br\/seminf\/wp-content\/uploads\/sites\/6\/2025\/06\/WhatsApp-Image-2025-06-10-at-18.00.47-2.jpeg","datePublished":"2025-06-10T22:05:04+00:00","dateModified":"2025-06-10T22:05:05+00:00","author":{"@id":"https:\/\/www.manaus.am.gov.br\/seminf\/#\/schema\/person\/05d223aea2bf115f9883a6ff3683d81b"},"description":"Prefeitura de Manaus, por meio da Seminf, recupera rede de drenagem profunda e escada em concreto no centro da cidade.","inLanguage":"pt-BR","potentialAction":[{"@type":"ReadAction","target":["https:\/\/www.manaus.am.gov.br\/seminf\/recuperacao-rede-drenagem-escada-centro\/"]}]},{"@type":"ImageObject","inLanguage":"pt-BR","@id":"https:\/\/www.manaus.am.gov.br\/seminf\/recuperacao-rede-drenagem-escada-centro\/#primaryimage","url":"https:\/\/www.manaus.am.gov.br\/seminf\/wp-content\/uploads\/sites\/6\/2025\/06\/WhatsApp-Image-2025-06-10-at-18.00.47-2.jpeg","contentUrl":"https:\/\/www.manaus.am.gov.br\/seminf\/wp-content\/uploads\/sites\/6\/2025\/06\/WhatsApp-Image-2025-06-10-at-18.00.47-2.jpeg","width":1600,"height":1200,"caption":"#paratodosverem - Equipe da Seminf executando a recupera\u00e7\u00e3o de rede de drenagem profunda e escada em concreto na rua Santa Isabel, no Centro"},{"@type":"WebSite","@id":"https:\/\/www.manaus.am.gov.br\/seminf\/#website","url":"https:\/\/www.manaus.am.gov.br\/seminf\/","name":"Secretaria de Infraestrutura","description":"Secretaria Municipal de Infraestrutura","potentialAction":[{"@type":"SearchAction","target":{"@type":"EntryPoint","urlTemplate":"https:\/\/www.manaus.am.gov.br\/seminf\/?s={search_term_string}"},"query-input":"required name=search_term_string"}],"inLanguage":"pt-BR"},{"@type":"Person","@id":"https:\/\/www.manaus.am.gov.br\/seminf\/#\/schema\/person\/05d223aea2bf115f9883a6ff3683d81b","name":"Bruna Greco","image":{"@type":"ImageObject","inLanguage":"pt-BR","@id":"https:\/\/www.manaus.am.gov.br\/seminf\/#\/schema\/person\/image\/","url":"https:\/\/secure.gravatar.com\/avatar\/9c877d1a6adc2a055330e5c09a8653ce?s=96&d=mm&r=g","contentUrl":"https:\/\/secure.gravatar.com\/avatar\/9c877d1a6adc2a055330e5c09a8653ce?s=96&d=mm&r=g","caption":"Bruna Greco"}}]}},"_links":{"self":[{"href":"https:\/\/www.manaus.am.gov.br\/seminf\/wp-json\/wp\/v2\/posts\/5637"}],"collection":[{"href":"https:\/\/www.manaus.am.gov.br\/seminf\/wp-json\/wp\/v2\/posts"}],"about":[{"href":"https:\/\/www.manaus.am.gov.br\/seminf\/wp-json\/wp\/v2\/types\/post"}],"author":[{"embeddable":true,"href":"https:\/\/www.manaus.am.gov.br\/seminf\/wp-json\/wp\/v2\/users\/39"}],"replies":[{"embeddable":true,"href":"https:\/\/www.manaus.am.gov.br\/seminf\/wp-json\/wp\/v2\/comments?post=5637"}],"version-history":[{"count":0,"href":"https:\/\/www.manaus.am.gov.br\/seminf\/wp-json\/wp\/v2\/posts\/5637\/revisions"}],"wp:featuredmedia":[{"embeddable":true,"href":"https:\/\/www.manaus.am.gov.br\/seminf\/wp-json\/wp\/v2\/media\/5639"}],"wp:attachment":[{"href":"https:\/\/www.manaus.am.gov.br\/seminf\/wp-json\/wp\/v2\/media?parent=5637"}],"wp:term":[{"taxonomy":"category","embeddable":true,"href":"https:\/\/www.manaus.am.gov.br\/seminf\/wp-json\/wp\/v2\/categories?post=5637"},{"taxonomy":"post_tag","embeddable":true,"href":"https:\/\/www.manaus.am.gov.br\/seminf\/wp-json\/wp\/v2\/tags?post=5637"}],"curies":[{"name":"wp","href":"https:\/\/api.w.org\/{rel}","templated":true}]}}