{"id":5612,"date":"2025-06-09T15:38:27","date_gmt":"2025-06-09T19:38:27","guid":{"rendered":"https:\/\/www.manaus.am.gov.br\/seminf\/mutirao-no-bairro-alvorada\/"},"modified":"2025-06-09T15:38:27","modified_gmt":"2025-06-09T19:38:27","slug":"mutirao-no-bairro-alvorada","status":"publish","type":"post","link":"https:\/\/www.manaus.am.gov.br\/seminf\/mutirao-no-bairro-alvorada\/","title":{"rendered":"Prefeitura de Manaus prossegue com \u2018Mutir\u00e3o no Bairro\u2019 no Alvorada"},"content":{"rendered":"\n<p>A Prefeitura de Manaus, por meio da Secretaria Municipal de Infraestrutura (Seminf), d\u00e1 continuidade, nesta segunda-feira, 9\/6, aos trabalhos de infraestrutura no bairro Alvorada, zona Centro-Oeste, como parte do programa \u201cMutir\u00e3o no Bairro\u201d.<\/p>\n\n\n\n<p>\u201cSeguindo a determina\u00e7\u00e3o do prefeito David Almeida de impulsionar os servi\u00e7os no bairro atrav\u00e9s do mutir\u00e3o, para melhorar a infraestrutura da \u00e1rea e a qualidade de vida da popula\u00e7\u00e3o, temos muito trabalho pela frente e seguimos empenhados para garantir seguran\u00e7a e trafegabilidade na localidade\u201d, afirma o vice-prefeito e secret\u00e1rio de Obras, Renato Junior.&nbsp;<\/p>\n\n\n\n<p>Os servi\u00e7os se iniciaram na rua Avalon, no Alvorada 2, onde houve a abertura de uma cratera devido ao rompimento de uma rede de drenagem, causando a fuga de material. A equipe atuou com a manuten\u00e7\u00e3o de 15 metros da rede de drenagem na via, executando a remo\u00e7\u00e3o da antiga tubula\u00e7\u00e3o e o anelamento da galeria, melhorando o fluxo das \u00e1guas pluviais proporcionando maior seguran\u00e7a para a popula\u00e7\u00e3o da \u00e1rea.&nbsp;<\/p>\n\n\n\n<p>\u201cFizemos a solicita\u00e7\u00e3o no distrito de obras do Alvorada e estou muito feliz que atenderam a nossa demanda e pelo servi\u00e7o que est\u00e1 sendo executado. \u00c9 muito importante para prevenir acidentes e obstru\u00e7\u00f5es, agrade\u00e7o em nome da comunidade\u201d, comenta a assistente social Roselandy de Souza, de 56 anos, moradora do bairro h\u00e1 mais de 50 anos.&nbsp;<\/p>\n\n\n\n<p>Al\u00e9m da manuten\u00e7\u00e3o nas redes de drenagem, oper\u00e1rios atuam na avenida B com o servi\u00e7o de manuten\u00e7\u00e3o asf\u00e1ltica, com o suporte de uma ca\u00e7amba com 20 toneladas de massa asf\u00e1ltica, em trechos da via que estavam desgastados, devolvendo a popula\u00e7\u00e3o da rua uma via mais trafeg\u00e1vel, passando tamb\u00e9m pela rua Alfredo Nascimento e travessa Moema.&nbsp;<\/p>\n\n\n\n<p>Comerciante da \u00e1rea h\u00e1 mais de 20 anos, Carlos Alberto da Silva expressa sua satisfa\u00e7\u00e3o em ver as equipes da prefeitura atuando na sua rua. \u201cEstou achando muito bacana, porque pelo o que estou acompanhando, vai melhorar. Agrade\u00e7o muito as equipes da prefeitura\u201d, disse o morador.&nbsp;<\/p>\n\n\n\n<p>Equipes da Seminf seguem empenhadas no bairro Alvorada, concentradas em atender as demandas da popula\u00e7\u00e3o.<\/p>\n\n\n\n<figure class=\"wp-block-image size-large\"><img loading=\"lazy\" decoding=\"async\" width=\"1024\" height=\"768\" src=\"https:\/\/www.manaus.am.gov.br\/seminf\/wp-content\/uploads\/sites\/6\/2025\/06\/Servicos-3-1024x768.jpeg\" alt=\"\" class=\"wp-image-5613\" srcset=\"https:\/\/www.manaus.am.gov.br\/seminf\/wp-content\/uploads\/sites\/6\/2025\/06\/Servicos-3-1024x768.jpeg 1024w, https:\/\/www.manaus.am.gov.br\/seminf\/wp-content\/uploads\/sites\/6\/2025\/06\/Servicos-3-300x225.jpeg 300w, https:\/\/www.manaus.am.gov.br\/seminf\/wp-content\/uploads\/sites\/6\/2025\/06\/Servicos-3-768x576.jpeg 768w, https:\/\/www.manaus.am.gov.br\/seminf\/wp-content\/uploads\/sites\/6\/2025\/06\/Servicos-3-1536x1152.jpeg 1536w, https:\/\/www.manaus.am.gov.br\/seminf\/wp-content\/uploads\/sites\/6\/2025\/06\/Servicos-3.jpeg 1600w\" sizes=\"(max-width: 1024px) 100vw, 1024px\" \/><\/figure>\n\n\n\n<p>&#8212; &#8212; &#8212;<\/p>\n\n\n\n<p><strong>Texto<\/strong>\u00a0&#8211; Eduarda Lira\/Seminf<\/p>\n\n\n\n<p><strong>Fotos &#8211;<\/strong> Alessandro Ara\u00fajo\/Seminf<\/p>\n","protected":false},"excerpt":{"rendered":"","protected":false},"author":39,"featured_media":5614,"comment_status":"closed","ping_status":"closed","sticky":false,"template":"","format":"standard","meta":{"footnotes":""},"categories":[6],"tags":[2080,124,43,26,1809],"acf":[],"yoast_head":"<!-- This site is optimized with the Yoast SEO plugin v23.0 - https:\/\/yoast.com\/wordpress\/plugins\/seo\/ -->\n<title>Prefeitura prossegue com \u2018Mutir\u00e3o no Bairro\u2019 no Alvorada<\/title>\n<meta name=\"description\" content=\"Prefeitura de Manaus, por meio da Seminf, prossegue com \u2018Mutir\u00e3o no Bairro\u2019 no Alvorada, zona Centro-Sul da cidade.\" \/>\n<meta name=\"robots\" content=\"index, follow, max-snippet:-1, max-image-preview:large, max-video-preview:-1\" \/>\n<link rel=\"canonical\" href=\"https:\/\/www.manaus.am.gov.br\/seminf\/mutirao-no-bairro-alvorada\/\" \/>\n<meta property=\"og:locale\" content=\"pt_BR\" \/>\n<meta property=\"og:type\" content=\"article\" \/>\n<meta property=\"og:title\" content=\"Prefeitura prossegue com \u2018Mutir\u00e3o no Bairro\u2019 no Alvorada\" \/>\n<meta property=\"og:description\" content=\"Prefeitura de Manaus, por meio da Seminf, prossegue com \u2018Mutir\u00e3o no Bairro\u2019 no Alvorada, zona Centro-Sul da cidade.\" \/>\n<meta property=\"og:url\" content=\"https:\/\/www.manaus.am.gov.br\/seminf\/mutirao-no-bairro-alvorada\/\" \/>\n<meta property=\"og:site_name\" content=\"SEMINF\" \/>\n<meta property=\"article:published_time\" content=\"2025-06-09T19:38:27+00:00\" \/>\n<meta property=\"og:image\" content=\"https:\/\/www.manaus.am.gov.br\/seminf\/wp-content\/uploads\/sites\/6\/2025\/06\/Servicos-2.jpeg\" \/>\n\t<meta property=\"og:image:width\" content=\"1600\" \/>\n\t<meta property=\"og:image:height\" content=\"1200\" \/>\n\t<meta property=\"og:image:type\" content=\"image\/jpeg\" \/>\n<meta name=\"author\" content=\"Bruna Greco\" \/>\n<meta name=\"twitter:card\" content=\"summary_large_image\" \/>\n<meta name=\"twitter:label1\" content=\"Written by\" \/>\n\t<meta name=\"twitter:data1\" content=\"Bruna Greco\" \/>\n\t<meta name=\"twitter:label2\" content=\"Est. reading time\" \/>\n\t<meta name=\"twitter:data2\" content=\"3 minutos\" \/>\n<script type=\"application\/ld+json\" class=\"yoast-schema-graph\">{\"@context\":\"https:\/\/schema.org\",\"@graph\":[{\"@type\":\"WebPage\",\"@id\":\"https:\/\/www.manaus.am.gov.br\/seminf\/mutirao-no-bairro-alvorada\/\",\"url\":\"https:\/\/www.manaus.am.gov.br\/seminf\/mutirao-no-bairro-alvorada\/\",\"name\":\"Prefeitura prossegue com \u2018Mutir\u00e3o no Bairro\u2019 no Alvorada\",\"isPartOf\":{\"@id\":\"https:\/\/www.manaus.am.gov.br\/seminf\/#website\"},\"primaryImageOfPage\":{\"@id\":\"https:\/\/www.manaus.am.gov.br\/seminf\/mutirao-no-bairro-alvorada\/#primaryimage\"},\"image\":{\"@id\":\"https:\/\/www.manaus.am.gov.br\/seminf\/mutirao-no-bairro-alvorada\/#primaryimage\"},\"thumbnailUrl\":\"https:\/\/www.manaus.am.gov.br\/seminf\/wp-content\/uploads\/sites\/6\/2025\/06\/Servicos-2.jpeg\",\"datePublished\":\"2025-06-09T19:38:27+00:00\",\"dateModified\":\"2025-06-09T19:38:27+00:00\",\"author\":{\"@id\":\"https:\/\/www.manaus.am.gov.br\/seminf\/#\/schema\/person\/05d223aea2bf115f9883a6ff3683d81b\"},\"description\":\"Prefeitura de Manaus, por meio da Seminf, prossegue com \u2018Mutir\u00e3o no Bairro\u2019 no Alvorada, zona Centro-Sul da cidade.\",\"inLanguage\":\"pt-BR\",\"potentialAction\":[{\"@type\":\"ReadAction\",\"target\":[\"https:\/\/www.manaus.am.gov.br\/seminf\/mutirao-no-bairro-alvorada\/\"]}]},{\"@type\":\"ImageObject\",\"inLanguage\":\"pt-BR\",\"@id\":\"https:\/\/www.manaus.am.gov.br\/seminf\/mutirao-no-bairro-alvorada\/#primaryimage\",\"url\":\"https:\/\/www.manaus.am.gov.br\/seminf\/wp-content\/uploads\/sites\/6\/2025\/06\/Servicos-2.jpeg\",\"contentUrl\":\"https:\/\/www.manaus.am.gov.br\/seminf\/wp-content\/uploads\/sites\/6\/2025\/06\/Servicos-2.jpeg\",\"width\":1600,\"height\":1200,\"caption\":\"#paratodosverem - Equipe da Seminf executando a recupera\u00e7\u00e3o asf\u00e1ltica em rua do bairro Alvorada\"},{\"@type\":\"WebSite\",\"@id\":\"https:\/\/www.manaus.am.gov.br\/seminf\/#website\",\"url\":\"https:\/\/www.manaus.am.gov.br\/seminf\/\",\"name\":\"Secretaria de Infraestrutura\",\"description\":\"Secretaria Municipal de Infraestrutura\",\"potentialAction\":[{\"@type\":\"SearchAction\",\"target\":{\"@type\":\"EntryPoint\",\"urlTemplate\":\"https:\/\/www.manaus.am.gov.br\/seminf\/?s={search_term_string}\"},\"query-input\":\"required name=search_term_string\"}],\"inLanguage\":\"pt-BR\"},{\"@type\":\"Person\",\"@id\":\"https:\/\/www.manaus.am.gov.br\/seminf\/#\/schema\/person\/05d223aea2bf115f9883a6ff3683d81b\",\"name\":\"Bruna Greco\",\"image\":{\"@type\":\"ImageObject\",\"inLanguage\":\"pt-BR\",\"@id\":\"https:\/\/www.manaus.am.gov.br\/seminf\/#\/schema\/person\/image\/\",\"url\":\"https:\/\/secure.gravatar.com\/avatar\/9c877d1a6adc2a055330e5c09a8653ce?s=96&d=mm&r=g\",\"contentUrl\":\"https:\/\/secure.gravatar.com\/avatar\/9c877d1a6adc2a055330e5c09a8653ce?s=96&d=mm&r=g\",\"caption\":\"Bruna Greco\"}}]}<\/script>\n<!-- \/ Yoast SEO plugin. -->","yoast_head_json":{"title":"Prefeitura prossegue com \u2018Mutir\u00e3o no Bairro\u2019 no Alvorada","description":"Prefeitura de Manaus, por meio da Seminf, prossegue com \u2018Mutir\u00e3o no Bairro\u2019 no Alvorada, zona Centro-Sul da cidade.","robots":{"index":"index","follow":"follow","max-snippet":"max-snippet:-1","max-image-preview":"max-image-preview:large","max-video-preview":"max-video-preview:-1"},"canonical":"https:\/\/www.manaus.am.gov.br\/seminf\/mutirao-no-bairro-alvorada\/","og_locale":"pt_BR","og_type":"article","og_title":"Prefeitura prossegue com \u2018Mutir\u00e3o no Bairro\u2019 no Alvorada","og_description":"Prefeitura de Manaus, por meio da Seminf, prossegue com \u2018Mutir\u00e3o no Bairro\u2019 no Alvorada, zona Centro-Sul da cidade.","og_url":"https:\/\/www.manaus.am.gov.br\/seminf\/mutirao-no-bairro-alvorada\/","og_site_name":"SEMINF","article_published_time":"2025-06-09T19:38:27+00:00","og_image":[{"width":1600,"height":1200,"url":"https:\/\/www.manaus.am.gov.br\/seminf\/wp-content\/uploads\/sites\/6\/2025\/06\/Servicos-2.jpeg","type":"image\/jpeg"}],"author":"Bruna Greco","twitter_card":"summary_large_image","twitter_misc":{"Written by":"Bruna Greco","Est. reading time":"3 minutos"},"schema":{"@context":"https:\/\/schema.org","@graph":[{"@type":"WebPage","@id":"https:\/\/www.manaus.am.gov.br\/seminf\/mutirao-no-bairro-alvorada\/","url":"https:\/\/www.manaus.am.gov.br\/seminf\/mutirao-no-bairro-alvorada\/","name":"Prefeitura prossegue com \u2018Mutir\u00e3o no Bairro\u2019 no Alvorada","isPartOf":{"@id":"https:\/\/www.manaus.am.gov.br\/seminf\/#website"},"primaryImageOfPage":{"@id":"https:\/\/www.manaus.am.gov.br\/seminf\/mutirao-no-bairro-alvorada\/#primaryimage"},"image":{"@id":"https:\/\/www.manaus.am.gov.br\/seminf\/mutirao-no-bairro-alvorada\/#primaryimage"},"thumbnailUrl":"https:\/\/www.manaus.am.gov.br\/seminf\/wp-content\/uploads\/sites\/6\/2025\/06\/Servicos-2.jpeg","datePublished":"2025-06-09T19:38:27+00:00","dateModified":"2025-06-09T19:38:27+00:00","author":{"@id":"https:\/\/www.manaus.am.gov.br\/seminf\/#\/schema\/person\/05d223aea2bf115f9883a6ff3683d81b"},"description":"Prefeitura de Manaus, por meio da Seminf, prossegue com \u2018Mutir\u00e3o no Bairro\u2019 no Alvorada, zona Centro-Sul da cidade.","inLanguage":"pt-BR","potentialAction":[{"@type":"ReadAction","target":["https:\/\/www.manaus.am.gov.br\/seminf\/mutirao-no-bairro-alvorada\/"]}]},{"@type":"ImageObject","inLanguage":"pt-BR","@id":"https:\/\/www.manaus.am.gov.br\/seminf\/mutirao-no-bairro-alvorada\/#primaryimage","url":"https:\/\/www.manaus.am.gov.br\/seminf\/wp-content\/uploads\/sites\/6\/2025\/06\/Servicos-2.jpeg","contentUrl":"https:\/\/www.manaus.am.gov.br\/seminf\/wp-content\/uploads\/sites\/6\/2025\/06\/Servicos-2.jpeg","width":1600,"height":1200,"caption":"#paratodosverem - Equipe da Seminf executando a recupera\u00e7\u00e3o asf\u00e1ltica em rua do bairro Alvorada"},{"@type":"WebSite","@id":"https:\/\/www.manaus.am.gov.br\/seminf\/#website","url":"https:\/\/www.manaus.am.gov.br\/seminf\/","name":"Secretaria de Infraestrutura","description":"Secretaria Municipal de Infraestrutura","potentialAction":[{"@type":"SearchAction","target":{"@type":"EntryPoint","urlTemplate":"https:\/\/www.manaus.am.gov.br\/seminf\/?s={search_term_string}"},"query-input":"required name=search_term_string"}],"inLanguage":"pt-BR"},{"@type":"Person","@id":"https:\/\/www.manaus.am.gov.br\/seminf\/#\/schema\/person\/05d223aea2bf115f9883a6ff3683d81b","name":"Bruna Greco","image":{"@type":"ImageObject","inLanguage":"pt-BR","@id":"https:\/\/www.manaus.am.gov.br\/seminf\/#\/schema\/person\/image\/","url":"https:\/\/secure.gravatar.com\/avatar\/9c877d1a6adc2a055330e5c09a8653ce?s=96&d=mm&r=g","contentUrl":"https:\/\/secure.gravatar.com\/avatar\/9c877d1a6adc2a055330e5c09a8653ce?s=96&d=mm&r=g","caption":"Bruna Greco"}}]}},"_links":{"self":[{"href":"https:\/\/www.manaus.am.gov.br\/seminf\/wp-json\/wp\/v2\/posts\/5612"}],"collection":[{"href":"https:\/\/www.manaus.am.gov.br\/seminf\/wp-json\/wp\/v2\/posts"}],"about":[{"href":"https:\/\/www.manaus.am.gov.br\/seminf\/wp-json\/wp\/v2\/types\/post"}],"author":[{"embeddable":true,"href":"https:\/\/www.manaus.am.gov.br\/seminf\/wp-json\/wp\/v2\/users\/39"}],"replies":[{"embeddable":true,"href":"https:\/\/www.manaus.am.gov.br\/seminf\/wp-json\/wp\/v2\/comments?post=5612"}],"version-history":[{"count":1,"href":"https:\/\/www.manaus.am.gov.br\/seminf\/wp-json\/wp\/v2\/posts\/5612\/revisions"}],"predecessor-version":[{"id":5615,"href":"https:\/\/www.manaus.am.gov.br\/seminf\/wp-json\/wp\/v2\/posts\/5612\/revisions\/5615"}],"wp:featuredmedia":[{"embeddable":true,"href":"https:\/\/www.manaus.am.gov.br\/seminf\/wp-json\/wp\/v2\/media\/5614"}],"wp:attachment":[{"href":"https:\/\/www.manaus.am.gov.br\/seminf\/wp-json\/wp\/v2\/media?parent=5612"}],"wp:term":[{"taxonomy":"category","embeddable":true,"href":"https:\/\/www.manaus.am.gov.br\/seminf\/wp-json\/wp\/v2\/categories?post=5612"},{"taxonomy":"post_tag","embeddable":true,"href":"https:\/\/www.manaus.am.gov.br\/seminf\/wp-json\/wp\/v2\/tags?post=5612"}],"curies":[{"name":"wp","href":"https:\/\/api.w.org\/{rel}","templated":true}]}}