{"id":5598,"date":"2025-06-07T17:42:23","date_gmt":"2025-06-07T21:42:23","guid":{"rendered":"https:\/\/www.manaus.am.gov.br\/seminf\/obras-complexo-viario-rei-pele-2\/"},"modified":"2025-06-07T17:42:25","modified_gmt":"2025-06-07T21:42:25","slug":"obras-complexo-viario-rei-pele-2","status":"publish","type":"post","link":"https:\/\/www.manaus.am.gov.br\/seminf\/obras-complexo-viario-rei-pele-2\/","title":{"rendered":"Prefeitura de Manaus intensifica obras no complexo vi\u00e1rio Rei Pel\u00e9 com equipes qualificadas e m\u00faltiplas frentes de trabalho"},"content":{"rendered":"\n<p>A Prefeitura de Manaus, por meio da Secretaria Municipal de Infraestrutura (Seminf), segue desenvolvendo um ritmo intenso e qualificado na execu\u00e7\u00e3o do complexo vi\u00e1rio Rei Pel\u00e9, uma das obras vi\u00e1rias mais importantes da gest\u00e3o. Neste s\u00e1bado, 7\/6, os trabalhos s\u00e3o intensificados de forma estrat\u00e9gica no complexo, e diversas frentes de obras simult\u00e2neas est\u00e3o em andamento, com foco em mobilidade, acessibilidade, esporte, lazer e infraestrutura urbana.<\/p>\n\n\n\n<p>\u201cEstamos executando uma obra que vai muito al\u00e9m da mobilidade. O complexo vi\u00e1rio Rei Pel\u00e9 est\u00e1 sendo constru\u00eddo para ser um grande polo de integra\u00e7\u00e3o urbana, com acessibilidade, lazer, esporte e infraestrutura de qualidade. Na gest\u00e3o do prefeito David Almeida, seguimos atuantes nessa obra que vai transformar o tr\u00e1fego de ve\u00edculos da zona Leste\u201d, destacou o vice-prefeito e secret\u00e1rio de Obras, Renato Junior.<\/p>\n\n\n\n<p>Entre as a\u00e7\u00f5es em curso, destaca-se a concretagem de um trecho de aproximadamente 63 metros, destinado \u00e0 cal\u00e7ada para passeio p\u00fablico, priorizando acessibilidade e seguran\u00e7a para os pedestres. O projeto segue padr\u00f5es modernos de urbanismo, com solu\u00e7\u00f5es que valorizam o bem-estar da popula\u00e7\u00e3o.<\/p>\n\n\n\n<p>Dentro da \u00e1rea do complexo, tamb\u00e9m est\u00e1 sendo realizada a implanta\u00e7\u00e3o de alambrados em espa\u00e7os esportivos que est\u00e3o em constru\u00e7\u00e3o, como a quadra de basquete e o ringue de boxe, promovendo esporte, inclus\u00e3o e intera\u00e7\u00e3o social. Al\u00e9m das quadras em que est\u00e3o sendo implantados alambrados, o complexo inclui a constru\u00e7\u00e3o da pista de skate, outra iniciativa em andamento que vai atender \u00e0 juventude da cidade e fomentar a pr\u00e1tica de esportes urbanos. Esses espa\u00e7os est\u00e3o sendo projetados para garantir seguran\u00e7a, funcionalidade e integra\u00e7\u00e3o comunit\u00e1ria.<\/p>\n\n\n\n<p>Outra etapa importante da obra \u00e9 a implanta\u00e7\u00e3o do pavimento do tipo \u201cpaver\u201d, blocos em concreto conhecidos pela sua rigidez, durabilidade e capacidade de oferecer melhores condi\u00e7\u00f5es para o tr\u00e1fego de pedestres, al\u00e9m de contribuir esteticamente para a urbaniza\u00e7\u00e3o da \u00e1rea.<\/p>\n\n\n\n<p>Do ponto de vista da infraestrutura subterr\u00e2nea, a prefeitura est\u00e1 implantando um trecho de 30 metros do sistema de drenagem, utilizando tubos modernos de PVC, o que garante mais efici\u00eancia no escoamento das \u00e1guas e preven\u00e7\u00e3o contra alagamentos. Outro sistema de drenagem em desenvolvimento garante a funcionalidade do t\u00fanel em per\u00edodos chuvosos, \u00e9 a drenagem superficial, com a constru\u00e7\u00e3o de sarjetas para o escoamento das \u00e1guas pluviais, dentro da estrutura subterr\u00e2nea.<\/p>\n\n\n\n<p>Com foco na promo\u00e7\u00e3o da sa\u00fade e qualidade de vida da popula\u00e7\u00e3o, tamb\u00e9m est\u00e3o sendo desenvolvidos os espa\u00e7os destinados \u00e0 pr\u00e1tica de zumba e academia ao ar livre, que v\u00e3o proporcionar op\u00e7\u00f5es gratuitas de lazer ativo para a comunidade.<\/p>\n\n\n\n<p>Por fim, a \u00e1rea tamb\u00e9m est\u00e1 passando pela prepara\u00e7\u00e3o do solo com servi\u00e7os de terraplanagem e fresagem, etapas fundamentais que antecedem a aplica\u00e7\u00e3o da massa asf\u00e1ltica, garantindo um pavimento de alta qualidade e durabilidade. Os moradores da \u00e1rea aprovam os servi\u00e7os em andamento pelas equipes que trabalham nas obras, como disse Raimunda Lima, 56 anos.<\/p>\n\n\n\n<p>\u201cEssa obra que est\u00e1 sendo feita aqui na zona Leste est\u00e1 aprovada sim. A prefeitura iniciou esse trabalho aqui e eu creio que vai ser para melhor. Eu j\u00e1 tenho muitos anos aqui, eu vejo que Manaus mudou em muita coisa para melhor Muitas pessoas n\u00e3o veem isso, mas eu vejo, porque eu estou aqui h\u00e1 mais de 30 anos, ent\u00e3o para mim est\u00e1 maravilhoso, a prefeitura est\u00e1 de parab\u00e9ns\u201d, disse a moradora.<\/p>\n\n\n\n<p>A Prefeitura de Manaus reafirma seu compromisso com o progresso urbano e social da cidade, promovendo um conjunto de a\u00e7\u00f5es que preparam a capital para o futuro e oferecem mais dignidade \u00e0 popula\u00e7\u00e3o.<\/p>\n\n\n\n<p>&#8212; &#8212; &#8212;<\/p>\n\n\n\n<p><strong>Texto<\/strong> &#8211; Maria Amed\/ Seminf<\/p>\n\n\n\n<p><strong>Fotos <\/strong>&#8211; M\u00e1rcio Melo\/ Seminf<\/p>\n\n\n\n<p><strong>Dispon\u00edveis em<\/strong> &#8211; <a href=\"https:\/\/flic.kr\/s\/aHBqjCh7M7\">https:\/\/flic.kr\/s\/aHBqjCh7M7<\/a><\/p>\n","protected":false},"excerpt":{"rendered":"","protected":false},"author":25,"featured_media":5599,"comment_status":"closed","ping_status":"closed","sticky":false,"template":"","format":"standard","meta":{"footnotes":""},"categories":[3],"tags":[1058,562,118,26],"acf":[],"yoast_head":"<!-- This site is optimized with the Yoast SEO plugin v23.0 - https:\/\/yoast.com\/wordpress\/plugins\/seo\/ -->\n<title>Prefeitura de Manaus intensifica obras no complexo vi\u00e1rio Rei Pel\u00e9 com equipes qualificadas e m\u00faltiplas frentes de trabalho<\/title>\n<meta name=\"description\" content=\"Prefeitura de Manaus segue desenvolvendo um ritmo intenso e qualificado na execu\u00e7\u00e3o do complexo vi\u00e1rio Rei Pel\u00e9\" \/>\n<meta name=\"robots\" content=\"index, follow, max-snippet:-1, max-image-preview:large, max-video-preview:-1\" \/>\n<link rel=\"canonical\" href=\"https:\/\/www.manaus.am.gov.br\/seminf\/obras-complexo-viario-rei-pele-2\/\" \/>\n<meta property=\"og:locale\" content=\"pt_BR\" \/>\n<meta property=\"og:type\" content=\"article\" \/>\n<meta property=\"og:title\" content=\"Prefeitura de Manaus intensifica obras no complexo vi\u00e1rio Rei Pel\u00e9 com equipes qualificadas e m\u00faltiplas frentes de trabalho\" \/>\n<meta property=\"og:description\" content=\"Prefeitura de Manaus segue desenvolvendo um ritmo intenso e qualificado na execu\u00e7\u00e3o do complexo vi\u00e1rio Rei Pel\u00e9\" \/>\n<meta property=\"og:url\" content=\"https:\/\/www.manaus.am.gov.br\/seminf\/obras-complexo-viario-rei-pele-2\/\" \/>\n<meta property=\"og:site_name\" content=\"SEMINF\" \/>\n<meta property=\"article:published_time\" content=\"2025-06-07T21:42:23+00:00\" \/>\n<meta property=\"article:modified_time\" content=\"2025-06-07T21:42:25+00:00\" \/>\n<meta property=\"og:image\" content=\"https:\/\/www.manaus.am.gov.br\/seminf\/wp-content\/uploads\/sites\/6\/2025\/06\/54573779314_862a9841fe_c.jpg\" \/>\n\t<meta property=\"og:image:width\" content=\"799\" \/>\n\t<meta property=\"og:image:height\" content=\"533\" \/>\n\t<meta property=\"og:image:type\" content=\"image\/jpeg\" \/>\n<meta name=\"author\" content=\"Maur\u00edcio Freire\" \/>\n<meta name=\"twitter:card\" content=\"summary_large_image\" \/>\n<meta name=\"twitter:label1\" content=\"Written by\" \/>\n\t<meta name=\"twitter:data1\" content=\"Maur\u00edcio Freire\" \/>\n\t<meta name=\"twitter:label2\" content=\"Est. reading time\" \/>\n\t<meta name=\"twitter:data2\" content=\"4 minutos\" \/>\n<script type=\"application\/ld+json\" class=\"yoast-schema-graph\">{\"@context\":\"https:\/\/schema.org\",\"@graph\":[{\"@type\":\"WebPage\",\"@id\":\"https:\/\/www.manaus.am.gov.br\/seminf\/obras-complexo-viario-rei-pele-2\/\",\"url\":\"https:\/\/www.manaus.am.gov.br\/seminf\/obras-complexo-viario-rei-pele-2\/\",\"name\":\"Prefeitura de Manaus intensifica obras no complexo vi\u00e1rio Rei Pel\u00e9 com equipes qualificadas e m\u00faltiplas frentes de trabalho\",\"isPartOf\":{\"@id\":\"https:\/\/www.manaus.am.gov.br\/seminf\/#website\"},\"primaryImageOfPage\":{\"@id\":\"https:\/\/www.manaus.am.gov.br\/seminf\/obras-complexo-viario-rei-pele-2\/#primaryimage\"},\"image\":{\"@id\":\"https:\/\/www.manaus.am.gov.br\/seminf\/obras-complexo-viario-rei-pele-2\/#primaryimage\"},\"thumbnailUrl\":\"https:\/\/www.manaus.am.gov.br\/seminf\/wp-content\/uploads\/sites\/6\/2025\/06\/54573779314_862a9841fe_c.jpg\",\"datePublished\":\"2025-06-07T21:42:23+00:00\",\"dateModified\":\"2025-06-07T21:42:25+00:00\",\"author\":{\"@id\":\"https:\/\/www.manaus.am.gov.br\/seminf\/#\/schema\/person\/587989a23a463cde5618e6a028977a9a\"},\"description\":\"Prefeitura de Manaus segue desenvolvendo um ritmo intenso e qualificado na execu\u00e7\u00e3o do complexo vi\u00e1rio Rei Pel\u00e9\",\"inLanguage\":\"pt-BR\",\"potentialAction\":[{\"@type\":\"ReadAction\",\"target\":[\"https:\/\/www.manaus.am.gov.br\/seminf\/obras-complexo-viario-rei-pele-2\/\"]}]},{\"@type\":\"ImageObject\",\"inLanguage\":\"pt-BR\",\"@id\":\"https:\/\/www.manaus.am.gov.br\/seminf\/obras-complexo-viario-rei-pele-2\/#primaryimage\",\"url\":\"https:\/\/www.manaus.am.gov.br\/seminf\/wp-content\/uploads\/sites\/6\/2025\/06\/54573779314_862a9841fe_c.jpg\",\"contentUrl\":\"https:\/\/www.manaus.am.gov.br\/seminf\/wp-content\/uploads\/sites\/6\/2025\/06\/54573779314_862a9841fe_c.jpg\",\"width\":799,\"height\":533,\"caption\":\"#paratodosverem os trabalhos s\u00e3o intensificados de forma estrat\u00e9gica no complexo, e diversas frentes de obras simult\u00e2neas est\u00e3o em andament\"},{\"@type\":\"WebSite\",\"@id\":\"https:\/\/www.manaus.am.gov.br\/seminf\/#website\",\"url\":\"https:\/\/www.manaus.am.gov.br\/seminf\/\",\"name\":\"Secretaria de Infraestrutura\",\"description\":\"Secretaria Municipal de Infraestrutura\",\"potentialAction\":[{\"@type\":\"SearchAction\",\"target\":{\"@type\":\"EntryPoint\",\"urlTemplate\":\"https:\/\/www.manaus.am.gov.br\/seminf\/?s={search_term_string}\"},\"query-input\":\"required name=search_term_string\"}],\"inLanguage\":\"pt-BR\"},{\"@type\":\"Person\",\"@id\":\"https:\/\/www.manaus.am.gov.br\/seminf\/#\/schema\/person\/587989a23a463cde5618e6a028977a9a\",\"name\":\"Maur\u00edcio Freire\",\"image\":{\"@type\":\"ImageObject\",\"inLanguage\":\"pt-BR\",\"@id\":\"https:\/\/www.manaus.am.gov.br\/seminf\/#\/schema\/person\/image\/\",\"url\":\"https:\/\/secure.gravatar.com\/avatar\/dc1481799a1f75c733ac3b2634cd6749?s=96&d=mm&r=g\",\"contentUrl\":\"https:\/\/secure.gravatar.com\/avatar\/dc1481799a1f75c733ac3b2634cd6749?s=96&d=mm&r=g\",\"caption\":\"Maur\u00edcio Freire\"}}]}<\/script>\n<!-- \/ Yoast SEO plugin. -->","yoast_head_json":{"title":"Prefeitura de Manaus intensifica obras no complexo vi\u00e1rio Rei Pel\u00e9 com equipes qualificadas e m\u00faltiplas frentes de trabalho","description":"Prefeitura de Manaus segue desenvolvendo um ritmo intenso e qualificado na execu\u00e7\u00e3o do complexo vi\u00e1rio Rei Pel\u00e9","robots":{"index":"index","follow":"follow","max-snippet":"max-snippet:-1","max-image-preview":"max-image-preview:large","max-video-preview":"max-video-preview:-1"},"canonical":"https:\/\/www.manaus.am.gov.br\/seminf\/obras-complexo-viario-rei-pele-2\/","og_locale":"pt_BR","og_type":"article","og_title":"Prefeitura de Manaus intensifica obras no complexo vi\u00e1rio Rei Pel\u00e9 com equipes qualificadas e m\u00faltiplas frentes de trabalho","og_description":"Prefeitura de Manaus segue desenvolvendo um ritmo intenso e qualificado na execu\u00e7\u00e3o do complexo vi\u00e1rio Rei Pel\u00e9","og_url":"https:\/\/www.manaus.am.gov.br\/seminf\/obras-complexo-viario-rei-pele-2\/","og_site_name":"SEMINF","article_published_time":"2025-06-07T21:42:23+00:00","article_modified_time":"2025-06-07T21:42:25+00:00","og_image":[{"width":799,"height":533,"url":"https:\/\/www.manaus.am.gov.br\/seminf\/wp-content\/uploads\/sites\/6\/2025\/06\/54573779314_862a9841fe_c.jpg","type":"image\/jpeg"}],"author":"Maur\u00edcio Freire","twitter_card":"summary_large_image","twitter_misc":{"Written by":"Maur\u00edcio Freire","Est. reading time":"4 minutos"},"schema":{"@context":"https:\/\/schema.org","@graph":[{"@type":"WebPage","@id":"https:\/\/www.manaus.am.gov.br\/seminf\/obras-complexo-viario-rei-pele-2\/","url":"https:\/\/www.manaus.am.gov.br\/seminf\/obras-complexo-viario-rei-pele-2\/","name":"Prefeitura de Manaus intensifica obras no complexo vi\u00e1rio Rei Pel\u00e9 com equipes qualificadas e m\u00faltiplas frentes de trabalho","isPartOf":{"@id":"https:\/\/www.manaus.am.gov.br\/seminf\/#website"},"primaryImageOfPage":{"@id":"https:\/\/www.manaus.am.gov.br\/seminf\/obras-complexo-viario-rei-pele-2\/#primaryimage"},"image":{"@id":"https:\/\/www.manaus.am.gov.br\/seminf\/obras-complexo-viario-rei-pele-2\/#primaryimage"},"thumbnailUrl":"https:\/\/www.manaus.am.gov.br\/seminf\/wp-content\/uploads\/sites\/6\/2025\/06\/54573779314_862a9841fe_c.jpg","datePublished":"2025-06-07T21:42:23+00:00","dateModified":"2025-06-07T21:42:25+00:00","author":{"@id":"https:\/\/www.manaus.am.gov.br\/seminf\/#\/schema\/person\/587989a23a463cde5618e6a028977a9a"},"description":"Prefeitura de Manaus segue desenvolvendo um ritmo intenso e qualificado na execu\u00e7\u00e3o do complexo vi\u00e1rio Rei Pel\u00e9","inLanguage":"pt-BR","potentialAction":[{"@type":"ReadAction","target":["https:\/\/www.manaus.am.gov.br\/seminf\/obras-complexo-viario-rei-pele-2\/"]}]},{"@type":"ImageObject","inLanguage":"pt-BR","@id":"https:\/\/www.manaus.am.gov.br\/seminf\/obras-complexo-viario-rei-pele-2\/#primaryimage","url":"https:\/\/www.manaus.am.gov.br\/seminf\/wp-content\/uploads\/sites\/6\/2025\/06\/54573779314_862a9841fe_c.jpg","contentUrl":"https:\/\/www.manaus.am.gov.br\/seminf\/wp-content\/uploads\/sites\/6\/2025\/06\/54573779314_862a9841fe_c.jpg","width":799,"height":533,"caption":"#paratodosverem os trabalhos s\u00e3o intensificados de forma estrat\u00e9gica no complexo, e diversas frentes de obras simult\u00e2neas est\u00e3o em andament"},{"@type":"WebSite","@id":"https:\/\/www.manaus.am.gov.br\/seminf\/#website","url":"https:\/\/www.manaus.am.gov.br\/seminf\/","name":"Secretaria de Infraestrutura","description":"Secretaria Municipal de Infraestrutura","potentialAction":[{"@type":"SearchAction","target":{"@type":"EntryPoint","urlTemplate":"https:\/\/www.manaus.am.gov.br\/seminf\/?s={search_term_string}"},"query-input":"required name=search_term_string"}],"inLanguage":"pt-BR"},{"@type":"Person","@id":"https:\/\/www.manaus.am.gov.br\/seminf\/#\/schema\/person\/587989a23a463cde5618e6a028977a9a","name":"Maur\u00edcio Freire","image":{"@type":"ImageObject","inLanguage":"pt-BR","@id":"https:\/\/www.manaus.am.gov.br\/seminf\/#\/schema\/person\/image\/","url":"https:\/\/secure.gravatar.com\/avatar\/dc1481799a1f75c733ac3b2634cd6749?s=96&d=mm&r=g","contentUrl":"https:\/\/secure.gravatar.com\/avatar\/dc1481799a1f75c733ac3b2634cd6749?s=96&d=mm&r=g","caption":"Maur\u00edcio Freire"}}]}},"_links":{"self":[{"href":"https:\/\/www.manaus.am.gov.br\/seminf\/wp-json\/wp\/v2\/posts\/5598"}],"collection":[{"href":"https:\/\/www.manaus.am.gov.br\/seminf\/wp-json\/wp\/v2\/posts"}],"about":[{"href":"https:\/\/www.manaus.am.gov.br\/seminf\/wp-json\/wp\/v2\/types\/post"}],"author":[{"embeddable":true,"href":"https:\/\/www.manaus.am.gov.br\/seminf\/wp-json\/wp\/v2\/users\/25"}],"replies":[{"embeddable":true,"href":"https:\/\/www.manaus.am.gov.br\/seminf\/wp-json\/wp\/v2\/comments?post=5598"}],"version-history":[{"count":0,"href":"https:\/\/www.manaus.am.gov.br\/seminf\/wp-json\/wp\/v2\/posts\/5598\/revisions"}],"wp:featuredmedia":[{"embeddable":true,"href":"https:\/\/www.manaus.am.gov.br\/seminf\/wp-json\/wp\/v2\/media\/5599"}],"wp:attachment":[{"href":"https:\/\/www.manaus.am.gov.br\/seminf\/wp-json\/wp\/v2\/media?parent=5598"}],"wp:term":[{"taxonomy":"category","embeddable":true,"href":"https:\/\/www.manaus.am.gov.br\/seminf\/wp-json\/wp\/v2\/categories?post=5598"},{"taxonomy":"post_tag","embeddable":true,"href":"https:\/\/www.manaus.am.gov.br\/seminf\/wp-json\/wp\/v2\/tags?post=5598"}],"curies":[{"name":"wp","href":"https:\/\/api.w.org\/{rel}","templated":true}]}}