{"id":5592,"date":"2025-06-06T16:54:06","date_gmt":"2025-06-06T20:54:06","guid":{"rendered":"https:\/\/www.manaus.am.gov.br\/seminf\/mutirao-no-bairro-colonia-antonio-aleixo\/"},"modified":"2025-06-06T16:54:07","modified_gmt":"2025-06-06T20:54:07","slug":"mutirao-no-bairro-colonia-antonio-aleixo","status":"publish","type":"post","link":"https:\/\/www.manaus.am.gov.br\/seminf\/mutirao-no-bairro-colonia-antonio-aleixo\/","title":{"rendered":"Bairro Col\u00f4nia Ant\u00f4nio Aleixo \u00e9 beneficiado pelo \u201cMutir\u00e3o no Bairro\u201d"},"content":{"rendered":"\n<p>A <a href=\"https:\/\/www.instagram.com\/prefeiturademanaus\/\">Prefeitura de Manaus<\/a>, por meio da <a href=\"https:\/\/www.manaus.am.gov.br\/seminf\/\">Secretaria Municipal de Infraestrutura (Seminf)<\/a>, nesta sexta-feira, 6\/6, impulsiona servi\u00e7os de revitaliza\u00e7\u00e3o em ruas do bairro Col\u00f4nia Ant\u00f4nio Aleixo, zona Leste, por meio do programa \u201cMutir\u00e3o no Bairro\u201d, levando infraestrutura, limpeza e demais servi\u00e7os para a \u00e1rea.<\/p>\n\n\n\n<p>\u201cFizemos o mapeamento das ruas que precisavam dos servi\u00e7os de recupera\u00e7\u00e3o asf\u00e1ltica, limpeza, sinaliza\u00e7\u00e3o, ruas que precisavam de alguma manuten\u00e7\u00e3o, e estamos aqui para resolver. A determina\u00e7\u00e3o do prefeito David Almeida \u00e9 que possamos atender o m\u00e1ximo de solicita\u00e7\u00f5es dos moradores aqui do Col\u00f4nia, e estamos empenhados nesse trabalho\u201d, afirma o vice-prefeito e secret\u00e1rio de Obras, Renato Junior.<\/p>\n\n\n\n<p>Na rua Padre M\u00e1rio, oper\u00e1rios atuam com a confec\u00e7\u00e3o de duas lombadas e na rua Alberto Campainha, com a confec\u00e7\u00e3o de mais quatro lombadas, mais conhecidas como \u2018quebra-molas\u2019, em trechos estrat\u00e9gicos das vias, medidas necess\u00e1rias para a redu\u00e7\u00e3o de velocidade de ve\u00edculos, prevenindo acidentes. Al\u00e9m das confec\u00e7\u00f5es de lombadas, as equipes atuam nas ruas adjacentes \u00e0 rua Padre Mario, como na rua Jose Maria e Franscisco de Abreu com os servi\u00e7os de manuten\u00e7\u00e3o asf\u00e1ltica, com uma ca\u00e7amba de 40 toneladas de asfalto.<\/p>\n\n\n\n<p>\u201cAgrade\u00e7o \u00e0s equipes da prefeitura pela confec\u00e7\u00e3o desses dois quebra-molas, aqui da nossa rua, era algo que precis\u00e1vamos demais, para evitar acidentes e garantir a seguran\u00e7a dos motoristas, pessoas, crian\u00e7as e de todos que usam a Padre Mario\u201d, compartilha Batista Colares, de 50 anos, que atua como diretor cultural.<\/p>\n\n\n\n<p>De forma simult\u00e2nea, duas frentes de obras atuam na rua 29 de Julho, localizada, tamb\u00e9m, no bairro Col\u00f4nia Ant\u00f4nio Aleixo. Uma com a limpeza e capita\u00e7\u00e3o da via para realizar a prepara\u00e7\u00e3o de base para receber aproximadamente 60 toneladas de massa asf\u00e1ltica. Outra frente avan\u00e7ou, na mesma rua, em outro trecho, com a implanta\u00e7\u00e3o de pedra rach\u00e3o, garantindo a maior durabilidade da massa, evitando desgaste f\u00e1cil na via, em seguida a aplica\u00e7\u00e3o da imprima\u00e7\u00e3o para fixar o pavimento.<\/p>\n\n\n\n<p>A prefeitura tem trabalhado diariamente no programa \u201cMutir\u00e3o no Bairro\u201d, passando por mais tr\u00eas bairros, al\u00e9m do Col\u00f4nia Ant\u00f4nio Aleixo. Equipes atuam simultaneamente no bairro Alvorada, Mutir\u00e3o e Tancredo Neves, levando infraestrutura de qualidade para a popula\u00e7\u00e3o.<\/p>\n\n\n\n<p>&#8212; &#8212; &#8212;<\/p>\n\n\n\n<p><strong>Texto &#8211;<\/strong> Eduarda Lira \/ Seminf<\/p>\n\n\n\n<p><strong>Fotos &#8211;<\/strong> Alessandro Ara\u00fajo \/ Seminf<\/p>\n","protected":false},"excerpt":{"rendered":"","protected":false},"author":57,"featured_media":5593,"comment_status":"closed","ping_status":"closed","sticky":false,"template":"","format":"standard","meta":{"footnotes":""},"categories":[3],"tags":[2078,43,26],"acf":[],"yoast_head":"<!-- This site is optimized with the Yoast SEO plugin v23.0 - https:\/\/yoast.com\/wordpress\/plugins\/seo\/ -->\n<title>Col\u00f4nia Ant\u00f4nio Aleixo \u00e9 beneficiado pelo \u201cMutir\u00e3o no Bairro\u201d<\/title>\n<meta name=\"description\" content=\"A PMM impulsiona servi\u00e7os de revitaliza\u00e7\u00e3o em ruas do bairro Col\u00f4nia Ant\u00f4nio Aleixo, zona Leste, por meio do programa \u201cMutir\u00e3o no Bairro&quot;.\" \/>\n<meta name=\"robots\" content=\"index, follow, max-snippet:-1, max-image-preview:large, max-video-preview:-1\" \/>\n<link rel=\"canonical\" href=\"https:\/\/www.manaus.am.gov.br\/seminf\/mutirao-no-bairro-colonia-antonio-aleixo\/\" \/>\n<meta property=\"og:locale\" content=\"pt_BR\" \/>\n<meta property=\"og:type\" content=\"article\" \/>\n<meta property=\"og:title\" content=\"Col\u00f4nia Ant\u00f4nio Aleixo \u00e9 beneficiado pelo \u201cMutir\u00e3o no Bairro\u201d\" \/>\n<meta property=\"og:description\" content=\"A PMM impulsiona servi\u00e7os de revitaliza\u00e7\u00e3o em ruas do bairro Col\u00f4nia Ant\u00f4nio Aleixo, zona Leste, por meio do programa \u201cMutir\u00e3o no Bairro&quot;.\" \/>\n<meta property=\"og:url\" content=\"https:\/\/www.manaus.am.gov.br\/seminf\/mutirao-no-bairro-colonia-antonio-aleixo\/\" \/>\n<meta property=\"og:site_name\" content=\"SEMINF\" \/>\n<meta property=\"article:published_time\" content=\"2025-06-06T20:54:06+00:00\" \/>\n<meta property=\"article:modified_time\" content=\"2025-06-06T20:54:07+00:00\" \/>\n<meta property=\"og:image\" content=\"https:\/\/www.manaus.am.gov.br\/seminf\/wp-content\/uploads\/sites\/6\/2025\/06\/mutirao-no-bairro-2.jpg\" \/>\n\t<meta property=\"og:image:width\" content=\"1200\" \/>\n\t<meta property=\"og:image:height\" content=\"900\" \/>\n\t<meta property=\"og:image:type\" content=\"image\/jpeg\" \/>\n<meta name=\"author\" content=\"Thiago Fernando\" \/>\n<meta name=\"twitter:card\" content=\"summary_large_image\" \/>\n<meta name=\"twitter:label1\" content=\"Written by\" \/>\n\t<meta name=\"twitter:data1\" content=\"Thiago Fernando\" \/>\n\t<meta name=\"twitter:label2\" content=\"Est. reading time\" \/>\n\t<meta name=\"twitter:data2\" content=\"3 minutos\" \/>\n<script type=\"application\/ld+json\" class=\"yoast-schema-graph\">{\"@context\":\"https:\/\/schema.org\",\"@graph\":[{\"@type\":\"WebPage\",\"@id\":\"https:\/\/www.manaus.am.gov.br\/seminf\/mutirao-no-bairro-colonia-antonio-aleixo\/\",\"url\":\"https:\/\/www.manaus.am.gov.br\/seminf\/mutirao-no-bairro-colonia-antonio-aleixo\/\",\"name\":\"Col\u00f4nia Ant\u00f4nio Aleixo \u00e9 beneficiado pelo \u201cMutir\u00e3o no Bairro\u201d\",\"isPartOf\":{\"@id\":\"https:\/\/www.manaus.am.gov.br\/seminf\/#website\"},\"primaryImageOfPage\":{\"@id\":\"https:\/\/www.manaus.am.gov.br\/seminf\/mutirao-no-bairro-colonia-antonio-aleixo\/#primaryimage\"},\"image\":{\"@id\":\"https:\/\/www.manaus.am.gov.br\/seminf\/mutirao-no-bairro-colonia-antonio-aleixo\/#primaryimage\"},\"thumbnailUrl\":\"https:\/\/www.manaus.am.gov.br\/seminf\/wp-content\/uploads\/sites\/6\/2025\/06\/mutirao-no-bairro-2.jpg\",\"datePublished\":\"2025-06-06T20:54:06+00:00\",\"dateModified\":\"2025-06-06T20:54:07+00:00\",\"author\":{\"@id\":\"https:\/\/www.manaus.am.gov.br\/seminf\/#\/schema\/person\/a5ee5376db6e21af026374b369f30882\"},\"description\":\"A PMM impulsiona servi\u00e7os de revitaliza\u00e7\u00e3o em ruas do bairro Col\u00f4nia Ant\u00f4nio Aleixo, zona Leste, por meio do programa \u201cMutir\u00e3o no Bairro\\\".\",\"inLanguage\":\"pt-BR\",\"potentialAction\":[{\"@type\":\"ReadAction\",\"target\":[\"https:\/\/www.manaus.am.gov.br\/seminf\/mutirao-no-bairro-colonia-antonio-aleixo\/\"]}]},{\"@type\":\"ImageObject\",\"inLanguage\":\"pt-BR\",\"@id\":\"https:\/\/www.manaus.am.gov.br\/seminf\/mutirao-no-bairro-colonia-antonio-aleixo\/#primaryimage\",\"url\":\"https:\/\/www.manaus.am.gov.br\/seminf\/wp-content\/uploads\/sites\/6\/2025\/06\/mutirao-no-bairro-2.jpg\",\"contentUrl\":\"https:\/\/www.manaus.am.gov.br\/seminf\/wp-content\/uploads\/sites\/6\/2025\/06\/mutirao-no-bairro-2.jpg\",\"width\":1200,\"height\":900,\"caption\":\"mutir\u00e3o no bairro\"},{\"@type\":\"WebSite\",\"@id\":\"https:\/\/www.manaus.am.gov.br\/seminf\/#website\",\"url\":\"https:\/\/www.manaus.am.gov.br\/seminf\/\",\"name\":\"Secretaria de Infraestrutura\",\"description\":\"Secretaria Municipal de Infraestrutura\",\"potentialAction\":[{\"@type\":\"SearchAction\",\"target\":{\"@type\":\"EntryPoint\",\"urlTemplate\":\"https:\/\/www.manaus.am.gov.br\/seminf\/?s={search_term_string}\"},\"query-input\":\"required name=search_term_string\"}],\"inLanguage\":\"pt-BR\"},{\"@type\":\"Person\",\"@id\":\"https:\/\/www.manaus.am.gov.br\/seminf\/#\/schema\/person\/a5ee5376db6e21af026374b369f30882\",\"name\":\"Thiago Fernando\",\"image\":{\"@type\":\"ImageObject\",\"inLanguage\":\"pt-BR\",\"@id\":\"https:\/\/www.manaus.am.gov.br\/seminf\/#\/schema\/person\/image\/\",\"url\":\"https:\/\/secure.gravatar.com\/avatar\/f5aab8722444041451501c077052ac07?s=96&d=mm&r=g\",\"contentUrl\":\"https:\/\/secure.gravatar.com\/avatar\/f5aab8722444041451501c077052ac07?s=96&d=mm&r=g\",\"caption\":\"Thiago Fernando\"}}]}<\/script>\n<!-- \/ Yoast SEO plugin. -->","yoast_head_json":{"title":"Col\u00f4nia Ant\u00f4nio Aleixo \u00e9 beneficiado pelo \u201cMutir\u00e3o no Bairro\u201d","description":"A PMM impulsiona servi\u00e7os de revitaliza\u00e7\u00e3o em ruas do bairro Col\u00f4nia Ant\u00f4nio Aleixo, zona Leste, por meio do programa \u201cMutir\u00e3o no Bairro\".","robots":{"index":"index","follow":"follow","max-snippet":"max-snippet:-1","max-image-preview":"max-image-preview:large","max-video-preview":"max-video-preview:-1"},"canonical":"https:\/\/www.manaus.am.gov.br\/seminf\/mutirao-no-bairro-colonia-antonio-aleixo\/","og_locale":"pt_BR","og_type":"article","og_title":"Col\u00f4nia Ant\u00f4nio Aleixo \u00e9 beneficiado pelo \u201cMutir\u00e3o no Bairro\u201d","og_description":"A PMM impulsiona servi\u00e7os de revitaliza\u00e7\u00e3o em ruas do bairro Col\u00f4nia Ant\u00f4nio Aleixo, zona Leste, por meio do programa \u201cMutir\u00e3o no Bairro\".","og_url":"https:\/\/www.manaus.am.gov.br\/seminf\/mutirao-no-bairro-colonia-antonio-aleixo\/","og_site_name":"SEMINF","article_published_time":"2025-06-06T20:54:06+00:00","article_modified_time":"2025-06-06T20:54:07+00:00","og_image":[{"width":1200,"height":900,"url":"https:\/\/www.manaus.am.gov.br\/seminf\/wp-content\/uploads\/sites\/6\/2025\/06\/mutirao-no-bairro-2.jpg","type":"image\/jpeg"}],"author":"Thiago Fernando","twitter_card":"summary_large_image","twitter_misc":{"Written by":"Thiago Fernando","Est. reading time":"3 minutos"},"schema":{"@context":"https:\/\/schema.org","@graph":[{"@type":"WebPage","@id":"https:\/\/www.manaus.am.gov.br\/seminf\/mutirao-no-bairro-colonia-antonio-aleixo\/","url":"https:\/\/www.manaus.am.gov.br\/seminf\/mutirao-no-bairro-colonia-antonio-aleixo\/","name":"Col\u00f4nia Ant\u00f4nio Aleixo \u00e9 beneficiado pelo \u201cMutir\u00e3o no Bairro\u201d","isPartOf":{"@id":"https:\/\/www.manaus.am.gov.br\/seminf\/#website"},"primaryImageOfPage":{"@id":"https:\/\/www.manaus.am.gov.br\/seminf\/mutirao-no-bairro-colonia-antonio-aleixo\/#primaryimage"},"image":{"@id":"https:\/\/www.manaus.am.gov.br\/seminf\/mutirao-no-bairro-colonia-antonio-aleixo\/#primaryimage"},"thumbnailUrl":"https:\/\/www.manaus.am.gov.br\/seminf\/wp-content\/uploads\/sites\/6\/2025\/06\/mutirao-no-bairro-2.jpg","datePublished":"2025-06-06T20:54:06+00:00","dateModified":"2025-06-06T20:54:07+00:00","author":{"@id":"https:\/\/www.manaus.am.gov.br\/seminf\/#\/schema\/person\/a5ee5376db6e21af026374b369f30882"},"description":"A PMM impulsiona servi\u00e7os de revitaliza\u00e7\u00e3o em ruas do bairro Col\u00f4nia Ant\u00f4nio Aleixo, zona Leste, por meio do programa \u201cMutir\u00e3o no Bairro\".","inLanguage":"pt-BR","potentialAction":[{"@type":"ReadAction","target":["https:\/\/www.manaus.am.gov.br\/seminf\/mutirao-no-bairro-colonia-antonio-aleixo\/"]}]},{"@type":"ImageObject","inLanguage":"pt-BR","@id":"https:\/\/www.manaus.am.gov.br\/seminf\/mutirao-no-bairro-colonia-antonio-aleixo\/#primaryimage","url":"https:\/\/www.manaus.am.gov.br\/seminf\/wp-content\/uploads\/sites\/6\/2025\/06\/mutirao-no-bairro-2.jpg","contentUrl":"https:\/\/www.manaus.am.gov.br\/seminf\/wp-content\/uploads\/sites\/6\/2025\/06\/mutirao-no-bairro-2.jpg","width":1200,"height":900,"caption":"mutir\u00e3o no bairro"},{"@type":"WebSite","@id":"https:\/\/www.manaus.am.gov.br\/seminf\/#website","url":"https:\/\/www.manaus.am.gov.br\/seminf\/","name":"Secretaria de Infraestrutura","description":"Secretaria Municipal de Infraestrutura","potentialAction":[{"@type":"SearchAction","target":{"@type":"EntryPoint","urlTemplate":"https:\/\/www.manaus.am.gov.br\/seminf\/?s={search_term_string}"},"query-input":"required name=search_term_string"}],"inLanguage":"pt-BR"},{"@type":"Person","@id":"https:\/\/www.manaus.am.gov.br\/seminf\/#\/schema\/person\/a5ee5376db6e21af026374b369f30882","name":"Thiago Fernando","image":{"@type":"ImageObject","inLanguage":"pt-BR","@id":"https:\/\/www.manaus.am.gov.br\/seminf\/#\/schema\/person\/image\/","url":"https:\/\/secure.gravatar.com\/avatar\/f5aab8722444041451501c077052ac07?s=96&d=mm&r=g","contentUrl":"https:\/\/secure.gravatar.com\/avatar\/f5aab8722444041451501c077052ac07?s=96&d=mm&r=g","caption":"Thiago Fernando"}}]}},"_links":{"self":[{"href":"https:\/\/www.manaus.am.gov.br\/seminf\/wp-json\/wp\/v2\/posts\/5592"}],"collection":[{"href":"https:\/\/www.manaus.am.gov.br\/seminf\/wp-json\/wp\/v2\/posts"}],"about":[{"href":"https:\/\/www.manaus.am.gov.br\/seminf\/wp-json\/wp\/v2\/types\/post"}],"author":[{"embeddable":true,"href":"https:\/\/www.manaus.am.gov.br\/seminf\/wp-json\/wp\/v2\/users\/57"}],"replies":[{"embeddable":true,"href":"https:\/\/www.manaus.am.gov.br\/seminf\/wp-json\/wp\/v2\/comments?post=5592"}],"version-history":[{"count":0,"href":"https:\/\/www.manaus.am.gov.br\/seminf\/wp-json\/wp\/v2\/posts\/5592\/revisions"}],"wp:featuredmedia":[{"embeddable":true,"href":"https:\/\/www.manaus.am.gov.br\/seminf\/wp-json\/wp\/v2\/media\/5593"}],"wp:attachment":[{"href":"https:\/\/www.manaus.am.gov.br\/seminf\/wp-json\/wp\/v2\/media?parent=5592"}],"wp:term":[{"taxonomy":"category","embeddable":true,"href":"https:\/\/www.manaus.am.gov.br\/seminf\/wp-json\/wp\/v2\/categories?post=5592"},{"taxonomy":"post_tag","embeddable":true,"href":"https:\/\/www.manaus.am.gov.br\/seminf\/wp-json\/wp\/v2\/tags?post=5592"}],"curies":[{"name":"wp","href":"https:\/\/api.w.org\/{rel}","templated":true}]}}