{"id":5565,"date":"2025-06-06T14:29:18","date_gmt":"2025-06-06T18:29:18","guid":{"rendered":"https:\/\/www.manaus.am.gov.br\/seminf\/moradores-tancredo-neves-aprovam-mutirao-no-bairro\/"},"modified":"2025-06-06T14:29:18","modified_gmt":"2025-06-06T18:29:18","slug":"moradores-tancredo-neves-aprovam-mutirao-no-bairro","status":"publish","type":"post","link":"https:\/\/www.manaus.am.gov.br\/seminf\/moradores-tancredo-neves-aprovam-mutirao-no-bairro\/","title":{"rendered":"Moradores do Tancredo Neves aprovam os servi\u00e7os do \u2018Mutir\u00e3o no Bairro\u2019 neste segundo dia de a\u00e7\u00e3o com obras simult\u00e2neas"},"content":{"rendered":"\n<p>Atendendo o quarto bairro do programa \u201cMutir\u00e3o no Bairro\u201d, a Prefeitura de Manaus avan\u00e7a, nesta sexta-feira, 6\/6, no segundo dia de a\u00e7\u00e3o, com muitas frentes de obras, de forma simult\u00e2nea, no bairro Tancredo Neves, zona Leste. A iniciativa re\u00fane oito secretarias municipais, executando servi\u00e7os de limpeza, manuten\u00e7\u00e3o na ilumina\u00e7\u00e3o, a\u00e7\u00e3o social, cuidados com a sa\u00fade, oportunidades de emprego, infraestrutura, entre outros.<\/p>\n\n\n\n<p>\u201cO play chegou em mais um bairro, estamos com a\u00e7\u00f5es simult\u00e2neas e esse \u00e9 o quarto bairro a receber o projeto. A gest\u00e3o do prefeito David Almeida avan\u00e7a com os servi\u00e7os neste segundo dia, com obras para todo o lado, e somos abordados nas ruas pelos moradores satisfeitos com a chegada dos trabalhos da prefeitura, que montou uma verdadeira for\u00e7a-tarefa para atender as demandas da popula\u00e7\u00e3o. Assim, seguimos avan\u00e7ando e cumprindo a determina\u00e7\u00e3o do prefeito\u201d, afirma o vice-prefeito e titular da Secretaria Municipal de Infraestrutura (Seminf), Renato Junior.&nbsp;<\/p>\n\n\n\n<p>A equipe da Seminf trabalha com v\u00e1rias frentes de obras pelo bairro. As ruas J\u00falia, Cai\u00e7ara e Luiza recebem os servi\u00e7os de recupera\u00e7\u00e3o asf\u00e1ltica durante o mutir\u00e3o.<\/p>\n\n\n\n<p><strong>Comunidade<\/strong><\/p>\n\n\n\n<p>Satisfeitos com os trabalhos, os moradores garantem que a a\u00e7\u00e3o chegou em boa hora. O aut\u00f4nomo Edinaldo Pimenta, de 46 anos, que mora h\u00e1 mais de 20 anos no Tancredo Neves, compartilha o sentimento de estar vendo de perto a mudan\u00e7a no seu bairro com o mutir\u00e3o.&nbsp;<\/p>\n\n\n\n<p>\u201cEstou muito satisfeito de ver a mudan\u00e7a no meu bairro, esse olhar carinhoso da gest\u00e3o do prefeito David Almeida e do vice Renato Junior. N\u00f3s, moradores, estamos contentes com o trabalho da prefeitura. O Tancredo Neves agradece por toda essa aten\u00e7\u00e3o\u201d, comemora o morador.&nbsp;<\/p>\n\n\n\n<p>O motorista de aplicativo Alamir Barroso, de 42 anos, morador da rua Cai\u00e7ara, utiliza sua moto para trabalhar e agradece o trabalho de asfalto que est\u00e1 acontecendo na sua rua.&nbsp;Quero agradecer ao prefeito David Almeida&nbsp;e ao vice-prefeito Renato Junior, por trazer a recupera\u00e7\u00e3o das ruas aqui do Tancredo Neves. A gente que mora&nbsp;nesta \u00e1rea&nbsp;e andamos de moto e carro sabemos o quanto esse trabalho ir\u00e1 melhorar a trafegabilidade\u201d, disse.&nbsp;<\/p>\n\n\n\n<p>O eletricista Jos\u00e9 Turriel, de 57 anos, morador da rua J\u00falia, acompanha no trecho toda a movimenta\u00e7\u00e3o da equipe da Seminf, estabelecida por 20 trabalhadores, nessa frente de obra.&nbsp;\u201cEsse mutir\u00e3o veio em boa hora, para melhorar as nossas ruas, estou gostando do servi\u00e7o, e s\u00f3 tenho a agradecer toda essa equipe envolvida\u201d, relata.&nbsp;<\/p>\n\n\n\n<p>O morador e motorista de aplicativo, C\u00e1ssio Mendes, passa pela rua Luiza e elogia a atua\u00e7\u00e3o da prefeitura.&nbsp;\u201cGostaria de agradecer a Prefeitura de Manaus por esse mutir\u00e3o. Eu sou morador h\u00e1 34 anos e todo esse servi\u00e7o de limpeza e infraestrutura est\u00e1 excelente. O trabalho realmente n\u00e3o para com o prefeito David Almeida e o vice Renato Junior\u201d, ressaltou.&nbsp;<\/p>\n\n\n\n<p>J\u00e1 na rua Diana, os trabalhadores se empenham na recupera\u00e7\u00e3o da via, que cedeu. O ac\u00famulo de lixo descartado de forma incorreta comprometeu o bom funcionamento da rede de drenagem profunda.&nbsp;A equipe trabalha na limpeza por onde passa um igarap\u00e9, e na sequ\u00eancia&nbsp;ser\u00e3o implantados novos tubos&nbsp;na rede de drenagem, al\u00e9m de uma conten\u00e7\u00e3o de rip-rap para estabilizar o talude.&nbsp;<\/p>\n\n\n\n<p>\u201cEu sou morador h\u00e1 mais de 20 anos deste bairro, estou muito feliz e grato pelo servi\u00e7o que a Prefeitura de Manaus est\u00e1 fazendo, nos atendendo e proporcionando mais seguran\u00e7a\u201d, enfatizou o morador e aposentado Jos\u00e9 Marques, de 67 anos.<\/p>\n\n\n\n<p>Na rua Margarida, a equipe executa a limpeza e reconstru\u00e7\u00e3o da caixa coletora. A t\u00e9cnica de enfermagem Carla Silva, de 37 anos, fala sobre a necessidade deste servi\u00e7o.&nbsp;\u201cAqui t\u00ednhamos um ac\u00famulo de lixo bem grande e est\u00e1vamos sofrendo com&nbsp;alagamentos. Estou achando&nbsp;\u00f3tima&nbsp;a iniciativa da Prefeitura de Manaus, trazendo um ambiente com mais qualidade, est\u00e3o de parab\u00e9ns\u201d.&nbsp;<\/p>\n\n\n\n<p>Essa \u00e9 a quarta edi\u00e7\u00e3o do \u201cMutir\u00e3o no Bairro\u201d que chegou ao Tancredo Neves, refor\u00e7ando o compromisso de levar melhorias diretamente \u00e0 comunidade.<\/p>\n\n\n\n<figure class=\"wp-block-image size-large\"><img loading=\"lazy\" decoding=\"async\" width=\"1024\" height=\"683\" src=\"https:\/\/www.manaus.am.gov.br\/seminf\/wp-content\/uploads\/sites\/6\/2025\/06\/54571446714_970b421dbf_k-1024x683.jpg\" alt=\"\" class=\"wp-image-5567\" srcset=\"https:\/\/www.manaus.am.gov.br\/seminf\/wp-content\/uploads\/sites\/6\/2025\/06\/54571446714_970b421dbf_k-1024x683.jpg 1024w, https:\/\/www.manaus.am.gov.br\/seminf\/wp-content\/uploads\/sites\/6\/2025\/06\/54571446714_970b421dbf_k-300x200.jpg 300w, https:\/\/www.manaus.am.gov.br\/seminf\/wp-content\/uploads\/sites\/6\/2025\/06\/54571446714_970b421dbf_k-768x512.jpg 768w, https:\/\/www.manaus.am.gov.br\/seminf\/wp-content\/uploads\/sites\/6\/2025\/06\/54571446714_970b421dbf_k-1536x1024.jpg 1536w, https:\/\/www.manaus.am.gov.br\/seminf\/wp-content\/uploads\/sites\/6\/2025\/06\/54571446714_970b421dbf_k.jpg 2047w\" sizes=\"(max-width: 1024px) 100vw, 1024px\" \/><\/figure>\n\n\n\n<p>&#8212; &#8212; &#8212;<\/p>\n\n\n\n<p><strong>Texto<\/strong>&nbsp;&#8211; Rayana Coutinho\/Seminf&nbsp;<\/p>\n\n\n\n<p><strong>Fotos <\/strong>&#8211; M\u00e1rcio Melo e Alessandro Ara\u00fajo\/Seminf&nbsp;<\/p>\n\n\n\n<p><strong>Dispon\u00edveis em &#8211;<\/strong> <a href=\"https:\/\/flic.kr\/s\/aHBqjCgZ5Y\">https:\/\/flic.kr\/s\/aHBqjCgZ5Y<\/a><\/p>\n","protected":false},"excerpt":{"rendered":"","protected":false},"author":39,"featured_media":5566,"comment_status":"closed","ping_status":"closed","sticky":false,"template":"","format":"standard","meta":{"footnotes":""},"categories":[4],"tags":[1747,2078,2127,43,2128],"acf":[],"yoast_head":"<!-- This site is optimized with the Yoast SEO plugin v23.0 - https:\/\/yoast.com\/wordpress\/plugins\/seo\/ -->\n<title>Moradores do Tancredo Neves aprovam &#039;Mutir\u00e3o no Bairro\u2019<\/title>\n<meta name=\"description\" content=\"Moradores do Tancredo Neves aprovam os servi\u00e7os do \u2018Mutir\u00e3o no Bairro\u2019 neste segundo dia de a\u00e7\u00e3o com obras simult\u00e2neas.\" \/>\n<meta name=\"robots\" content=\"index, follow, max-snippet:-1, max-image-preview:large, max-video-preview:-1\" \/>\n<link rel=\"canonical\" href=\"https:\/\/www.manaus.am.gov.br\/seminf\/moradores-tancredo-neves-aprovam-mutirao-no-bairro\/\" \/>\n<meta property=\"og:locale\" content=\"pt_BR\" \/>\n<meta property=\"og:type\" content=\"article\" \/>\n<meta property=\"og:title\" content=\"Moradores do Tancredo Neves aprovam &#039;Mutir\u00e3o no Bairro\u2019\" \/>\n<meta property=\"og:description\" content=\"Moradores do Tancredo Neves aprovam os servi\u00e7os do \u2018Mutir\u00e3o no Bairro\u2019 neste segundo dia de a\u00e7\u00e3o com obras simult\u00e2neas.\" \/>\n<meta property=\"og:url\" content=\"https:\/\/www.manaus.am.gov.br\/seminf\/moradores-tancredo-neves-aprovam-mutirao-no-bairro\/\" \/>\n<meta property=\"og:site_name\" content=\"SEMINF\" \/>\n<meta property=\"article:published_time\" content=\"2025-06-06T18:29:18+00:00\" \/>\n<meta property=\"og:image\" content=\"https:\/\/www.manaus.am.gov.br\/seminf\/wp-content\/uploads\/sites\/6\/2025\/06\/54571265816_f612720ef2_k.jpg\" \/>\n\t<meta property=\"og:image:width\" content=\"2047\" \/>\n\t<meta property=\"og:image:height\" content=\"1365\" \/>\n\t<meta property=\"og:image:type\" content=\"image\/jpeg\" \/>\n<meta name=\"author\" content=\"Bruna Greco\" \/>\n<meta name=\"twitter:card\" content=\"summary_large_image\" \/>\n<meta name=\"twitter:label1\" content=\"Written by\" \/>\n\t<meta name=\"twitter:data1\" content=\"Bruna Greco\" \/>\n\t<meta name=\"twitter:label2\" content=\"Est. reading time\" \/>\n\t<meta name=\"twitter:data2\" content=\"4 minutos\" \/>\n<script type=\"application\/ld+json\" class=\"yoast-schema-graph\">{\"@context\":\"https:\/\/schema.org\",\"@graph\":[{\"@type\":\"WebPage\",\"@id\":\"https:\/\/www.manaus.am.gov.br\/seminf\/moradores-tancredo-neves-aprovam-mutirao-no-bairro\/\",\"url\":\"https:\/\/www.manaus.am.gov.br\/seminf\/moradores-tancredo-neves-aprovam-mutirao-no-bairro\/\",\"name\":\"Moradores do Tancredo Neves aprovam 'Mutir\u00e3o no Bairro\u2019\",\"isPartOf\":{\"@id\":\"https:\/\/www.manaus.am.gov.br\/seminf\/#website\"},\"primaryImageOfPage\":{\"@id\":\"https:\/\/www.manaus.am.gov.br\/seminf\/moradores-tancredo-neves-aprovam-mutirao-no-bairro\/#primaryimage\"},\"image\":{\"@id\":\"https:\/\/www.manaus.am.gov.br\/seminf\/moradores-tancredo-neves-aprovam-mutirao-no-bairro\/#primaryimage\"},\"thumbnailUrl\":\"https:\/\/www.manaus.am.gov.br\/seminf\/wp-content\/uploads\/sites\/6\/2025\/06\/54571265816_f612720ef2_k.jpg\",\"datePublished\":\"2025-06-06T18:29:18+00:00\",\"dateModified\":\"2025-06-06T18:29:18+00:00\",\"author\":{\"@id\":\"https:\/\/www.manaus.am.gov.br\/seminf\/#\/schema\/person\/05d223aea2bf115f9883a6ff3683d81b\"},\"description\":\"Moradores do Tancredo Neves aprovam os servi\u00e7os do \u2018Mutir\u00e3o no Bairro\u2019 neste segundo dia de a\u00e7\u00e3o com obras simult\u00e2neas.\",\"inLanguage\":\"pt-BR\",\"potentialAction\":[{\"@type\":\"ReadAction\",\"target\":[\"https:\/\/www.manaus.am.gov.br\/seminf\/moradores-tancredo-neves-aprovam-mutirao-no-bairro\/\"]}]},{\"@type\":\"ImageObject\",\"inLanguage\":\"pt-BR\",\"@id\":\"https:\/\/www.manaus.am.gov.br\/seminf\/moradores-tancredo-neves-aprovam-mutirao-no-bairro\/#primaryimage\",\"url\":\"https:\/\/www.manaus.am.gov.br\/seminf\/wp-content\/uploads\/sites\/6\/2025\/06\/54571265816_f612720ef2_k.jpg\",\"contentUrl\":\"https:\/\/www.manaus.am.gov.br\/seminf\/wp-content\/uploads\/sites\/6\/2025\/06\/54571265816_f612720ef2_k.jpg\",\"width\":2047,\"height\":1365,\"caption\":\"#paratodosverem - Equipe da Seminf realizando o recapeamento asf\u00e1ltico de via no bairro Tancredo Neves durante mutir\u00e3o de servi\u00e7os\"},{\"@type\":\"WebSite\",\"@id\":\"https:\/\/www.manaus.am.gov.br\/seminf\/#website\",\"url\":\"https:\/\/www.manaus.am.gov.br\/seminf\/\",\"name\":\"Secretaria de Infraestrutura\",\"description\":\"Secretaria Municipal de Infraestrutura\",\"potentialAction\":[{\"@type\":\"SearchAction\",\"target\":{\"@type\":\"EntryPoint\",\"urlTemplate\":\"https:\/\/www.manaus.am.gov.br\/seminf\/?s={search_term_string}\"},\"query-input\":\"required name=search_term_string\"}],\"inLanguage\":\"pt-BR\"},{\"@type\":\"Person\",\"@id\":\"https:\/\/www.manaus.am.gov.br\/seminf\/#\/schema\/person\/05d223aea2bf115f9883a6ff3683d81b\",\"name\":\"Bruna Greco\",\"image\":{\"@type\":\"ImageObject\",\"inLanguage\":\"pt-BR\",\"@id\":\"https:\/\/www.manaus.am.gov.br\/seminf\/#\/schema\/person\/image\/\",\"url\":\"https:\/\/secure.gravatar.com\/avatar\/9c877d1a6adc2a055330e5c09a8653ce?s=96&d=mm&r=g\",\"contentUrl\":\"https:\/\/secure.gravatar.com\/avatar\/9c877d1a6adc2a055330e5c09a8653ce?s=96&d=mm&r=g\",\"caption\":\"Bruna Greco\"}}]}<\/script>\n<!-- \/ Yoast SEO plugin. -->","yoast_head_json":{"title":"Moradores do Tancredo Neves aprovam 'Mutir\u00e3o no Bairro\u2019","description":"Moradores do Tancredo Neves aprovam os servi\u00e7os do \u2018Mutir\u00e3o no Bairro\u2019 neste segundo dia de a\u00e7\u00e3o com obras simult\u00e2neas.","robots":{"index":"index","follow":"follow","max-snippet":"max-snippet:-1","max-image-preview":"max-image-preview:large","max-video-preview":"max-video-preview:-1"},"canonical":"https:\/\/www.manaus.am.gov.br\/seminf\/moradores-tancredo-neves-aprovam-mutirao-no-bairro\/","og_locale":"pt_BR","og_type":"article","og_title":"Moradores do Tancredo Neves aprovam 'Mutir\u00e3o no Bairro\u2019","og_description":"Moradores do Tancredo Neves aprovam os servi\u00e7os do \u2018Mutir\u00e3o no Bairro\u2019 neste segundo dia de a\u00e7\u00e3o com obras simult\u00e2neas.","og_url":"https:\/\/www.manaus.am.gov.br\/seminf\/moradores-tancredo-neves-aprovam-mutirao-no-bairro\/","og_site_name":"SEMINF","article_published_time":"2025-06-06T18:29:18+00:00","og_image":[{"width":2047,"height":1365,"url":"https:\/\/www.manaus.am.gov.br\/seminf\/wp-content\/uploads\/sites\/6\/2025\/06\/54571265816_f612720ef2_k.jpg","type":"image\/jpeg"}],"author":"Bruna Greco","twitter_card":"summary_large_image","twitter_misc":{"Written by":"Bruna Greco","Est. reading time":"4 minutos"},"schema":{"@context":"https:\/\/schema.org","@graph":[{"@type":"WebPage","@id":"https:\/\/www.manaus.am.gov.br\/seminf\/moradores-tancredo-neves-aprovam-mutirao-no-bairro\/","url":"https:\/\/www.manaus.am.gov.br\/seminf\/moradores-tancredo-neves-aprovam-mutirao-no-bairro\/","name":"Moradores do Tancredo Neves aprovam 'Mutir\u00e3o no Bairro\u2019","isPartOf":{"@id":"https:\/\/www.manaus.am.gov.br\/seminf\/#website"},"primaryImageOfPage":{"@id":"https:\/\/www.manaus.am.gov.br\/seminf\/moradores-tancredo-neves-aprovam-mutirao-no-bairro\/#primaryimage"},"image":{"@id":"https:\/\/www.manaus.am.gov.br\/seminf\/moradores-tancredo-neves-aprovam-mutirao-no-bairro\/#primaryimage"},"thumbnailUrl":"https:\/\/www.manaus.am.gov.br\/seminf\/wp-content\/uploads\/sites\/6\/2025\/06\/54571265816_f612720ef2_k.jpg","datePublished":"2025-06-06T18:29:18+00:00","dateModified":"2025-06-06T18:29:18+00:00","author":{"@id":"https:\/\/www.manaus.am.gov.br\/seminf\/#\/schema\/person\/05d223aea2bf115f9883a6ff3683d81b"},"description":"Moradores do Tancredo Neves aprovam os servi\u00e7os do \u2018Mutir\u00e3o no Bairro\u2019 neste segundo dia de a\u00e7\u00e3o com obras simult\u00e2neas.","inLanguage":"pt-BR","potentialAction":[{"@type":"ReadAction","target":["https:\/\/www.manaus.am.gov.br\/seminf\/moradores-tancredo-neves-aprovam-mutirao-no-bairro\/"]}]},{"@type":"ImageObject","inLanguage":"pt-BR","@id":"https:\/\/www.manaus.am.gov.br\/seminf\/moradores-tancredo-neves-aprovam-mutirao-no-bairro\/#primaryimage","url":"https:\/\/www.manaus.am.gov.br\/seminf\/wp-content\/uploads\/sites\/6\/2025\/06\/54571265816_f612720ef2_k.jpg","contentUrl":"https:\/\/www.manaus.am.gov.br\/seminf\/wp-content\/uploads\/sites\/6\/2025\/06\/54571265816_f612720ef2_k.jpg","width":2047,"height":1365,"caption":"#paratodosverem - Equipe da Seminf realizando o recapeamento asf\u00e1ltico de via no bairro Tancredo Neves durante mutir\u00e3o de servi\u00e7os"},{"@type":"WebSite","@id":"https:\/\/www.manaus.am.gov.br\/seminf\/#website","url":"https:\/\/www.manaus.am.gov.br\/seminf\/","name":"Secretaria de Infraestrutura","description":"Secretaria Municipal de Infraestrutura","potentialAction":[{"@type":"SearchAction","target":{"@type":"EntryPoint","urlTemplate":"https:\/\/www.manaus.am.gov.br\/seminf\/?s={search_term_string}"},"query-input":"required name=search_term_string"}],"inLanguage":"pt-BR"},{"@type":"Person","@id":"https:\/\/www.manaus.am.gov.br\/seminf\/#\/schema\/person\/05d223aea2bf115f9883a6ff3683d81b","name":"Bruna Greco","image":{"@type":"ImageObject","inLanguage":"pt-BR","@id":"https:\/\/www.manaus.am.gov.br\/seminf\/#\/schema\/person\/image\/","url":"https:\/\/secure.gravatar.com\/avatar\/9c877d1a6adc2a055330e5c09a8653ce?s=96&d=mm&r=g","contentUrl":"https:\/\/secure.gravatar.com\/avatar\/9c877d1a6adc2a055330e5c09a8653ce?s=96&d=mm&r=g","caption":"Bruna Greco"}}]}},"_links":{"self":[{"href":"https:\/\/www.manaus.am.gov.br\/seminf\/wp-json\/wp\/v2\/posts\/5565"}],"collection":[{"href":"https:\/\/www.manaus.am.gov.br\/seminf\/wp-json\/wp\/v2\/posts"}],"about":[{"href":"https:\/\/www.manaus.am.gov.br\/seminf\/wp-json\/wp\/v2\/types\/post"}],"author":[{"embeddable":true,"href":"https:\/\/www.manaus.am.gov.br\/seminf\/wp-json\/wp\/v2\/users\/39"}],"replies":[{"embeddable":true,"href":"https:\/\/www.manaus.am.gov.br\/seminf\/wp-json\/wp\/v2\/comments?post=5565"}],"version-history":[{"count":1,"href":"https:\/\/www.manaus.am.gov.br\/seminf\/wp-json\/wp\/v2\/posts\/5565\/revisions"}],"predecessor-version":[{"id":5568,"href":"https:\/\/www.manaus.am.gov.br\/seminf\/wp-json\/wp\/v2\/posts\/5565\/revisions\/5568"}],"wp:featuredmedia":[{"embeddable":true,"href":"https:\/\/www.manaus.am.gov.br\/seminf\/wp-json\/wp\/v2\/media\/5566"}],"wp:attachment":[{"href":"https:\/\/www.manaus.am.gov.br\/seminf\/wp-json\/wp\/v2\/media?parent=5565"}],"wp:term":[{"taxonomy":"category","embeddable":true,"href":"https:\/\/www.manaus.am.gov.br\/seminf\/wp-json\/wp\/v2\/categories?post=5565"},{"taxonomy":"post_tag","embeddable":true,"href":"https:\/\/www.manaus.am.gov.br\/seminf\/wp-json\/wp\/v2\/tags?post=5565"}],"curies":[{"name":"wp","href":"https:\/\/api.w.org\/{rel}","templated":true}]}}