{"id":5470,"date":"2025-06-02T17:03:09","date_gmt":"2025-06-02T21:03:09","guid":{"rendered":"https:\/\/www.manaus.am.gov.br\/seminf\/obras-complexo-viario-rei-pele\/"},"modified":"2025-06-02T17:03:09","modified_gmt":"2025-06-02T21:03:09","slug":"obras-complexo-viario-rei-pele","status":"publish","type":"post","link":"https:\/\/www.manaus.am.gov.br\/seminf\/obras-complexo-viario-rei-pele\/","title":{"rendered":"Prefeito David Almeida apresenta obras do complexo vi\u00e1rio Rei Pel\u00e9 que ser\u00e1 entregue no pr\u00f3ximo dia 16 com 100% dos recursos municipais"},"content":{"rendered":"\n<p>O prefeito de Manaus, David Almeida, conduziu, na manh\u00e3 desta segunda-feira, 2\/6, uma visita t\u00e9cnica com a imprensa local ao canteiro de obras do complexo vi\u00e1rio Rei Pel\u00e9, na zona Leste da capital. Com 98% dos servi\u00e7os executados, a entrega do empreendimento, o maior da hist\u00f3ria recente da mobilidade urbana na regi\u00e3o, est\u00e1 confirmada para o pr\u00f3ximo dia 16.<\/p>\n\n\n\n<p>Acompanhado do vice-prefeito e secret\u00e1rio municipal de Infraestrutura, Renato Junior, David apresentou em detalhes o avan\u00e7o das frentes de trabalho que atuam em ritmo acelerado nas \u00faltimas etapas da obra. A vistoria faz parte de um esfor\u00e7o da gest\u00e3o para dar transpar\u00eancia, protagonismo t\u00e9cnico e pol\u00edtica p\u00fablica consistente aos investimentos estruturantes em andamento na cidade.<\/p>\n\n\n\n<p>\u201cEstamos bem embaixo da rotat\u00f3ria do Produtor, onde executamos 22 mil metros quadrados de obra e utilizamos mais de 9.500 metros c\u00fabicos de concreto. S\u00f3 de trincheira, s\u00e3o 569 metros, com 270 metros de t\u00fanel. A rotat\u00f3ria foi preservada e ser\u00e1 devolvida \u00e0 popula\u00e7\u00e3o totalmente reformada, com espa\u00e7os de lazer e esportes\u201d, destacou o prefeito.<\/p>\n\n\n\n<figure class=\"wp-block-image size-full\"><img loading=\"lazy\" decoding=\"async\" width=\"800\" height=\"450\" src=\"https:\/\/www.manaus.am.gov.br\/seminf\/wp-content\/uploads\/sites\/6\/2025\/06\/obras-do-complexo-viario-Rei-Pele-2.jpg\" alt=\"\" class=\"wp-image-5472\" srcset=\"https:\/\/www.manaus.am.gov.br\/seminf\/wp-content\/uploads\/sites\/6\/2025\/06\/obras-do-complexo-viario-Rei-Pele-2.jpg 800w, https:\/\/www.manaus.am.gov.br\/seminf\/wp-content\/uploads\/sites\/6\/2025\/06\/obras-do-complexo-viario-Rei-Pele-2-300x169.jpg 300w, https:\/\/www.manaus.am.gov.br\/seminf\/wp-content\/uploads\/sites\/6\/2025\/06\/obras-do-complexo-viario-Rei-Pele-2-768x432.jpg 768w\" sizes=\"(max-width: 800px) 100vw, 800px\" \/><\/figure>\n\n\n\n<p>O complexo vi\u00e1rio Rei Pel\u00e9 \u00e9 uma obra multin\u00edvel, composta por tr\u00eas estruturas integradas: t\u00fanel subterr\u00e2neo, pista de superf\u00edcie e elevado, permitindo a segrega\u00e7\u00e3o e fluidez do tr\u00e1fego nas vias Ita\u00faba, Autaz Mirim e adjac\u00eancias. A expectativa \u00e9 de que o novo sistema elimine os gargalos hist\u00f3ricos da regi\u00e3o da rotat\u00f3ria do Produtor, beneficiando milhares de motoristas e usu\u00e1rios do transporte p\u00fablico diariamente.<\/p>\n\n\n\n<p>Al\u00e9m de resolver um problema cr\u00f4nico de mobilidade, o espa\u00e7o ser\u00e1 um novo polo de conviv\u00eancia urbana. A prefeitura vai entregar \u00e0 popula\u00e7\u00e3o uma estrutura completa com pista de caminhada, playground, academia ao ar livre, quadra de zumba com palco, quadra coberta para basquete, pista de skate coberta e at\u00e9 um espa\u00e7o para lutas, promovendo sa\u00fade, lazer e qualidade de vida.<\/p>\n\n\n\n<p>\u201c\u00c9 a prefeitura investindo na humaniza\u00e7\u00e3o dos seus espa\u00e7os. Estamos mudando e transformando Manaus com trabalho s\u00e9rio e comprometido\u201d, refor\u00e7ou David Almeida.<\/p>\n\n\n\n<p><strong>Recursos 100% municipais<\/strong><\/p>\n\n\n\n<p>Inicialmente or\u00e7ada em R$ 81 milh\u00f5es, a obra foi firmada por meio de conv\u00eanio com o governo do Estado. No entanto, ap\u00f3s o repasse de apenas R$ 30 milh\u00f5es em janeiro de 2023, o cronograma financeiro estadual foi interrompido, o que motivou a prefeitura a distratar o conv\u00eanio e assumir a totalidade do investimento com recursos pr\u00f3prios.<\/p>\n\n\n\n<p>\u201cN\u00e3o poder\u00edamos esperar mais. O repasse parou e a obra f\u00edsica n\u00e3o podia parar. Assumimos integralmente com recursos da prefeitura, ou seja, com o dinheiro da popula\u00e7\u00e3o de Manaus. E vamos devolver o valor recebido do Estado, assim que o distrato estiver formalizado\u201d, esclareceu o prefeito.<\/p>\n\n\n\n<p>A constru\u00e7\u00e3o do complexo vi\u00e1rio Rei Pel\u00e9 integra um robusto pacote de investimentos da Prefeitura de Manaus voltado \u00e0s zonas Leste e Norte, regi\u00f5es historicamente carentes de infraestrutura pesada. Obras como a constru\u00e7\u00e3o do Parque Tem\u00e1tico Gigantes da Floresta, novas unidades de sa\u00fade, implanta\u00e7\u00e3o de duas unidades do Prato do Povo, recapeamentos e projetos de urbaniza\u00e7\u00e3o, revitaliza\u00e7\u00e3o de \u00e1reas p\u00fablicas como a pra\u00e7a do Jorge Teixeira, al\u00e9m da constru\u00e7\u00e3o de um N\u00facleo Operacional da Guarda Municipal na localidade e a\u00e7\u00f5es sociais do programa \u2018Manaus Mais Cidad\u00e3\u2019, refletem o compromisso da atual gest\u00e3o com o reequil\u00edbrio territorial e o desenvolvimento sustent\u00e1vel da cidade.<\/p>\n\n\n\n<figure class=\"wp-block-image size-full\"><img loading=\"lazy\" decoding=\"async\" width=\"799\" height=\"533\" src=\"https:\/\/www.manaus.am.gov.br\/seminf\/wp-content\/uploads\/sites\/6\/2025\/06\/obras-do-complexo-viario-Rei-Pele-7.jpg\" alt=\"\" class=\"wp-image-5471\" srcset=\"https:\/\/www.manaus.am.gov.br\/seminf\/wp-content\/uploads\/sites\/6\/2025\/06\/obras-do-complexo-viario-Rei-Pele-7.jpg 799w, https:\/\/www.manaus.am.gov.br\/seminf\/wp-content\/uploads\/sites\/6\/2025\/06\/obras-do-complexo-viario-Rei-Pele-7-300x200.jpg 300w, https:\/\/www.manaus.am.gov.br\/seminf\/wp-content\/uploads\/sites\/6\/2025\/06\/obras-do-complexo-viario-Rei-Pele-7-768x512.jpg 768w\" sizes=\"(max-width: 799px) 100vw, 799px\" \/><\/figure>\n\n\n\n<p>No dia 16\/6, Manaus ganhar\u00e1 mais que uma solu\u00e7\u00e3o vi\u00e1ria: um novo espa\u00e7o p\u00fablico plural, moderno e feito para as pessoas, com a marca de uma gest\u00e3o que alia entrega, transpar\u00eancia e presen\u00e7a efetiva onde mais se precisa.<\/p>\n\n\n\n<p>&#8212; &#8212; &#8212;<\/p>\n\n\n\n<p><strong>Texto &#8211;<\/strong> Emanuelle Baires \/ Semcom<\/p>\n\n\n\n<p><strong>Fotos &#8211;<\/strong> Dhyeizo Lemos \/ Semcom e Jo\u00e3o Viana \/ Semcom<\/p>\n\n\n\n<p><strong>Dispon\u00edveis em<\/strong> \u2013 <a href=\"https:\/\/flic.kr\/s\/aHBqjCgttv\">https:\/\/flic.kr\/s\/aHBqjCgttv<\/a><\/p>\n","protected":false},"excerpt":{"rendered":"","protected":false},"author":57,"featured_media":5473,"comment_status":"closed","ping_status":"closed","sticky":false,"template":"","format":"standard","meta":{"footnotes":""},"categories":[4],"tags":[28,2103,43,951,26],"acf":[],"yoast_head":"<!-- This site is optimized with the Yoast SEO plugin v23.0 - https:\/\/yoast.com\/wordpress\/plugins\/seo\/ -->\n<title>David Almeida apresenta obras do complexo vi\u00e1rio Rei Pel\u00e9<\/title>\n<meta name=\"description\" content=\"David Almeida, conduziu uma visita t\u00e9cnica com a imprensa local ao canteiro de obras do complexo vi\u00e1rio Rei Pel\u00e9, na zona Leste da capital.\" \/>\n<meta name=\"robots\" content=\"index, follow, max-snippet:-1, max-image-preview:large, max-video-preview:-1\" \/>\n<link rel=\"canonical\" href=\"https:\/\/www.manaus.am.gov.br\/seminf\/obras-complexo-viario-rei-pele\/\" \/>\n<meta property=\"og:locale\" content=\"pt_BR\" \/>\n<meta property=\"og:type\" content=\"article\" \/>\n<meta property=\"og:title\" content=\"David Almeida apresenta obras do complexo vi\u00e1rio Rei Pel\u00e9\" \/>\n<meta property=\"og:description\" content=\"David Almeida, conduziu uma visita t\u00e9cnica com a imprensa local ao canteiro de obras do complexo vi\u00e1rio Rei Pel\u00e9, na zona Leste da capital.\" \/>\n<meta property=\"og:url\" content=\"https:\/\/www.manaus.am.gov.br\/seminf\/obras-complexo-viario-rei-pele\/\" \/>\n<meta property=\"og:site_name\" content=\"SEMINF\" \/>\n<meta property=\"article:published_time\" content=\"2025-06-02T21:03:09+00:00\" \/>\n<meta property=\"og:image\" content=\"https:\/\/www.manaus.am.gov.br\/seminf\/wp-content\/uploads\/sites\/6\/2025\/06\/obras-do-complexo-viario-Rei-Pele-5.jpg\" \/>\n\t<meta property=\"og:image:width\" content=\"799\" \/>\n\t<meta property=\"og:image:height\" content=\"533\" \/>\n\t<meta property=\"og:image:type\" content=\"image\/jpeg\" \/>\n<meta name=\"author\" content=\"Thiago Fernando\" \/>\n<meta name=\"twitter:card\" content=\"summary_large_image\" \/>\n<meta name=\"twitter:label1\" content=\"Written by\" \/>\n\t<meta name=\"twitter:data1\" content=\"Thiago Fernando\" \/>\n\t<meta name=\"twitter:label2\" content=\"Est. reading time\" \/>\n\t<meta name=\"twitter:data2\" content=\"4 minutos\" \/>\n<script type=\"application\/ld+json\" class=\"yoast-schema-graph\">{\"@context\":\"https:\/\/schema.org\",\"@graph\":[{\"@type\":\"WebPage\",\"@id\":\"https:\/\/www.manaus.am.gov.br\/seminf\/obras-complexo-viario-rei-pele\/\",\"url\":\"https:\/\/www.manaus.am.gov.br\/seminf\/obras-complexo-viario-rei-pele\/\",\"name\":\"David Almeida apresenta obras do complexo vi\u00e1rio Rei Pel\u00e9\",\"isPartOf\":{\"@id\":\"https:\/\/www.manaus.am.gov.br\/seminf\/#website\"},\"primaryImageOfPage\":{\"@id\":\"https:\/\/www.manaus.am.gov.br\/seminf\/obras-complexo-viario-rei-pele\/#primaryimage\"},\"image\":{\"@id\":\"https:\/\/www.manaus.am.gov.br\/seminf\/obras-complexo-viario-rei-pele\/#primaryimage\"},\"thumbnailUrl\":\"https:\/\/www.manaus.am.gov.br\/seminf\/wp-content\/uploads\/sites\/6\/2025\/06\/obras-do-complexo-viario-Rei-Pele-5.jpg\",\"datePublished\":\"2025-06-02T21:03:09+00:00\",\"dateModified\":\"2025-06-02T21:03:09+00:00\",\"author\":{\"@id\":\"https:\/\/www.manaus.am.gov.br\/seminf\/#\/schema\/person\/a5ee5376db6e21af026374b369f30882\"},\"description\":\"David Almeida, conduziu uma visita t\u00e9cnica com a imprensa local ao canteiro de obras do complexo vi\u00e1rio Rei Pel\u00e9, na zona Leste da capital.\",\"inLanguage\":\"pt-BR\",\"potentialAction\":[{\"@type\":\"ReadAction\",\"target\":[\"https:\/\/www.manaus.am.gov.br\/seminf\/obras-complexo-viario-rei-pele\/\"]}]},{\"@type\":\"ImageObject\",\"inLanguage\":\"pt-BR\",\"@id\":\"https:\/\/www.manaus.am.gov.br\/seminf\/obras-complexo-viario-rei-pele\/#primaryimage\",\"url\":\"https:\/\/www.manaus.am.gov.br\/seminf\/wp-content\/uploads\/sites\/6\/2025\/06\/obras-do-complexo-viario-Rei-Pele-5.jpg\",\"contentUrl\":\"https:\/\/www.manaus.am.gov.br\/seminf\/wp-content\/uploads\/sites\/6\/2025\/06\/obras-do-complexo-viario-Rei-Pele-5.jpg\",\"width\":799,\"height\":533,\"caption\":\"obras do complexo vi\u00e1rio Rei Pel\u00e9\"},{\"@type\":\"WebSite\",\"@id\":\"https:\/\/www.manaus.am.gov.br\/seminf\/#website\",\"url\":\"https:\/\/www.manaus.am.gov.br\/seminf\/\",\"name\":\"Secretaria de Infraestrutura\",\"description\":\"Secretaria Municipal de Infraestrutura\",\"potentialAction\":[{\"@type\":\"SearchAction\",\"target\":{\"@type\":\"EntryPoint\",\"urlTemplate\":\"https:\/\/www.manaus.am.gov.br\/seminf\/?s={search_term_string}\"},\"query-input\":\"required name=search_term_string\"}],\"inLanguage\":\"pt-BR\"},{\"@type\":\"Person\",\"@id\":\"https:\/\/www.manaus.am.gov.br\/seminf\/#\/schema\/person\/a5ee5376db6e21af026374b369f30882\",\"name\":\"Thiago Fernando\",\"image\":{\"@type\":\"ImageObject\",\"inLanguage\":\"pt-BR\",\"@id\":\"https:\/\/www.manaus.am.gov.br\/seminf\/#\/schema\/person\/image\/\",\"url\":\"https:\/\/secure.gravatar.com\/avatar\/f5aab8722444041451501c077052ac07?s=96&d=mm&r=g\",\"contentUrl\":\"https:\/\/secure.gravatar.com\/avatar\/f5aab8722444041451501c077052ac07?s=96&d=mm&r=g\",\"caption\":\"Thiago Fernando\"}}]}<\/script>\n<!-- \/ Yoast SEO plugin. -->","yoast_head_json":{"title":"David Almeida apresenta obras do complexo vi\u00e1rio Rei Pel\u00e9","description":"David Almeida, conduziu uma visita t\u00e9cnica com a imprensa local ao canteiro de obras do complexo vi\u00e1rio Rei Pel\u00e9, na zona Leste da capital.","robots":{"index":"index","follow":"follow","max-snippet":"max-snippet:-1","max-image-preview":"max-image-preview:large","max-video-preview":"max-video-preview:-1"},"canonical":"https:\/\/www.manaus.am.gov.br\/seminf\/obras-complexo-viario-rei-pele\/","og_locale":"pt_BR","og_type":"article","og_title":"David Almeida apresenta obras do complexo vi\u00e1rio Rei Pel\u00e9","og_description":"David Almeida, conduziu uma visita t\u00e9cnica com a imprensa local ao canteiro de obras do complexo vi\u00e1rio Rei Pel\u00e9, na zona Leste da capital.","og_url":"https:\/\/www.manaus.am.gov.br\/seminf\/obras-complexo-viario-rei-pele\/","og_site_name":"SEMINF","article_published_time":"2025-06-02T21:03:09+00:00","og_image":[{"width":799,"height":533,"url":"https:\/\/www.manaus.am.gov.br\/seminf\/wp-content\/uploads\/sites\/6\/2025\/06\/obras-do-complexo-viario-Rei-Pele-5.jpg","type":"image\/jpeg"}],"author":"Thiago Fernando","twitter_card":"summary_large_image","twitter_misc":{"Written by":"Thiago Fernando","Est. reading time":"4 minutos"},"schema":{"@context":"https:\/\/schema.org","@graph":[{"@type":"WebPage","@id":"https:\/\/www.manaus.am.gov.br\/seminf\/obras-complexo-viario-rei-pele\/","url":"https:\/\/www.manaus.am.gov.br\/seminf\/obras-complexo-viario-rei-pele\/","name":"David Almeida apresenta obras do complexo vi\u00e1rio Rei Pel\u00e9","isPartOf":{"@id":"https:\/\/www.manaus.am.gov.br\/seminf\/#website"},"primaryImageOfPage":{"@id":"https:\/\/www.manaus.am.gov.br\/seminf\/obras-complexo-viario-rei-pele\/#primaryimage"},"image":{"@id":"https:\/\/www.manaus.am.gov.br\/seminf\/obras-complexo-viario-rei-pele\/#primaryimage"},"thumbnailUrl":"https:\/\/www.manaus.am.gov.br\/seminf\/wp-content\/uploads\/sites\/6\/2025\/06\/obras-do-complexo-viario-Rei-Pele-5.jpg","datePublished":"2025-06-02T21:03:09+00:00","dateModified":"2025-06-02T21:03:09+00:00","author":{"@id":"https:\/\/www.manaus.am.gov.br\/seminf\/#\/schema\/person\/a5ee5376db6e21af026374b369f30882"},"description":"David Almeida, conduziu uma visita t\u00e9cnica com a imprensa local ao canteiro de obras do complexo vi\u00e1rio Rei Pel\u00e9, na zona Leste da capital.","inLanguage":"pt-BR","potentialAction":[{"@type":"ReadAction","target":["https:\/\/www.manaus.am.gov.br\/seminf\/obras-complexo-viario-rei-pele\/"]}]},{"@type":"ImageObject","inLanguage":"pt-BR","@id":"https:\/\/www.manaus.am.gov.br\/seminf\/obras-complexo-viario-rei-pele\/#primaryimage","url":"https:\/\/www.manaus.am.gov.br\/seminf\/wp-content\/uploads\/sites\/6\/2025\/06\/obras-do-complexo-viario-Rei-Pele-5.jpg","contentUrl":"https:\/\/www.manaus.am.gov.br\/seminf\/wp-content\/uploads\/sites\/6\/2025\/06\/obras-do-complexo-viario-Rei-Pele-5.jpg","width":799,"height":533,"caption":"obras do complexo vi\u00e1rio Rei Pel\u00e9"},{"@type":"WebSite","@id":"https:\/\/www.manaus.am.gov.br\/seminf\/#website","url":"https:\/\/www.manaus.am.gov.br\/seminf\/","name":"Secretaria de Infraestrutura","description":"Secretaria Municipal de Infraestrutura","potentialAction":[{"@type":"SearchAction","target":{"@type":"EntryPoint","urlTemplate":"https:\/\/www.manaus.am.gov.br\/seminf\/?s={search_term_string}"},"query-input":"required name=search_term_string"}],"inLanguage":"pt-BR"},{"@type":"Person","@id":"https:\/\/www.manaus.am.gov.br\/seminf\/#\/schema\/person\/a5ee5376db6e21af026374b369f30882","name":"Thiago Fernando","image":{"@type":"ImageObject","inLanguage":"pt-BR","@id":"https:\/\/www.manaus.am.gov.br\/seminf\/#\/schema\/person\/image\/","url":"https:\/\/secure.gravatar.com\/avatar\/f5aab8722444041451501c077052ac07?s=96&d=mm&r=g","contentUrl":"https:\/\/secure.gravatar.com\/avatar\/f5aab8722444041451501c077052ac07?s=96&d=mm&r=g","caption":"Thiago Fernando"}}]}},"_links":{"self":[{"href":"https:\/\/www.manaus.am.gov.br\/seminf\/wp-json\/wp\/v2\/posts\/5470"}],"collection":[{"href":"https:\/\/www.manaus.am.gov.br\/seminf\/wp-json\/wp\/v2\/posts"}],"about":[{"href":"https:\/\/www.manaus.am.gov.br\/seminf\/wp-json\/wp\/v2\/types\/post"}],"author":[{"embeddable":true,"href":"https:\/\/www.manaus.am.gov.br\/seminf\/wp-json\/wp\/v2\/users\/57"}],"replies":[{"embeddable":true,"href":"https:\/\/www.manaus.am.gov.br\/seminf\/wp-json\/wp\/v2\/comments?post=5470"}],"version-history":[{"count":1,"href":"https:\/\/www.manaus.am.gov.br\/seminf\/wp-json\/wp\/v2\/posts\/5470\/revisions"}],"predecessor-version":[{"id":5474,"href":"https:\/\/www.manaus.am.gov.br\/seminf\/wp-json\/wp\/v2\/posts\/5470\/revisions\/5474"}],"wp:featuredmedia":[{"embeddable":true,"href":"https:\/\/www.manaus.am.gov.br\/seminf\/wp-json\/wp\/v2\/media\/5473"}],"wp:attachment":[{"href":"https:\/\/www.manaus.am.gov.br\/seminf\/wp-json\/wp\/v2\/media?parent=5470"}],"wp:term":[{"taxonomy":"category","embeddable":true,"href":"https:\/\/www.manaus.am.gov.br\/seminf\/wp-json\/wp\/v2\/categories?post=5470"},{"taxonomy":"post_tag","embeddable":true,"href":"https:\/\/www.manaus.am.gov.br\/seminf\/wp-json\/wp\/v2\/tags?post=5470"}],"curies":[{"name":"wp","href":"https:\/\/api.w.org\/{rel}","templated":true}]}}