{"id":5229,"date":"2025-05-16T16:00:14","date_gmt":"2025-05-16T20:00:14","guid":{"rendered":"https:\/\/www.manaus.am.gov.br\/seminf\/via-do-tancredo-neves\/"},"modified":"2025-05-16T16:23:54","modified_gmt":"2025-05-16T20:23:54","slug":"via-do-tancredo-neves","status":"publish","type":"post","link":"https:\/\/www.manaus.am.gov.br\/seminf\/via-do-tancredo-neves\/","title":{"rendered":"Prefeitura de Manaus trabalha em drenagem superficial de via do bairro Tancredo Neves"},"content":{"rendered":"\n<p>A <a href=\"https:\/\/www.instagram.com\/prefeiturademanaus\/\">Prefeitura de Manaus<\/a>, por meio da <a href=\"https:\/\/www.manaus.am.gov.br\/seminf\/\">Secretaria Municipal de Infraestrutura (Seminf)<\/a>, trabalha, nesta sexta-feira, 16\/5, na implanta\u00e7\u00e3o de meio-fio e sarjeta da rua Doutor Gallo Ibanez, via localizada no bairro Tancredo Neves, na zona Leste da capital, ap\u00f3s finalizar os servi\u00e7os de drenagem profunda na \u00e1rea.<\/p>\n\n\n\n<p>\u201c\u00c9 sexta-feira, chegamos em mais um fim de semana e o volume de trabalho pela Seminf segue em ritmo acelerado pelos bairros da capital, e aqui pela zona Leste temos v\u00e1rias frentes de obras acontecendo de forma simult\u00e2nea, essa \u00e9 a determina\u00e7\u00e3o do prefeito David Almeida e \u2018sextamos\u2019 com infraestrutura em dia pela cidade\u201d, afirma o vice-prefeito e secret\u00e1rio de Obras, Renato Junior.<\/p>\n\n\n\n<p>A equipe iniciou trabalhos na rede de drenagem profunda, em que foi identificado um tubo irregular conectado na rede de drenagem profunda. As equipes recuperaram uma m\u00e9dia de 10 tubos com o servi\u00e7o de anelamento e implantaram quatro novos tubos, que ir\u00e3o garantir o bom funcionamento.<\/p>\n\n\n\n<p>Nesta fase final da obra, a equipe implantou melhorias na via com os servi\u00e7os de sarjeta e meio-fio, restaurando a infraestrutura do trecho.<\/p>\n\n\n\n<p>O atendente Luiz da Silva, 23, agradece a aten\u00e7\u00e3o da Prefeitura de Manaus em seu bairro.<\/p>\n\n\n\n<p>\u201cEsse trabalho vai melhorar e facilitar muito a nossa vida, com a equipe da Prefeitura de Manaus aqui na nossa rua ajuda a manter um bairro organizado, e eu s\u00f3 tenho a agradecer a atitude da prefeitura pelo servi\u00e7o na nossa \u00e1rea\u201d, relata o morador.<\/p>\n\n\n\n<p>&#8212; &#8212; &#8212;<\/p>\n\n\n\n<p><strong>Texto &#8211;<\/strong> Rayana Coutinho\/ Seminf<\/p>\n\n\n\n<p><strong>Fotos <\/strong>&#8211; M\u00e1rcio Melo\/ Seminf<\/p>\n","protected":false},"excerpt":{"rendered":"","protected":false},"author":57,"featured_media":5230,"comment_status":"closed","ping_status":"closed","sticky":false,"template":"","format":"standard","meta":{"footnotes":""},"categories":[3],"tags":[43,26,2026],"acf":[],"yoast_head":"<!-- This site is optimized with the Yoast SEO plugin v23.0 - https:\/\/yoast.com\/wordpress\/plugins\/seo\/ -->\n<title>PMM trabalha em drenagem superficial de via do Tancredo Neves<\/title>\n<meta name=\"description\" content=\"A Prefeitura de Manaus na implanta\u00e7\u00e3o de meio-fio e sarjeta da rua Doutor Gallo Ibanez, via localizada no bairro Tancredo Neves.\" \/>\n<meta name=\"robots\" content=\"index, follow, max-snippet:-1, max-image-preview:large, max-video-preview:-1\" \/>\n<link rel=\"canonical\" href=\"https:\/\/www.manaus.am.gov.br\/seminf\/via-do-tancredo-neves\/\" \/>\n<meta property=\"og:locale\" content=\"pt_BR\" \/>\n<meta property=\"og:type\" content=\"article\" \/>\n<meta property=\"og:title\" content=\"PMM trabalha em drenagem superficial de via do Tancredo Neves\" \/>\n<meta property=\"og:description\" content=\"A Prefeitura de Manaus na implanta\u00e7\u00e3o de meio-fio e sarjeta da rua Doutor Gallo Ibanez, via localizada no bairro Tancredo Neves.\" \/>\n<meta property=\"og:url\" content=\"https:\/\/www.manaus.am.gov.br\/seminf\/via-do-tancredo-neves\/\" \/>\n<meta property=\"og:site_name\" content=\"SEMINF\" \/>\n<meta property=\"article:published_time\" content=\"2025-05-16T20:00:14+00:00\" \/>\n<meta property=\"article:modified_time\" content=\"2025-05-16T20:23:54+00:00\" \/>\n<meta property=\"og:image\" content=\"https:\/\/www.manaus.am.gov.br\/seminf\/wp-content\/uploads\/sites\/6\/2025\/05\/via-do-Tancredo-Neves-3.jpg\" \/>\n\t<meta property=\"og:image:width\" content=\"1200\" \/>\n\t<meta property=\"og:image:height\" content=\"800\" \/>\n\t<meta property=\"og:image:type\" content=\"image\/jpeg\" \/>\n<meta name=\"author\" content=\"Thiago Fernando\" \/>\n<meta name=\"twitter:card\" content=\"summary_large_image\" \/>\n<meta name=\"twitter:label1\" content=\"Written by\" \/>\n\t<meta name=\"twitter:data1\" content=\"Thiago Fernando\" \/>\n\t<meta name=\"twitter:label2\" content=\"Est. reading time\" \/>\n\t<meta name=\"twitter:data2\" content=\"2 minutos\" \/>\n<script type=\"application\/ld+json\" class=\"yoast-schema-graph\">{\"@context\":\"https:\/\/schema.org\",\"@graph\":[{\"@type\":\"WebPage\",\"@id\":\"https:\/\/www.manaus.am.gov.br\/seminf\/via-do-tancredo-neves\/\",\"url\":\"https:\/\/www.manaus.am.gov.br\/seminf\/via-do-tancredo-neves\/\",\"name\":\"PMM trabalha em drenagem superficial de via do Tancredo Neves\",\"isPartOf\":{\"@id\":\"https:\/\/www.manaus.am.gov.br\/seminf\/#website\"},\"primaryImageOfPage\":{\"@id\":\"https:\/\/www.manaus.am.gov.br\/seminf\/via-do-tancredo-neves\/#primaryimage\"},\"image\":{\"@id\":\"https:\/\/www.manaus.am.gov.br\/seminf\/via-do-tancredo-neves\/#primaryimage\"},\"thumbnailUrl\":\"https:\/\/www.manaus.am.gov.br\/seminf\/wp-content\/uploads\/sites\/6\/2025\/05\/via-do-Tancredo-Neves-3.jpg\",\"datePublished\":\"2025-05-16T20:00:14+00:00\",\"dateModified\":\"2025-05-16T20:23:54+00:00\",\"author\":{\"@id\":\"https:\/\/www.manaus.am.gov.br\/seminf\/#\/schema\/person\/a5ee5376db6e21af026374b369f30882\"},\"description\":\"A Prefeitura de Manaus na implanta\u00e7\u00e3o de meio-fio e sarjeta da rua Doutor Gallo Ibanez, via localizada no bairro Tancredo Neves.\",\"inLanguage\":\"pt-BR\",\"potentialAction\":[{\"@type\":\"ReadAction\",\"target\":[\"https:\/\/www.manaus.am.gov.br\/seminf\/via-do-tancredo-neves\/\"]}]},{\"@type\":\"ImageObject\",\"inLanguage\":\"pt-BR\",\"@id\":\"https:\/\/www.manaus.am.gov.br\/seminf\/via-do-tancredo-neves\/#primaryimage\",\"url\":\"https:\/\/www.manaus.am.gov.br\/seminf\/wp-content\/uploads\/sites\/6\/2025\/05\/via-do-Tancredo-Neves-3.jpg\",\"contentUrl\":\"https:\/\/www.manaus.am.gov.br\/seminf\/wp-content\/uploads\/sites\/6\/2025\/05\/via-do-Tancredo-Neves-3.jpg\",\"width\":1200,\"height\":800,\"caption\":\"via do Tancredo Neves\"},{\"@type\":\"WebSite\",\"@id\":\"https:\/\/www.manaus.am.gov.br\/seminf\/#website\",\"url\":\"https:\/\/www.manaus.am.gov.br\/seminf\/\",\"name\":\"Secretaria de Infraestrutura\",\"description\":\"Secretaria Municipal de Infraestrutura\",\"potentialAction\":[{\"@type\":\"SearchAction\",\"target\":{\"@type\":\"EntryPoint\",\"urlTemplate\":\"https:\/\/www.manaus.am.gov.br\/seminf\/?s={search_term_string}\"},\"query-input\":\"required name=search_term_string\"}],\"inLanguage\":\"pt-BR\"},{\"@type\":\"Person\",\"@id\":\"https:\/\/www.manaus.am.gov.br\/seminf\/#\/schema\/person\/a5ee5376db6e21af026374b369f30882\",\"name\":\"Thiago Fernando\",\"image\":{\"@type\":\"ImageObject\",\"inLanguage\":\"pt-BR\",\"@id\":\"https:\/\/www.manaus.am.gov.br\/seminf\/#\/schema\/person\/image\/\",\"url\":\"https:\/\/secure.gravatar.com\/avatar\/f5aab8722444041451501c077052ac07?s=96&d=mm&r=g\",\"contentUrl\":\"https:\/\/secure.gravatar.com\/avatar\/f5aab8722444041451501c077052ac07?s=96&d=mm&r=g\",\"caption\":\"Thiago Fernando\"}}]}<\/script>\n<!-- \/ Yoast SEO plugin. -->","yoast_head_json":{"title":"PMM trabalha em drenagem superficial de via do Tancredo Neves","description":"A Prefeitura de Manaus na implanta\u00e7\u00e3o de meio-fio e sarjeta da rua Doutor Gallo Ibanez, via localizada no bairro Tancredo Neves.","robots":{"index":"index","follow":"follow","max-snippet":"max-snippet:-1","max-image-preview":"max-image-preview:large","max-video-preview":"max-video-preview:-1"},"canonical":"https:\/\/www.manaus.am.gov.br\/seminf\/via-do-tancredo-neves\/","og_locale":"pt_BR","og_type":"article","og_title":"PMM trabalha em drenagem superficial de via do Tancredo Neves","og_description":"A Prefeitura de Manaus na implanta\u00e7\u00e3o de meio-fio e sarjeta da rua Doutor Gallo Ibanez, via localizada no bairro Tancredo Neves.","og_url":"https:\/\/www.manaus.am.gov.br\/seminf\/via-do-tancredo-neves\/","og_site_name":"SEMINF","article_published_time":"2025-05-16T20:00:14+00:00","article_modified_time":"2025-05-16T20:23:54+00:00","og_image":[{"width":1200,"height":800,"url":"https:\/\/www.manaus.am.gov.br\/seminf\/wp-content\/uploads\/sites\/6\/2025\/05\/via-do-Tancredo-Neves-3.jpg","type":"image\/jpeg"}],"author":"Thiago Fernando","twitter_card":"summary_large_image","twitter_misc":{"Written by":"Thiago Fernando","Est. reading time":"2 minutos"},"schema":{"@context":"https:\/\/schema.org","@graph":[{"@type":"WebPage","@id":"https:\/\/www.manaus.am.gov.br\/seminf\/via-do-tancredo-neves\/","url":"https:\/\/www.manaus.am.gov.br\/seminf\/via-do-tancredo-neves\/","name":"PMM trabalha em drenagem superficial de via do Tancredo Neves","isPartOf":{"@id":"https:\/\/www.manaus.am.gov.br\/seminf\/#website"},"primaryImageOfPage":{"@id":"https:\/\/www.manaus.am.gov.br\/seminf\/via-do-tancredo-neves\/#primaryimage"},"image":{"@id":"https:\/\/www.manaus.am.gov.br\/seminf\/via-do-tancredo-neves\/#primaryimage"},"thumbnailUrl":"https:\/\/www.manaus.am.gov.br\/seminf\/wp-content\/uploads\/sites\/6\/2025\/05\/via-do-Tancredo-Neves-3.jpg","datePublished":"2025-05-16T20:00:14+00:00","dateModified":"2025-05-16T20:23:54+00:00","author":{"@id":"https:\/\/www.manaus.am.gov.br\/seminf\/#\/schema\/person\/a5ee5376db6e21af026374b369f30882"},"description":"A Prefeitura de Manaus na implanta\u00e7\u00e3o de meio-fio e sarjeta da rua Doutor Gallo Ibanez, via localizada no bairro Tancredo Neves.","inLanguage":"pt-BR","potentialAction":[{"@type":"ReadAction","target":["https:\/\/www.manaus.am.gov.br\/seminf\/via-do-tancredo-neves\/"]}]},{"@type":"ImageObject","inLanguage":"pt-BR","@id":"https:\/\/www.manaus.am.gov.br\/seminf\/via-do-tancredo-neves\/#primaryimage","url":"https:\/\/www.manaus.am.gov.br\/seminf\/wp-content\/uploads\/sites\/6\/2025\/05\/via-do-Tancredo-Neves-3.jpg","contentUrl":"https:\/\/www.manaus.am.gov.br\/seminf\/wp-content\/uploads\/sites\/6\/2025\/05\/via-do-Tancredo-Neves-3.jpg","width":1200,"height":800,"caption":"via do Tancredo Neves"},{"@type":"WebSite","@id":"https:\/\/www.manaus.am.gov.br\/seminf\/#website","url":"https:\/\/www.manaus.am.gov.br\/seminf\/","name":"Secretaria de Infraestrutura","description":"Secretaria Municipal de Infraestrutura","potentialAction":[{"@type":"SearchAction","target":{"@type":"EntryPoint","urlTemplate":"https:\/\/www.manaus.am.gov.br\/seminf\/?s={search_term_string}"},"query-input":"required name=search_term_string"}],"inLanguage":"pt-BR"},{"@type":"Person","@id":"https:\/\/www.manaus.am.gov.br\/seminf\/#\/schema\/person\/a5ee5376db6e21af026374b369f30882","name":"Thiago Fernando","image":{"@type":"ImageObject","inLanguage":"pt-BR","@id":"https:\/\/www.manaus.am.gov.br\/seminf\/#\/schema\/person\/image\/","url":"https:\/\/secure.gravatar.com\/avatar\/f5aab8722444041451501c077052ac07?s=96&d=mm&r=g","contentUrl":"https:\/\/secure.gravatar.com\/avatar\/f5aab8722444041451501c077052ac07?s=96&d=mm&r=g","caption":"Thiago Fernando"}}]}},"_links":{"self":[{"href":"https:\/\/www.manaus.am.gov.br\/seminf\/wp-json\/wp\/v2\/posts\/5229"}],"collection":[{"href":"https:\/\/www.manaus.am.gov.br\/seminf\/wp-json\/wp\/v2\/posts"}],"about":[{"href":"https:\/\/www.manaus.am.gov.br\/seminf\/wp-json\/wp\/v2\/types\/post"}],"author":[{"embeddable":true,"href":"https:\/\/www.manaus.am.gov.br\/seminf\/wp-json\/wp\/v2\/users\/57"}],"replies":[{"embeddable":true,"href":"https:\/\/www.manaus.am.gov.br\/seminf\/wp-json\/wp\/v2\/comments?post=5229"}],"version-history":[{"count":0,"href":"https:\/\/www.manaus.am.gov.br\/seminf\/wp-json\/wp\/v2\/posts\/5229\/revisions"}],"wp:featuredmedia":[{"embeddable":true,"href":"https:\/\/www.manaus.am.gov.br\/seminf\/wp-json\/wp\/v2\/media\/5230"}],"wp:attachment":[{"href":"https:\/\/www.manaus.am.gov.br\/seminf\/wp-json\/wp\/v2\/media?parent=5229"}],"wp:term":[{"taxonomy":"category","embeddable":true,"href":"https:\/\/www.manaus.am.gov.br\/seminf\/wp-json\/wp\/v2\/categories?post=5229"},{"taxonomy":"post_tag","embeddable":true,"href":"https:\/\/www.manaus.am.gov.br\/seminf\/wp-json\/wp\/v2\/tags?post=5229"}],"curies":[{"name":"wp","href":"https:\/\/api.w.org\/{rel}","templated":true}]}}