{"id":5210,"date":"2025-05-15T17:50:53","date_gmt":"2025-05-15T21:50:53","guid":{"rendered":"https:\/\/www.manaus.am.gov.br\/seminf\/drenagem-do-bairro-coroado\/"},"modified":"2025-05-15T17:50:55","modified_gmt":"2025-05-15T21:50:55","slug":"drenagem-do-bairro-coroado","status":"publish","type":"post","link":"https:\/\/www.manaus.am.gov.br\/seminf\/drenagem-do-bairro-coroado\/","title":{"rendered":"Prefeitura de Manaus implementa melhorias com a implanta\u00e7\u00e3o de novos tubos em drenagem do bairro Coroado"},"content":{"rendered":"\n<p>A <a href=\"https:\/\/www.instagram.com\/prefeiturademanaus\/\">Prefeitura de Manaus<\/a>, por meio da <a href=\"https:\/\/www.manaus.am.gov.br\/seminf\/\">Secretaria Municipal de Infraestrutura (Seminf)<\/a>, implementa melhorias, nesta quinta-feira, 15\/5, na rua Imperatriz, no bairro Coroado, com a recupera\u00e7\u00e3o da rede de drenagem profunda do local.\u00a0<\/p>\n\n\n\n<p>Os trabalhadores da Seminf identificaram ap\u00f3s a vistoria que a cal\u00e7ada da resid\u00eancia foi constru\u00edda por cima da rede de drenagem profunda e requer bastante esfor\u00e7o e cuidado da equipe para recuperar a funcionalidade sem correr riscos durante a execu\u00e7\u00e3o do servi\u00e7o.&nbsp;<\/p>\n\n\n\n<p>O vice-prefeito e secret\u00e1rio de Obras, Renato Junior, destacou a import\u00e2ncia de visitar as obras que est\u00e3o sendo realizadas pela gest\u00e3o e ouvir as demandas da popula\u00e7\u00e3o.<\/p>\n\n\n\n<p>\u201cNosso gabinete \u00e9 nas ruas. \u00c9 no olho a olho com os moradores, com os ouvidos sempre atentos \u00e0s demandas da popula\u00e7\u00e3o e prontos para agir. Na Seminf, n\u00e3o falta trabalho e nem comprometimento. S\u00e3o v\u00e1rias frentes atuando simultaneamente todos os dias com asfalto, conten\u00e7\u00e3o em rip-rap, drenagem superficial e profunda. Seguimos avan\u00e7ando de forma positiva e significativa, como determina o prefeito David Almeida\u201d, afirma o vice-prefeito Renato Junior.&nbsp;<\/p>\n\n\n\n<p>Nesta obra, uma equipe composta por 10 trabalhadores executa a escava\u00e7\u00e3o, removendo os tubos deteriorados que foram prejudicados pelo peso da edifica\u00e7\u00e3o e substituindo por novos tubos.&nbsp;<\/p>\n\n\n\n<p>O industri\u00e1rio Anderson Viana, 46, compartilha que foi o respons\u00e1vel por realizar a solicita\u00e7\u00e3o e demostra sua satisfa\u00e7\u00e3o em ver a equipe trabalhando.&nbsp;<\/p>\n\n\n\n<p>\u201cEu e meus pais fizemos a solicita\u00e7\u00e3o desse servi\u00e7o e a Prefeitura de Manaus est\u00e1 aqui trabalhando, estou gostando da obra, est\u00e1 bem feito e a equipe \u00e9 r\u00e1pida. S\u00f3 tenho que agradecer ao nosso prefeito David Almeida e ao vice Renato Junior por terem atendido a nossa solicita\u00e7\u00e3o e terem enviado a equipe\u201d, relata o morador.<\/p>\n\n\n\n<p>&#8212; &#8212; &#8212; <\/p>\n\n\n\n<p><strong>Texto:<\/strong> Rayana Coutinho \/ Seminf&nbsp;<\/p>\n\n\n\n<p><strong>Fotos:<\/strong> Giovanne Serafim \/ Seminf<\/p>\n","protected":false},"excerpt":{"rendered":"","protected":false},"author":57,"featured_media":5211,"comment_status":"closed","ping_status":"closed","sticky":false,"template":"","format":"standard","meta":{"footnotes":""},"categories":[3],"tags":[2020,43,26],"acf":[],"yoast_head":"<!-- This site is optimized with the Yoast SEO plugin v23.0 - https:\/\/yoast.com\/wordpress\/plugins\/seo\/ -->\n<title>PMM implementa melhorias em drenagem do bairro Coroado<\/title>\n<meta name=\"description\" content=\"A Prefeitura de Manaus implementa melhorias na rua Imperatriz, no bairro Coroado, com a recupera\u00e7\u00e3o da rede de drenagem profunda do local.\u00a0\" \/>\n<meta name=\"robots\" content=\"index, follow, max-snippet:-1, max-image-preview:large, max-video-preview:-1\" \/>\n<link rel=\"canonical\" href=\"https:\/\/www.manaus.am.gov.br\/seminf\/drenagem-do-bairro-coroado\/\" \/>\n<meta property=\"og:locale\" content=\"pt_BR\" \/>\n<meta property=\"og:type\" content=\"article\" \/>\n<meta property=\"og:title\" content=\"PMM implementa melhorias em drenagem do bairro Coroado\" \/>\n<meta property=\"og:description\" content=\"A Prefeitura de Manaus implementa melhorias na rua Imperatriz, no bairro Coroado, com a recupera\u00e7\u00e3o da rede de drenagem profunda do local.\u00a0\" \/>\n<meta property=\"og:url\" content=\"https:\/\/www.manaus.am.gov.br\/seminf\/drenagem-do-bairro-coroado\/\" \/>\n<meta property=\"og:site_name\" content=\"SEMINF\" \/>\n<meta property=\"article:published_time\" content=\"2025-05-15T21:50:53+00:00\" \/>\n<meta property=\"article:modified_time\" content=\"2025-05-15T21:50:55+00:00\" \/>\n<meta property=\"og:image\" content=\"https:\/\/www.manaus.am.gov.br\/seminf\/wp-content\/uploads\/sites\/6\/2025\/05\/drenagem-do-bairro-Coroado-2.jpg\" \/>\n\t<meta property=\"og:image:width\" content=\"1200\" \/>\n\t<meta property=\"og:image:height\" content=\"800\" \/>\n\t<meta property=\"og:image:type\" content=\"image\/jpeg\" \/>\n<meta name=\"author\" content=\"Thiago Fernando\" \/>\n<meta name=\"twitter:card\" content=\"summary_large_image\" \/>\n<meta name=\"twitter:label1\" content=\"Written by\" \/>\n\t<meta name=\"twitter:data1\" content=\"Thiago Fernando\" \/>\n\t<meta name=\"twitter:label2\" content=\"Est. reading time\" \/>\n\t<meta name=\"twitter:data2\" content=\"2 minutos\" \/>\n<script type=\"application\/ld+json\" class=\"yoast-schema-graph\">{\"@context\":\"https:\/\/schema.org\",\"@graph\":[{\"@type\":\"WebPage\",\"@id\":\"https:\/\/www.manaus.am.gov.br\/seminf\/drenagem-do-bairro-coroado\/\",\"url\":\"https:\/\/www.manaus.am.gov.br\/seminf\/drenagem-do-bairro-coroado\/\",\"name\":\"PMM implementa melhorias em drenagem do bairro Coroado\",\"isPartOf\":{\"@id\":\"https:\/\/www.manaus.am.gov.br\/seminf\/#website\"},\"primaryImageOfPage\":{\"@id\":\"https:\/\/www.manaus.am.gov.br\/seminf\/drenagem-do-bairro-coroado\/#primaryimage\"},\"image\":{\"@id\":\"https:\/\/www.manaus.am.gov.br\/seminf\/drenagem-do-bairro-coroado\/#primaryimage\"},\"thumbnailUrl\":\"https:\/\/www.manaus.am.gov.br\/seminf\/wp-content\/uploads\/sites\/6\/2025\/05\/drenagem-do-bairro-Coroado-2.jpg\",\"datePublished\":\"2025-05-15T21:50:53+00:00\",\"dateModified\":\"2025-05-15T21:50:55+00:00\",\"author\":{\"@id\":\"https:\/\/www.manaus.am.gov.br\/seminf\/#\/schema\/person\/a5ee5376db6e21af026374b369f30882\"},\"description\":\"A Prefeitura de Manaus implementa melhorias na rua Imperatriz, no bairro Coroado, com a recupera\u00e7\u00e3o da rede de drenagem profunda do local.\u00a0\",\"inLanguage\":\"pt-BR\",\"potentialAction\":[{\"@type\":\"ReadAction\",\"target\":[\"https:\/\/www.manaus.am.gov.br\/seminf\/drenagem-do-bairro-coroado\/\"]}]},{\"@type\":\"ImageObject\",\"inLanguage\":\"pt-BR\",\"@id\":\"https:\/\/www.manaus.am.gov.br\/seminf\/drenagem-do-bairro-coroado\/#primaryimage\",\"url\":\"https:\/\/www.manaus.am.gov.br\/seminf\/wp-content\/uploads\/sites\/6\/2025\/05\/drenagem-do-bairro-Coroado-2.jpg\",\"contentUrl\":\"https:\/\/www.manaus.am.gov.br\/seminf\/wp-content\/uploads\/sites\/6\/2025\/05\/drenagem-do-bairro-Coroado-2.jpg\",\"width\":1200,\"height\":800,\"caption\":\"drenagem do bairro Coroado\"},{\"@type\":\"WebSite\",\"@id\":\"https:\/\/www.manaus.am.gov.br\/seminf\/#website\",\"url\":\"https:\/\/www.manaus.am.gov.br\/seminf\/\",\"name\":\"Secretaria de Infraestrutura\",\"description\":\"Secretaria Municipal de Infraestrutura\",\"potentialAction\":[{\"@type\":\"SearchAction\",\"target\":{\"@type\":\"EntryPoint\",\"urlTemplate\":\"https:\/\/www.manaus.am.gov.br\/seminf\/?s={search_term_string}\"},\"query-input\":\"required name=search_term_string\"}],\"inLanguage\":\"pt-BR\"},{\"@type\":\"Person\",\"@id\":\"https:\/\/www.manaus.am.gov.br\/seminf\/#\/schema\/person\/a5ee5376db6e21af026374b369f30882\",\"name\":\"Thiago Fernando\",\"image\":{\"@type\":\"ImageObject\",\"inLanguage\":\"pt-BR\",\"@id\":\"https:\/\/www.manaus.am.gov.br\/seminf\/#\/schema\/person\/image\/\",\"url\":\"https:\/\/secure.gravatar.com\/avatar\/f5aab8722444041451501c077052ac07?s=96&d=mm&r=g\",\"contentUrl\":\"https:\/\/secure.gravatar.com\/avatar\/f5aab8722444041451501c077052ac07?s=96&d=mm&r=g\",\"caption\":\"Thiago Fernando\"}}]}<\/script>\n<!-- \/ Yoast SEO plugin. -->","yoast_head_json":{"title":"PMM implementa melhorias em drenagem do bairro Coroado","description":"A Prefeitura de Manaus implementa melhorias na rua Imperatriz, no bairro Coroado, com a recupera\u00e7\u00e3o da rede de drenagem profunda do local.\u00a0","robots":{"index":"index","follow":"follow","max-snippet":"max-snippet:-1","max-image-preview":"max-image-preview:large","max-video-preview":"max-video-preview:-1"},"canonical":"https:\/\/www.manaus.am.gov.br\/seminf\/drenagem-do-bairro-coroado\/","og_locale":"pt_BR","og_type":"article","og_title":"PMM implementa melhorias em drenagem do bairro Coroado","og_description":"A Prefeitura de Manaus implementa melhorias na rua Imperatriz, no bairro Coroado, com a recupera\u00e7\u00e3o da rede de drenagem profunda do local.\u00a0","og_url":"https:\/\/www.manaus.am.gov.br\/seminf\/drenagem-do-bairro-coroado\/","og_site_name":"SEMINF","article_published_time":"2025-05-15T21:50:53+00:00","article_modified_time":"2025-05-15T21:50:55+00:00","og_image":[{"width":1200,"height":800,"url":"https:\/\/www.manaus.am.gov.br\/seminf\/wp-content\/uploads\/sites\/6\/2025\/05\/drenagem-do-bairro-Coroado-2.jpg","type":"image\/jpeg"}],"author":"Thiago Fernando","twitter_card":"summary_large_image","twitter_misc":{"Written by":"Thiago Fernando","Est. reading time":"2 minutos"},"schema":{"@context":"https:\/\/schema.org","@graph":[{"@type":"WebPage","@id":"https:\/\/www.manaus.am.gov.br\/seminf\/drenagem-do-bairro-coroado\/","url":"https:\/\/www.manaus.am.gov.br\/seminf\/drenagem-do-bairro-coroado\/","name":"PMM implementa melhorias em drenagem do bairro Coroado","isPartOf":{"@id":"https:\/\/www.manaus.am.gov.br\/seminf\/#website"},"primaryImageOfPage":{"@id":"https:\/\/www.manaus.am.gov.br\/seminf\/drenagem-do-bairro-coroado\/#primaryimage"},"image":{"@id":"https:\/\/www.manaus.am.gov.br\/seminf\/drenagem-do-bairro-coroado\/#primaryimage"},"thumbnailUrl":"https:\/\/www.manaus.am.gov.br\/seminf\/wp-content\/uploads\/sites\/6\/2025\/05\/drenagem-do-bairro-Coroado-2.jpg","datePublished":"2025-05-15T21:50:53+00:00","dateModified":"2025-05-15T21:50:55+00:00","author":{"@id":"https:\/\/www.manaus.am.gov.br\/seminf\/#\/schema\/person\/a5ee5376db6e21af026374b369f30882"},"description":"A Prefeitura de Manaus implementa melhorias na rua Imperatriz, no bairro Coroado, com a recupera\u00e7\u00e3o da rede de drenagem profunda do local.\u00a0","inLanguage":"pt-BR","potentialAction":[{"@type":"ReadAction","target":["https:\/\/www.manaus.am.gov.br\/seminf\/drenagem-do-bairro-coroado\/"]}]},{"@type":"ImageObject","inLanguage":"pt-BR","@id":"https:\/\/www.manaus.am.gov.br\/seminf\/drenagem-do-bairro-coroado\/#primaryimage","url":"https:\/\/www.manaus.am.gov.br\/seminf\/wp-content\/uploads\/sites\/6\/2025\/05\/drenagem-do-bairro-Coroado-2.jpg","contentUrl":"https:\/\/www.manaus.am.gov.br\/seminf\/wp-content\/uploads\/sites\/6\/2025\/05\/drenagem-do-bairro-Coroado-2.jpg","width":1200,"height":800,"caption":"drenagem do bairro Coroado"},{"@type":"WebSite","@id":"https:\/\/www.manaus.am.gov.br\/seminf\/#website","url":"https:\/\/www.manaus.am.gov.br\/seminf\/","name":"Secretaria de Infraestrutura","description":"Secretaria Municipal de Infraestrutura","potentialAction":[{"@type":"SearchAction","target":{"@type":"EntryPoint","urlTemplate":"https:\/\/www.manaus.am.gov.br\/seminf\/?s={search_term_string}"},"query-input":"required name=search_term_string"}],"inLanguage":"pt-BR"},{"@type":"Person","@id":"https:\/\/www.manaus.am.gov.br\/seminf\/#\/schema\/person\/a5ee5376db6e21af026374b369f30882","name":"Thiago Fernando","image":{"@type":"ImageObject","inLanguage":"pt-BR","@id":"https:\/\/www.manaus.am.gov.br\/seminf\/#\/schema\/person\/image\/","url":"https:\/\/secure.gravatar.com\/avatar\/f5aab8722444041451501c077052ac07?s=96&d=mm&r=g","contentUrl":"https:\/\/secure.gravatar.com\/avatar\/f5aab8722444041451501c077052ac07?s=96&d=mm&r=g","caption":"Thiago Fernando"}}]}},"_links":{"self":[{"href":"https:\/\/www.manaus.am.gov.br\/seminf\/wp-json\/wp\/v2\/posts\/5210"}],"collection":[{"href":"https:\/\/www.manaus.am.gov.br\/seminf\/wp-json\/wp\/v2\/posts"}],"about":[{"href":"https:\/\/www.manaus.am.gov.br\/seminf\/wp-json\/wp\/v2\/types\/post"}],"author":[{"embeddable":true,"href":"https:\/\/www.manaus.am.gov.br\/seminf\/wp-json\/wp\/v2\/users\/57"}],"replies":[{"embeddable":true,"href":"https:\/\/www.manaus.am.gov.br\/seminf\/wp-json\/wp\/v2\/comments?post=5210"}],"version-history":[{"count":0,"href":"https:\/\/www.manaus.am.gov.br\/seminf\/wp-json\/wp\/v2\/posts\/5210\/revisions"}],"wp:featuredmedia":[{"embeddable":true,"href":"https:\/\/www.manaus.am.gov.br\/seminf\/wp-json\/wp\/v2\/media\/5211"}],"wp:attachment":[{"href":"https:\/\/www.manaus.am.gov.br\/seminf\/wp-json\/wp\/v2\/media?parent=5210"}],"wp:term":[{"taxonomy":"category","embeddable":true,"href":"https:\/\/www.manaus.am.gov.br\/seminf\/wp-json\/wp\/v2\/categories?post=5210"},{"taxonomy":"post_tag","embeddable":true,"href":"https:\/\/www.manaus.am.gov.br\/seminf\/wp-json\/wp\/v2\/tags?post=5210"}],"curies":[{"name":"wp","href":"https:\/\/api.w.org\/{rel}","templated":true}]}}