{"id":5159,"date":"2025-05-12T16:00:54","date_gmt":"2025-05-12T20:00:54","guid":{"rendered":"https:\/\/www.manaus.am.gov.br\/seminf\/recuperacao-asfaltica-6\/"},"modified":"2025-05-12T16:00:55","modified_gmt":"2025-05-12T20:00:55","slug":"recuperacao-asfaltica-6","status":"publish","type":"post","link":"https:\/\/www.manaus.am.gov.br\/seminf\/recuperacao-asfaltica-6\/","title":{"rendered":"Prefeitura de Manaus realiza recupera\u00e7\u00e3o asf\u00e1ltica na comunidade Para\u00edso Verde"},"content":{"rendered":"\n<p>A Prefeitura de Manaus, por meio da Secretaria Municipal de Infraestrutura (Seminf), executa, nesta segunda-feira, 12\/5, os servi\u00e7os de recupera\u00e7\u00e3o asf\u00e1ltica na rua Pastor J\u00falio Dantas, na comunidade Para\u00edso Verde, no bairro Lago Azul, zona Norte da capital.&nbsp;<\/p>\n\n\n\n<p>A aut\u00f4noma M\u00e1rcia Abreu, 55 anos, compartilha o seu sentimento de alegria em ver as obras acontecendo na frente da sua casa e poder pisar em uma rua estruturada.&nbsp;<\/p>\n\n\n\n<p>\u201cEstava muito feia essa rua, o \u00f4nibus estava com dificuldade para passar, quando chovia ficava um lama\u00e7al na minha porta, mas agora estou feliz pela Prefeitura de Manaus trazer esse benef\u00edcio, ver os trabalhadores atuando na frente da minha casa, eu agrade\u00e7o muito ao prefeito David Almeida e ao vice Renato Junior\u201d, afirma a moradora.&nbsp;<\/p>\n\n\n\n<p>A equipe aplica uma m\u00e9dia de 20 toneladas de massa asf\u00e1ltica no local, com o objetivo de melhorar o acesso e oferecer mais mobilidade para quem vive e transita pela regi\u00e3o.<\/p>\n\n\n\n<p>O vice-prefeito e secret\u00e1rio de Obras, Renato Junior, refor\u00e7a a necessidade desse servi\u00e7o dentro das comunidades, garantindo vias mais seguras e trafeg\u00e1veis para todos.<\/p>\n\n\n\n<p>\u201cSomos uma gest\u00e3o que entende a import\u00e2ncia de ter ruas asfaltadas e trafeg\u00e1veis no dia a dia da popula\u00e7\u00e3o. Sabemos o quanto uma via digna faz diferen\u00e7a para quem sai cedo para trabalhar, para quem caminha at\u00e9 a parada de \u00f4nibus, para o transporte coletivo circular com seguran\u00e7a, para os pais que levam e buscam seus filhos na escola, e esse \u00e9 o compromisso do prefeito David Almeida, garantir mobilidade, seguran\u00e7a e qualidade de vida\u201d, afirma o vice-prefeito Renato Junior.&nbsp;<\/p>\n\n\n\n<p>A via \u00e9 de grande import\u00e2ncia para a comunidade por ser rodeada por resid\u00eancias e estabelecimentos comerciais, al\u00e9m de receber um grande fluxo de ve\u00edculos e linhas de \u00f4nibus, \u00e9 rota di\u00e1ria para muitos estudantes da regi\u00e3o.<\/p>\n\n\n\n<p>\u2014 \u2014 \u2014<br><strong>Texto &#8211; <\/strong>Rayana Coutinho\/ Seminf\u00a0<br><strong>Fotos &#8211;<\/strong> Giovanne Serafim\/ Seminf\u00a0<\/p>\n","protected":false},"excerpt":{"rendered":"","protected":false},"author":68,"featured_media":5160,"comment_status":"closed","ping_status":"closed","sticky":false,"template":"","format":"standard","meta":{"footnotes":""},"categories":[3],"tags":[43,2008,26],"acf":[],"yoast_head":"<!-- This site is optimized with the Yoast SEO plugin v23.0 - https:\/\/yoast.com\/wordpress\/plugins\/seo\/ -->\n<title>Prefeitura de Manaus realiza recupera\u00e7\u00e3o asf\u00e1ltica na comunidade Para\u00edso Verde<\/title>\n<meta name=\"description\" content=\"A Prefeitura de Manaus, por meio da Secretaria Municipal de Infraestrutura (Seminf), executa, nesta segunda-feira, 12\/5, os servi\u00e7os de recupera\u00e7\u00e3o asf\u00e1ltica na rua Pastor J\u00falio Dantas, na comunidade Para\u00edso Verde, no bairro Lago Azul, zona Norte da capital.\" \/>\n<meta name=\"robots\" content=\"index, follow, max-snippet:-1, max-image-preview:large, max-video-preview:-1\" \/>\n<link rel=\"canonical\" href=\"https:\/\/www.manaus.am.gov.br\/seminf\/recuperacao-asfaltica-6\/\" \/>\n<meta property=\"og:locale\" content=\"pt_BR\" \/>\n<meta property=\"og:type\" content=\"article\" \/>\n<meta property=\"og:title\" content=\"Prefeitura de Manaus realiza recupera\u00e7\u00e3o asf\u00e1ltica na comunidade Para\u00edso Verde\" \/>\n<meta property=\"og:description\" content=\"A Prefeitura de Manaus, por meio da Secretaria Municipal de Infraestrutura (Seminf), executa, nesta segunda-feira, 12\/5, os servi\u00e7os de recupera\u00e7\u00e3o asf\u00e1ltica na rua Pastor J\u00falio Dantas, na comunidade Para\u00edso Verde, no bairro Lago Azul, zona Norte da capital.\" \/>\n<meta property=\"og:url\" content=\"https:\/\/www.manaus.am.gov.br\/seminf\/recuperacao-asfaltica-6\/\" \/>\n<meta property=\"og:site_name\" content=\"SEMINF\" \/>\n<meta property=\"article:published_time\" content=\"2025-05-12T20:00:54+00:00\" \/>\n<meta property=\"article:modified_time\" content=\"2025-05-12T20:00:55+00:00\" \/>\n<meta property=\"og:image\" content=\"https:\/\/www.manaus.am.gov.br\/seminf\/wp-content\/uploads\/sites\/6\/2025\/05\/736A4192-1024x683.jpg\" \/>\n\t<meta property=\"og:image:width\" content=\"1024\" \/>\n\t<meta property=\"og:image:height\" content=\"683\" \/>\n\t<meta property=\"og:image:type\" content=\"image\/jpeg\" \/>\n<meta name=\"author\" content=\"bvalente\" \/>\n<meta name=\"twitter:card\" content=\"summary_large_image\" \/>\n<meta name=\"twitter:label1\" content=\"Written by\" \/>\n\t<meta name=\"twitter:data1\" content=\"bvalente\" \/>\n\t<meta name=\"twitter:label2\" content=\"Est. reading time\" \/>\n\t<meta name=\"twitter:data2\" content=\"2 minutos\" \/>\n<script type=\"application\/ld+json\" class=\"yoast-schema-graph\">{\"@context\":\"https:\/\/schema.org\",\"@graph\":[{\"@type\":\"WebPage\",\"@id\":\"https:\/\/www.manaus.am.gov.br\/seminf\/recuperacao-asfaltica-6\/\",\"url\":\"https:\/\/www.manaus.am.gov.br\/seminf\/recuperacao-asfaltica-6\/\",\"name\":\"Prefeitura de Manaus realiza recupera\u00e7\u00e3o asf\u00e1ltica na comunidade Para\u00edso Verde\",\"isPartOf\":{\"@id\":\"https:\/\/www.manaus.am.gov.br\/seminf\/#website\"},\"primaryImageOfPage\":{\"@id\":\"https:\/\/www.manaus.am.gov.br\/seminf\/recuperacao-asfaltica-6\/#primaryimage\"},\"image\":{\"@id\":\"https:\/\/www.manaus.am.gov.br\/seminf\/recuperacao-asfaltica-6\/#primaryimage\"},\"thumbnailUrl\":\"https:\/\/www.manaus.am.gov.br\/seminf\/wp-content\/uploads\/sites\/6\/2025\/05\/736A4192.jpg\",\"datePublished\":\"2025-05-12T20:00:54+00:00\",\"dateModified\":\"2025-05-12T20:00:55+00:00\",\"author\":{\"@id\":\"https:\/\/www.manaus.am.gov.br\/seminf\/#\/schema\/person\/466a0e03ae4b6062809046bd560ac955\"},\"description\":\"A Prefeitura de Manaus, por meio da Secretaria Municipal de Infraestrutura (Seminf), executa, nesta segunda-feira, 12\/5, os servi\u00e7os de recupera\u00e7\u00e3o asf\u00e1ltica na rua Pastor J\u00falio Dantas, na comunidade Para\u00edso Verde, no bairro Lago Azul, zona Norte da capital.\",\"inLanguage\":\"pt-BR\",\"potentialAction\":[{\"@type\":\"ReadAction\",\"target\":[\"https:\/\/www.manaus.am.gov.br\/seminf\/recuperacao-asfaltica-6\/\"]}]},{\"@type\":\"ImageObject\",\"inLanguage\":\"pt-BR\",\"@id\":\"https:\/\/www.manaus.am.gov.br\/seminf\/recuperacao-asfaltica-6\/#primaryimage\",\"url\":\"https:\/\/www.manaus.am.gov.br\/seminf\/wp-content\/uploads\/sites\/6\/2025\/05\/736A4192.jpg\",\"contentUrl\":\"https:\/\/www.manaus.am.gov.br\/seminf\/wp-content\/uploads\/sites\/6\/2025\/05\/736A4192.jpg\",\"width\":4464,\"height\":2976},{\"@type\":\"WebSite\",\"@id\":\"https:\/\/www.manaus.am.gov.br\/seminf\/#website\",\"url\":\"https:\/\/www.manaus.am.gov.br\/seminf\/\",\"name\":\"Secretaria de Infraestrutura\",\"description\":\"Secretaria Municipal de Infraestrutura\",\"potentialAction\":[{\"@type\":\"SearchAction\",\"target\":{\"@type\":\"EntryPoint\",\"urlTemplate\":\"https:\/\/www.manaus.am.gov.br\/seminf\/?s={search_term_string}\"},\"query-input\":\"required name=search_term_string\"}],\"inLanguage\":\"pt-BR\"},{\"@type\":\"Person\",\"@id\":\"https:\/\/www.manaus.am.gov.br\/seminf\/#\/schema\/person\/466a0e03ae4b6062809046bd560ac955\",\"name\":\"bvalente\",\"image\":{\"@type\":\"ImageObject\",\"inLanguage\":\"pt-BR\",\"@id\":\"https:\/\/www.manaus.am.gov.br\/seminf\/#\/schema\/person\/image\/\",\"url\":\"https:\/\/secure.gravatar.com\/avatar\/3e69bc2b014bdad41adfec3a39de07d2?s=96&d=mm&r=g\",\"contentUrl\":\"https:\/\/secure.gravatar.com\/avatar\/3e69bc2b014bdad41adfec3a39de07d2?s=96&d=mm&r=g\",\"caption\":\"bvalente\"}}]}<\/script>\n<!-- \/ Yoast SEO plugin. -->","yoast_head_json":{"title":"Prefeitura de Manaus realiza recupera\u00e7\u00e3o asf\u00e1ltica na comunidade Para\u00edso Verde","description":"A Prefeitura de Manaus, por meio da Secretaria Municipal de Infraestrutura (Seminf), executa, nesta segunda-feira, 12\/5, os servi\u00e7os de recupera\u00e7\u00e3o asf\u00e1ltica na rua Pastor J\u00falio Dantas, na comunidade Para\u00edso Verde, no bairro Lago Azul, zona Norte da capital.","robots":{"index":"index","follow":"follow","max-snippet":"max-snippet:-1","max-image-preview":"max-image-preview:large","max-video-preview":"max-video-preview:-1"},"canonical":"https:\/\/www.manaus.am.gov.br\/seminf\/recuperacao-asfaltica-6\/","og_locale":"pt_BR","og_type":"article","og_title":"Prefeitura de Manaus realiza recupera\u00e7\u00e3o asf\u00e1ltica na comunidade Para\u00edso Verde","og_description":"A Prefeitura de Manaus, por meio da Secretaria Municipal de Infraestrutura (Seminf), executa, nesta segunda-feira, 12\/5, os servi\u00e7os de recupera\u00e7\u00e3o asf\u00e1ltica na rua Pastor J\u00falio Dantas, na comunidade Para\u00edso Verde, no bairro Lago Azul, zona Norte da capital.","og_url":"https:\/\/www.manaus.am.gov.br\/seminf\/recuperacao-asfaltica-6\/","og_site_name":"SEMINF","article_published_time":"2025-05-12T20:00:54+00:00","article_modified_time":"2025-05-12T20:00:55+00:00","og_image":[{"width":1024,"height":683,"url":"https:\/\/www.manaus.am.gov.br\/seminf\/wp-content\/uploads\/sites\/6\/2025\/05\/736A4192-1024x683.jpg","type":"image\/jpeg"}],"author":"bvalente","twitter_card":"summary_large_image","twitter_misc":{"Written by":"bvalente","Est. reading time":"2 minutos"},"schema":{"@context":"https:\/\/schema.org","@graph":[{"@type":"WebPage","@id":"https:\/\/www.manaus.am.gov.br\/seminf\/recuperacao-asfaltica-6\/","url":"https:\/\/www.manaus.am.gov.br\/seminf\/recuperacao-asfaltica-6\/","name":"Prefeitura de Manaus realiza recupera\u00e7\u00e3o asf\u00e1ltica na comunidade Para\u00edso Verde","isPartOf":{"@id":"https:\/\/www.manaus.am.gov.br\/seminf\/#website"},"primaryImageOfPage":{"@id":"https:\/\/www.manaus.am.gov.br\/seminf\/recuperacao-asfaltica-6\/#primaryimage"},"image":{"@id":"https:\/\/www.manaus.am.gov.br\/seminf\/recuperacao-asfaltica-6\/#primaryimage"},"thumbnailUrl":"https:\/\/www.manaus.am.gov.br\/seminf\/wp-content\/uploads\/sites\/6\/2025\/05\/736A4192.jpg","datePublished":"2025-05-12T20:00:54+00:00","dateModified":"2025-05-12T20:00:55+00:00","author":{"@id":"https:\/\/www.manaus.am.gov.br\/seminf\/#\/schema\/person\/466a0e03ae4b6062809046bd560ac955"},"description":"A Prefeitura de Manaus, por meio da Secretaria Municipal de Infraestrutura (Seminf), executa, nesta segunda-feira, 12\/5, os servi\u00e7os de recupera\u00e7\u00e3o asf\u00e1ltica na rua Pastor J\u00falio Dantas, na comunidade Para\u00edso Verde, no bairro Lago Azul, zona Norte da capital.","inLanguage":"pt-BR","potentialAction":[{"@type":"ReadAction","target":["https:\/\/www.manaus.am.gov.br\/seminf\/recuperacao-asfaltica-6\/"]}]},{"@type":"ImageObject","inLanguage":"pt-BR","@id":"https:\/\/www.manaus.am.gov.br\/seminf\/recuperacao-asfaltica-6\/#primaryimage","url":"https:\/\/www.manaus.am.gov.br\/seminf\/wp-content\/uploads\/sites\/6\/2025\/05\/736A4192.jpg","contentUrl":"https:\/\/www.manaus.am.gov.br\/seminf\/wp-content\/uploads\/sites\/6\/2025\/05\/736A4192.jpg","width":4464,"height":2976},{"@type":"WebSite","@id":"https:\/\/www.manaus.am.gov.br\/seminf\/#website","url":"https:\/\/www.manaus.am.gov.br\/seminf\/","name":"Secretaria de Infraestrutura","description":"Secretaria Municipal de Infraestrutura","potentialAction":[{"@type":"SearchAction","target":{"@type":"EntryPoint","urlTemplate":"https:\/\/www.manaus.am.gov.br\/seminf\/?s={search_term_string}"},"query-input":"required name=search_term_string"}],"inLanguage":"pt-BR"},{"@type":"Person","@id":"https:\/\/www.manaus.am.gov.br\/seminf\/#\/schema\/person\/466a0e03ae4b6062809046bd560ac955","name":"bvalente","image":{"@type":"ImageObject","inLanguage":"pt-BR","@id":"https:\/\/www.manaus.am.gov.br\/seminf\/#\/schema\/person\/image\/","url":"https:\/\/secure.gravatar.com\/avatar\/3e69bc2b014bdad41adfec3a39de07d2?s=96&d=mm&r=g","contentUrl":"https:\/\/secure.gravatar.com\/avatar\/3e69bc2b014bdad41adfec3a39de07d2?s=96&d=mm&r=g","caption":"bvalente"}}]}},"_links":{"self":[{"href":"https:\/\/www.manaus.am.gov.br\/seminf\/wp-json\/wp\/v2\/posts\/5159"}],"collection":[{"href":"https:\/\/www.manaus.am.gov.br\/seminf\/wp-json\/wp\/v2\/posts"}],"about":[{"href":"https:\/\/www.manaus.am.gov.br\/seminf\/wp-json\/wp\/v2\/types\/post"}],"author":[{"embeddable":true,"href":"https:\/\/www.manaus.am.gov.br\/seminf\/wp-json\/wp\/v2\/users\/68"}],"replies":[{"embeddable":true,"href":"https:\/\/www.manaus.am.gov.br\/seminf\/wp-json\/wp\/v2\/comments?post=5159"}],"version-history":[{"count":0,"href":"https:\/\/www.manaus.am.gov.br\/seminf\/wp-json\/wp\/v2\/posts\/5159\/revisions"}],"wp:featuredmedia":[{"embeddable":true,"href":"https:\/\/www.manaus.am.gov.br\/seminf\/wp-json\/wp\/v2\/media\/5160"}],"wp:attachment":[{"href":"https:\/\/www.manaus.am.gov.br\/seminf\/wp-json\/wp\/v2\/media?parent=5159"}],"wp:term":[{"taxonomy":"category","embeddable":true,"href":"https:\/\/www.manaus.am.gov.br\/seminf\/wp-json\/wp\/v2\/categories?post=5159"},{"taxonomy":"post_tag","embeddable":true,"href":"https:\/\/www.manaus.am.gov.br\/seminf\/wp-json\/wp\/v2\/tags?post=5159"}],"curies":[{"name":"wp","href":"https:\/\/api.w.org\/{rel}","templated":true}]}}