{"id":5136,"date":"2025-05-08T16:24:28","date_gmt":"2025-05-08T20:24:28","guid":{"rendered":"https:\/\/www.manaus.am.gov.br\/seminf\/asfaltar-parque-riachuelo-david-almeida\/"},"modified":"2025-05-08T16:24:29","modified_gmt":"2025-05-08T20:24:29","slug":"asfaltar-parque-riachuelo-david-almeida","status":"publish","type":"post","link":"https:\/\/www.manaus.am.gov.br\/seminf\/asfaltar-parque-riachuelo-david-almeida\/","title":{"rendered":"Prefeito David Almeida assina ordem de servi\u00e7o para asfaltar 20 ruas da comunidade Parque Riachuelo"},"content":{"rendered":"\n<p>O prefeito de <a href=\"https:\/\/www.instagram.com\/prefeiturademanaus\/\">Manaus<\/a>, David Almeida, assinou, nesta quinta-feira, 8\/5, a ordem de servi\u00e7o para o in\u00edcio das obras de recapeamento asf\u00e1ltico em 20 ruas da comunidade Parque Riachuelo, no bairro Tarum\u00e3, zona Oeste da capital. A assinatura foi realizada ao lado do vice-prefeito e titular da <a href=\"https:\/\/www.manaus.am.gov.br\/seminf\/\">Secretaria Municipal de Infraestrutura (Seminf)<\/a>, Renato Junior, do deputado federal \u00c1tila Lins \u2014 que destinou R$ 8,2 milh\u00f5es em emenda parlamentar para viabilizar os servi\u00e7os \u2014 e da l\u00edder comunit\u00e1ria Suzy Santos, presidente da comunidade Cidad\u00e3o 10, no Parque Riachuelo.<\/p>\n\n\n\n<p>A iniciativa integra o programa de infraestrutura da Prefeitura de Manaus, que visa melhorar a mobilidade urbana e a qualidade de vida da popula\u00e7\u00e3o nas zonas Norte e Oeste da cidade.<\/p>\n\n\n\n<p>Durante a solenidade, o prefeito destacou que, com a redu\u00e7\u00e3o das chuvas, a Prefeitura j\u00e1 pode intensificar as a\u00e7\u00f5es de pavimenta\u00e7\u00e3o.<\/p>\n\n\n\n<p>\u201cEsse \u00e9 o in\u00edcio do nosso trabalho. O \u00faltimo inverno nos castigou muito, com um volume de chuva acima da m\u00e9dia, e agora, com a chegada do sol, vamos avan\u00e7ar firme na recupera\u00e7\u00e3o da malha vi\u00e1ria. Come\u00e7amos pelo Parque Riachuelo com recursos de emenda do deputado \u00c1tila Lins e vamos seguir com frentes em todas as zonas da cidade. N\u00f3s somos a gest\u00e3o que mais asfalto colocou nas ruas da hist\u00f3ria de Manaus, e vamos continuar esse trabalho para transformar a vida da nossa popula\u00e7\u00e3o\u201d, afirmou David Almeida.<\/p>\n\n\n\n<p>O prefeito tamb\u00e9m ressaltou que s\u00f3 nesta etapa, com recursos do deputado \u00c1tila Lins, ser\u00e3o recuperadas 20 ruas no Parque Riachuelo e outras 30 ruas na zona Norte. Al\u00e9m disso, uma nova emenda do parlamentar, de quase R$ 12 milh\u00f5es, j\u00e1 est\u00e1 prevista, somando R$ 20 milh\u00f5es em investimentos.<\/p>\n\n\n\n<p>O deputado federal \u00c1tila Lins refor\u00e7ou sua confian\u00e7a na atual gest\u00e3o municipal e na correta aplica\u00e7\u00e3o dos recursos p\u00fablicos. \u201cDavid, desejo que voc\u00ea continue fazendo um grande governo. Voc\u00ea pode contar com o deputado \u00c1tila. Eu sei que em Manaus, quando voc\u00ea recebe uma emenda, a obra acontece. Aqui os recursos s\u00e3o aplicados corretamente. \u00c9 uma alegria ver que o Parque Riachuelo vai receber essas melhorias gra\u00e7as \u00e0 nossa emenda, e melhor ainda \u00e9 ver que o dinheiro p\u00fablico est\u00e1 sendo usado com responsabilidade e compet\u00eancia\u201d, afirmou.<\/p>\n\n\n\n<p>A solenidade tamb\u00e9m contou com o discurso emocionado da l\u00edder comunit\u00e1ria Suzy Santos, que celebrou a chegada da obra esperada h\u00e1 anos pela popula\u00e7\u00e3o. \u201cHoje, a gente n\u00e3o vai chorar, prefeito, a gente s\u00f3 vai sorrir, porque essa \u00e9 uma obra esperada. Quero agradecer a Deus, ao nosso prefeito David, ao vice-prefeito Renato Junior e ao deputado \u00c1tila Lins, que n\u00e3o esqueceram do Parque Riachuelo. Voc\u00eas moram no meu cora\u00e7\u00e3o e no cora\u00e7\u00e3o da comunidade. A gest\u00e3o passada nos deixou no abandono, mas hoje n\u00f3s fomos lembrados\u201d, declarou Suzy.<\/p>\n\n\n\n<p>O vice-prefeito Renato Junior refor\u00e7ou o compromisso da gest\u00e3o com o trabalho nas comunidades. \u201cA gest\u00e3o do prefeito David chega com m\u00e1quina, asfalto e trabalho. Aqui \u00e9 resultado e comprometimento de verdade. Trabalhamos de dia, de tarde e de noite para mudar a vida das pessoas\u201d, disse.<\/p>\n\n\n\n<p>Moradores tamb\u00e9m celebraram a chegada da obra. O aut\u00f4nomo J\u00falio Bentes, 49 anos, expressou sua alegria: \u201cA popula\u00e7\u00e3o necessita muito desse servi\u00e7o. Quero agradecer ao prefeito David Almeida e ao vice Renato Junior por atenderem \u00e0 nossa demanda.\u201d<\/p>\n\n\n\n<p>J\u00e1 o vendedor Anailton Ferreira, 50 anos, destacou: \u201cAgora que chegou o ver\u00e3o, a prefeitura est\u00e1 aqui para nos contemplar. Somos gratos ao prefeito David Almeida e ao vice Renato Junior por estarem sempre presentes.\u201d<\/p>\n\n\n\n<p>O bairro Tarum\u00e3 j\u00e1 soma aproximadamente 78 ruas beneficiadas com os servi\u00e7os de recapeamento asf\u00e1ltico, com a meta de garantir mais qualidade e dignidade de vida para a popula\u00e7\u00e3o.<\/p>\n\n\n\n<p>&#8212; &#8212; &#8212;<\/p>\n\n\n\n<p><strong>Texto &#8211;<\/strong> Emanuelle Baires \/ Semcom e Rayana Coutinho \/ Seminf<\/p>\n\n\n\n<p><strong>Fotos &#8211;<\/strong> Dhyeizo Lemos \/ Semcom<\/p>\n\n\n\n<p><strong>Dispon\u00edveis em<\/strong> \u2013 <a href=\"https:\/\/flic.kr\/s\/aHBqjCdoYs\">https:\/\/flic.kr\/s\/aHBqjCdoYs<\/a><\/p>\n","protected":false},"excerpt":{"rendered":"","protected":false},"author":57,"featured_media":5137,"comment_status":"closed","ping_status":"closed","sticky":false,"template":"","format":"standard","meta":{"footnotes":""},"categories":[3],"tags":[2000,28,43,26],"acf":[],"yoast_head":"<!-- This site is optimized with the Yoast SEO plugin v23.0 - https:\/\/yoast.com\/wordpress\/plugins\/seo\/ -->\n<title>David Almeida assina ordem para asfaltar Parque Riachuelo<\/title>\n<meta name=\"description\" content=\"O prefeito David Almeida, assinou a ordem de servi\u00e7o para o in\u00edcio das obras de recapeamento asf\u00e1ltico da comunidade Parque Riachuelo.\" \/>\n<meta name=\"robots\" content=\"index, follow, max-snippet:-1, max-image-preview:large, max-video-preview:-1\" \/>\n<link rel=\"canonical\" href=\"https:\/\/www.manaus.am.gov.br\/seminf\/asfaltar-parque-riachuelo-david-almeida\/\" \/>\n<meta property=\"og:locale\" content=\"pt_BR\" \/>\n<meta property=\"og:type\" content=\"article\" \/>\n<meta property=\"og:title\" content=\"David Almeida assina ordem para asfaltar Parque Riachuelo\" \/>\n<meta property=\"og:description\" content=\"O prefeito David Almeida, assinou a ordem de servi\u00e7o para o in\u00edcio das obras de recapeamento asf\u00e1ltico da comunidade Parque Riachuelo.\" \/>\n<meta property=\"og:url\" content=\"https:\/\/www.manaus.am.gov.br\/seminf\/asfaltar-parque-riachuelo-david-almeida\/\" \/>\n<meta property=\"og:site_name\" content=\"SEMINF\" \/>\n<meta property=\"article:published_time\" content=\"2025-05-08T20:24:28+00:00\" \/>\n<meta property=\"article:modified_time\" content=\"2025-05-08T20:24:29+00:00\" \/>\n<meta property=\"og:image\" content=\"https:\/\/www.manaus.am.gov.br\/seminf\/wp-content\/uploads\/sites\/6\/2025\/05\/asfaltar-Parque-Riachuelo-2.jpg\" \/>\n\t<meta property=\"og:image:width\" content=\"799\" \/>\n\t<meta property=\"og:image:height\" content=\"533\" \/>\n\t<meta property=\"og:image:type\" content=\"image\/jpeg\" \/>\n<meta name=\"author\" content=\"Thiago Fernando\" \/>\n<meta name=\"twitter:card\" content=\"summary_large_image\" \/>\n<meta name=\"twitter:label1\" content=\"Written by\" \/>\n\t<meta name=\"twitter:data1\" content=\"Thiago Fernando\" \/>\n\t<meta name=\"twitter:label2\" content=\"Est. reading time\" \/>\n\t<meta name=\"twitter:data2\" content=\"4 minutos\" \/>\n<script type=\"application\/ld+json\" class=\"yoast-schema-graph\">{\"@context\":\"https:\/\/schema.org\",\"@graph\":[{\"@type\":\"WebPage\",\"@id\":\"https:\/\/www.manaus.am.gov.br\/seminf\/asfaltar-parque-riachuelo-david-almeida\/\",\"url\":\"https:\/\/www.manaus.am.gov.br\/seminf\/asfaltar-parque-riachuelo-david-almeida\/\",\"name\":\"David Almeida assina ordem para asfaltar Parque Riachuelo\",\"isPartOf\":{\"@id\":\"https:\/\/www.manaus.am.gov.br\/seminf\/#website\"},\"primaryImageOfPage\":{\"@id\":\"https:\/\/www.manaus.am.gov.br\/seminf\/asfaltar-parque-riachuelo-david-almeida\/#primaryimage\"},\"image\":{\"@id\":\"https:\/\/www.manaus.am.gov.br\/seminf\/asfaltar-parque-riachuelo-david-almeida\/#primaryimage\"},\"thumbnailUrl\":\"https:\/\/www.manaus.am.gov.br\/seminf\/wp-content\/uploads\/sites\/6\/2025\/05\/asfaltar-Parque-Riachuelo-2.jpg\",\"datePublished\":\"2025-05-08T20:24:28+00:00\",\"dateModified\":\"2025-05-08T20:24:29+00:00\",\"author\":{\"@id\":\"https:\/\/www.manaus.am.gov.br\/seminf\/#\/schema\/person\/a5ee5376db6e21af026374b369f30882\"},\"description\":\"O prefeito David Almeida, assinou a ordem de servi\u00e7o para o in\u00edcio das obras de recapeamento asf\u00e1ltico da comunidade Parque Riachuelo.\",\"inLanguage\":\"pt-BR\",\"potentialAction\":[{\"@type\":\"ReadAction\",\"target\":[\"https:\/\/www.manaus.am.gov.br\/seminf\/asfaltar-parque-riachuelo-david-almeida\/\"]}]},{\"@type\":\"ImageObject\",\"inLanguage\":\"pt-BR\",\"@id\":\"https:\/\/www.manaus.am.gov.br\/seminf\/asfaltar-parque-riachuelo-david-almeida\/#primaryimage\",\"url\":\"https:\/\/www.manaus.am.gov.br\/seminf\/wp-content\/uploads\/sites\/6\/2025\/05\/asfaltar-Parque-Riachuelo-2.jpg\",\"contentUrl\":\"https:\/\/www.manaus.am.gov.br\/seminf\/wp-content\/uploads\/sites\/6\/2025\/05\/asfaltar-Parque-Riachuelo-2.jpg\",\"width\":799,\"height\":533,\"caption\":\"asfaltar Parque Riachuelo\"},{\"@type\":\"WebSite\",\"@id\":\"https:\/\/www.manaus.am.gov.br\/seminf\/#website\",\"url\":\"https:\/\/www.manaus.am.gov.br\/seminf\/\",\"name\":\"Secretaria de Infraestrutura\",\"description\":\"Secretaria Municipal de Infraestrutura\",\"potentialAction\":[{\"@type\":\"SearchAction\",\"target\":{\"@type\":\"EntryPoint\",\"urlTemplate\":\"https:\/\/www.manaus.am.gov.br\/seminf\/?s={search_term_string}\"},\"query-input\":\"required name=search_term_string\"}],\"inLanguage\":\"pt-BR\"},{\"@type\":\"Person\",\"@id\":\"https:\/\/www.manaus.am.gov.br\/seminf\/#\/schema\/person\/a5ee5376db6e21af026374b369f30882\",\"name\":\"Thiago Fernando\",\"image\":{\"@type\":\"ImageObject\",\"inLanguage\":\"pt-BR\",\"@id\":\"https:\/\/www.manaus.am.gov.br\/seminf\/#\/schema\/person\/image\/\",\"url\":\"https:\/\/secure.gravatar.com\/avatar\/f5aab8722444041451501c077052ac07?s=96&d=mm&r=g\",\"contentUrl\":\"https:\/\/secure.gravatar.com\/avatar\/f5aab8722444041451501c077052ac07?s=96&d=mm&r=g\",\"caption\":\"Thiago Fernando\"}}]}<\/script>\n<!-- \/ Yoast SEO plugin. -->","yoast_head_json":{"title":"David Almeida assina ordem para asfaltar Parque Riachuelo","description":"O prefeito David Almeida, assinou a ordem de servi\u00e7o para o in\u00edcio das obras de recapeamento asf\u00e1ltico da comunidade Parque Riachuelo.","robots":{"index":"index","follow":"follow","max-snippet":"max-snippet:-1","max-image-preview":"max-image-preview:large","max-video-preview":"max-video-preview:-1"},"canonical":"https:\/\/www.manaus.am.gov.br\/seminf\/asfaltar-parque-riachuelo-david-almeida\/","og_locale":"pt_BR","og_type":"article","og_title":"David Almeida assina ordem para asfaltar Parque Riachuelo","og_description":"O prefeito David Almeida, assinou a ordem de servi\u00e7o para o in\u00edcio das obras de recapeamento asf\u00e1ltico da comunidade Parque Riachuelo.","og_url":"https:\/\/www.manaus.am.gov.br\/seminf\/asfaltar-parque-riachuelo-david-almeida\/","og_site_name":"SEMINF","article_published_time":"2025-05-08T20:24:28+00:00","article_modified_time":"2025-05-08T20:24:29+00:00","og_image":[{"width":799,"height":533,"url":"https:\/\/www.manaus.am.gov.br\/seminf\/wp-content\/uploads\/sites\/6\/2025\/05\/asfaltar-Parque-Riachuelo-2.jpg","type":"image\/jpeg"}],"author":"Thiago Fernando","twitter_card":"summary_large_image","twitter_misc":{"Written by":"Thiago Fernando","Est. reading time":"4 minutos"},"schema":{"@context":"https:\/\/schema.org","@graph":[{"@type":"WebPage","@id":"https:\/\/www.manaus.am.gov.br\/seminf\/asfaltar-parque-riachuelo-david-almeida\/","url":"https:\/\/www.manaus.am.gov.br\/seminf\/asfaltar-parque-riachuelo-david-almeida\/","name":"David Almeida assina ordem para asfaltar Parque Riachuelo","isPartOf":{"@id":"https:\/\/www.manaus.am.gov.br\/seminf\/#website"},"primaryImageOfPage":{"@id":"https:\/\/www.manaus.am.gov.br\/seminf\/asfaltar-parque-riachuelo-david-almeida\/#primaryimage"},"image":{"@id":"https:\/\/www.manaus.am.gov.br\/seminf\/asfaltar-parque-riachuelo-david-almeida\/#primaryimage"},"thumbnailUrl":"https:\/\/www.manaus.am.gov.br\/seminf\/wp-content\/uploads\/sites\/6\/2025\/05\/asfaltar-Parque-Riachuelo-2.jpg","datePublished":"2025-05-08T20:24:28+00:00","dateModified":"2025-05-08T20:24:29+00:00","author":{"@id":"https:\/\/www.manaus.am.gov.br\/seminf\/#\/schema\/person\/a5ee5376db6e21af026374b369f30882"},"description":"O prefeito David Almeida, assinou a ordem de servi\u00e7o para o in\u00edcio das obras de recapeamento asf\u00e1ltico da comunidade Parque Riachuelo.","inLanguage":"pt-BR","potentialAction":[{"@type":"ReadAction","target":["https:\/\/www.manaus.am.gov.br\/seminf\/asfaltar-parque-riachuelo-david-almeida\/"]}]},{"@type":"ImageObject","inLanguage":"pt-BR","@id":"https:\/\/www.manaus.am.gov.br\/seminf\/asfaltar-parque-riachuelo-david-almeida\/#primaryimage","url":"https:\/\/www.manaus.am.gov.br\/seminf\/wp-content\/uploads\/sites\/6\/2025\/05\/asfaltar-Parque-Riachuelo-2.jpg","contentUrl":"https:\/\/www.manaus.am.gov.br\/seminf\/wp-content\/uploads\/sites\/6\/2025\/05\/asfaltar-Parque-Riachuelo-2.jpg","width":799,"height":533,"caption":"asfaltar Parque Riachuelo"},{"@type":"WebSite","@id":"https:\/\/www.manaus.am.gov.br\/seminf\/#website","url":"https:\/\/www.manaus.am.gov.br\/seminf\/","name":"Secretaria de Infraestrutura","description":"Secretaria Municipal de Infraestrutura","potentialAction":[{"@type":"SearchAction","target":{"@type":"EntryPoint","urlTemplate":"https:\/\/www.manaus.am.gov.br\/seminf\/?s={search_term_string}"},"query-input":"required name=search_term_string"}],"inLanguage":"pt-BR"},{"@type":"Person","@id":"https:\/\/www.manaus.am.gov.br\/seminf\/#\/schema\/person\/a5ee5376db6e21af026374b369f30882","name":"Thiago Fernando","image":{"@type":"ImageObject","inLanguage":"pt-BR","@id":"https:\/\/www.manaus.am.gov.br\/seminf\/#\/schema\/person\/image\/","url":"https:\/\/secure.gravatar.com\/avatar\/f5aab8722444041451501c077052ac07?s=96&d=mm&r=g","contentUrl":"https:\/\/secure.gravatar.com\/avatar\/f5aab8722444041451501c077052ac07?s=96&d=mm&r=g","caption":"Thiago Fernando"}}]}},"_links":{"self":[{"href":"https:\/\/www.manaus.am.gov.br\/seminf\/wp-json\/wp\/v2\/posts\/5136"}],"collection":[{"href":"https:\/\/www.manaus.am.gov.br\/seminf\/wp-json\/wp\/v2\/posts"}],"about":[{"href":"https:\/\/www.manaus.am.gov.br\/seminf\/wp-json\/wp\/v2\/types\/post"}],"author":[{"embeddable":true,"href":"https:\/\/www.manaus.am.gov.br\/seminf\/wp-json\/wp\/v2\/users\/57"}],"replies":[{"embeddable":true,"href":"https:\/\/www.manaus.am.gov.br\/seminf\/wp-json\/wp\/v2\/comments?post=5136"}],"version-history":[{"count":0,"href":"https:\/\/www.manaus.am.gov.br\/seminf\/wp-json\/wp\/v2\/posts\/5136\/revisions"}],"wp:featuredmedia":[{"embeddable":true,"href":"https:\/\/www.manaus.am.gov.br\/seminf\/wp-json\/wp\/v2\/media\/5137"}],"wp:attachment":[{"href":"https:\/\/www.manaus.am.gov.br\/seminf\/wp-json\/wp\/v2\/media?parent=5136"}],"wp:term":[{"taxonomy":"category","embeddable":true,"href":"https:\/\/www.manaus.am.gov.br\/seminf\/wp-json\/wp\/v2\/categories?post=5136"},{"taxonomy":"post_tag","embeddable":true,"href":"https:\/\/www.manaus.am.gov.br\/seminf\/wp-json\/wp\/v2\/tags?post=5136"}],"curies":[{"name":"wp","href":"https:\/\/api.w.org\/{rel}","templated":true}]}}