{"id":5105,"date":"2025-05-06T16:32:05","date_gmt":"2025-05-06T20:32:05","guid":{"rendered":"https:\/\/www.manaus.am.gov.br\/seminf\/vistoria-obra-contencao-erosao-zona-oeste\/"},"modified":"2025-05-06T16:32:05","modified_gmt":"2025-05-06T20:32:05","slug":"vistoria-obra-contencao-erosao-zona-oeste","status":"publish","type":"post","link":"https:\/\/www.manaus.am.gov.br\/seminf\/vistoria-obra-contencao-erosao-zona-oeste\/","title":{"rendered":"Prefeito David Almeida fiscaliza obra de conten\u00e7\u00e3o de eros\u00e3o e recupera\u00e7\u00e3o de infraestrutura urbana na zona Oeste"},"content":{"rendered":"\n<p>Visando proporcionar a seguran\u00e7a da popula\u00e7\u00e3o, preservar a via e proteger as margens do curso d\u2019\u00e1gua afetado nas \u00e1reas cr\u00edticas da cidade, o prefeito de Manaus, David Almeida, fiscalizou, nesta ter\u00e7a-feira, 6\/5, uma importante obra de corre\u00e7\u00e3o de eros\u00e3o localizada na avenida Brasil, no bairro Compensa, zona Oeste, que come\u00e7ou a receber os trabalhos de conten\u00e7\u00e3o e recupera\u00e7\u00e3o da infraestrutura urbana nesta semana. \u00a0<\/p>\n\n\n\n<p>\u201cEstamos executando uma conten\u00e7\u00e3o com rip-rap, que \u00e9 uma t\u00e9cnica eficiente para estabilizar o solo e evitar novos deslizamentos. S\u00f3 neste ponto, vamos utilizar cerca de 4 mil sacos de rip-rap para garantir uma base s\u00f3lida e duradoura\u201d, destacou o prefeito.<\/p>\n\n\n\n<p>Al\u00e9m da conten\u00e7\u00e3o da eros\u00e3o, a Prefeitura de Manaus ir\u00e1 recuperar aproximadamente 10 metros de cal\u00e7ada e 10 metros de mureta que foram comprometidos. A medida faz parte de um conjunto de a\u00e7\u00f5es emergenciais que est\u00e3o sendo executadas em diferentes zonas da cidade pela Secretaria Municipal de Infraestrutura (Seminf) para minimizar os impactos das chuvas e garantir a integridade da infraestrutura urbana.<\/p>\n\n\n\n<p>A a\u00e7\u00e3o emergencial na avenida Brasil \u00e9 para conter os danos causados por eros\u00f5es em pontos mais cr\u00edticos da via. As equipes da Seminf j\u00e1 iniciaram a escava\u00e7\u00e3o e a implanta\u00e7\u00e3o de rip-rap, uma estrutura de conten\u00e7\u00e3o com sacas de areia e brita, nos trechos mais comprometidos.<\/p>\n\n\n\n<p>Conforme o vice-prefeito e secret\u00e1rio de Obras, Renato Junior, o trabalho \u00e9 intenso e prioriza a seguran\u00e7a da popula\u00e7\u00e3o. \u201cEstamos atuando nos trechos mais cr\u00edticos da avenida Brasil, onde h\u00e1 risco real de eros\u00e3o. S\u00f3 nesse primeiro ponto, estamos usando 4 mil sacas de rip-rap para conter o avan\u00e7o do problema. \u00c9 um trabalho emergencial e estrat\u00e9gico, que prioriza a seguran\u00e7a de quem passa por aqui todos os dias\u201d, afirma o vice-prefeito.<\/p>\n\n\n\n<p>As obras contam com equipes t\u00e9cnicas e equipamentos especializados, o planejamento \u00e9 que as obras aconte\u00e7am nos pontos cr\u00edticos de toda extens\u00e3o da avenida Brasil, com foco na seguran\u00e7a e no bem-estar dos moradores da regi\u00e3o.<\/p>\n\n\n\n<figure class=\"wp-block-image size-large\"><img loading=\"lazy\" decoding=\"async\" width=\"1024\" height=\"683\" src=\"https:\/\/www.manaus.am.gov.br\/seminf\/wp-content\/uploads\/sites\/6\/2025\/05\/WhatsApp-Image-2025-05-06-at-14.49.16-2-1024x683.jpeg\" alt=\"\" class=\"wp-image-5106\" srcset=\"https:\/\/www.manaus.am.gov.br\/seminf\/wp-content\/uploads\/sites\/6\/2025\/05\/WhatsApp-Image-2025-05-06-at-14.49.16-2-1024x683.jpeg 1024w, https:\/\/www.manaus.am.gov.br\/seminf\/wp-content\/uploads\/sites\/6\/2025\/05\/WhatsApp-Image-2025-05-06-at-14.49.16-2-300x200.jpeg 300w, https:\/\/www.manaus.am.gov.br\/seminf\/wp-content\/uploads\/sites\/6\/2025\/05\/WhatsApp-Image-2025-05-06-at-14.49.16-2-768x512.jpeg 768w, https:\/\/www.manaus.am.gov.br\/seminf\/wp-content\/uploads\/sites\/6\/2025\/05\/WhatsApp-Image-2025-05-06-at-14.49.16-2-1536x1024.jpeg 1536w, https:\/\/www.manaus.am.gov.br\/seminf\/wp-content\/uploads\/sites\/6\/2025\/05\/WhatsApp-Image-2025-05-06-at-14.49.16-2-2048x1365.jpeg 2048w\" sizes=\"(max-width: 1024px) 100vw, 1024px\" \/><\/figure>\n\n\n\n<p>&#8212; &#8212; &#8212;<\/p>\n\n\n\n<p><strong>Texto<\/strong>&nbsp;&#8211; Emanuelle Baires\/Semcom e Alessandra Taveira\/Gabinete do Vice-Prefeito<\/p>\n\n\n\n<p><strong>Fotos<\/strong> &#8211; Dhyeizo Lemos\/Semcom<\/p>\n","protected":false},"excerpt":{"rendered":"","protected":false},"author":39,"featured_media":5107,"comment_status":"closed","ping_status":"closed","sticky":false,"template":"","format":"standard","meta":{"footnotes":""},"categories":[12],"tags":[450,28,820,43,1988,26,203],"acf":[],"yoast_head":"<!-- This site is optimized with the Yoast SEO plugin v23.0 - https:\/\/yoast.com\/wordpress\/plugins\/seo\/ -->\n<title>Prefeito vistoria obra de conten\u00e7\u00e3o de eros\u00e3o na zona Oeste<\/title>\n<meta name=\"description\" content=\"Prefeito David Almeida vistoria obra de conten\u00e7\u00e3o de eros\u00e3o e recupera\u00e7\u00e3o de infraestrutura urbana na zona Oeste.\" \/>\n<meta name=\"robots\" content=\"index, follow, max-snippet:-1, max-image-preview:large, max-video-preview:-1\" \/>\n<link rel=\"canonical\" href=\"https:\/\/www.manaus.am.gov.br\/seminf\/vistoria-obra-contencao-erosao-zona-oeste\/\" \/>\n<meta property=\"og:locale\" content=\"pt_BR\" \/>\n<meta property=\"og:type\" content=\"article\" \/>\n<meta property=\"og:title\" content=\"Prefeito vistoria obra de conten\u00e7\u00e3o de eros\u00e3o na zona Oeste\" \/>\n<meta property=\"og:description\" content=\"Prefeito David Almeida vistoria obra de conten\u00e7\u00e3o de eros\u00e3o e recupera\u00e7\u00e3o de infraestrutura urbana na zona Oeste.\" \/>\n<meta property=\"og:url\" content=\"https:\/\/www.manaus.am.gov.br\/seminf\/vistoria-obra-contencao-erosao-zona-oeste\/\" \/>\n<meta property=\"og:site_name\" content=\"SEMINF\" \/>\n<meta property=\"article:published_time\" content=\"2025-05-06T20:32:05+00:00\" \/>\n<meta property=\"og:image\" content=\"https:\/\/www.manaus.am.gov.br\/seminf\/wp-content\/uploads\/sites\/6\/2025\/05\/WhatsApp-Image-2025-05-06-at-14.49.15.jpeg\" \/>\n\t<meta property=\"og:image:width\" content=\"2493\" \/>\n\t<meta property=\"og:image:height\" content=\"1662\" \/>\n\t<meta property=\"og:image:type\" content=\"image\/jpeg\" \/>\n<meta name=\"author\" content=\"Bruna Greco\" \/>\n<meta name=\"twitter:card\" content=\"summary_large_image\" \/>\n<meta name=\"twitter:label1\" content=\"Written by\" \/>\n\t<meta name=\"twitter:data1\" content=\"Bruna Greco\" \/>\n\t<meta name=\"twitter:label2\" content=\"Est. reading time\" \/>\n\t<meta name=\"twitter:data2\" content=\"3 minutos\" \/>\n<script type=\"application\/ld+json\" class=\"yoast-schema-graph\">{\"@context\":\"https:\/\/schema.org\",\"@graph\":[{\"@type\":\"WebPage\",\"@id\":\"https:\/\/www.manaus.am.gov.br\/seminf\/vistoria-obra-contencao-erosao-zona-oeste\/\",\"url\":\"https:\/\/www.manaus.am.gov.br\/seminf\/vistoria-obra-contencao-erosao-zona-oeste\/\",\"name\":\"Prefeito vistoria obra de conten\u00e7\u00e3o de eros\u00e3o na zona Oeste\",\"isPartOf\":{\"@id\":\"https:\/\/www.manaus.am.gov.br\/seminf\/#website\"},\"primaryImageOfPage\":{\"@id\":\"https:\/\/www.manaus.am.gov.br\/seminf\/vistoria-obra-contencao-erosao-zona-oeste\/#primaryimage\"},\"image\":{\"@id\":\"https:\/\/www.manaus.am.gov.br\/seminf\/vistoria-obra-contencao-erosao-zona-oeste\/#primaryimage\"},\"thumbnailUrl\":\"https:\/\/www.manaus.am.gov.br\/seminf\/wp-content\/uploads\/sites\/6\/2025\/05\/WhatsApp-Image-2025-05-06-at-14.49.15.jpeg\",\"datePublished\":\"2025-05-06T20:32:05+00:00\",\"dateModified\":\"2025-05-06T20:32:05+00:00\",\"author\":{\"@id\":\"https:\/\/www.manaus.am.gov.br\/seminf\/#\/schema\/person\/05d223aea2bf115f9883a6ff3683d81b\"},\"description\":\"Prefeito David Almeida vistoria obra de conten\u00e7\u00e3o de eros\u00e3o e recupera\u00e7\u00e3o de infraestrutura urbana na zona Oeste.\",\"inLanguage\":\"pt-BR\",\"potentialAction\":[{\"@type\":\"ReadAction\",\"target\":[\"https:\/\/www.manaus.am.gov.br\/seminf\/vistoria-obra-contencao-erosao-zona-oeste\/\"]}]},{\"@type\":\"ImageObject\",\"inLanguage\":\"pt-BR\",\"@id\":\"https:\/\/www.manaus.am.gov.br\/seminf\/vistoria-obra-contencao-erosao-zona-oeste\/#primaryimage\",\"url\":\"https:\/\/www.manaus.am.gov.br\/seminf\/wp-content\/uploads\/sites\/6\/2025\/05\/WhatsApp-Image-2025-05-06-at-14.49.15.jpeg\",\"contentUrl\":\"https:\/\/www.manaus.am.gov.br\/seminf\/wp-content\/uploads\/sites\/6\/2025\/05\/WhatsApp-Image-2025-05-06-at-14.49.15.jpeg\",\"width\":2493,\"height\":1662,\"caption\":\"#paratodosverem - Prefeito de Manaus, David Almeida, acompanhando de servidor da Seminf, durante vistoria da obra de conten\u00e7\u00e3o de eros\u00e3o e recupera\u00e7\u00e3o de infraestrutura urbana na avenida Brasil, no bairro Compensa\"},{\"@type\":\"WebSite\",\"@id\":\"https:\/\/www.manaus.am.gov.br\/seminf\/#website\",\"url\":\"https:\/\/www.manaus.am.gov.br\/seminf\/\",\"name\":\"Secretaria de Infraestrutura\",\"description\":\"Secretaria Municipal de Infraestrutura\",\"potentialAction\":[{\"@type\":\"SearchAction\",\"target\":{\"@type\":\"EntryPoint\",\"urlTemplate\":\"https:\/\/www.manaus.am.gov.br\/seminf\/?s={search_term_string}\"},\"query-input\":\"required name=search_term_string\"}],\"inLanguage\":\"pt-BR\"},{\"@type\":\"Person\",\"@id\":\"https:\/\/www.manaus.am.gov.br\/seminf\/#\/schema\/person\/05d223aea2bf115f9883a6ff3683d81b\",\"name\":\"Bruna Greco\",\"image\":{\"@type\":\"ImageObject\",\"inLanguage\":\"pt-BR\",\"@id\":\"https:\/\/www.manaus.am.gov.br\/seminf\/#\/schema\/person\/image\/\",\"url\":\"https:\/\/secure.gravatar.com\/avatar\/9c877d1a6adc2a055330e5c09a8653ce?s=96&d=mm&r=g\",\"contentUrl\":\"https:\/\/secure.gravatar.com\/avatar\/9c877d1a6adc2a055330e5c09a8653ce?s=96&d=mm&r=g\",\"caption\":\"Bruna Greco\"}}]}<\/script>\n<!-- \/ Yoast SEO plugin. -->","yoast_head_json":{"title":"Prefeito vistoria obra de conten\u00e7\u00e3o de eros\u00e3o na zona Oeste","description":"Prefeito David Almeida vistoria obra de conten\u00e7\u00e3o de eros\u00e3o e recupera\u00e7\u00e3o de infraestrutura urbana na zona Oeste.","robots":{"index":"index","follow":"follow","max-snippet":"max-snippet:-1","max-image-preview":"max-image-preview:large","max-video-preview":"max-video-preview:-1"},"canonical":"https:\/\/www.manaus.am.gov.br\/seminf\/vistoria-obra-contencao-erosao-zona-oeste\/","og_locale":"pt_BR","og_type":"article","og_title":"Prefeito vistoria obra de conten\u00e7\u00e3o de eros\u00e3o na zona Oeste","og_description":"Prefeito David Almeida vistoria obra de conten\u00e7\u00e3o de eros\u00e3o e recupera\u00e7\u00e3o de infraestrutura urbana na zona Oeste.","og_url":"https:\/\/www.manaus.am.gov.br\/seminf\/vistoria-obra-contencao-erosao-zona-oeste\/","og_site_name":"SEMINF","article_published_time":"2025-05-06T20:32:05+00:00","og_image":[{"width":2493,"height":1662,"url":"https:\/\/www.manaus.am.gov.br\/seminf\/wp-content\/uploads\/sites\/6\/2025\/05\/WhatsApp-Image-2025-05-06-at-14.49.15.jpeg","type":"image\/jpeg"}],"author":"Bruna Greco","twitter_card":"summary_large_image","twitter_misc":{"Written by":"Bruna Greco","Est. reading time":"3 minutos"},"schema":{"@context":"https:\/\/schema.org","@graph":[{"@type":"WebPage","@id":"https:\/\/www.manaus.am.gov.br\/seminf\/vistoria-obra-contencao-erosao-zona-oeste\/","url":"https:\/\/www.manaus.am.gov.br\/seminf\/vistoria-obra-contencao-erosao-zona-oeste\/","name":"Prefeito vistoria obra de conten\u00e7\u00e3o de eros\u00e3o na zona Oeste","isPartOf":{"@id":"https:\/\/www.manaus.am.gov.br\/seminf\/#website"},"primaryImageOfPage":{"@id":"https:\/\/www.manaus.am.gov.br\/seminf\/vistoria-obra-contencao-erosao-zona-oeste\/#primaryimage"},"image":{"@id":"https:\/\/www.manaus.am.gov.br\/seminf\/vistoria-obra-contencao-erosao-zona-oeste\/#primaryimage"},"thumbnailUrl":"https:\/\/www.manaus.am.gov.br\/seminf\/wp-content\/uploads\/sites\/6\/2025\/05\/WhatsApp-Image-2025-05-06-at-14.49.15.jpeg","datePublished":"2025-05-06T20:32:05+00:00","dateModified":"2025-05-06T20:32:05+00:00","author":{"@id":"https:\/\/www.manaus.am.gov.br\/seminf\/#\/schema\/person\/05d223aea2bf115f9883a6ff3683d81b"},"description":"Prefeito David Almeida vistoria obra de conten\u00e7\u00e3o de eros\u00e3o e recupera\u00e7\u00e3o de infraestrutura urbana na zona Oeste.","inLanguage":"pt-BR","potentialAction":[{"@type":"ReadAction","target":["https:\/\/www.manaus.am.gov.br\/seminf\/vistoria-obra-contencao-erosao-zona-oeste\/"]}]},{"@type":"ImageObject","inLanguage":"pt-BR","@id":"https:\/\/www.manaus.am.gov.br\/seminf\/vistoria-obra-contencao-erosao-zona-oeste\/#primaryimage","url":"https:\/\/www.manaus.am.gov.br\/seminf\/wp-content\/uploads\/sites\/6\/2025\/05\/WhatsApp-Image-2025-05-06-at-14.49.15.jpeg","contentUrl":"https:\/\/www.manaus.am.gov.br\/seminf\/wp-content\/uploads\/sites\/6\/2025\/05\/WhatsApp-Image-2025-05-06-at-14.49.15.jpeg","width":2493,"height":1662,"caption":"#paratodosverem - Prefeito de Manaus, David Almeida, acompanhando de servidor da Seminf, durante vistoria da obra de conten\u00e7\u00e3o de eros\u00e3o e recupera\u00e7\u00e3o de infraestrutura urbana na avenida Brasil, no bairro Compensa"},{"@type":"WebSite","@id":"https:\/\/www.manaus.am.gov.br\/seminf\/#website","url":"https:\/\/www.manaus.am.gov.br\/seminf\/","name":"Secretaria de Infraestrutura","description":"Secretaria Municipal de Infraestrutura","potentialAction":[{"@type":"SearchAction","target":{"@type":"EntryPoint","urlTemplate":"https:\/\/www.manaus.am.gov.br\/seminf\/?s={search_term_string}"},"query-input":"required name=search_term_string"}],"inLanguage":"pt-BR"},{"@type":"Person","@id":"https:\/\/www.manaus.am.gov.br\/seminf\/#\/schema\/person\/05d223aea2bf115f9883a6ff3683d81b","name":"Bruna Greco","image":{"@type":"ImageObject","inLanguage":"pt-BR","@id":"https:\/\/www.manaus.am.gov.br\/seminf\/#\/schema\/person\/image\/","url":"https:\/\/secure.gravatar.com\/avatar\/9c877d1a6adc2a055330e5c09a8653ce?s=96&d=mm&r=g","contentUrl":"https:\/\/secure.gravatar.com\/avatar\/9c877d1a6adc2a055330e5c09a8653ce?s=96&d=mm&r=g","caption":"Bruna Greco"}}]}},"_links":{"self":[{"href":"https:\/\/www.manaus.am.gov.br\/seminf\/wp-json\/wp\/v2\/posts\/5105"}],"collection":[{"href":"https:\/\/www.manaus.am.gov.br\/seminf\/wp-json\/wp\/v2\/posts"}],"about":[{"href":"https:\/\/www.manaus.am.gov.br\/seminf\/wp-json\/wp\/v2\/types\/post"}],"author":[{"embeddable":true,"href":"https:\/\/www.manaus.am.gov.br\/seminf\/wp-json\/wp\/v2\/users\/39"}],"replies":[{"embeddable":true,"href":"https:\/\/www.manaus.am.gov.br\/seminf\/wp-json\/wp\/v2\/comments?post=5105"}],"version-history":[{"count":1,"href":"https:\/\/www.manaus.am.gov.br\/seminf\/wp-json\/wp\/v2\/posts\/5105\/revisions"}],"predecessor-version":[{"id":5109,"href":"https:\/\/www.manaus.am.gov.br\/seminf\/wp-json\/wp\/v2\/posts\/5105\/revisions\/5109"}],"wp:featuredmedia":[{"embeddable":true,"href":"https:\/\/www.manaus.am.gov.br\/seminf\/wp-json\/wp\/v2\/media\/5107"}],"wp:attachment":[{"href":"https:\/\/www.manaus.am.gov.br\/seminf\/wp-json\/wp\/v2\/media?parent=5105"}],"wp:term":[{"taxonomy":"category","embeddable":true,"href":"https:\/\/www.manaus.am.gov.br\/seminf\/wp-json\/wp\/v2\/categories?post=5105"},{"taxonomy":"post_tag","embeddable":true,"href":"https:\/\/www.manaus.am.gov.br\/seminf\/wp-json\/wp\/v2\/tags?post=5105"}],"curies":[{"name":"wp","href":"https:\/\/api.w.org\/{rel}","templated":true}]}}