{"id":4785,"date":"2025-04-08T17:26:26","date_gmt":"2025-04-08T21:26:26","guid":{"rendered":"https:\/\/www.manaus.am.gov.br\/seminf\/avanco-das-obras-do-complexo-viario-rei-pele\/"},"modified":"2025-04-08T17:26:28","modified_gmt":"2025-04-08T21:26:28","slug":"avanco-das-obras-do-complexo-viario-rei-pele","status":"publish","type":"post","link":"https:\/\/www.manaus.am.gov.br\/seminf\/avanco-das-obras-do-complexo-viario-rei-pele\/","title":{"rendered":"Prefeito David Almeida vistoria avan\u00e7o das obras do complexo vi\u00e1rio Rei Pel\u00e9 na zona Leste"},"content":{"rendered":"\n<p>As obras do complexo vi\u00e1rio Rei Pel\u00e9, na zona Leste da cidade, seguem avan\u00e7ando em ritmo acelerado. Nesta ter\u00e7a-feira, 8\/4, o prefeito de Manaus, David Almeida, esteve no canteiro para vistoriar os trabalhos executados pela Secretaria Municipal de Infraestrutura (Seminf) e reafirmar o compromisso da gest\u00e3o com a mobilidade urbana da capital.<\/p>\n\n\n\n<p>\u201cN\u00f3s estamos aqui na parte debaixo, na trincheira do complexo vi\u00e1rio Rei Pel\u00e9. As obras avan\u00e7am a cada dia e a nossa expectativa \u00e9 que o mais r\u00e1pido poss\u00edvel a gente possa entregar essa obra vi\u00e1ria, que vai ajudar a desafogar o tr\u00e2nsito aqui nesta zona da cidade de Manaus\u201d, afirmou o prefeito.&nbsp;<\/p>\n\n\n\n<p>Desde a \u00faltima visita do chefe do Executivo municipal ao local, no dia 28\/3, a obra avan\u00e7ou com a concretagem do m\u00f3dulo 12, que recebeu 550 metros c\u00fabicos de concreto, al\u00e9m da arma\u00e7\u00e3o das paredes dos m\u00f3dulos que ainda n\u00e3o haviam sido iniciados. Nesta ter\u00e7a-feira, as equipes da Seminf atuam na concretagem das paredes da trincheira nos m\u00f3dulos 12 e 13, arma\u00e7\u00e3o da parede no m\u00f3dulo 15, constru\u00e7\u00e3o de drenagem profunda e arma\u00e7\u00e3o da laje onde ficar\u00e1 a rotat\u00f3ria do complexo. Tamb\u00e9m seguem os trabalhos de acabamento nas paredes j\u00e1 conclu\u00eddas no trecho da avenida Autaz Mirim.<\/p>\n\n\n\n<p>\u201cA cada semana o avan\u00e7o \u00e9 vis\u00edvel. Depois da visita do prefeito, j\u00e1 concretamos o m\u00f3dulo 12, com mais de 550 metros c\u00fabicos de concreto, e seguimos com novas frentes de trabalho. Essa \u00e9 uma obra estrat\u00e9gica para Manaus e estamos executando com o m\u00e1ximo de efici\u00eancia para entregar o quanto antes \u00e0 popula\u00e7\u00e3o como determinou o prefeito David\u201d, destacou o subsecret\u00e1rio de Obras P\u00fablicas da Seminf, Madson Rodrigues.<\/p>\n\n\n\n<p>A obra j\u00e1 alcan\u00e7ou 90% de execu\u00e7\u00e3o e \u00e9 considerada uma das mais desafiadoras interven\u00e7\u00f5es de mobilidade urbana da cidade. At\u00e9 o momento, foram conclu\u00eddos oito mil estirantes, 362 estacas e a perfura\u00e7\u00e3o das estacas na avenida Camapu\u00e3 e a arma\u00e7\u00e3o da parede da laje do m\u00f3dulo 3, trecho que liga as avenidas Ita\u00faba e Camapu\u00e3.<\/p>\n\n\n\n<p>\u201cEssa era uma das regi\u00f5es mais cr\u00edticas da cidade em termos de tr\u00e2nsito. Era comum registrarmos acidentes e longas reten\u00e7\u00f5es aqui na rotat\u00f3ria do Produtor. Com essa interven\u00e7\u00e3o, estamos virando essa p\u00e1gina e devolvendo seguran\u00e7a e fluidez ao povo da zona Leste\u201d, concluiu Madson.<\/p>\n\n\n\n<p>&#8212; &#8212; &#8212;<\/p>\n\n\n\n<p><strong>Texto &#8211; <\/strong>Emanuelle Baires\/Semcom e Alessandra Taveira\/Vice-Prefeitura&nbsp;<\/p>\n\n\n\n<p><strong>Fotos &#8211; <\/strong>Dhyeizo Lemos\/Semcom<\/p>\n\n\n\n<p><strong>Dispon\u00edveis em &#8211;<\/strong> <a href=\"https:\/\/flic.kr\/s\/aHBqjC8mkf\">https:\/\/flic.kr\/s\/aHBqjC8mkf<\/a>&nbsp;<\/p>\n","protected":false},"excerpt":{"rendered":"","protected":false},"author":68,"featured_media":4786,"comment_status":"closed","ping_status":"closed","sticky":false,"template":"","format":"standard","meta":{"footnotes":""},"categories":[560],"tags":[1895,28,43],"acf":[],"yoast_head":"<!-- This site is optimized with the Yoast SEO plugin v23.0 - https:\/\/yoast.com\/wordpress\/plugins\/seo\/ -->\n<title>Prefeito David Almeida vistoria avan\u00e7o das obras do complexo vi\u00e1rio Rei Pel\u00e9 na zona Leste<\/title>\n<meta name=\"description\" content=\"As obras do complexo vi\u00e1rio Rei Pel\u00e9, na zona Leste da cidade, seguem avan\u00e7ando em ritmo acelerado. Nesta ter\u00e7a-feira, 8\/4, o prefeito de Manaus, David Almeida, esteve no canteiro para vistoriar os trabalhos executados pela Secretaria Municipal de Infraestrutura (Seminf) e reafirmar o compromisso da gest\u00e3o com a mobilidade urbana da capital.\" \/>\n<meta name=\"robots\" content=\"index, follow, max-snippet:-1, max-image-preview:large, max-video-preview:-1\" \/>\n<link rel=\"canonical\" href=\"https:\/\/www.manaus.am.gov.br\/seminf\/avanco-das-obras-do-complexo-viario-rei-pele\/\" \/>\n<meta property=\"og:locale\" content=\"pt_BR\" \/>\n<meta property=\"og:type\" content=\"article\" \/>\n<meta property=\"og:title\" content=\"Prefeito David Almeida vistoria avan\u00e7o das obras do complexo vi\u00e1rio Rei Pel\u00e9 na zona Leste\" \/>\n<meta property=\"og:description\" content=\"As obras do complexo vi\u00e1rio Rei Pel\u00e9, na zona Leste da cidade, seguem avan\u00e7ando em ritmo acelerado. Nesta ter\u00e7a-feira, 8\/4, o prefeito de Manaus, David Almeida, esteve no canteiro para vistoriar os trabalhos executados pela Secretaria Municipal de Infraestrutura (Seminf) e reafirmar o compromisso da gest\u00e3o com a mobilidade urbana da capital.\" \/>\n<meta property=\"og:url\" content=\"https:\/\/www.manaus.am.gov.br\/seminf\/avanco-das-obras-do-complexo-viario-rei-pele\/\" \/>\n<meta property=\"og:site_name\" content=\"SEMINF\" \/>\n<meta property=\"article:published_time\" content=\"2025-04-08T21:26:26+00:00\" \/>\n<meta property=\"article:modified_time\" content=\"2025-04-08T21:26:28+00:00\" \/>\n<meta property=\"og:image\" content=\"https:\/\/www.manaus.am.gov.br\/seminf\/wp-content\/uploads\/sites\/6\/2025\/04\/WhatsApp-Image-2025-04-08-at-17.21.45.jpeg\" \/>\n\t<meta property=\"og:image:width\" content=\"1600\" \/>\n\t<meta property=\"og:image:height\" content=\"1066\" \/>\n\t<meta property=\"og:image:type\" content=\"image\/jpeg\" \/>\n<meta name=\"author\" content=\"bvalente\" \/>\n<meta name=\"twitter:card\" content=\"summary_large_image\" \/>\n<meta name=\"twitter:label1\" content=\"Written by\" \/>\n\t<meta name=\"twitter:data1\" content=\"bvalente\" \/>\n\t<meta name=\"twitter:label2\" content=\"Est. reading time\" \/>\n\t<meta name=\"twitter:data2\" content=\"3 minutos\" \/>\n<script type=\"application\/ld+json\" class=\"yoast-schema-graph\">{\"@context\":\"https:\/\/schema.org\",\"@graph\":[{\"@type\":\"WebPage\",\"@id\":\"https:\/\/www.manaus.am.gov.br\/seminf\/avanco-das-obras-do-complexo-viario-rei-pele\/\",\"url\":\"https:\/\/www.manaus.am.gov.br\/seminf\/avanco-das-obras-do-complexo-viario-rei-pele\/\",\"name\":\"Prefeito David Almeida vistoria avan\u00e7o das obras do complexo vi\u00e1rio Rei Pel\u00e9 na zona Leste\",\"isPartOf\":{\"@id\":\"https:\/\/www.manaus.am.gov.br\/seminf\/#website\"},\"primaryImageOfPage\":{\"@id\":\"https:\/\/www.manaus.am.gov.br\/seminf\/avanco-das-obras-do-complexo-viario-rei-pele\/#primaryimage\"},\"image\":{\"@id\":\"https:\/\/www.manaus.am.gov.br\/seminf\/avanco-das-obras-do-complexo-viario-rei-pele\/#primaryimage\"},\"thumbnailUrl\":\"https:\/\/www.manaus.am.gov.br\/seminf\/wp-content\/uploads\/sites\/6\/2025\/04\/WhatsApp-Image-2025-04-08-at-17.21.45.jpeg\",\"datePublished\":\"2025-04-08T21:26:26+00:00\",\"dateModified\":\"2025-04-08T21:26:28+00:00\",\"author\":{\"@id\":\"https:\/\/www.manaus.am.gov.br\/seminf\/#\/schema\/person\/466a0e03ae4b6062809046bd560ac955\"},\"description\":\"As obras do complexo vi\u00e1rio Rei Pel\u00e9, na zona Leste da cidade, seguem avan\u00e7ando em ritmo acelerado. Nesta ter\u00e7a-feira, 8\/4, o prefeito de Manaus, David Almeida, esteve no canteiro para vistoriar os trabalhos executados pela Secretaria Municipal de Infraestrutura (Seminf) e reafirmar o compromisso da gest\u00e3o com a mobilidade urbana da capital.\",\"inLanguage\":\"pt-BR\",\"potentialAction\":[{\"@type\":\"ReadAction\",\"target\":[\"https:\/\/www.manaus.am.gov.br\/seminf\/avanco-das-obras-do-complexo-viario-rei-pele\/\"]}]},{\"@type\":\"ImageObject\",\"inLanguage\":\"pt-BR\",\"@id\":\"https:\/\/www.manaus.am.gov.br\/seminf\/avanco-das-obras-do-complexo-viario-rei-pele\/#primaryimage\",\"url\":\"https:\/\/www.manaus.am.gov.br\/seminf\/wp-content\/uploads\/sites\/6\/2025\/04\/WhatsApp-Image-2025-04-08-at-17.21.45.jpeg\",\"contentUrl\":\"https:\/\/www.manaus.am.gov.br\/seminf\/wp-content\/uploads\/sites\/6\/2025\/04\/WhatsApp-Image-2025-04-08-at-17.21.45.jpeg\",\"width\":1600,\"height\":1066},{\"@type\":\"WebSite\",\"@id\":\"https:\/\/www.manaus.am.gov.br\/seminf\/#website\",\"url\":\"https:\/\/www.manaus.am.gov.br\/seminf\/\",\"name\":\"Secretaria de Infraestrutura\",\"description\":\"Secretaria Municipal de Infraestrutura\",\"potentialAction\":[{\"@type\":\"SearchAction\",\"target\":{\"@type\":\"EntryPoint\",\"urlTemplate\":\"https:\/\/www.manaus.am.gov.br\/seminf\/?s={search_term_string}\"},\"query-input\":\"required name=search_term_string\"}],\"inLanguage\":\"pt-BR\"},{\"@type\":\"Person\",\"@id\":\"https:\/\/www.manaus.am.gov.br\/seminf\/#\/schema\/person\/466a0e03ae4b6062809046bd560ac955\",\"name\":\"bvalente\",\"image\":{\"@type\":\"ImageObject\",\"inLanguage\":\"pt-BR\",\"@id\":\"https:\/\/www.manaus.am.gov.br\/seminf\/#\/schema\/person\/image\/\",\"url\":\"https:\/\/secure.gravatar.com\/avatar\/3e69bc2b014bdad41adfec3a39de07d2?s=96&d=mm&r=g\",\"contentUrl\":\"https:\/\/secure.gravatar.com\/avatar\/3e69bc2b014bdad41adfec3a39de07d2?s=96&d=mm&r=g\",\"caption\":\"bvalente\"}}]}<\/script>\n<!-- \/ Yoast SEO plugin. -->","yoast_head_json":{"title":"Prefeito David Almeida vistoria avan\u00e7o das obras do complexo vi\u00e1rio Rei Pel\u00e9 na zona Leste","description":"As obras do complexo vi\u00e1rio Rei Pel\u00e9, na zona Leste da cidade, seguem avan\u00e7ando em ritmo acelerado. Nesta ter\u00e7a-feira, 8\/4, o prefeito de Manaus, David Almeida, esteve no canteiro para vistoriar os trabalhos executados pela Secretaria Municipal de Infraestrutura (Seminf) e reafirmar o compromisso da gest\u00e3o com a mobilidade urbana da capital.","robots":{"index":"index","follow":"follow","max-snippet":"max-snippet:-1","max-image-preview":"max-image-preview:large","max-video-preview":"max-video-preview:-1"},"canonical":"https:\/\/www.manaus.am.gov.br\/seminf\/avanco-das-obras-do-complexo-viario-rei-pele\/","og_locale":"pt_BR","og_type":"article","og_title":"Prefeito David Almeida vistoria avan\u00e7o das obras do complexo vi\u00e1rio Rei Pel\u00e9 na zona Leste","og_description":"As obras do complexo vi\u00e1rio Rei Pel\u00e9, na zona Leste da cidade, seguem avan\u00e7ando em ritmo acelerado. Nesta ter\u00e7a-feira, 8\/4, o prefeito de Manaus, David Almeida, esteve no canteiro para vistoriar os trabalhos executados pela Secretaria Municipal de Infraestrutura (Seminf) e reafirmar o compromisso da gest\u00e3o com a mobilidade urbana da capital.","og_url":"https:\/\/www.manaus.am.gov.br\/seminf\/avanco-das-obras-do-complexo-viario-rei-pele\/","og_site_name":"SEMINF","article_published_time":"2025-04-08T21:26:26+00:00","article_modified_time":"2025-04-08T21:26:28+00:00","og_image":[{"width":1600,"height":1066,"url":"https:\/\/www.manaus.am.gov.br\/seminf\/wp-content\/uploads\/sites\/6\/2025\/04\/WhatsApp-Image-2025-04-08-at-17.21.45.jpeg","type":"image\/jpeg"}],"author":"bvalente","twitter_card":"summary_large_image","twitter_misc":{"Written by":"bvalente","Est. reading time":"3 minutos"},"schema":{"@context":"https:\/\/schema.org","@graph":[{"@type":"WebPage","@id":"https:\/\/www.manaus.am.gov.br\/seminf\/avanco-das-obras-do-complexo-viario-rei-pele\/","url":"https:\/\/www.manaus.am.gov.br\/seminf\/avanco-das-obras-do-complexo-viario-rei-pele\/","name":"Prefeito David Almeida vistoria avan\u00e7o das obras do complexo vi\u00e1rio Rei Pel\u00e9 na zona Leste","isPartOf":{"@id":"https:\/\/www.manaus.am.gov.br\/seminf\/#website"},"primaryImageOfPage":{"@id":"https:\/\/www.manaus.am.gov.br\/seminf\/avanco-das-obras-do-complexo-viario-rei-pele\/#primaryimage"},"image":{"@id":"https:\/\/www.manaus.am.gov.br\/seminf\/avanco-das-obras-do-complexo-viario-rei-pele\/#primaryimage"},"thumbnailUrl":"https:\/\/www.manaus.am.gov.br\/seminf\/wp-content\/uploads\/sites\/6\/2025\/04\/WhatsApp-Image-2025-04-08-at-17.21.45.jpeg","datePublished":"2025-04-08T21:26:26+00:00","dateModified":"2025-04-08T21:26:28+00:00","author":{"@id":"https:\/\/www.manaus.am.gov.br\/seminf\/#\/schema\/person\/466a0e03ae4b6062809046bd560ac955"},"description":"As obras do complexo vi\u00e1rio Rei Pel\u00e9, na zona Leste da cidade, seguem avan\u00e7ando em ritmo acelerado. Nesta ter\u00e7a-feira, 8\/4, o prefeito de Manaus, David Almeida, esteve no canteiro para vistoriar os trabalhos executados pela Secretaria Municipal de Infraestrutura (Seminf) e reafirmar o compromisso da gest\u00e3o com a mobilidade urbana da capital.","inLanguage":"pt-BR","potentialAction":[{"@type":"ReadAction","target":["https:\/\/www.manaus.am.gov.br\/seminf\/avanco-das-obras-do-complexo-viario-rei-pele\/"]}]},{"@type":"ImageObject","inLanguage":"pt-BR","@id":"https:\/\/www.manaus.am.gov.br\/seminf\/avanco-das-obras-do-complexo-viario-rei-pele\/#primaryimage","url":"https:\/\/www.manaus.am.gov.br\/seminf\/wp-content\/uploads\/sites\/6\/2025\/04\/WhatsApp-Image-2025-04-08-at-17.21.45.jpeg","contentUrl":"https:\/\/www.manaus.am.gov.br\/seminf\/wp-content\/uploads\/sites\/6\/2025\/04\/WhatsApp-Image-2025-04-08-at-17.21.45.jpeg","width":1600,"height":1066},{"@type":"WebSite","@id":"https:\/\/www.manaus.am.gov.br\/seminf\/#website","url":"https:\/\/www.manaus.am.gov.br\/seminf\/","name":"Secretaria de Infraestrutura","description":"Secretaria Municipal de Infraestrutura","potentialAction":[{"@type":"SearchAction","target":{"@type":"EntryPoint","urlTemplate":"https:\/\/www.manaus.am.gov.br\/seminf\/?s={search_term_string}"},"query-input":"required name=search_term_string"}],"inLanguage":"pt-BR"},{"@type":"Person","@id":"https:\/\/www.manaus.am.gov.br\/seminf\/#\/schema\/person\/466a0e03ae4b6062809046bd560ac955","name":"bvalente","image":{"@type":"ImageObject","inLanguage":"pt-BR","@id":"https:\/\/www.manaus.am.gov.br\/seminf\/#\/schema\/person\/image\/","url":"https:\/\/secure.gravatar.com\/avatar\/3e69bc2b014bdad41adfec3a39de07d2?s=96&d=mm&r=g","contentUrl":"https:\/\/secure.gravatar.com\/avatar\/3e69bc2b014bdad41adfec3a39de07d2?s=96&d=mm&r=g","caption":"bvalente"}}]}},"_links":{"self":[{"href":"https:\/\/www.manaus.am.gov.br\/seminf\/wp-json\/wp\/v2\/posts\/4785"}],"collection":[{"href":"https:\/\/www.manaus.am.gov.br\/seminf\/wp-json\/wp\/v2\/posts"}],"about":[{"href":"https:\/\/www.manaus.am.gov.br\/seminf\/wp-json\/wp\/v2\/types\/post"}],"author":[{"embeddable":true,"href":"https:\/\/www.manaus.am.gov.br\/seminf\/wp-json\/wp\/v2\/users\/68"}],"replies":[{"embeddable":true,"href":"https:\/\/www.manaus.am.gov.br\/seminf\/wp-json\/wp\/v2\/comments?post=4785"}],"version-history":[{"count":0,"href":"https:\/\/www.manaus.am.gov.br\/seminf\/wp-json\/wp\/v2\/posts\/4785\/revisions"}],"wp:featuredmedia":[{"embeddable":true,"href":"https:\/\/www.manaus.am.gov.br\/seminf\/wp-json\/wp\/v2\/media\/4786"}],"wp:attachment":[{"href":"https:\/\/www.manaus.am.gov.br\/seminf\/wp-json\/wp\/v2\/media?parent=4785"}],"wp:term":[{"taxonomy":"category","embeddable":true,"href":"https:\/\/www.manaus.am.gov.br\/seminf\/wp-json\/wp\/v2\/categories?post=4785"},{"taxonomy":"post_tag","embeddable":true,"href":"https:\/\/www.manaus.am.gov.br\/seminf\/wp-json\/wp\/v2\/tags?post=4785"}],"curies":[{"name":"wp","href":"https:\/\/api.w.org\/{rel}","templated":true}]}}