{"id":4731,"date":"2025-04-03T19:44:39","date_gmt":"2025-04-03T23:44:39","guid":{"rendered":"https:\/\/www.manaus.am.gov.br\/seminf\/alerta-sobre-descarte-irregular\/"},"modified":"2025-04-03T19:49:47","modified_gmt":"2025-04-03T23:49:47","slug":"alerta-sobre-descarte-irregular","status":"publish","type":"post","link":"https:\/\/www.manaus.am.gov.br\/seminf\/alerta-sobre-descarte-irregular\/","title":{"rendered":"Prefeitura de Manaus refor\u00e7a alerta sobre descarte irregular de lixo e destaca a\u00e7\u00f5es para reduzir alaga\u00e7\u00f5es na cidade"},"content":{"rendered":"\n<p>Em meio ao rigoroso per\u00edodo de chuvas que atinge Manaus, o vice-prefeito e secret\u00e1rio de Obras, Renato Junior, fez um novo alerta \u00e0 popula\u00e7\u00e3o, nesta quinta-feira, 3\/4, sobre os impactos do descarte incorreto de lixo. A capital produz mais de 2,3 mil toneladas de res\u00edduos por dia, o equivalente a cerca de 575 caminh\u00f5es ca\u00e7amba cheios, e boa parte desse lixo acaba indo parar em bueiros, igarap\u00e9s e redes de drenagem, agravando as alaga\u00e7\u00f5es e provocando danos \u00e0 infraestrutura urbana.<\/p>\n\n\n\n<p>\u201cO que mais encontramos nas caixas coletoras s\u00e3o sacolas pl\u00e1sticas, embalagens, garrafas PET, restos de m\u00f3veis e at\u00e9 eletrodom\u00e9sticos jogados de forma irregular. Enquanto isso continuar, o lixo vai voltar, entope bueiros, alaga ruas, polui a cidade. Precisamos de uma mudan\u00e7a de consci\u00eancia coletiva\u201d, afirma Renato.<\/p>\n\n\n\n<p>S\u00f3 em 2025, a Prefeitura de Manaus, por meio da Secretaria Municipal de Infraestrutura (Seminf), realizou a amplia\u00e7\u00e3o de 828 drenagens profundas, desobstruiu 1.378 bueiros e realizou 1.420 limpezas de bocas de lobo, dentro de um cronograma intensivo de manuten\u00e7\u00e3o urbana. As a\u00e7\u00f5es se estendem tamb\u00e9m aos igarap\u00e9s da capital: mais de 470 mil metros c\u00fabicos de sedimentos foram retirados das fozes dos igarap\u00e9s S\u00e3o Raimundo, Educandos e Tarum\u00e3 no primeiro mandato.<\/p>\n\n\n\n<figure class=\"wp-block-image size-large\"><img loading=\"lazy\" decoding=\"async\" width=\"683\" height=\"1024\" src=\"https:\/\/www.manaus.am.gov.br\/seminf\/wp-content\/uploads\/sites\/6\/2025\/04\/Foto-03-04-2025-18-20-46-2-683x1024.jpg\" alt=\"\" class=\"wp-image-4743\" srcset=\"https:\/\/www.manaus.am.gov.br\/seminf\/wp-content\/uploads\/sites\/6\/2025\/04\/Foto-03-04-2025-18-20-46-2-683x1024.jpg 683w, https:\/\/www.manaus.am.gov.br\/seminf\/wp-content\/uploads\/sites\/6\/2025\/04\/Foto-03-04-2025-18-20-46-2-200x300.jpg 200w, https:\/\/www.manaus.am.gov.br\/seminf\/wp-content\/uploads\/sites\/6\/2025\/04\/Foto-03-04-2025-18-20-46-2-768x1152.jpg 768w, https:\/\/www.manaus.am.gov.br\/seminf\/wp-content\/uploads\/sites\/6\/2025\/04\/Foto-03-04-2025-18-20-46-2-1024x1536.jpg 1024w, https:\/\/www.manaus.am.gov.br\/seminf\/wp-content\/uploads\/sites\/6\/2025\/04\/Foto-03-04-2025-18-20-46-2-1365x2048.jpg 1365w\" sizes=\"(max-width: 683px) 100vw, 683px\" \/><\/figure>\n\n\n\n<p>Dentro das comunidades, as a\u00e7\u00f5es s\u00e3o complementadas por projetos estruturantes. Um dos principais \u00e9 a revitaliza\u00e7\u00e3o do igarap\u00e9 do Mindu, o maior da capital, com cerca de 22 quil\u00f4metros de extens\u00e3o, cortando \u00e1reas densamente povoadas da zona Centro-Sul e Leste. O igarap\u00e9 \u00e9 crucial para o escoamento das \u00e1guas da chuva, mas h\u00e1 anos sofre com o assoreamento e a polui\u00e7\u00e3o causados pelo descarte irregular de res\u00edduos.<\/p>\n\n\n\n<p>A Unidade Executora do Programa de Infraestrutura Urbana e Ambiental (UEP-Seminf) coordena a execu\u00e7\u00e3o do Parque Linear I (PL1), no trecho entre o Centro de Vigil\u00e2ncia e a ponte da avenida Autaz Mirim. O projeto contempla a requalifica\u00e7\u00e3o urbana e ambiental, com a\u00e7\u00f5es como execu\u00e7\u00e3o de macro e microdrenagem, conten\u00e7\u00e3o das margens com gabi\u00e3o e capim vetiver, urbaniza\u00e7\u00e3o, plantio de grama, execu\u00e7\u00e3o de sarjetas, cal\u00e7adas, passarelas e uma nova ponte. O contrato da obra est\u00e1 avaliado em R$ 25,8 milh\u00f5es.<\/p>\n\n\n\n<p><strong>Servi\u00e7os<\/strong><\/p>\n\n\n\n<p>Entre os servi\u00e7os j\u00e1 executados at\u00e9 dezembro de 2024, est\u00e3o: 1.160 metros de macrodrenagem; 8.350 metros quadrados de gabi\u00e3o para prote\u00e7\u00e3o de margens; 7.900 metros quadrados de plantio de grama; 36 bocas de lobo duplas; 2.700 metros quadrados de passeio para pedestres; 1 passarela constru\u00edda.<\/p>\n\n\n\n<p>Ainda ser\u00e3o realizados: 1.760 metros de macrodrenagem; 231 mil unidades de capim vetiver; 54 mil metros quadrados de grama; 87 bocas de lobo duplas; 1 ponte e mais uma passarela para pedestres.<\/p>\n\n\n\n<p>As medidas fazem parte de um esfor\u00e7o cont\u00ednuo para melhorar a drenagem da cidade, mitigar os efeitos das chuvas e garantir mais qualidade de vida \u00e0 popula\u00e7\u00e3o. Al\u00e9m das obras estruturais, a prefeitura mant\u00e9m a\u00e7\u00f5es de educa\u00e7\u00e3o ambiental em escolas, ensinando crian\u00e7as a cuidarem do igarap\u00e9 do Mindu e a fazerem o descarte correto do lixo.<\/p>\n\n\n\n<p>\u201cFizemos tudo isso e ainda mais. Mas o desafio \u00e9 coletivo. Se cada um fizer sua parte, a cidade agradece\u201d, refor\u00e7a o vice-prefeito Renato Junior.<\/p>\n\n\n\n<p>\u2014 \u2014 \u2014<\/p>\n\n\n\n<p><strong>Texto &#8211; <\/strong>Alessandra Taveira\/Vice-Prefeitura<\/p>\n\n\n\n<p><strong>Fotos &#8211;<\/strong> Carlos Oliveira\/Vice-Prefeitura<\/p>\n","protected":false},"excerpt":{"rendered":"","protected":false},"author":68,"featured_media":4746,"comment_status":"closed","ping_status":"closed","sticky":false,"template":"","format":"standard","meta":{"footnotes":""},"categories":[1830],"tags":[43,1884],"acf":[],"yoast_head":"<!-- This site is optimized with the Yoast SEO plugin v23.0 - https:\/\/yoast.com\/wordpress\/plugins\/seo\/ -->\n<title>Prefeitura de Manaus refor\u00e7a alerta sobre descarte irregular de lixo e destaca a\u00e7\u00f5es para reduzir alaga\u00e7\u00f5es na cidade<\/title>\n<meta name=\"description\" content=\"Em meio ao rigoroso per\u00edodo de chuvas que atinge Manaus, o vice-prefeito e secret\u00e1rio de Obras, Renato Junior, fez um novo alerta \u00e0 popula\u00e7\u00e3o, nesta quinta-feira, 3\/4, sobre os impactos do descarte incorreto de lixo. A capital produz mais de 2,3 mil toneladas de res\u00edduos por dia, o equivalente a cerca de 575 caminh\u00f5es ca\u00e7amba cheios, e boa parte desse lixo acaba indo parar em bueiros, igarap\u00e9s e redes de drenagem, agravando as alaga\u00e7\u00f5es e provocando danos \u00e0 infraestrutura urbana\" \/>\n<meta name=\"robots\" content=\"index, follow, max-snippet:-1, max-image-preview:large, max-video-preview:-1\" \/>\n<link rel=\"canonical\" href=\"https:\/\/www.manaus.am.gov.br\/seminf\/alerta-sobre-descarte-irregular\/\" \/>\n<meta property=\"og:locale\" content=\"pt_BR\" \/>\n<meta property=\"og:type\" content=\"article\" \/>\n<meta property=\"og:title\" content=\"Prefeitura de Manaus refor\u00e7a alerta sobre descarte irregular de lixo e destaca a\u00e7\u00f5es para reduzir alaga\u00e7\u00f5es na cidade\" \/>\n<meta property=\"og:description\" content=\"Em meio ao rigoroso per\u00edodo de chuvas que atinge Manaus, o vice-prefeito e secret\u00e1rio de Obras, Renato Junior, fez um novo alerta \u00e0 popula\u00e7\u00e3o, nesta quinta-feira, 3\/4, sobre os impactos do descarte incorreto de lixo. A capital produz mais de 2,3 mil toneladas de res\u00edduos por dia, o equivalente a cerca de 575 caminh\u00f5es ca\u00e7amba cheios, e boa parte desse lixo acaba indo parar em bueiros, igarap\u00e9s e redes de drenagem, agravando as alaga\u00e7\u00f5es e provocando danos \u00e0 infraestrutura urbana\" \/>\n<meta property=\"og:url\" content=\"https:\/\/www.manaus.am.gov.br\/seminf\/alerta-sobre-descarte-irregular\/\" \/>\n<meta property=\"og:site_name\" content=\"SEMINF\" \/>\n<meta property=\"article:published_time\" content=\"2025-04-03T23:44:39+00:00\" \/>\n<meta property=\"article:modified_time\" content=\"2025-04-03T23:49:47+00:00\" \/>\n<meta property=\"og:image\" content=\"https:\/\/www.manaus.am.gov.br\/seminf\/wp-content\/uploads\/sites\/6\/2025\/04\/Foto-03-04-2025-18-15-54-1-1024x683.jpg\" \/>\n\t<meta property=\"og:image:width\" content=\"1024\" \/>\n\t<meta property=\"og:image:height\" content=\"683\" \/>\n\t<meta property=\"og:image:type\" content=\"image\/jpeg\" \/>\n<meta name=\"author\" content=\"bvalente\" \/>\n<meta name=\"twitter:card\" content=\"summary_large_image\" \/>\n<meta name=\"twitter:label1\" content=\"Written by\" \/>\n\t<meta name=\"twitter:data1\" content=\"bvalente\" \/>\n\t<meta name=\"twitter:label2\" content=\"Est. reading time\" \/>\n\t<meta name=\"twitter:data2\" content=\"4 minutos\" \/>\n<script type=\"application\/ld+json\" class=\"yoast-schema-graph\">{\"@context\":\"https:\/\/schema.org\",\"@graph\":[{\"@type\":\"WebPage\",\"@id\":\"https:\/\/www.manaus.am.gov.br\/seminf\/alerta-sobre-descarte-irregular\/\",\"url\":\"https:\/\/www.manaus.am.gov.br\/seminf\/alerta-sobre-descarte-irregular\/\",\"name\":\"Prefeitura de Manaus refor\u00e7a alerta sobre descarte irregular de lixo e destaca a\u00e7\u00f5es para reduzir alaga\u00e7\u00f5es na cidade\",\"isPartOf\":{\"@id\":\"https:\/\/www.manaus.am.gov.br\/seminf\/#website\"},\"primaryImageOfPage\":{\"@id\":\"https:\/\/www.manaus.am.gov.br\/seminf\/alerta-sobre-descarte-irregular\/#primaryimage\"},\"image\":{\"@id\":\"https:\/\/www.manaus.am.gov.br\/seminf\/alerta-sobre-descarte-irregular\/#primaryimage\"},\"thumbnailUrl\":\"https:\/\/www.manaus.am.gov.br\/seminf\/wp-content\/uploads\/sites\/6\/2025\/04\/Foto-03-04-2025-18-15-54-1.jpg\",\"datePublished\":\"2025-04-03T23:44:39+00:00\",\"dateModified\":\"2025-04-03T23:49:47+00:00\",\"author\":{\"@id\":\"https:\/\/www.manaus.am.gov.br\/seminf\/#\/schema\/person\/466a0e03ae4b6062809046bd560ac955\"},\"description\":\"Em meio ao rigoroso per\u00edodo de chuvas que atinge Manaus, o vice-prefeito e secret\u00e1rio de Obras, Renato Junior, fez um novo alerta \u00e0 popula\u00e7\u00e3o, nesta quinta-feira, 3\/4, sobre os impactos do descarte incorreto de lixo. A capital produz mais de 2,3 mil toneladas de res\u00edduos por dia, o equivalente a cerca de 575 caminh\u00f5es ca\u00e7amba cheios, e boa parte desse lixo acaba indo parar em bueiros, igarap\u00e9s e redes de drenagem, agravando as alaga\u00e7\u00f5es e provocando danos \u00e0 infraestrutura urbana\",\"inLanguage\":\"pt-BR\",\"potentialAction\":[{\"@type\":\"ReadAction\",\"target\":[\"https:\/\/www.manaus.am.gov.br\/seminf\/alerta-sobre-descarte-irregular\/\"]}]},{\"@type\":\"ImageObject\",\"inLanguage\":\"pt-BR\",\"@id\":\"https:\/\/www.manaus.am.gov.br\/seminf\/alerta-sobre-descarte-irregular\/#primaryimage\",\"url\":\"https:\/\/www.manaus.am.gov.br\/seminf\/wp-content\/uploads\/sites\/6\/2025\/04\/Foto-03-04-2025-18-15-54-1.jpg\",\"contentUrl\":\"https:\/\/www.manaus.am.gov.br\/seminf\/wp-content\/uploads\/sites\/6\/2025\/04\/Foto-03-04-2025-18-15-54-1.jpg\",\"width\":4160,\"height\":2774},{\"@type\":\"WebSite\",\"@id\":\"https:\/\/www.manaus.am.gov.br\/seminf\/#website\",\"url\":\"https:\/\/www.manaus.am.gov.br\/seminf\/\",\"name\":\"Secretaria de Infraestrutura\",\"description\":\"Secretaria Municipal de Infraestrutura\",\"potentialAction\":[{\"@type\":\"SearchAction\",\"target\":{\"@type\":\"EntryPoint\",\"urlTemplate\":\"https:\/\/www.manaus.am.gov.br\/seminf\/?s={search_term_string}\"},\"query-input\":\"required name=search_term_string\"}],\"inLanguage\":\"pt-BR\"},{\"@type\":\"Person\",\"@id\":\"https:\/\/www.manaus.am.gov.br\/seminf\/#\/schema\/person\/466a0e03ae4b6062809046bd560ac955\",\"name\":\"bvalente\",\"image\":{\"@type\":\"ImageObject\",\"inLanguage\":\"pt-BR\",\"@id\":\"https:\/\/www.manaus.am.gov.br\/seminf\/#\/schema\/person\/image\/\",\"url\":\"https:\/\/secure.gravatar.com\/avatar\/3e69bc2b014bdad41adfec3a39de07d2?s=96&d=mm&r=g\",\"contentUrl\":\"https:\/\/secure.gravatar.com\/avatar\/3e69bc2b014bdad41adfec3a39de07d2?s=96&d=mm&r=g\",\"caption\":\"bvalente\"}}]}<\/script>\n<!-- \/ Yoast SEO plugin. -->","yoast_head_json":{"title":"Prefeitura de Manaus refor\u00e7a alerta sobre descarte irregular de lixo e destaca a\u00e7\u00f5es para reduzir alaga\u00e7\u00f5es na cidade","description":"Em meio ao rigoroso per\u00edodo de chuvas que atinge Manaus, o vice-prefeito e secret\u00e1rio de Obras, Renato Junior, fez um novo alerta \u00e0 popula\u00e7\u00e3o, nesta quinta-feira, 3\/4, sobre os impactos do descarte incorreto de lixo. A capital produz mais de 2,3 mil toneladas de res\u00edduos por dia, o equivalente a cerca de 575 caminh\u00f5es ca\u00e7amba cheios, e boa parte desse lixo acaba indo parar em bueiros, igarap\u00e9s e redes de drenagem, agravando as alaga\u00e7\u00f5es e provocando danos \u00e0 infraestrutura urbana","robots":{"index":"index","follow":"follow","max-snippet":"max-snippet:-1","max-image-preview":"max-image-preview:large","max-video-preview":"max-video-preview:-1"},"canonical":"https:\/\/www.manaus.am.gov.br\/seminf\/alerta-sobre-descarte-irregular\/","og_locale":"pt_BR","og_type":"article","og_title":"Prefeitura de Manaus refor\u00e7a alerta sobre descarte irregular de lixo e destaca a\u00e7\u00f5es para reduzir alaga\u00e7\u00f5es na cidade","og_description":"Em meio ao rigoroso per\u00edodo de chuvas que atinge Manaus, o vice-prefeito e secret\u00e1rio de Obras, Renato Junior, fez um novo alerta \u00e0 popula\u00e7\u00e3o, nesta quinta-feira, 3\/4, sobre os impactos do descarte incorreto de lixo. A capital produz mais de 2,3 mil toneladas de res\u00edduos por dia, o equivalente a cerca de 575 caminh\u00f5es ca\u00e7amba cheios, e boa parte desse lixo acaba indo parar em bueiros, igarap\u00e9s e redes de drenagem, agravando as alaga\u00e7\u00f5es e provocando danos \u00e0 infraestrutura urbana","og_url":"https:\/\/www.manaus.am.gov.br\/seminf\/alerta-sobre-descarte-irregular\/","og_site_name":"SEMINF","article_published_time":"2025-04-03T23:44:39+00:00","article_modified_time":"2025-04-03T23:49:47+00:00","og_image":[{"width":1024,"height":683,"url":"https:\/\/www.manaus.am.gov.br\/seminf\/wp-content\/uploads\/sites\/6\/2025\/04\/Foto-03-04-2025-18-15-54-1-1024x683.jpg","type":"image\/jpeg"}],"author":"bvalente","twitter_card":"summary_large_image","twitter_misc":{"Written by":"bvalente","Est. reading time":"4 minutos"},"schema":{"@context":"https:\/\/schema.org","@graph":[{"@type":"WebPage","@id":"https:\/\/www.manaus.am.gov.br\/seminf\/alerta-sobre-descarte-irregular\/","url":"https:\/\/www.manaus.am.gov.br\/seminf\/alerta-sobre-descarte-irregular\/","name":"Prefeitura de Manaus refor\u00e7a alerta sobre descarte irregular de lixo e destaca a\u00e7\u00f5es para reduzir alaga\u00e7\u00f5es na cidade","isPartOf":{"@id":"https:\/\/www.manaus.am.gov.br\/seminf\/#website"},"primaryImageOfPage":{"@id":"https:\/\/www.manaus.am.gov.br\/seminf\/alerta-sobre-descarte-irregular\/#primaryimage"},"image":{"@id":"https:\/\/www.manaus.am.gov.br\/seminf\/alerta-sobre-descarte-irregular\/#primaryimage"},"thumbnailUrl":"https:\/\/www.manaus.am.gov.br\/seminf\/wp-content\/uploads\/sites\/6\/2025\/04\/Foto-03-04-2025-18-15-54-1.jpg","datePublished":"2025-04-03T23:44:39+00:00","dateModified":"2025-04-03T23:49:47+00:00","author":{"@id":"https:\/\/www.manaus.am.gov.br\/seminf\/#\/schema\/person\/466a0e03ae4b6062809046bd560ac955"},"description":"Em meio ao rigoroso per\u00edodo de chuvas que atinge Manaus, o vice-prefeito e secret\u00e1rio de Obras, Renato Junior, fez um novo alerta \u00e0 popula\u00e7\u00e3o, nesta quinta-feira, 3\/4, sobre os impactos do descarte incorreto de lixo. A capital produz mais de 2,3 mil toneladas de res\u00edduos por dia, o equivalente a cerca de 575 caminh\u00f5es ca\u00e7amba cheios, e boa parte desse lixo acaba indo parar em bueiros, igarap\u00e9s e redes de drenagem, agravando as alaga\u00e7\u00f5es e provocando danos \u00e0 infraestrutura urbana","inLanguage":"pt-BR","potentialAction":[{"@type":"ReadAction","target":["https:\/\/www.manaus.am.gov.br\/seminf\/alerta-sobre-descarte-irregular\/"]}]},{"@type":"ImageObject","inLanguage":"pt-BR","@id":"https:\/\/www.manaus.am.gov.br\/seminf\/alerta-sobre-descarte-irregular\/#primaryimage","url":"https:\/\/www.manaus.am.gov.br\/seminf\/wp-content\/uploads\/sites\/6\/2025\/04\/Foto-03-04-2025-18-15-54-1.jpg","contentUrl":"https:\/\/www.manaus.am.gov.br\/seminf\/wp-content\/uploads\/sites\/6\/2025\/04\/Foto-03-04-2025-18-15-54-1.jpg","width":4160,"height":2774},{"@type":"WebSite","@id":"https:\/\/www.manaus.am.gov.br\/seminf\/#website","url":"https:\/\/www.manaus.am.gov.br\/seminf\/","name":"Secretaria de Infraestrutura","description":"Secretaria Municipal de Infraestrutura","potentialAction":[{"@type":"SearchAction","target":{"@type":"EntryPoint","urlTemplate":"https:\/\/www.manaus.am.gov.br\/seminf\/?s={search_term_string}"},"query-input":"required name=search_term_string"}],"inLanguage":"pt-BR"},{"@type":"Person","@id":"https:\/\/www.manaus.am.gov.br\/seminf\/#\/schema\/person\/466a0e03ae4b6062809046bd560ac955","name":"bvalente","image":{"@type":"ImageObject","inLanguage":"pt-BR","@id":"https:\/\/www.manaus.am.gov.br\/seminf\/#\/schema\/person\/image\/","url":"https:\/\/secure.gravatar.com\/avatar\/3e69bc2b014bdad41adfec3a39de07d2?s=96&d=mm&r=g","contentUrl":"https:\/\/secure.gravatar.com\/avatar\/3e69bc2b014bdad41adfec3a39de07d2?s=96&d=mm&r=g","caption":"bvalente"}}]}},"_links":{"self":[{"href":"https:\/\/www.manaus.am.gov.br\/seminf\/wp-json\/wp\/v2\/posts\/4731"}],"collection":[{"href":"https:\/\/www.manaus.am.gov.br\/seminf\/wp-json\/wp\/v2\/posts"}],"about":[{"href":"https:\/\/www.manaus.am.gov.br\/seminf\/wp-json\/wp\/v2\/types\/post"}],"author":[{"embeddable":true,"href":"https:\/\/www.manaus.am.gov.br\/seminf\/wp-json\/wp\/v2\/users\/68"}],"replies":[{"embeddable":true,"href":"https:\/\/www.manaus.am.gov.br\/seminf\/wp-json\/wp\/v2\/comments?post=4731"}],"version-history":[{"count":8,"href":"https:\/\/www.manaus.am.gov.br\/seminf\/wp-json\/wp\/v2\/posts\/4731\/revisions"}],"predecessor-version":[{"id":4747,"href":"https:\/\/www.manaus.am.gov.br\/seminf\/wp-json\/wp\/v2\/posts\/4731\/revisions\/4747"}],"wp:featuredmedia":[{"embeddable":true,"href":"https:\/\/www.manaus.am.gov.br\/seminf\/wp-json\/wp\/v2\/media\/4746"}],"wp:attachment":[{"href":"https:\/\/www.manaus.am.gov.br\/seminf\/wp-json\/wp\/v2\/media?parent=4731"}],"wp:term":[{"taxonomy":"category","embeddable":true,"href":"https:\/\/www.manaus.am.gov.br\/seminf\/wp-json\/wp\/v2\/categories?post=4731"},{"taxonomy":"post_tag","embeddable":true,"href":"https:\/\/www.manaus.am.gov.br\/seminf\/wp-json\/wp\/v2\/tags?post=4731"}],"curies":[{"name":"wp","href":"https:\/\/api.w.org\/{rel}","templated":true}]}}