{"id":4686,"date":"2025-03-28T14:07:16","date_gmt":"2025-03-28T18:07:16","guid":{"rendered":"https:\/\/www.manaus.am.gov.br\/seminf\/fiscalizacao-intervencoes-viarias-transito\/"},"modified":"2025-03-28T14:07:20","modified_gmt":"2025-03-28T18:07:20","slug":"fiscalizacao-intervencoes-viarias-transito","status":"publish","type":"post","link":"https:\/\/www.manaus.am.gov.br\/seminf\/fiscalizacao-intervencoes-viarias-transito\/","title":{"rendered":"Prefeito David Almeida fiscaliza interven\u00e7\u00f5es vi\u00e1rias para melhorar fluidez e seguran\u00e7a no tr\u00e2nsito da cidade"},"content":{"rendered":"\n<p>O prefeito de Manaus, David Almeida, acompanhado do vice-prefeito e titular da Secretaria Municipal de Infraestrutura (Seminf), Renato Junior, fiscalizou, nesta sexta-feira, 28\/3, o avan\u00e7o das novas interven\u00e7\u00f5es na avenida Macei\u00f3, no bairro Nossa Senhora das Gra\u00e7as, zona Centro-Sul, e na avenida Dublin, no bairro Planalto, zona Centro-Oeste. A iniciativa faz parte do plano da gest\u00e3o para reorganizar pontos cr\u00edticos e reduzir o n\u00famero de acidentes em \u00e1reas de grande circula\u00e7\u00e3o de ve\u00edculos.<\/p>\n\n\n\n<p>Na Macei\u00f3, essa \u00e9 a oitava interven\u00e7\u00e3o da prefeitura na via e tem como foco permitir que motoristas que saem da avenida Bel\u00e9m possam fazer a convers\u00e3o diretamente \u00e0 esquerda, sentido bairro, ou \u00e0 direita, sentido Centro, reduzindo o entrela\u00e7amento e os congestionamentos registrados no hor\u00e1rio de pico.<\/p>\n\n\n\n<p>Segundo o prefeito David Almeida, que esteve no canteiro de obras na manh\u00e3 desta sexta-feira, 28\/3, a interven\u00e7\u00e3o se trata de mais um investimento que visa garantir maior fluidez ao tr\u00e1fego. \u201c\u00c9 mais uma coloca\u00e7\u00e3o da prefeitura. Estamos aqui para ampliar o fluxo de ve\u00edculos e melhorar a mobilidade urbana nesta \u00e1rea da cidade\u201d, afirmou.<\/p>\n\n\n\n<p>O vice-prefeito e secret\u00e1rio de Obras, Renato Junior, explica que a obra prev\u00ea a remo\u00e7\u00e3o de parte do canteiro central da avenida, a cria\u00e7\u00e3o de faixa de pedestres e a sincroniza\u00e7\u00e3o do tempo semaf\u00f3rico com o cruzamento em frente ao cemit\u00e9rio.<\/p>\n\n\n\n<p>\u201cPelo menos 800 ve\u00edculos, em hor\u00e1rio de pico, utilizam esse retorno. Com a interven\u00e7\u00e3o, vamos eliminar o entrela\u00e7amento e ainda dar seguran\u00e7a aos pedestres que passam aqui todos os dias\u201d, disse.<\/p>\n\n\n\n<p>A obra come\u00e7ou na madrugada da \u00faltima sexta-feira, 22\/3, e deve ser finalizada at\u00e9 segunda-feira, 31\/3, com as equipes atuando durante o dia e \u00e0 noite para liberar o trecho o quanto antes.<\/p>\n\n\n\n<p>No Planalto, a interven\u00e7\u00e3o acontece no cruzamento entre as avenidas Dublin e Constantinopla, uma \u00e1rea conhecida pelos constantes registros de acidentes.<\/p>\n\n\n\n<p>Atendendo a uma antiga demanda da comunidade, a prefeitura implantar\u00e1 um novo conjunto semaf\u00f3rico, al\u00e9m de faixa de pedestres e acessibilidade para pessoas com defici\u00eancia. \u201cEsse \u00e9 mais um ponto cr\u00edtico que estamos organizando. A determina\u00e7\u00e3o do prefeito David \u00e9 clara, onde houver risco \u00e0 vida e desorganiza\u00e7\u00e3o no tr\u00e2nsito, o munic\u00edpio vai agir\u201d, refor\u00e7ou Renato.<\/p>\n\n\n\n<p>Morador e comerciante do bairro, Maciel Fonseca, de 40 anos, comemorou a chegada da sinaliza\u00e7\u00e3o. \u201cAqui \u00e9 um cruzamento muito perigoso. J\u00e1 aconteceram muitos acidentes. Agora com esse sem\u00e1foro, acredito que vai melhorar bastante. Parabenizo o prefeito David Almeida e o secret\u00e1rio Renato Junior por essa iniciativa\u201d, disse.<\/p>\n\n\n\n<p>Com essas duas novas frentes, a Prefeitura de Manaus soma nove interven\u00e7\u00f5es no tr\u00e2nsito e reafirma o compromisso com a mobilidade urbana e a seguran\u00e7a vi\u00e1ria, priorizando interven\u00e7\u00f5es r\u00e1pidas, eficientes e com foco na vida das pessoas.<\/p>\n\n\n\n<p>&#8212; &#8212; &#8212;<\/p>\n\n\n\n<p><strong>Texto<\/strong> &#8211; Alessandra Taveira\/Vice-Prefeitura<\/p>\n\n\n\n<p><strong>Fotos &#8211;<\/strong> Carlos Oliveira\/Vice-Prefeitura<\/p>\n\n\n\n<p><strong>Dispon\u00edveis em &#8211; <\/strong><a href=\"https:\/\/flic.kr\/s\/aHBqjC76Gt\">https:\/\/flic.kr\/s\/aHBqjC76Gt<\/a><\/p>\n","protected":false},"excerpt":{"rendered":"","protected":false},"author":39,"featured_media":4687,"comment_status":"closed","ping_status":"closed","sticky":false,"template":"","format":"standard","meta":{"footnotes":""},"categories":[560],"tags":[1868,28,1869,1727,43,26],"acf":[],"yoast_head":"<!-- This site is optimized with the Yoast SEO plugin v23.0 - https:\/\/yoast.com\/wordpress\/plugins\/seo\/ -->\n<title>Prefeito fiscaliza interven\u00e7\u00f5es vi\u00e1rias no tr\u00e2nsito da cidade<\/title>\n<meta name=\"description\" content=\"Prefeito David Almeida fiscaliza interven\u00e7\u00f5es vi\u00e1rias para melhorar fluidez e seguran\u00e7a no tr\u00e2nsito da cidade.\" \/>\n<meta name=\"robots\" content=\"index, follow, max-snippet:-1, max-image-preview:large, max-video-preview:-1\" \/>\n<link rel=\"canonical\" href=\"https:\/\/www.manaus.am.gov.br\/seminf\/fiscalizacao-intervencoes-viarias-transito\/\" \/>\n<meta property=\"og:locale\" content=\"pt_BR\" \/>\n<meta property=\"og:type\" content=\"article\" \/>\n<meta property=\"og:title\" content=\"Prefeito fiscaliza interven\u00e7\u00f5es vi\u00e1rias no tr\u00e2nsito da cidade\" \/>\n<meta property=\"og:description\" content=\"Prefeito David Almeida fiscaliza interven\u00e7\u00f5es vi\u00e1rias para melhorar fluidez e seguran\u00e7a no tr\u00e2nsito da cidade.\" \/>\n<meta property=\"og:url\" content=\"https:\/\/www.manaus.am.gov.br\/seminf\/fiscalizacao-intervencoes-viarias-transito\/\" \/>\n<meta property=\"og:site_name\" content=\"SEMINF\" \/>\n<meta property=\"article:published_time\" content=\"2025-03-28T18:07:16+00:00\" \/>\n<meta property=\"article:modified_time\" content=\"2025-03-28T18:07:20+00:00\" \/>\n<meta property=\"og:image\" content=\"https:\/\/www.manaus.am.gov.br\/seminf\/wp-content\/uploads\/sites\/6\/2025\/03\/54415769406_124f309a5c_k.jpg\" \/>\n\t<meta property=\"og:image:width\" content=\"2048\" \/>\n\t<meta property=\"og:image:height\" content=\"1365\" \/>\n\t<meta property=\"og:image:type\" content=\"image\/jpeg\" \/>\n<meta name=\"author\" content=\"Bruna Greco\" \/>\n<meta name=\"twitter:card\" content=\"summary_large_image\" \/>\n<meta name=\"twitter:label1\" content=\"Written by\" \/>\n\t<meta name=\"twitter:data1\" content=\"Bruna Greco\" \/>\n\t<meta name=\"twitter:label2\" content=\"Est. reading time\" \/>\n\t<meta name=\"twitter:data2\" content=\"3 minutos\" \/>\n<script type=\"application\/ld+json\" class=\"yoast-schema-graph\">{\"@context\":\"https:\/\/schema.org\",\"@graph\":[{\"@type\":\"WebPage\",\"@id\":\"https:\/\/www.manaus.am.gov.br\/seminf\/fiscalizacao-intervencoes-viarias-transito\/\",\"url\":\"https:\/\/www.manaus.am.gov.br\/seminf\/fiscalizacao-intervencoes-viarias-transito\/\",\"name\":\"Prefeito fiscaliza interven\u00e7\u00f5es vi\u00e1rias no tr\u00e2nsito da cidade\",\"isPartOf\":{\"@id\":\"https:\/\/www.manaus.am.gov.br\/seminf\/#website\"},\"primaryImageOfPage\":{\"@id\":\"https:\/\/www.manaus.am.gov.br\/seminf\/fiscalizacao-intervencoes-viarias-transito\/#primaryimage\"},\"image\":{\"@id\":\"https:\/\/www.manaus.am.gov.br\/seminf\/fiscalizacao-intervencoes-viarias-transito\/#primaryimage\"},\"thumbnailUrl\":\"https:\/\/www.manaus.am.gov.br\/seminf\/wp-content\/uploads\/sites\/6\/2025\/03\/54415769406_124f309a5c_k.jpg\",\"datePublished\":\"2025-03-28T18:07:16+00:00\",\"dateModified\":\"2025-03-28T18:07:20+00:00\",\"author\":{\"@id\":\"https:\/\/www.manaus.am.gov.br\/seminf\/#\/schema\/person\/05d223aea2bf115f9883a6ff3683d81b\"},\"description\":\"Prefeito David Almeida fiscaliza interven\u00e7\u00f5es vi\u00e1rias para melhorar fluidez e seguran\u00e7a no tr\u00e2nsito da cidade.\",\"inLanguage\":\"pt-BR\",\"potentialAction\":[{\"@type\":\"ReadAction\",\"target\":[\"https:\/\/www.manaus.am.gov.br\/seminf\/fiscalizacao-intervencoes-viarias-transito\/\"]}]},{\"@type\":\"ImageObject\",\"inLanguage\":\"pt-BR\",\"@id\":\"https:\/\/www.manaus.am.gov.br\/seminf\/fiscalizacao-intervencoes-viarias-transito\/#primaryimage\",\"url\":\"https:\/\/www.manaus.am.gov.br\/seminf\/wp-content\/uploads\/sites\/6\/2025\/03\/54415769406_124f309a5c_k.jpg\",\"contentUrl\":\"https:\/\/www.manaus.am.gov.br\/seminf\/wp-content\/uploads\/sites\/6\/2025\/03\/54415769406_124f309a5c_k.jpg\",\"width\":2048,\"height\":1365,\"caption\":\"#paratodosverem - Prefeito de Manaus, David Almeida, acompanhado do vice-prefeito e secret\u00e1rio de Obras, Renato Junior, conversando com agentes do IMMU sobre interven\u00e7\u00e3o vi\u00e1rias em avenidas da cidade\"},{\"@type\":\"WebSite\",\"@id\":\"https:\/\/www.manaus.am.gov.br\/seminf\/#website\",\"url\":\"https:\/\/www.manaus.am.gov.br\/seminf\/\",\"name\":\"Secretaria de Infraestrutura\",\"description\":\"Secretaria Municipal de Infraestrutura\",\"potentialAction\":[{\"@type\":\"SearchAction\",\"target\":{\"@type\":\"EntryPoint\",\"urlTemplate\":\"https:\/\/www.manaus.am.gov.br\/seminf\/?s={search_term_string}\"},\"query-input\":\"required name=search_term_string\"}],\"inLanguage\":\"pt-BR\"},{\"@type\":\"Person\",\"@id\":\"https:\/\/www.manaus.am.gov.br\/seminf\/#\/schema\/person\/05d223aea2bf115f9883a6ff3683d81b\",\"name\":\"Bruna Greco\",\"image\":{\"@type\":\"ImageObject\",\"inLanguage\":\"pt-BR\",\"@id\":\"https:\/\/www.manaus.am.gov.br\/seminf\/#\/schema\/person\/image\/\",\"url\":\"https:\/\/secure.gravatar.com\/avatar\/9c877d1a6adc2a055330e5c09a8653ce?s=96&d=mm&r=g\",\"contentUrl\":\"https:\/\/secure.gravatar.com\/avatar\/9c877d1a6adc2a055330e5c09a8653ce?s=96&d=mm&r=g\",\"caption\":\"Bruna Greco\"}}]}<\/script>\n<!-- \/ Yoast SEO plugin. -->","yoast_head_json":{"title":"Prefeito fiscaliza interven\u00e7\u00f5es vi\u00e1rias no tr\u00e2nsito da cidade","description":"Prefeito David Almeida fiscaliza interven\u00e7\u00f5es vi\u00e1rias para melhorar fluidez e seguran\u00e7a no tr\u00e2nsito da cidade.","robots":{"index":"index","follow":"follow","max-snippet":"max-snippet:-1","max-image-preview":"max-image-preview:large","max-video-preview":"max-video-preview:-1"},"canonical":"https:\/\/www.manaus.am.gov.br\/seminf\/fiscalizacao-intervencoes-viarias-transito\/","og_locale":"pt_BR","og_type":"article","og_title":"Prefeito fiscaliza interven\u00e7\u00f5es vi\u00e1rias no tr\u00e2nsito da cidade","og_description":"Prefeito David Almeida fiscaliza interven\u00e7\u00f5es vi\u00e1rias para melhorar fluidez e seguran\u00e7a no tr\u00e2nsito da cidade.","og_url":"https:\/\/www.manaus.am.gov.br\/seminf\/fiscalizacao-intervencoes-viarias-transito\/","og_site_name":"SEMINF","article_published_time":"2025-03-28T18:07:16+00:00","article_modified_time":"2025-03-28T18:07:20+00:00","og_image":[{"width":2048,"height":1365,"url":"https:\/\/www.manaus.am.gov.br\/seminf\/wp-content\/uploads\/sites\/6\/2025\/03\/54415769406_124f309a5c_k.jpg","type":"image\/jpeg"}],"author":"Bruna Greco","twitter_card":"summary_large_image","twitter_misc":{"Written by":"Bruna Greco","Est. reading time":"3 minutos"},"schema":{"@context":"https:\/\/schema.org","@graph":[{"@type":"WebPage","@id":"https:\/\/www.manaus.am.gov.br\/seminf\/fiscalizacao-intervencoes-viarias-transito\/","url":"https:\/\/www.manaus.am.gov.br\/seminf\/fiscalizacao-intervencoes-viarias-transito\/","name":"Prefeito fiscaliza interven\u00e7\u00f5es vi\u00e1rias no tr\u00e2nsito da cidade","isPartOf":{"@id":"https:\/\/www.manaus.am.gov.br\/seminf\/#website"},"primaryImageOfPage":{"@id":"https:\/\/www.manaus.am.gov.br\/seminf\/fiscalizacao-intervencoes-viarias-transito\/#primaryimage"},"image":{"@id":"https:\/\/www.manaus.am.gov.br\/seminf\/fiscalizacao-intervencoes-viarias-transito\/#primaryimage"},"thumbnailUrl":"https:\/\/www.manaus.am.gov.br\/seminf\/wp-content\/uploads\/sites\/6\/2025\/03\/54415769406_124f309a5c_k.jpg","datePublished":"2025-03-28T18:07:16+00:00","dateModified":"2025-03-28T18:07:20+00:00","author":{"@id":"https:\/\/www.manaus.am.gov.br\/seminf\/#\/schema\/person\/05d223aea2bf115f9883a6ff3683d81b"},"description":"Prefeito David Almeida fiscaliza interven\u00e7\u00f5es vi\u00e1rias para melhorar fluidez e seguran\u00e7a no tr\u00e2nsito da cidade.","inLanguage":"pt-BR","potentialAction":[{"@type":"ReadAction","target":["https:\/\/www.manaus.am.gov.br\/seminf\/fiscalizacao-intervencoes-viarias-transito\/"]}]},{"@type":"ImageObject","inLanguage":"pt-BR","@id":"https:\/\/www.manaus.am.gov.br\/seminf\/fiscalizacao-intervencoes-viarias-transito\/#primaryimage","url":"https:\/\/www.manaus.am.gov.br\/seminf\/wp-content\/uploads\/sites\/6\/2025\/03\/54415769406_124f309a5c_k.jpg","contentUrl":"https:\/\/www.manaus.am.gov.br\/seminf\/wp-content\/uploads\/sites\/6\/2025\/03\/54415769406_124f309a5c_k.jpg","width":2048,"height":1365,"caption":"#paratodosverem - Prefeito de Manaus, David Almeida, acompanhado do vice-prefeito e secret\u00e1rio de Obras, Renato Junior, conversando com agentes do IMMU sobre interven\u00e7\u00e3o vi\u00e1rias em avenidas da cidade"},{"@type":"WebSite","@id":"https:\/\/www.manaus.am.gov.br\/seminf\/#website","url":"https:\/\/www.manaus.am.gov.br\/seminf\/","name":"Secretaria de Infraestrutura","description":"Secretaria Municipal de Infraestrutura","potentialAction":[{"@type":"SearchAction","target":{"@type":"EntryPoint","urlTemplate":"https:\/\/www.manaus.am.gov.br\/seminf\/?s={search_term_string}"},"query-input":"required name=search_term_string"}],"inLanguage":"pt-BR"},{"@type":"Person","@id":"https:\/\/www.manaus.am.gov.br\/seminf\/#\/schema\/person\/05d223aea2bf115f9883a6ff3683d81b","name":"Bruna Greco","image":{"@type":"ImageObject","inLanguage":"pt-BR","@id":"https:\/\/www.manaus.am.gov.br\/seminf\/#\/schema\/person\/image\/","url":"https:\/\/secure.gravatar.com\/avatar\/9c877d1a6adc2a055330e5c09a8653ce?s=96&d=mm&r=g","contentUrl":"https:\/\/secure.gravatar.com\/avatar\/9c877d1a6adc2a055330e5c09a8653ce?s=96&d=mm&r=g","caption":"Bruna Greco"}}]}},"_links":{"self":[{"href":"https:\/\/www.manaus.am.gov.br\/seminf\/wp-json\/wp\/v2\/posts\/4686"}],"collection":[{"href":"https:\/\/www.manaus.am.gov.br\/seminf\/wp-json\/wp\/v2\/posts"}],"about":[{"href":"https:\/\/www.manaus.am.gov.br\/seminf\/wp-json\/wp\/v2\/types\/post"}],"author":[{"embeddable":true,"href":"https:\/\/www.manaus.am.gov.br\/seminf\/wp-json\/wp\/v2\/users\/39"}],"replies":[{"embeddable":true,"href":"https:\/\/www.manaus.am.gov.br\/seminf\/wp-json\/wp\/v2\/comments?post=4686"}],"version-history":[{"count":0,"href":"https:\/\/www.manaus.am.gov.br\/seminf\/wp-json\/wp\/v2\/posts\/4686\/revisions"}],"wp:featuredmedia":[{"embeddable":true,"href":"https:\/\/www.manaus.am.gov.br\/seminf\/wp-json\/wp\/v2\/media\/4687"}],"wp:attachment":[{"href":"https:\/\/www.manaus.am.gov.br\/seminf\/wp-json\/wp\/v2\/media?parent=4686"}],"wp:term":[{"taxonomy":"category","embeddable":true,"href":"https:\/\/www.manaus.am.gov.br\/seminf\/wp-json\/wp\/v2\/categories?post=4686"},{"taxonomy":"post_tag","embeddable":true,"href":"https:\/\/www.manaus.am.gov.br\/seminf\/wp-json\/wp\/v2\/tags?post=4686"}],"curies":[{"name":"wp","href":"https:\/\/api.w.org\/{rel}","templated":true}]}}