{"id":4674,"date":"2025-03-27T18:00:06","date_gmt":"2025-03-27T22:00:06","guid":{"rendered":"https:\/\/www.manaus.am.gov.br\/seminf\/fase-final-das-obras-do-complexo-viario-rei-pele\/"},"modified":"2025-03-27T18:00:27","modified_gmt":"2025-03-27T22:00:27","slug":"fase-final-das-obras-do-complexo-viario-rei-pele","status":"publish","type":"post","link":"https:\/\/www.manaus.am.gov.br\/seminf\/fase-final-das-obras-do-complexo-viario-rei-pele\/","title":{"rendered":"Prefeito David Almeida fiscaliza fase final das obras do complexo vi\u00e1rio Rei Pel\u00e9 que alcan\u00e7a 90% de execu\u00e7\u00e3o"},"content":{"rendered":"\n<p>O prefeito de Manaus, David Almeida, fiscalizou, nesta quinta-feira, 27\/3, a medi\u00e7\u00e3o das obras do complexo vi\u00e1rio Rei Pel\u00e9. A obra, uma das mais desafiadoras interven\u00e7\u00f5es de mobilidade urbana da cidade, j\u00e1 alcan\u00e7ou 90% de execu\u00e7\u00e3o.<\/p>\n\n\n\n<p>At\u00e9 o momento, foram conclu\u00eddos oito mil estirantes e, das 362 estacas previstas, faltam apenas 49 para a finaliza\u00e7\u00e3o. As equipes da Secretaria Municipal de Infraestrutura (Seminf) est\u00e3o, neste momento, realizando a perfura\u00e7\u00e3o das estacas na avenida Camapu\u00e3 e a arma\u00e7\u00e3o da parede da laje do M\u00f3dulo 3, trecho que liga a avenida Ita\u00faba \u00e0 Camapu\u00e3.<\/p>\n\n\n\n<p>Mesmo diante dos desafios impostos pelo per\u00edodo chuvoso, o prefeito destacou o compromisso da gest\u00e3o em entregar a obra dentro do cronograma.<\/p>\n\n\n\n<p>\u201cEstamos na fase conclusiva. Muito provavelmente, em abril, vamos concluir a estrutura f\u00edsica do complexo vi\u00e1rio e, na sequ\u00eancia, iniciar o per\u00edodo de cura do concreto para liberar o tr\u00e1fego. Esta \u00e9 uma das obras mais complexas de engenharia de tr\u00e2nsito da hist\u00f3ria de Manaus, dado o desafio do local e a magnitude da interven\u00e7\u00e3o. Compreendemos os transtornos tempor\u00e1rios, mas os benef\u00edcios ser\u00e3o duradouros, estamos impulsionando o desenvolvimento e a economia dessa regi\u00e3o, deixando um legado para a cidade\u201d, afirmou David Almeida.<\/p>\n\n\n\n<p>O secret\u00e1rio municipal de Infraestrutura e vice-prefeito, Renato Junior, refor\u00e7ou o empenho da gest\u00e3o na entrega da obra, destacando o trabalho incans\u00e1vel das equipes.<\/p>\n\n\n\n<p>\u201cEstamos falando de uma obra gigantesca, um resultado do esfor\u00e7o de uma equipe que trabalha 24 horas por dia para garantir que essa entrega seja feita dentro do prazo, ou at\u00e9 antes. Muitos prometeram, mas \u00e9 a gest\u00e3o do prefeito David Almeida que est\u00e1 concretizando esse sonho para a popula\u00e7\u00e3o da zona Norte e Leste. Sabemos das dificuldades, principalmente por conta das chuvas e dos desafios estruturais da cidade, mas seguimos firmes para garantir uma Manaus mais acess\u00edvel e desenvolvida\u201d, enfatizou Renato.<\/p>\n\n\n\n<figure class=\"wp-block-image size-large\"><img loading=\"lazy\" decoding=\"async\" width=\"1024\" height=\"683\" src=\"https:\/\/www.manaus.am.gov.br\/seminf\/wp-content\/uploads\/sites\/6\/2025\/03\/WhatsApp-Image-2025-03-27-at-14.54.45-1024x683.jpeg\" alt=\"\" class=\"wp-image-4675\" srcset=\"https:\/\/www.manaus.am.gov.br\/seminf\/wp-content\/uploads\/sites\/6\/2025\/03\/WhatsApp-Image-2025-03-27-at-14.54.45-1024x683.jpeg 1024w, https:\/\/www.manaus.am.gov.br\/seminf\/wp-content\/uploads\/sites\/6\/2025\/03\/WhatsApp-Image-2025-03-27-at-14.54.45-300x200.jpeg 300w, https:\/\/www.manaus.am.gov.br\/seminf\/wp-content\/uploads\/sites\/6\/2025\/03\/WhatsApp-Image-2025-03-27-at-14.54.45-768x512.jpeg 768w, https:\/\/www.manaus.am.gov.br\/seminf\/wp-content\/uploads\/sites\/6\/2025\/03\/WhatsApp-Image-2025-03-27-at-14.54.45-1536x1024.jpeg 1536w, https:\/\/www.manaus.am.gov.br\/seminf\/wp-content\/uploads\/sites\/6\/2025\/03\/WhatsApp-Image-2025-03-27-at-14.54.45-2048x1365.jpeg 2048w\" sizes=\"(max-width: 1024px) 100vw, 1024px\" \/><\/figure>\n\n\n\n<p><strong>Obras estruturantes<\/strong><\/p>\n\n\n\n<p>Al\u00e9m do complexo vi\u00e1rio Rei Pel\u00e9, a prefeitura j\u00e1 planeja novas grandes obras de mobilidade para Manaus. O prefeito anunciou que, j\u00e1 na pr\u00f3xima semana, ir\u00e1 reunir as secretarias respons\u00e1veis para iniciar a execu\u00e7\u00e3o dos projetos financiados pelo empr\u00e9stimo recentemente aprovado pela C\u00e2mara Municipal de Manaus (CMM).<\/p>\n\n\n\n<p>\u201cVamos iniciar, j\u00e1 em 2025, obras estruturantes como o Hospital Municipal, a Cidade do Autismo, o viaduto da avenida Coronel Teixeira com a avenida Brasil, o mirante Rosa Almeida, a interliga\u00e7\u00e3o da avenida Max Teixeira com a avenida do Turismo, al\u00e9m do alargamento das avenidas Andr\u00e9 Ara\u00fajo, Humberto Calderaro e Djalma Batista. Mobilidade \u00e9 um dos principais desafios da nossa cidade, e estamos trabalhando para transformar essa realidade, investindo na amplia\u00e7\u00e3o e moderniza\u00e7\u00e3o da infraestrutura vi\u00e1ria\u201d, concluiu David Almeida.<\/p>\n\n\n\n<p>\u2014 \u2014 \u2014<\/p>\n\n\n\n<p><strong>Texto &#8211;<\/strong> Emanuelle Baires \/ Semcom<\/p>\n\n\n\n<p><strong>Fotos &#8211;<\/strong> Dhyeizo Lemos \/ Semcom<br><strong>Dispon\u00edveis em &#8211;<\/strong> <a href=\"https:\/\/flic.kr\/s\/aHBqjC6TZN\">https:\/\/flic.kr\/s\/aHBqjC6TZN<\/a>&nbsp;<\/p>\n","protected":false},"excerpt":{"rendered":"","protected":false},"author":68,"featured_media":4676,"comment_status":"closed","ping_status":"closed","sticky":false,"template":"","format":"standard","meta":{"footnotes":""},"categories":[560],"tags":[28,1866,43],"acf":[],"yoast_head":"<!-- This site is optimized with the Yoast SEO plugin v23.0 - https:\/\/yoast.com\/wordpress\/plugins\/seo\/ -->\n<title>Prefeito David Almeida fiscaliza fase final das obras do complexo vi\u00e1rio Rei Pel\u00e9 que alcan\u00e7a 90% de execu\u00e7\u00e3o<\/title>\n<meta name=\"description\" content=\"O prefeito de Manaus, David Almeida, fiscalizou, nesta quinta-feira, 27\/3, a medi\u00e7\u00e3o das obras do complexo vi\u00e1rio Rei Pel\u00e9. A obra, uma das mais desafiadoras interven\u00e7\u00f5es de mobilidade urbana da cidade, j\u00e1 alcan\u00e7ou 90% de execu\u00e7\u00e3o.\" \/>\n<meta name=\"robots\" content=\"index, follow, max-snippet:-1, max-image-preview:large, max-video-preview:-1\" \/>\n<link rel=\"canonical\" href=\"https:\/\/www.manaus.am.gov.br\/seminf\/fase-final-das-obras-do-complexo-viario-rei-pele\/\" \/>\n<meta property=\"og:locale\" content=\"pt_BR\" \/>\n<meta property=\"og:type\" content=\"article\" \/>\n<meta property=\"og:title\" content=\"Prefeito David Almeida fiscaliza fase final das obras do complexo vi\u00e1rio Rei Pel\u00e9 que alcan\u00e7a 90% de execu\u00e7\u00e3o\" \/>\n<meta property=\"og:description\" content=\"O prefeito de Manaus, David Almeida, fiscalizou, nesta quinta-feira, 27\/3, a medi\u00e7\u00e3o das obras do complexo vi\u00e1rio Rei Pel\u00e9. A obra, uma das mais desafiadoras interven\u00e7\u00f5es de mobilidade urbana da cidade, j\u00e1 alcan\u00e7ou 90% de execu\u00e7\u00e3o.\" \/>\n<meta property=\"og:url\" content=\"https:\/\/www.manaus.am.gov.br\/seminf\/fase-final-das-obras-do-complexo-viario-rei-pele\/\" \/>\n<meta property=\"og:site_name\" content=\"SEMINF\" \/>\n<meta property=\"article:published_time\" content=\"2025-03-27T22:00:06+00:00\" \/>\n<meta property=\"article:modified_time\" content=\"2025-03-27T22:00:27+00:00\" \/>\n<meta property=\"og:image\" content=\"https:\/\/www.manaus.am.gov.br\/seminf\/wp-content\/uploads\/sites\/6\/2025\/03\/WhatsApp-Image-2025-03-27-at-14.54.46-1.jpeg\" \/>\n\t<meta property=\"og:image:width\" content=\"4160\" \/>\n\t<meta property=\"og:image:height\" content=\"2773\" \/>\n\t<meta property=\"og:image:type\" content=\"image\/jpeg\" \/>\n<meta name=\"author\" content=\"bvalente\" \/>\n<meta name=\"twitter:card\" content=\"summary_large_image\" \/>\n<meta name=\"twitter:label1\" content=\"Written by\" \/>\n\t<meta name=\"twitter:data1\" content=\"bvalente\" \/>\n\t<meta name=\"twitter:label2\" content=\"Est. reading time\" \/>\n\t<meta name=\"twitter:data2\" content=\"1 minuto\" \/>\n<script type=\"application\/ld+json\" class=\"yoast-schema-graph\">{\"@context\":\"https:\/\/schema.org\",\"@graph\":[{\"@type\":\"WebPage\",\"@id\":\"https:\/\/www.manaus.am.gov.br\/seminf\/fase-final-das-obras-do-complexo-viario-rei-pele\/\",\"url\":\"https:\/\/www.manaus.am.gov.br\/seminf\/fase-final-das-obras-do-complexo-viario-rei-pele\/\",\"name\":\"Prefeito David Almeida fiscaliza fase final das obras do complexo vi\u00e1rio Rei Pel\u00e9 que alcan\u00e7a 90% de execu\u00e7\u00e3o\",\"isPartOf\":{\"@id\":\"https:\/\/www.manaus.am.gov.br\/seminf\/#website\"},\"primaryImageOfPage\":{\"@id\":\"https:\/\/www.manaus.am.gov.br\/seminf\/fase-final-das-obras-do-complexo-viario-rei-pele\/#primaryimage\"},\"image\":{\"@id\":\"https:\/\/www.manaus.am.gov.br\/seminf\/fase-final-das-obras-do-complexo-viario-rei-pele\/#primaryimage\"},\"thumbnailUrl\":\"https:\/\/www.manaus.am.gov.br\/seminf\/wp-content\/uploads\/sites\/6\/2025\/03\/WhatsApp-Image-2025-03-27-at-14.54.46-1.jpeg\",\"datePublished\":\"2025-03-27T22:00:06+00:00\",\"dateModified\":\"2025-03-27T22:00:27+00:00\",\"author\":{\"@id\":\"https:\/\/www.manaus.am.gov.br\/seminf\/#\/schema\/person\/466a0e03ae4b6062809046bd560ac955\"},\"description\":\"O prefeito de Manaus, David Almeida, fiscalizou, nesta quinta-feira, 27\/3, a medi\u00e7\u00e3o das obras do complexo vi\u00e1rio Rei Pel\u00e9. A obra, uma das mais desafiadoras interven\u00e7\u00f5es de mobilidade urbana da cidade, j\u00e1 alcan\u00e7ou 90% de execu\u00e7\u00e3o.\",\"inLanguage\":\"pt-BR\",\"potentialAction\":[{\"@type\":\"ReadAction\",\"target\":[\"https:\/\/www.manaus.am.gov.br\/seminf\/fase-final-das-obras-do-complexo-viario-rei-pele\/\"]}]},{\"@type\":\"ImageObject\",\"inLanguage\":\"pt-BR\",\"@id\":\"https:\/\/www.manaus.am.gov.br\/seminf\/fase-final-das-obras-do-complexo-viario-rei-pele\/#primaryimage\",\"url\":\"https:\/\/www.manaus.am.gov.br\/seminf\/wp-content\/uploads\/sites\/6\/2025\/03\/WhatsApp-Image-2025-03-27-at-14.54.46-1.jpeg\",\"contentUrl\":\"https:\/\/www.manaus.am.gov.br\/seminf\/wp-content\/uploads\/sites\/6\/2025\/03\/WhatsApp-Image-2025-03-27-at-14.54.46-1.jpeg\",\"width\":4160,\"height\":2773},{\"@type\":\"WebSite\",\"@id\":\"https:\/\/www.manaus.am.gov.br\/seminf\/#website\",\"url\":\"https:\/\/www.manaus.am.gov.br\/seminf\/\",\"name\":\"Secretaria de Infraestrutura\",\"description\":\"Secretaria Municipal de Infraestrutura\",\"potentialAction\":[{\"@type\":\"SearchAction\",\"target\":{\"@type\":\"EntryPoint\",\"urlTemplate\":\"https:\/\/www.manaus.am.gov.br\/seminf\/?s={search_term_string}\"},\"query-input\":\"required name=search_term_string\"}],\"inLanguage\":\"pt-BR\"},{\"@type\":\"Person\",\"@id\":\"https:\/\/www.manaus.am.gov.br\/seminf\/#\/schema\/person\/466a0e03ae4b6062809046bd560ac955\",\"name\":\"bvalente\",\"image\":{\"@type\":\"ImageObject\",\"inLanguage\":\"pt-BR\",\"@id\":\"https:\/\/www.manaus.am.gov.br\/seminf\/#\/schema\/person\/image\/\",\"url\":\"https:\/\/secure.gravatar.com\/avatar\/3e69bc2b014bdad41adfec3a39de07d2?s=96&d=mm&r=g\",\"contentUrl\":\"https:\/\/secure.gravatar.com\/avatar\/3e69bc2b014bdad41adfec3a39de07d2?s=96&d=mm&r=g\",\"caption\":\"bvalente\"}}]}<\/script>\n<!-- \/ Yoast SEO plugin. -->","yoast_head_json":{"title":"Prefeito David Almeida fiscaliza fase final das obras do complexo vi\u00e1rio Rei Pel\u00e9 que alcan\u00e7a 90% de execu\u00e7\u00e3o","description":"O prefeito de Manaus, David Almeida, fiscalizou, nesta quinta-feira, 27\/3, a medi\u00e7\u00e3o das obras do complexo vi\u00e1rio Rei Pel\u00e9. A obra, uma das mais desafiadoras interven\u00e7\u00f5es de mobilidade urbana da cidade, j\u00e1 alcan\u00e7ou 90% de execu\u00e7\u00e3o.","robots":{"index":"index","follow":"follow","max-snippet":"max-snippet:-1","max-image-preview":"max-image-preview:large","max-video-preview":"max-video-preview:-1"},"canonical":"https:\/\/www.manaus.am.gov.br\/seminf\/fase-final-das-obras-do-complexo-viario-rei-pele\/","og_locale":"pt_BR","og_type":"article","og_title":"Prefeito David Almeida fiscaliza fase final das obras do complexo vi\u00e1rio Rei Pel\u00e9 que alcan\u00e7a 90% de execu\u00e7\u00e3o","og_description":"O prefeito de Manaus, David Almeida, fiscalizou, nesta quinta-feira, 27\/3, a medi\u00e7\u00e3o das obras do complexo vi\u00e1rio Rei Pel\u00e9. A obra, uma das mais desafiadoras interven\u00e7\u00f5es de mobilidade urbana da cidade, j\u00e1 alcan\u00e7ou 90% de execu\u00e7\u00e3o.","og_url":"https:\/\/www.manaus.am.gov.br\/seminf\/fase-final-das-obras-do-complexo-viario-rei-pele\/","og_site_name":"SEMINF","article_published_time":"2025-03-27T22:00:06+00:00","article_modified_time":"2025-03-27T22:00:27+00:00","og_image":[{"width":4160,"height":2773,"url":"https:\/\/www.manaus.am.gov.br\/seminf\/wp-content\/uploads\/sites\/6\/2025\/03\/WhatsApp-Image-2025-03-27-at-14.54.46-1.jpeg","type":"image\/jpeg"}],"author":"bvalente","twitter_card":"summary_large_image","twitter_misc":{"Written by":"bvalente","Est. reading time":"1 minuto"},"schema":{"@context":"https:\/\/schema.org","@graph":[{"@type":"WebPage","@id":"https:\/\/www.manaus.am.gov.br\/seminf\/fase-final-das-obras-do-complexo-viario-rei-pele\/","url":"https:\/\/www.manaus.am.gov.br\/seminf\/fase-final-das-obras-do-complexo-viario-rei-pele\/","name":"Prefeito David Almeida fiscaliza fase final das obras do complexo vi\u00e1rio Rei Pel\u00e9 que alcan\u00e7a 90% de execu\u00e7\u00e3o","isPartOf":{"@id":"https:\/\/www.manaus.am.gov.br\/seminf\/#website"},"primaryImageOfPage":{"@id":"https:\/\/www.manaus.am.gov.br\/seminf\/fase-final-das-obras-do-complexo-viario-rei-pele\/#primaryimage"},"image":{"@id":"https:\/\/www.manaus.am.gov.br\/seminf\/fase-final-das-obras-do-complexo-viario-rei-pele\/#primaryimage"},"thumbnailUrl":"https:\/\/www.manaus.am.gov.br\/seminf\/wp-content\/uploads\/sites\/6\/2025\/03\/WhatsApp-Image-2025-03-27-at-14.54.46-1.jpeg","datePublished":"2025-03-27T22:00:06+00:00","dateModified":"2025-03-27T22:00:27+00:00","author":{"@id":"https:\/\/www.manaus.am.gov.br\/seminf\/#\/schema\/person\/466a0e03ae4b6062809046bd560ac955"},"description":"O prefeito de Manaus, David Almeida, fiscalizou, nesta quinta-feira, 27\/3, a medi\u00e7\u00e3o das obras do complexo vi\u00e1rio Rei Pel\u00e9. A obra, uma das mais desafiadoras interven\u00e7\u00f5es de mobilidade urbana da cidade, j\u00e1 alcan\u00e7ou 90% de execu\u00e7\u00e3o.","inLanguage":"pt-BR","potentialAction":[{"@type":"ReadAction","target":["https:\/\/www.manaus.am.gov.br\/seminf\/fase-final-das-obras-do-complexo-viario-rei-pele\/"]}]},{"@type":"ImageObject","inLanguage":"pt-BR","@id":"https:\/\/www.manaus.am.gov.br\/seminf\/fase-final-das-obras-do-complexo-viario-rei-pele\/#primaryimage","url":"https:\/\/www.manaus.am.gov.br\/seminf\/wp-content\/uploads\/sites\/6\/2025\/03\/WhatsApp-Image-2025-03-27-at-14.54.46-1.jpeg","contentUrl":"https:\/\/www.manaus.am.gov.br\/seminf\/wp-content\/uploads\/sites\/6\/2025\/03\/WhatsApp-Image-2025-03-27-at-14.54.46-1.jpeg","width":4160,"height":2773},{"@type":"WebSite","@id":"https:\/\/www.manaus.am.gov.br\/seminf\/#website","url":"https:\/\/www.manaus.am.gov.br\/seminf\/","name":"Secretaria de Infraestrutura","description":"Secretaria Municipal de Infraestrutura","potentialAction":[{"@type":"SearchAction","target":{"@type":"EntryPoint","urlTemplate":"https:\/\/www.manaus.am.gov.br\/seminf\/?s={search_term_string}"},"query-input":"required name=search_term_string"}],"inLanguage":"pt-BR"},{"@type":"Person","@id":"https:\/\/www.manaus.am.gov.br\/seminf\/#\/schema\/person\/466a0e03ae4b6062809046bd560ac955","name":"bvalente","image":{"@type":"ImageObject","inLanguage":"pt-BR","@id":"https:\/\/www.manaus.am.gov.br\/seminf\/#\/schema\/person\/image\/","url":"https:\/\/secure.gravatar.com\/avatar\/3e69bc2b014bdad41adfec3a39de07d2?s=96&d=mm&r=g","contentUrl":"https:\/\/secure.gravatar.com\/avatar\/3e69bc2b014bdad41adfec3a39de07d2?s=96&d=mm&r=g","caption":"bvalente"}}]}},"_links":{"self":[{"href":"https:\/\/www.manaus.am.gov.br\/seminf\/wp-json\/wp\/v2\/posts\/4674"}],"collection":[{"href":"https:\/\/www.manaus.am.gov.br\/seminf\/wp-json\/wp\/v2\/posts"}],"about":[{"href":"https:\/\/www.manaus.am.gov.br\/seminf\/wp-json\/wp\/v2\/types\/post"}],"author":[{"embeddable":true,"href":"https:\/\/www.manaus.am.gov.br\/seminf\/wp-json\/wp\/v2\/users\/68"}],"replies":[{"embeddable":true,"href":"https:\/\/www.manaus.am.gov.br\/seminf\/wp-json\/wp\/v2\/comments?post=4674"}],"version-history":[{"count":3,"href":"https:\/\/www.manaus.am.gov.br\/seminf\/wp-json\/wp\/v2\/posts\/4674\/revisions"}],"predecessor-version":[{"id":4679,"href":"https:\/\/www.manaus.am.gov.br\/seminf\/wp-json\/wp\/v2\/posts\/4674\/revisions\/4679"}],"wp:featuredmedia":[{"embeddable":true,"href":"https:\/\/www.manaus.am.gov.br\/seminf\/wp-json\/wp\/v2\/media\/4676"}],"wp:attachment":[{"href":"https:\/\/www.manaus.am.gov.br\/seminf\/wp-json\/wp\/v2\/media?parent=4674"}],"wp:term":[{"taxonomy":"category","embeddable":true,"href":"https:\/\/www.manaus.am.gov.br\/seminf\/wp-json\/wp\/v2\/categories?post=4674"},{"taxonomy":"post_tag","embeddable":true,"href":"https:\/\/www.manaus.am.gov.br\/seminf\/wp-json\/wp\/v2\/tags?post=4674"}],"curies":[{"name":"wp","href":"https:\/\/api.w.org\/{rel}","templated":true}]}}