{"id":4600,"date":"2025-03-20T19:07:21","date_gmt":"2025-03-20T23:07:21","guid":{"rendered":"https:\/\/www.manaus.am.gov.br\/seminf\/trabalho-de-rede-de-drenagem\/"},"modified":"2025-03-20T19:07:22","modified_gmt":"2025-03-20T23:07:22","slug":"trabalho-de-rede-de-drenagem","status":"publish","type":"post","link":"https:\/\/www.manaus.am.gov.br\/seminf\/trabalho-de-rede-de-drenagem\/","title":{"rendered":"Prefeitura de Manaus atua no desvio de rede de drenagem no bairro Cidade Nova para diminuir os impactos do inverno amaz\u00f4nico"},"content":{"rendered":"\n<p>A Prefeitura de Manaus, por meio da Secretaria Municipal de Infraestrutura (Seminf), atua no desvio da rede de drenagem da rua Conde, no bairro Cidade Nova, zona Norte da capital, nesta quinta-feira, 20\/3. Os servi\u00e7os visam minimizar os danos causados durante o per\u00edodo de chuvas.<\/p>\n\n\n\n<p>\u201cAs equipes da Seminf seguem realizando estudos detalhados para identificar os pontos mais cr\u00edticos da cidade durante o per\u00edodo chuvoso. Nosso objetivo \u00e9 prevenir a popula\u00e7\u00e3o de poss\u00edveis transtornos, refor\u00e7ar a manuten\u00e7\u00e3o do sistema de drenagem e implementar solu\u00e7\u00f5es eficientes para minimizar os impactos das chuvas. Com esses servi\u00e7os conseguimos melhorar o escoamento das \u00e1guas evitando poss\u00edveis alagamentos\u201d, ressalta o vice-prefeito e secret\u00e1rio de Obras, Renato Junior.<\/p>\n\n\n\n<p>A rua Conde sofreu com uma grande eros\u00e3o, com isso as equipes da Seminf realizam estudos topogr\u00e1ficos e hidrogr\u00e1ficos da \u00e1rea para apontar uma solu\u00e7\u00e3o definitiva da situa\u00e7\u00e3o. Conforme esses estudos, o corpo t\u00e9cnico realizar\u00e1 o desvio da rede de drenagem, substituindo 42 novos tubos, para minimizar os danos causados pelas fortes chuvas.&nbsp;<\/p>\n\n\n\n<p>Os moradores da \u00e1rea demonstram estar mais aliviados e despreocupados com os trabalhos realizados pela prefeitura.<\/p>\n\n\n\n<p>\u201cAgora estou mais feliz e despreocupada porque as obras come\u00e7aram. \u00c9 um al\u00edvio para n\u00f3s moradores, pois o barranco ca\u00eda todo dia e era preocupante. Fizemos a solicita\u00e7\u00e3o e pedimos ajuda da prefeitura para solucionar o problema. Agrade\u00e7o \u00e0 Prefeitura de Manaus pelo servi\u00e7o na rua Conde\u201d, comenta a aut\u00f4noma Fl\u00e1via Amorim, de 44 anos.<\/p>\n\n\n\n<p>\u2014 \u2014 \u2014<br><strong>Texto &#8211; <\/strong>Eduarda Lira\/ Seminf<br><strong>Fotos &#8211;<\/strong> Alessandro Ara\u00fajo\/ Seminf<\/p>\n","protected":false},"excerpt":{"rendered":"","protected":false},"author":68,"featured_media":4601,"comment_status":"closed","ping_status":"closed","sticky":false,"template":"","format":"standard","meta":{"footnotes":""},"categories":[3],"tags":[1834,43,1835,26],"acf":[],"yoast_head":"<!-- This site is optimized with the Yoast SEO plugin v23.0 - https:\/\/yoast.com\/wordpress\/plugins\/seo\/ -->\n<title>Prefeitura de Manaus atua no desvio de rede de drenagem no bairro Cidade Nova para diminuir os impactos do inverno amaz\u00f4nico<\/title>\n<meta name=\"description\" content=\"A Prefeitura de Manaus, por meio da Secretaria Municipal de Infraestrutura (Seminf), atua no desvio da rede de drenagem da rua Conde, no bairro Cidade Nova, zona Norte da capital, nesta quinta-feira, 20\/3.\" \/>\n<meta name=\"robots\" content=\"index, follow, max-snippet:-1, max-image-preview:large, max-video-preview:-1\" \/>\n<link rel=\"canonical\" href=\"https:\/\/www.manaus.am.gov.br\/seminf\/trabalho-de-rede-de-drenagem\/\" \/>\n<meta property=\"og:locale\" content=\"pt_BR\" \/>\n<meta property=\"og:type\" content=\"article\" \/>\n<meta property=\"og:title\" content=\"Prefeitura de Manaus atua no desvio de rede de drenagem no bairro Cidade Nova para diminuir os impactos do inverno amaz\u00f4nico\" \/>\n<meta property=\"og:description\" content=\"A Prefeitura de Manaus, por meio da Secretaria Municipal de Infraestrutura (Seminf), atua no desvio da rede de drenagem da rua Conde, no bairro Cidade Nova, zona Norte da capital, nesta quinta-feira, 20\/3.\" \/>\n<meta property=\"og:url\" content=\"https:\/\/www.manaus.am.gov.br\/seminf\/trabalho-de-rede-de-drenagem\/\" \/>\n<meta property=\"og:site_name\" content=\"SEMINF\" \/>\n<meta property=\"article:published_time\" content=\"2025-03-20T23:07:21+00:00\" \/>\n<meta property=\"article:modified_time\" content=\"2025-03-20T23:07:22+00:00\" \/>\n<meta property=\"og:image\" content=\"https:\/\/www.manaus.am.gov.br\/seminf\/wp-content\/uploads\/sites\/6\/2025\/03\/Prefeitura-de-Manaus-atua-no-desvio-de-rede-de-drenagem-no-bairro-Cidade-Nova-para-diminuir-os-impactos-do-inverno-amazonico-2.jpg\" \/>\n\t<meta property=\"og:image:width\" content=\"800\" \/>\n\t<meta property=\"og:image:height\" content=\"450\" \/>\n\t<meta property=\"og:image:type\" content=\"image\/jpeg\" \/>\n<meta name=\"author\" content=\"bvalente\" \/>\n<meta name=\"twitter:card\" content=\"summary_large_image\" \/>\n<meta name=\"twitter:label1\" content=\"Written by\" \/>\n\t<meta name=\"twitter:data1\" content=\"bvalente\" \/>\n\t<meta name=\"twitter:label2\" content=\"Est. reading time\" \/>\n\t<meta name=\"twitter:data2\" content=\"2 minutos\" \/>\n<script type=\"application\/ld+json\" class=\"yoast-schema-graph\">{\"@context\":\"https:\/\/schema.org\",\"@graph\":[{\"@type\":\"WebPage\",\"@id\":\"https:\/\/www.manaus.am.gov.br\/seminf\/trabalho-de-rede-de-drenagem\/\",\"url\":\"https:\/\/www.manaus.am.gov.br\/seminf\/trabalho-de-rede-de-drenagem\/\",\"name\":\"Prefeitura de Manaus atua no desvio de rede de drenagem no bairro Cidade Nova para diminuir os impactos do inverno amaz\u00f4nico\",\"isPartOf\":{\"@id\":\"https:\/\/www.manaus.am.gov.br\/seminf\/#website\"},\"primaryImageOfPage\":{\"@id\":\"https:\/\/www.manaus.am.gov.br\/seminf\/trabalho-de-rede-de-drenagem\/#primaryimage\"},\"image\":{\"@id\":\"https:\/\/www.manaus.am.gov.br\/seminf\/trabalho-de-rede-de-drenagem\/#primaryimage\"},\"thumbnailUrl\":\"https:\/\/www.manaus.am.gov.br\/seminf\/wp-content\/uploads\/sites\/6\/2025\/03\/Prefeitura-de-Manaus-atua-no-desvio-de-rede-de-drenagem-no-bairro-Cidade-Nova-para-diminuir-os-impactos-do-inverno-amazonico-2.jpg\",\"datePublished\":\"2025-03-20T23:07:21+00:00\",\"dateModified\":\"2025-03-20T23:07:22+00:00\",\"author\":{\"@id\":\"https:\/\/www.manaus.am.gov.br\/seminf\/#\/schema\/person\/466a0e03ae4b6062809046bd560ac955\"},\"description\":\"A Prefeitura de Manaus, por meio da Secretaria Municipal de Infraestrutura (Seminf), atua no desvio da rede de drenagem da rua Conde, no bairro Cidade Nova, zona Norte da capital, nesta quinta-feira, 20\/3.\",\"inLanguage\":\"pt-BR\",\"potentialAction\":[{\"@type\":\"ReadAction\",\"target\":[\"https:\/\/www.manaus.am.gov.br\/seminf\/trabalho-de-rede-de-drenagem\/\"]}]},{\"@type\":\"ImageObject\",\"inLanguage\":\"pt-BR\",\"@id\":\"https:\/\/www.manaus.am.gov.br\/seminf\/trabalho-de-rede-de-drenagem\/#primaryimage\",\"url\":\"https:\/\/www.manaus.am.gov.br\/seminf\/wp-content\/uploads\/sites\/6\/2025\/03\/Prefeitura-de-Manaus-atua-no-desvio-de-rede-de-drenagem-no-bairro-Cidade-Nova-para-diminuir-os-impactos-do-inverno-amazonico-2.jpg\",\"contentUrl\":\"https:\/\/www.manaus.am.gov.br\/seminf\/wp-content\/uploads\/sites\/6\/2025\/03\/Prefeitura-de-Manaus-atua-no-desvio-de-rede-de-drenagem-no-bairro-Cidade-Nova-para-diminuir-os-impactos-do-inverno-amazonico-2.jpg\",\"width\":800,\"height\":450},{\"@type\":\"WebSite\",\"@id\":\"https:\/\/www.manaus.am.gov.br\/seminf\/#website\",\"url\":\"https:\/\/www.manaus.am.gov.br\/seminf\/\",\"name\":\"Secretaria de Infraestrutura\",\"description\":\"Secretaria Municipal de Infraestrutura\",\"potentialAction\":[{\"@type\":\"SearchAction\",\"target\":{\"@type\":\"EntryPoint\",\"urlTemplate\":\"https:\/\/www.manaus.am.gov.br\/seminf\/?s={search_term_string}\"},\"query-input\":\"required name=search_term_string\"}],\"inLanguage\":\"pt-BR\"},{\"@type\":\"Person\",\"@id\":\"https:\/\/www.manaus.am.gov.br\/seminf\/#\/schema\/person\/466a0e03ae4b6062809046bd560ac955\",\"name\":\"bvalente\",\"image\":{\"@type\":\"ImageObject\",\"inLanguage\":\"pt-BR\",\"@id\":\"https:\/\/www.manaus.am.gov.br\/seminf\/#\/schema\/person\/image\/\",\"url\":\"https:\/\/secure.gravatar.com\/avatar\/3e69bc2b014bdad41adfec3a39de07d2?s=96&d=mm&r=g\",\"contentUrl\":\"https:\/\/secure.gravatar.com\/avatar\/3e69bc2b014bdad41adfec3a39de07d2?s=96&d=mm&r=g\",\"caption\":\"bvalente\"}}]}<\/script>\n<!-- \/ Yoast SEO plugin. -->","yoast_head_json":{"title":"Prefeitura de Manaus atua no desvio de rede de drenagem no bairro Cidade Nova para diminuir os impactos do inverno amaz\u00f4nico","description":"A Prefeitura de Manaus, por meio da Secretaria Municipal de Infraestrutura (Seminf), atua no desvio da rede de drenagem da rua Conde, no bairro Cidade Nova, zona Norte da capital, nesta quinta-feira, 20\/3.","robots":{"index":"index","follow":"follow","max-snippet":"max-snippet:-1","max-image-preview":"max-image-preview:large","max-video-preview":"max-video-preview:-1"},"canonical":"https:\/\/www.manaus.am.gov.br\/seminf\/trabalho-de-rede-de-drenagem\/","og_locale":"pt_BR","og_type":"article","og_title":"Prefeitura de Manaus atua no desvio de rede de drenagem no bairro Cidade Nova para diminuir os impactos do inverno amaz\u00f4nico","og_description":"A Prefeitura de Manaus, por meio da Secretaria Municipal de Infraestrutura (Seminf), atua no desvio da rede de drenagem da rua Conde, no bairro Cidade Nova, zona Norte da capital, nesta quinta-feira, 20\/3.","og_url":"https:\/\/www.manaus.am.gov.br\/seminf\/trabalho-de-rede-de-drenagem\/","og_site_name":"SEMINF","article_published_time":"2025-03-20T23:07:21+00:00","article_modified_time":"2025-03-20T23:07:22+00:00","og_image":[{"width":800,"height":450,"url":"https:\/\/www.manaus.am.gov.br\/seminf\/wp-content\/uploads\/sites\/6\/2025\/03\/Prefeitura-de-Manaus-atua-no-desvio-de-rede-de-drenagem-no-bairro-Cidade-Nova-para-diminuir-os-impactos-do-inverno-amazonico-2.jpg","type":"image\/jpeg"}],"author":"bvalente","twitter_card":"summary_large_image","twitter_misc":{"Written by":"bvalente","Est. reading time":"2 minutos"},"schema":{"@context":"https:\/\/schema.org","@graph":[{"@type":"WebPage","@id":"https:\/\/www.manaus.am.gov.br\/seminf\/trabalho-de-rede-de-drenagem\/","url":"https:\/\/www.manaus.am.gov.br\/seminf\/trabalho-de-rede-de-drenagem\/","name":"Prefeitura de Manaus atua no desvio de rede de drenagem no bairro Cidade Nova para diminuir os impactos do inverno amaz\u00f4nico","isPartOf":{"@id":"https:\/\/www.manaus.am.gov.br\/seminf\/#website"},"primaryImageOfPage":{"@id":"https:\/\/www.manaus.am.gov.br\/seminf\/trabalho-de-rede-de-drenagem\/#primaryimage"},"image":{"@id":"https:\/\/www.manaus.am.gov.br\/seminf\/trabalho-de-rede-de-drenagem\/#primaryimage"},"thumbnailUrl":"https:\/\/www.manaus.am.gov.br\/seminf\/wp-content\/uploads\/sites\/6\/2025\/03\/Prefeitura-de-Manaus-atua-no-desvio-de-rede-de-drenagem-no-bairro-Cidade-Nova-para-diminuir-os-impactos-do-inverno-amazonico-2.jpg","datePublished":"2025-03-20T23:07:21+00:00","dateModified":"2025-03-20T23:07:22+00:00","author":{"@id":"https:\/\/www.manaus.am.gov.br\/seminf\/#\/schema\/person\/466a0e03ae4b6062809046bd560ac955"},"description":"A Prefeitura de Manaus, por meio da Secretaria Municipal de Infraestrutura (Seminf), atua no desvio da rede de drenagem da rua Conde, no bairro Cidade Nova, zona Norte da capital, nesta quinta-feira, 20\/3.","inLanguage":"pt-BR","potentialAction":[{"@type":"ReadAction","target":["https:\/\/www.manaus.am.gov.br\/seminf\/trabalho-de-rede-de-drenagem\/"]}]},{"@type":"ImageObject","inLanguage":"pt-BR","@id":"https:\/\/www.manaus.am.gov.br\/seminf\/trabalho-de-rede-de-drenagem\/#primaryimage","url":"https:\/\/www.manaus.am.gov.br\/seminf\/wp-content\/uploads\/sites\/6\/2025\/03\/Prefeitura-de-Manaus-atua-no-desvio-de-rede-de-drenagem-no-bairro-Cidade-Nova-para-diminuir-os-impactos-do-inverno-amazonico-2.jpg","contentUrl":"https:\/\/www.manaus.am.gov.br\/seminf\/wp-content\/uploads\/sites\/6\/2025\/03\/Prefeitura-de-Manaus-atua-no-desvio-de-rede-de-drenagem-no-bairro-Cidade-Nova-para-diminuir-os-impactos-do-inverno-amazonico-2.jpg","width":800,"height":450},{"@type":"WebSite","@id":"https:\/\/www.manaus.am.gov.br\/seminf\/#website","url":"https:\/\/www.manaus.am.gov.br\/seminf\/","name":"Secretaria de Infraestrutura","description":"Secretaria Municipal de Infraestrutura","potentialAction":[{"@type":"SearchAction","target":{"@type":"EntryPoint","urlTemplate":"https:\/\/www.manaus.am.gov.br\/seminf\/?s={search_term_string}"},"query-input":"required name=search_term_string"}],"inLanguage":"pt-BR"},{"@type":"Person","@id":"https:\/\/www.manaus.am.gov.br\/seminf\/#\/schema\/person\/466a0e03ae4b6062809046bd560ac955","name":"bvalente","image":{"@type":"ImageObject","inLanguage":"pt-BR","@id":"https:\/\/www.manaus.am.gov.br\/seminf\/#\/schema\/person\/image\/","url":"https:\/\/secure.gravatar.com\/avatar\/3e69bc2b014bdad41adfec3a39de07d2?s=96&d=mm&r=g","contentUrl":"https:\/\/secure.gravatar.com\/avatar\/3e69bc2b014bdad41adfec3a39de07d2?s=96&d=mm&r=g","caption":"bvalente"}}]}},"_links":{"self":[{"href":"https:\/\/www.manaus.am.gov.br\/seminf\/wp-json\/wp\/v2\/posts\/4600"}],"collection":[{"href":"https:\/\/www.manaus.am.gov.br\/seminf\/wp-json\/wp\/v2\/posts"}],"about":[{"href":"https:\/\/www.manaus.am.gov.br\/seminf\/wp-json\/wp\/v2\/types\/post"}],"author":[{"embeddable":true,"href":"https:\/\/www.manaus.am.gov.br\/seminf\/wp-json\/wp\/v2\/users\/68"}],"replies":[{"embeddable":true,"href":"https:\/\/www.manaus.am.gov.br\/seminf\/wp-json\/wp\/v2\/comments?post=4600"}],"version-history":[{"count":0,"href":"https:\/\/www.manaus.am.gov.br\/seminf\/wp-json\/wp\/v2\/posts\/4600\/revisions"}],"wp:featuredmedia":[{"embeddable":true,"href":"https:\/\/www.manaus.am.gov.br\/seminf\/wp-json\/wp\/v2\/media\/4601"}],"wp:attachment":[{"href":"https:\/\/www.manaus.am.gov.br\/seminf\/wp-json\/wp\/v2\/media?parent=4600"}],"wp:term":[{"taxonomy":"category","embeddable":true,"href":"https:\/\/www.manaus.am.gov.br\/seminf\/wp-json\/wp\/v2\/categories?post=4600"},{"taxonomy":"post_tag","embeddable":true,"href":"https:\/\/www.manaus.am.gov.br\/seminf\/wp-json\/wp\/v2\/tags?post=4600"}],"curies":[{"name":"wp","href":"https:\/\/api.w.org\/{rel}","templated":true}]}}