{"id":4598,"date":"2025-03-20T16:06:51","date_gmt":"2025-03-20T20:06:51","guid":{"rendered":"https:\/\/www.manaus.am.gov.br\/seminf\/prefeito-vistoria-limpeza-desobstrucao-igarapes-chuvas\/"},"modified":"2025-03-20T16:06:53","modified_gmt":"2025-03-20T20:06:53","slug":"prefeito-vistoria-limpeza-desobstrucao-igarapes-chuvas","status":"publish","type":"post","link":"https:\/\/www.manaus.am.gov.br\/seminf\/prefeito-vistoria-limpeza-desobstrucao-igarapes-chuvas\/","title":{"rendered":"Prefeito David Almeida vistoria servi\u00e7os de limpeza e desobstru\u00e7\u00e3o de igarap\u00e9s em resposta \u00e0s fortes chuvas em Manaus"},"content":{"rendered":"\n<p>O prefeito de Manaus, David Almeida, determinou, nesta quinta-feira, 20\/3, a intensifica\u00e7\u00e3o dos trabalhos de limpeza e desobstru\u00e7\u00e3o de igarap\u00e9s na zona Leste da cidade. A a\u00e7\u00e3o faz parte de um conjunto de medidas emergenciais definidas durante a reuni\u00e3o do comit\u00ea de crise, realizada na noite desta quarta-feira, 19\/3, para mitigar os impactos das fortes chuvas na capital.<\/p>\n\n\n\n<p>O chefe do Executivo municipal vistoriou de perto as interven\u00e7\u00f5es no igarap\u00e9 do Mindu, localizado entre os bairros Tancredo Neves e Novo Aleixo, onde equipes da Secretaria Municipal de Limpeza Urbana (Semulsp) e Secretaria Municipal de Infraestrutura (Seminf) realizam a dragagem, drenagem e amplia\u00e7\u00e3o de bocas de lobo para garantir maior vaz\u00e3o da \u00e1gua.<\/p>\n\n\n\n<p>\u201cN\u00f3s estamos fazendo a desobstru\u00e7\u00e3o de bueiros, de bocas de lobo e realizando a dragagem dos igarap\u00e9s. Esse trabalho j\u00e1 surtiu efeito aqui. Nossas equipes est\u00e3o dentro dos igarap\u00e9s, ampliando as bocas de lobo para dar vaz\u00e3o \u00e0 grande quantidade de \u00e1gua que tem ca\u00eddo em virtude das chuvas. Esse \u00e9 o trabalho da prefeitura\u201d, afirmou o prefeito.<\/p>\n\n\n\n<p>A a\u00e7\u00e3o, tamb\u00e9m, faz parte do cronograma cont\u00ednuo de manuten\u00e7\u00e3o de igarap\u00e9s, coordenado pela Semulsp. Segundo o subsecret\u00e1rio de Gest\u00e3o da pasta, Altervir Moreira, o servi\u00e7o est\u00e1 sendo realizado em diferentes pontos da cidade.<\/p>\n\n\n\n<p>\u201cN\u00f3s come\u00e7amos esse trabalho na \u00e1rea da Sapol\u00e2ndia, no bairro Alvorada, depois passamos para o igarap\u00e9 do 40 e agora estamos aqui na alameda Alphaville, desassoreando e dando fluxo \u00e0 \u00e1gua. A prefeitura, por meio da Semulsp, Seminf e outras secretarias, est\u00e1 com seis equipes mecanizadas, somando mais de cem servidores, para garantir que os igarap\u00e9s recebam a devida assist\u00eancia\u201d, explicou o Moreira.<\/p>\n\n\n\n<p>Moradores da regi\u00e3o acompanham as a\u00e7\u00f5es e destacam a import\u00e2ncia do trabalho para reduzir os impactos das chuvas. Mestre de obras e morador do local h\u00e1 34 anos, Leandro Marcel da Silva agradeceu a presen\u00e7a do prefeito e ressaltou a necessidade de interven\u00e7\u00f5es para minimizar os alagamentos.<\/p>\n\n\n\n<p>\u201cNunca ningu\u00e9m tinha vindo aqui antes, al\u00e9m de assessores. Ent\u00e3o, eu quero agradecer ao prefeito por estar aqui e por ter se comprometido a minimizar esse problema para a gente. Ele concordou que a ponte deveria ter sido feita junto com a obra de alargamento da via realizada pelo governo do Estado e garantiu que ir\u00e1 buscar solu\u00e7\u00f5es para o problema\u201d, afirmou Leandro.<\/p>\n\n\n\n<p>As a\u00e7\u00f5es emergenciais da Prefeitura de Manaus seguem em execu\u00e7\u00e3o nos pontos mais cr\u00edticos da cidade, visando minimizar os impactos das chuvas e proporcionar mais seguran\u00e7a e qualidade de vida para a popula\u00e7\u00e3o.<\/p>\n\n\n\n<p>&#8212; &#8212; &#8212;<\/p>\n\n\n\n<p><strong>Texto &#8211; <\/strong>Emanuelle Baires\/Semcom<\/p>\n\n\n\n<p><strong>Fotos <\/strong>&#8211; Dhyeizo Lemos\/Semcom<\/p>\n\n\n\n<p><strong>Dispon\u00edveis em \u2013 <\/strong><a href=\"https:\/\/flic.kr\/s\/aHBqjC6dBi\">https:\/\/flic.kr\/s\/aHBqjC6dBi<\/a><\/p>\n","protected":false},"excerpt":{"rendered":"","protected":false},"author":39,"featured_media":4599,"comment_status":"closed","ping_status":"closed","sticky":false,"template":"","format":"standard","meta":{"footnotes":""},"categories":[1830],"tags":[28,1831,43,1832,1833,58],"acf":[],"yoast_head":"<!-- This site is optimized with the Yoast SEO plugin v23.0 - https:\/\/yoast.com\/wordpress\/plugins\/seo\/ -->\n<title>Limpeza e desobstru\u00e7\u00e3o de igarap\u00e9s em resposta \u00e0s fortes chuvas<\/title>\n<meta name=\"description\" content=\"Prefeito David Almeida vistoria servi\u00e7os de limpeza e desobstru\u00e7\u00e3o de igarap\u00e9s em resposta \u00e0s fortes chuvas em Manaus.\" \/>\n<meta name=\"robots\" content=\"index, follow, max-snippet:-1, max-image-preview:large, max-video-preview:-1\" \/>\n<link rel=\"canonical\" href=\"https:\/\/www.manaus.am.gov.br\/seminf\/prefeito-vistoria-limpeza-desobstrucao-igarapes-chuvas\/\" \/>\n<meta property=\"og:locale\" content=\"pt_BR\" \/>\n<meta property=\"og:type\" content=\"article\" \/>\n<meta property=\"og:title\" content=\"Limpeza e desobstru\u00e7\u00e3o de igarap\u00e9s em resposta \u00e0s fortes chuvas\" \/>\n<meta property=\"og:description\" content=\"Prefeito David Almeida vistoria servi\u00e7os de limpeza e desobstru\u00e7\u00e3o de igarap\u00e9s em resposta \u00e0s fortes chuvas em Manaus.\" \/>\n<meta property=\"og:url\" content=\"https:\/\/www.manaus.am.gov.br\/seminf\/prefeito-vistoria-limpeza-desobstrucao-igarapes-chuvas\/\" \/>\n<meta property=\"og:site_name\" content=\"SEMINF\" \/>\n<meta property=\"article:published_time\" content=\"2025-03-20T20:06:51+00:00\" \/>\n<meta property=\"article:modified_time\" content=\"2025-03-20T20:06:53+00:00\" \/>\n<meta property=\"og:image\" content=\"https:\/\/www.manaus.am.gov.br\/seminf\/wp-content\/uploads\/sites\/6\/2025\/03\/WhatsApp-Image-2025-03-20-at-12.10.55-1024x683.jpeg\" \/>\n\t<meta property=\"og:image:width\" content=\"1024\" \/>\n\t<meta property=\"og:image:height\" content=\"683\" \/>\n\t<meta property=\"og:image:type\" content=\"image\/jpeg\" \/>\n<meta name=\"author\" content=\"Bruna Greco\" \/>\n<meta name=\"twitter:card\" content=\"summary_large_image\" \/>\n<meta name=\"twitter:label1\" content=\"Written by\" \/>\n\t<meta name=\"twitter:data1\" content=\"Bruna Greco\" \/>\n\t<meta name=\"twitter:label2\" content=\"Est. reading time\" \/>\n\t<meta name=\"twitter:data2\" content=\"3 minutos\" \/>\n<script type=\"application\/ld+json\" class=\"yoast-schema-graph\">{\"@context\":\"https:\/\/schema.org\",\"@graph\":[{\"@type\":\"WebPage\",\"@id\":\"https:\/\/www.manaus.am.gov.br\/seminf\/prefeito-vistoria-limpeza-desobstrucao-igarapes-chuvas\/\",\"url\":\"https:\/\/www.manaus.am.gov.br\/seminf\/prefeito-vistoria-limpeza-desobstrucao-igarapes-chuvas\/\",\"name\":\"Limpeza e desobstru\u00e7\u00e3o de igarap\u00e9s em resposta \u00e0s fortes chuvas\",\"isPartOf\":{\"@id\":\"https:\/\/www.manaus.am.gov.br\/seminf\/#website\"},\"primaryImageOfPage\":{\"@id\":\"https:\/\/www.manaus.am.gov.br\/seminf\/prefeito-vistoria-limpeza-desobstrucao-igarapes-chuvas\/#primaryimage\"},\"image\":{\"@id\":\"https:\/\/www.manaus.am.gov.br\/seminf\/prefeito-vistoria-limpeza-desobstrucao-igarapes-chuvas\/#primaryimage\"},\"thumbnailUrl\":\"https:\/\/www.manaus.am.gov.br\/seminf\/wp-content\/uploads\/sites\/6\/2025\/03\/WhatsApp-Image-2025-03-20-at-12.10.55.jpeg\",\"datePublished\":\"2025-03-20T20:06:51+00:00\",\"dateModified\":\"2025-03-20T20:06:53+00:00\",\"author\":{\"@id\":\"https:\/\/www.manaus.am.gov.br\/seminf\/#\/schema\/person\/05d223aea2bf115f9883a6ff3683d81b\"},\"description\":\"Prefeito David Almeida vistoria servi\u00e7os de limpeza e desobstru\u00e7\u00e3o de igarap\u00e9s em resposta \u00e0s fortes chuvas em Manaus.\",\"inLanguage\":\"pt-BR\",\"potentialAction\":[{\"@type\":\"ReadAction\",\"target\":[\"https:\/\/www.manaus.am.gov.br\/seminf\/prefeito-vistoria-limpeza-desobstrucao-igarapes-chuvas\/\"]}]},{\"@type\":\"ImageObject\",\"inLanguage\":\"pt-BR\",\"@id\":\"https:\/\/www.manaus.am.gov.br\/seminf\/prefeito-vistoria-limpeza-desobstrucao-igarapes-chuvas\/#primaryimage\",\"url\":\"https:\/\/www.manaus.am.gov.br\/seminf\/wp-content\/uploads\/sites\/6\/2025\/03\/WhatsApp-Image-2025-03-20-at-12.10.55.jpeg\",\"contentUrl\":\"https:\/\/www.manaus.am.gov.br\/seminf\/wp-content\/uploads\/sites\/6\/2025\/03\/WhatsApp-Image-2025-03-20-at-12.10.55.jpeg\",\"width\":4160,\"height\":2773,\"caption\":\"#paratodosverem - Prefeito de Manaus, David Almeida, acompanhado de representantes da Semulsp, fiscalizando os servi\u00e7os de de limpeza e desobstru\u00e7\u00e3o de igarap\u00e9s\"},{\"@type\":\"WebSite\",\"@id\":\"https:\/\/www.manaus.am.gov.br\/seminf\/#website\",\"url\":\"https:\/\/www.manaus.am.gov.br\/seminf\/\",\"name\":\"Secretaria de Infraestrutura\",\"description\":\"Secretaria Municipal de Infraestrutura\",\"potentialAction\":[{\"@type\":\"SearchAction\",\"target\":{\"@type\":\"EntryPoint\",\"urlTemplate\":\"https:\/\/www.manaus.am.gov.br\/seminf\/?s={search_term_string}\"},\"query-input\":\"required name=search_term_string\"}],\"inLanguage\":\"pt-BR\"},{\"@type\":\"Person\",\"@id\":\"https:\/\/www.manaus.am.gov.br\/seminf\/#\/schema\/person\/05d223aea2bf115f9883a6ff3683d81b\",\"name\":\"Bruna Greco\",\"image\":{\"@type\":\"ImageObject\",\"inLanguage\":\"pt-BR\",\"@id\":\"https:\/\/www.manaus.am.gov.br\/seminf\/#\/schema\/person\/image\/\",\"url\":\"https:\/\/secure.gravatar.com\/avatar\/9c877d1a6adc2a055330e5c09a8653ce?s=96&d=mm&r=g\",\"contentUrl\":\"https:\/\/secure.gravatar.com\/avatar\/9c877d1a6adc2a055330e5c09a8653ce?s=96&d=mm&r=g\",\"caption\":\"Bruna Greco\"}}]}<\/script>\n<!-- \/ Yoast SEO plugin. -->","yoast_head_json":{"title":"Limpeza e desobstru\u00e7\u00e3o de igarap\u00e9s em resposta \u00e0s fortes chuvas","description":"Prefeito David Almeida vistoria servi\u00e7os de limpeza e desobstru\u00e7\u00e3o de igarap\u00e9s em resposta \u00e0s fortes chuvas em Manaus.","robots":{"index":"index","follow":"follow","max-snippet":"max-snippet:-1","max-image-preview":"max-image-preview:large","max-video-preview":"max-video-preview:-1"},"canonical":"https:\/\/www.manaus.am.gov.br\/seminf\/prefeito-vistoria-limpeza-desobstrucao-igarapes-chuvas\/","og_locale":"pt_BR","og_type":"article","og_title":"Limpeza e desobstru\u00e7\u00e3o de igarap\u00e9s em resposta \u00e0s fortes chuvas","og_description":"Prefeito David Almeida vistoria servi\u00e7os de limpeza e desobstru\u00e7\u00e3o de igarap\u00e9s em resposta \u00e0s fortes chuvas em Manaus.","og_url":"https:\/\/www.manaus.am.gov.br\/seminf\/prefeito-vistoria-limpeza-desobstrucao-igarapes-chuvas\/","og_site_name":"SEMINF","article_published_time":"2025-03-20T20:06:51+00:00","article_modified_time":"2025-03-20T20:06:53+00:00","og_image":[{"width":1024,"height":683,"url":"https:\/\/www.manaus.am.gov.br\/seminf\/wp-content\/uploads\/sites\/6\/2025\/03\/WhatsApp-Image-2025-03-20-at-12.10.55-1024x683.jpeg","type":"image\/jpeg"}],"author":"Bruna Greco","twitter_card":"summary_large_image","twitter_misc":{"Written by":"Bruna Greco","Est. reading time":"3 minutos"},"schema":{"@context":"https:\/\/schema.org","@graph":[{"@type":"WebPage","@id":"https:\/\/www.manaus.am.gov.br\/seminf\/prefeito-vistoria-limpeza-desobstrucao-igarapes-chuvas\/","url":"https:\/\/www.manaus.am.gov.br\/seminf\/prefeito-vistoria-limpeza-desobstrucao-igarapes-chuvas\/","name":"Limpeza e desobstru\u00e7\u00e3o de igarap\u00e9s em resposta \u00e0s fortes chuvas","isPartOf":{"@id":"https:\/\/www.manaus.am.gov.br\/seminf\/#website"},"primaryImageOfPage":{"@id":"https:\/\/www.manaus.am.gov.br\/seminf\/prefeito-vistoria-limpeza-desobstrucao-igarapes-chuvas\/#primaryimage"},"image":{"@id":"https:\/\/www.manaus.am.gov.br\/seminf\/prefeito-vistoria-limpeza-desobstrucao-igarapes-chuvas\/#primaryimage"},"thumbnailUrl":"https:\/\/www.manaus.am.gov.br\/seminf\/wp-content\/uploads\/sites\/6\/2025\/03\/WhatsApp-Image-2025-03-20-at-12.10.55.jpeg","datePublished":"2025-03-20T20:06:51+00:00","dateModified":"2025-03-20T20:06:53+00:00","author":{"@id":"https:\/\/www.manaus.am.gov.br\/seminf\/#\/schema\/person\/05d223aea2bf115f9883a6ff3683d81b"},"description":"Prefeito David Almeida vistoria servi\u00e7os de limpeza e desobstru\u00e7\u00e3o de igarap\u00e9s em resposta \u00e0s fortes chuvas em Manaus.","inLanguage":"pt-BR","potentialAction":[{"@type":"ReadAction","target":["https:\/\/www.manaus.am.gov.br\/seminf\/prefeito-vistoria-limpeza-desobstrucao-igarapes-chuvas\/"]}]},{"@type":"ImageObject","inLanguage":"pt-BR","@id":"https:\/\/www.manaus.am.gov.br\/seminf\/prefeito-vistoria-limpeza-desobstrucao-igarapes-chuvas\/#primaryimage","url":"https:\/\/www.manaus.am.gov.br\/seminf\/wp-content\/uploads\/sites\/6\/2025\/03\/WhatsApp-Image-2025-03-20-at-12.10.55.jpeg","contentUrl":"https:\/\/www.manaus.am.gov.br\/seminf\/wp-content\/uploads\/sites\/6\/2025\/03\/WhatsApp-Image-2025-03-20-at-12.10.55.jpeg","width":4160,"height":2773,"caption":"#paratodosverem - Prefeito de Manaus, David Almeida, acompanhado de representantes da Semulsp, fiscalizando os servi\u00e7os de de limpeza e desobstru\u00e7\u00e3o de igarap\u00e9s"},{"@type":"WebSite","@id":"https:\/\/www.manaus.am.gov.br\/seminf\/#website","url":"https:\/\/www.manaus.am.gov.br\/seminf\/","name":"Secretaria de Infraestrutura","description":"Secretaria Municipal de Infraestrutura","potentialAction":[{"@type":"SearchAction","target":{"@type":"EntryPoint","urlTemplate":"https:\/\/www.manaus.am.gov.br\/seminf\/?s={search_term_string}"},"query-input":"required name=search_term_string"}],"inLanguage":"pt-BR"},{"@type":"Person","@id":"https:\/\/www.manaus.am.gov.br\/seminf\/#\/schema\/person\/05d223aea2bf115f9883a6ff3683d81b","name":"Bruna Greco","image":{"@type":"ImageObject","inLanguage":"pt-BR","@id":"https:\/\/www.manaus.am.gov.br\/seminf\/#\/schema\/person\/image\/","url":"https:\/\/secure.gravatar.com\/avatar\/9c877d1a6adc2a055330e5c09a8653ce?s=96&d=mm&r=g","contentUrl":"https:\/\/secure.gravatar.com\/avatar\/9c877d1a6adc2a055330e5c09a8653ce?s=96&d=mm&r=g","caption":"Bruna Greco"}}]}},"_links":{"self":[{"href":"https:\/\/www.manaus.am.gov.br\/seminf\/wp-json\/wp\/v2\/posts\/4598"}],"collection":[{"href":"https:\/\/www.manaus.am.gov.br\/seminf\/wp-json\/wp\/v2\/posts"}],"about":[{"href":"https:\/\/www.manaus.am.gov.br\/seminf\/wp-json\/wp\/v2\/types\/post"}],"author":[{"embeddable":true,"href":"https:\/\/www.manaus.am.gov.br\/seminf\/wp-json\/wp\/v2\/users\/39"}],"replies":[{"embeddable":true,"href":"https:\/\/www.manaus.am.gov.br\/seminf\/wp-json\/wp\/v2\/comments?post=4598"}],"version-history":[{"count":0,"href":"https:\/\/www.manaus.am.gov.br\/seminf\/wp-json\/wp\/v2\/posts\/4598\/revisions"}],"wp:featuredmedia":[{"embeddable":true,"href":"https:\/\/www.manaus.am.gov.br\/seminf\/wp-json\/wp\/v2\/media\/4599"}],"wp:attachment":[{"href":"https:\/\/www.manaus.am.gov.br\/seminf\/wp-json\/wp\/v2\/media?parent=4598"}],"wp:term":[{"taxonomy":"category","embeddable":true,"href":"https:\/\/www.manaus.am.gov.br\/seminf\/wp-json\/wp\/v2\/categories?post=4598"},{"taxonomy":"post_tag","embeddable":true,"href":"https:\/\/www.manaus.am.gov.br\/seminf\/wp-json\/wp\/v2\/tags?post=4598"}],"curies":[{"name":"wp","href":"https:\/\/api.w.org\/{rel}","templated":true}]}}