{"id":4431,"date":"2025-03-03T19:42:53","date_gmt":"2025-03-03T23:42:53","guid":{"rendered":"https:\/\/www.manaus.am.gov.br\/seminf\/feira-do-sao-jorge-reforma-fila-entrega\/"},"modified":"2025-03-03T19:57:23","modified_gmt":"2025-03-03T23:57:23","slug":"feira-do-sao-jorge-reforma-fila-entrega","status":"publish","type":"post","link":"https:\/\/www.manaus.am.gov.br\/seminf\/feira-do-sao-jorge-reforma-fila-entrega\/","title":{"rendered":"Prefeito de Manaus em exerc\u00edcio Renato Junior vistoria as obras de reforma da feira do S\u00e3o Jorge, pr\u00f3xima na fila de entregas"},"content":{"rendered":"\n<p>Ap\u00f3s mais de 20 anos sem reformas, a feira do S\u00e3o Jorge, localizada na rua Primeiro de Maio, zona Oeste, est\u00e1 prestes a ser entregue totalmente reformada pela Prefeitura de Manaus. A obra faz parte do pacote de interven\u00e7\u00f5es da gest\u00e3o do prefeito David Almeida para melhorar a infraestrutura das feiras e mercados da capital, garantindo mais dignidade aos feirantes e conforto aos consumidores.<\/p>\n\n\n\n<p>Em vistoria \u00e0 obra, na tarde desta Segunda-Feira de Carnaval, 3\/3, prefeito em exerc\u00edcio e titular da Secretaria Municipal de Infraestrutura (Seminf), Renato Junior, disse que a reforma se trata de uma determina\u00e7\u00e3o direta do prefeito e envolve a troca completa das bancadas e a instala\u00e7\u00e3o de novos gradis, proporcionando um ambiente mais adequado para os trabalhadores e frequentadores da feira.<\/p>\n\n\n\n<p>\u201cEssa ser\u00e1 a 23\u00aa feira entregue na gest\u00e3o do prefeito David Almeida. Muito me alegra poder ver que os permission\u00e1rios v\u00e3o ter um lugar digno para trabalhar e que as pessoas do bairro ter\u00e3o uma feira nova para frequentar\u201d, destacou Renato Junior.<\/p>\n\n\n\n<p>O titular da Secretaria Municipal de Agricultura, Abastecimento, Centro e Com\u00e9rcio Informal (Semacc), Wanderson Costa, ressaltou que a feira do S\u00e3o Jorge integra um conjunto de interven\u00e7\u00f5es que est\u00e3o sendo realizadas, simultaneamente, em outras cinco feiras.<\/p>\n\n\n\n<p>\u201cTodos os boxes passaram por melhorias. Tudo foi demolido e reconstru\u00eddo, com novos forros, banheiros e estrutura renovada. Tudo preparado com zelo para que os permission\u00e1rios recebam sempre o melhor da Prefeitura de Manaus\u201d, afirmou o secret\u00e1rio.<\/p>\n\n\n\n<p>Com a entrega da feira do S\u00e3o Jorge, a prefeitura refor\u00e7a o compromisso de valorizar os feirantes e garantir espa\u00e7os mais organizados e seguros para a popula\u00e7\u00e3o de Manaus.<\/p>\n\n\n\n<figure class=\"wp-block-image size-large\"><img loading=\"lazy\" decoding=\"async\" width=\"1024\" height=\"682\" src=\"https:\/\/www.manaus.am.gov.br\/seminf\/wp-content\/uploads\/sites\/6\/2025\/03\/Reforma-na-feira-do-Sao-Jorge-1-1024x682.jpeg\" alt=\"\" class=\"wp-image-4432\" srcset=\"https:\/\/www.manaus.am.gov.br\/seminf\/wp-content\/uploads\/sites\/6\/2025\/03\/Reforma-na-feira-do-Sao-Jorge-1-1024x682.jpeg 1024w, https:\/\/www.manaus.am.gov.br\/seminf\/wp-content\/uploads\/sites\/6\/2025\/03\/Reforma-na-feira-do-Sao-Jorge-1-300x200.jpeg 300w, https:\/\/www.manaus.am.gov.br\/seminf\/wp-content\/uploads\/sites\/6\/2025\/03\/Reforma-na-feira-do-Sao-Jorge-1-768x512.jpeg 768w, https:\/\/www.manaus.am.gov.br\/seminf\/wp-content\/uploads\/sites\/6\/2025\/03\/Reforma-na-feira-do-Sao-Jorge-1-1536x1023.jpeg 1536w, https:\/\/www.manaus.am.gov.br\/seminf\/wp-content\/uploads\/sites\/6\/2025\/03\/Reforma-na-feira-do-Sao-Jorge-1.jpeg 1600w\" sizes=\"(max-width: 1024px) 100vw, 1024px\" \/><\/figure>\n\n\n\n<p>&#8212; &#8212; &#8212;<\/p>\n\n\n\n<p><strong>Texto &#8211;<\/strong> Alessandra Taveira\/Gabinete Vice-Prefeito<\/p>\n\n\n\n<p><strong>Fotos &#8211;<\/strong> Carlos Oliveira\/Gabinete Vice-Prefeito<\/p>\n","protected":false},"excerpt":{"rendered":"","protected":false},"author":39,"featured_media":4435,"comment_status":"closed","ping_status":"closed","sticky":false,"template":"","format":"standard","meta":{"footnotes":""},"categories":[74],"tags":[1765,1766,43,608,26],"acf":[],"yoast_head":"<!-- This site is optimized with the Yoast SEO plugin v23.0 - https:\/\/yoast.com\/wordpress\/plugins\/seo\/ -->\n<title>Feira do S\u00e3o Jorge recebe reforma da Prefeitura de Manaus<\/title>\n<meta name=\"description\" content=\"Feira do S\u00e3o Jorge recebe reforma da Prefeitura de Manaus, por meio da Semacc, e \u00e9 a pr\u00f3xima na fila de entregas.\" \/>\n<meta name=\"robots\" content=\"index, follow, max-snippet:-1, max-image-preview:large, max-video-preview:-1\" \/>\n<link rel=\"canonical\" href=\"https:\/\/www.manaus.am.gov.br\/seminf\/feira-do-sao-jorge-reforma-fila-entrega\/\" \/>\n<meta property=\"og:locale\" content=\"pt_BR\" \/>\n<meta property=\"og:type\" content=\"article\" \/>\n<meta property=\"og:title\" content=\"Feira do S\u00e3o Jorge recebe reforma da Prefeitura de Manaus\" \/>\n<meta property=\"og:description\" content=\"Feira do S\u00e3o Jorge recebe reforma da Prefeitura de Manaus, por meio da Semacc, e \u00e9 a pr\u00f3xima na fila de entregas.\" \/>\n<meta property=\"og:url\" content=\"https:\/\/www.manaus.am.gov.br\/seminf\/feira-do-sao-jorge-reforma-fila-entrega\/\" \/>\n<meta property=\"og:site_name\" content=\"SEMINF\" \/>\n<meta property=\"article:published_time\" content=\"2025-03-03T23:42:53+00:00\" \/>\n<meta property=\"article:modified_time\" content=\"2025-03-03T23:57:23+00:00\" \/>\n<meta property=\"og:image\" content=\"https:\/\/www.manaus.am.gov.br\/seminf\/wp-content\/uploads\/sites\/6\/2025\/03\/Reforma-na-feira-do-Sao-Jorge-3.jpeg\" \/>\n\t<meta property=\"og:image:width\" content=\"1600\" \/>\n\t<meta property=\"og:image:height\" content=\"1066\" \/>\n\t<meta property=\"og:image:type\" content=\"image\/jpeg\" \/>\n<meta name=\"author\" content=\"Bruna Greco\" \/>\n<meta name=\"twitter:card\" content=\"summary_large_image\" \/>\n<meta name=\"twitter:label1\" content=\"Written by\" \/>\n\t<meta name=\"twitter:data1\" content=\"Bruna Greco\" \/>\n\t<meta name=\"twitter:label2\" content=\"Est. reading time\" \/>\n\t<meta name=\"twitter:data2\" content=\"2 minutos\" \/>\n<script type=\"application\/ld+json\" class=\"yoast-schema-graph\">{\"@context\":\"https:\/\/schema.org\",\"@graph\":[{\"@type\":\"WebPage\",\"@id\":\"https:\/\/www.manaus.am.gov.br\/seminf\/feira-do-sao-jorge-reforma-fila-entrega\/\",\"url\":\"https:\/\/www.manaus.am.gov.br\/seminf\/feira-do-sao-jorge-reforma-fila-entrega\/\",\"name\":\"Feira do S\u00e3o Jorge recebe reforma da Prefeitura de Manaus\",\"isPartOf\":{\"@id\":\"https:\/\/www.manaus.am.gov.br\/seminf\/#website\"},\"primaryImageOfPage\":{\"@id\":\"https:\/\/www.manaus.am.gov.br\/seminf\/feira-do-sao-jorge-reforma-fila-entrega\/#primaryimage\"},\"image\":{\"@id\":\"https:\/\/www.manaus.am.gov.br\/seminf\/feira-do-sao-jorge-reforma-fila-entrega\/#primaryimage\"},\"thumbnailUrl\":\"https:\/\/www.manaus.am.gov.br\/seminf\/wp-content\/uploads\/sites\/6\/2025\/03\/Reforma-na-feira-do-Sao-Jorge-3.jpeg\",\"datePublished\":\"2025-03-03T23:42:53+00:00\",\"dateModified\":\"2025-03-03T23:57:23+00:00\",\"author\":{\"@id\":\"https:\/\/www.manaus.am.gov.br\/seminf\/#\/schema\/person\/05d223aea2bf115f9883a6ff3683d81b\"},\"description\":\"Feira do S\u00e3o Jorge recebe reforma da Prefeitura de Manaus, por meio da Semacc, e \u00e9 a pr\u00f3xima na fila de entregas.\",\"inLanguage\":\"pt-BR\",\"potentialAction\":[{\"@type\":\"ReadAction\",\"target\":[\"https:\/\/www.manaus.am.gov.br\/seminf\/feira-do-sao-jorge-reforma-fila-entrega\/\"]}]},{\"@type\":\"ImageObject\",\"inLanguage\":\"pt-BR\",\"@id\":\"https:\/\/www.manaus.am.gov.br\/seminf\/feira-do-sao-jorge-reforma-fila-entrega\/#primaryimage\",\"url\":\"https:\/\/www.manaus.am.gov.br\/seminf\/wp-content\/uploads\/sites\/6\/2025\/03\/Reforma-na-feira-do-Sao-Jorge-3.jpeg\",\"contentUrl\":\"https:\/\/www.manaus.am.gov.br\/seminf\/wp-content\/uploads\/sites\/6\/2025\/03\/Reforma-na-feira-do-Sao-Jorge-3.jpeg\",\"width\":1600,\"height\":1066,\"caption\":\"#paratodosverem - Vice-prefeito de Manaus e secret\u00e1rio de Obras, Renato Junior, acompanhado do titular da Semacc, Wanderson Costa, vistoriando as obras de revitaliza\u00e7\u00e3o da feira do S\u00e3o Jorge\"},{\"@type\":\"WebSite\",\"@id\":\"https:\/\/www.manaus.am.gov.br\/seminf\/#website\",\"url\":\"https:\/\/www.manaus.am.gov.br\/seminf\/\",\"name\":\"Secretaria de Infraestrutura\",\"description\":\"Secretaria Municipal de Infraestrutura\",\"potentialAction\":[{\"@type\":\"SearchAction\",\"target\":{\"@type\":\"EntryPoint\",\"urlTemplate\":\"https:\/\/www.manaus.am.gov.br\/seminf\/?s={search_term_string}\"},\"query-input\":\"required name=search_term_string\"}],\"inLanguage\":\"pt-BR\"},{\"@type\":\"Person\",\"@id\":\"https:\/\/www.manaus.am.gov.br\/seminf\/#\/schema\/person\/05d223aea2bf115f9883a6ff3683d81b\",\"name\":\"Bruna Greco\",\"image\":{\"@type\":\"ImageObject\",\"inLanguage\":\"pt-BR\",\"@id\":\"https:\/\/www.manaus.am.gov.br\/seminf\/#\/schema\/person\/image\/\",\"url\":\"https:\/\/secure.gravatar.com\/avatar\/9c877d1a6adc2a055330e5c09a8653ce?s=96&d=mm&r=g\",\"contentUrl\":\"https:\/\/secure.gravatar.com\/avatar\/9c877d1a6adc2a055330e5c09a8653ce?s=96&d=mm&r=g\",\"caption\":\"Bruna Greco\"}}]}<\/script>\n<!-- \/ Yoast SEO plugin. -->","yoast_head_json":{"title":"Feira do S\u00e3o Jorge recebe reforma da Prefeitura de Manaus","description":"Feira do S\u00e3o Jorge recebe reforma da Prefeitura de Manaus, por meio da Semacc, e \u00e9 a pr\u00f3xima na fila de entregas.","robots":{"index":"index","follow":"follow","max-snippet":"max-snippet:-1","max-image-preview":"max-image-preview:large","max-video-preview":"max-video-preview:-1"},"canonical":"https:\/\/www.manaus.am.gov.br\/seminf\/feira-do-sao-jorge-reforma-fila-entrega\/","og_locale":"pt_BR","og_type":"article","og_title":"Feira do S\u00e3o Jorge recebe reforma da Prefeitura de Manaus","og_description":"Feira do S\u00e3o Jorge recebe reforma da Prefeitura de Manaus, por meio da Semacc, e \u00e9 a pr\u00f3xima na fila de entregas.","og_url":"https:\/\/www.manaus.am.gov.br\/seminf\/feira-do-sao-jorge-reforma-fila-entrega\/","og_site_name":"SEMINF","article_published_time":"2025-03-03T23:42:53+00:00","article_modified_time":"2025-03-03T23:57:23+00:00","og_image":[{"width":1600,"height":1066,"url":"https:\/\/www.manaus.am.gov.br\/seminf\/wp-content\/uploads\/sites\/6\/2025\/03\/Reforma-na-feira-do-Sao-Jorge-3.jpeg","type":"image\/jpeg"}],"author":"Bruna Greco","twitter_card":"summary_large_image","twitter_misc":{"Written by":"Bruna Greco","Est. reading time":"2 minutos"},"schema":{"@context":"https:\/\/schema.org","@graph":[{"@type":"WebPage","@id":"https:\/\/www.manaus.am.gov.br\/seminf\/feira-do-sao-jorge-reforma-fila-entrega\/","url":"https:\/\/www.manaus.am.gov.br\/seminf\/feira-do-sao-jorge-reforma-fila-entrega\/","name":"Feira do S\u00e3o Jorge recebe reforma da Prefeitura de Manaus","isPartOf":{"@id":"https:\/\/www.manaus.am.gov.br\/seminf\/#website"},"primaryImageOfPage":{"@id":"https:\/\/www.manaus.am.gov.br\/seminf\/feira-do-sao-jorge-reforma-fila-entrega\/#primaryimage"},"image":{"@id":"https:\/\/www.manaus.am.gov.br\/seminf\/feira-do-sao-jorge-reforma-fila-entrega\/#primaryimage"},"thumbnailUrl":"https:\/\/www.manaus.am.gov.br\/seminf\/wp-content\/uploads\/sites\/6\/2025\/03\/Reforma-na-feira-do-Sao-Jorge-3.jpeg","datePublished":"2025-03-03T23:42:53+00:00","dateModified":"2025-03-03T23:57:23+00:00","author":{"@id":"https:\/\/www.manaus.am.gov.br\/seminf\/#\/schema\/person\/05d223aea2bf115f9883a6ff3683d81b"},"description":"Feira do S\u00e3o Jorge recebe reforma da Prefeitura de Manaus, por meio da Semacc, e \u00e9 a pr\u00f3xima na fila de entregas.","inLanguage":"pt-BR","potentialAction":[{"@type":"ReadAction","target":["https:\/\/www.manaus.am.gov.br\/seminf\/feira-do-sao-jorge-reforma-fila-entrega\/"]}]},{"@type":"ImageObject","inLanguage":"pt-BR","@id":"https:\/\/www.manaus.am.gov.br\/seminf\/feira-do-sao-jorge-reforma-fila-entrega\/#primaryimage","url":"https:\/\/www.manaus.am.gov.br\/seminf\/wp-content\/uploads\/sites\/6\/2025\/03\/Reforma-na-feira-do-Sao-Jorge-3.jpeg","contentUrl":"https:\/\/www.manaus.am.gov.br\/seminf\/wp-content\/uploads\/sites\/6\/2025\/03\/Reforma-na-feira-do-Sao-Jorge-3.jpeg","width":1600,"height":1066,"caption":"#paratodosverem - Vice-prefeito de Manaus e secret\u00e1rio de Obras, Renato Junior, acompanhado do titular da Semacc, Wanderson Costa, vistoriando as obras de revitaliza\u00e7\u00e3o da feira do S\u00e3o Jorge"},{"@type":"WebSite","@id":"https:\/\/www.manaus.am.gov.br\/seminf\/#website","url":"https:\/\/www.manaus.am.gov.br\/seminf\/","name":"Secretaria de Infraestrutura","description":"Secretaria Municipal de Infraestrutura","potentialAction":[{"@type":"SearchAction","target":{"@type":"EntryPoint","urlTemplate":"https:\/\/www.manaus.am.gov.br\/seminf\/?s={search_term_string}"},"query-input":"required name=search_term_string"}],"inLanguage":"pt-BR"},{"@type":"Person","@id":"https:\/\/www.manaus.am.gov.br\/seminf\/#\/schema\/person\/05d223aea2bf115f9883a6ff3683d81b","name":"Bruna Greco","image":{"@type":"ImageObject","inLanguage":"pt-BR","@id":"https:\/\/www.manaus.am.gov.br\/seminf\/#\/schema\/person\/image\/","url":"https:\/\/secure.gravatar.com\/avatar\/9c877d1a6adc2a055330e5c09a8653ce?s=96&d=mm&r=g","contentUrl":"https:\/\/secure.gravatar.com\/avatar\/9c877d1a6adc2a055330e5c09a8653ce?s=96&d=mm&r=g","caption":"Bruna Greco"}}]}},"_links":{"self":[{"href":"https:\/\/www.manaus.am.gov.br\/seminf\/wp-json\/wp\/v2\/posts\/4431"}],"collection":[{"href":"https:\/\/www.manaus.am.gov.br\/seminf\/wp-json\/wp\/v2\/posts"}],"about":[{"href":"https:\/\/www.manaus.am.gov.br\/seminf\/wp-json\/wp\/v2\/types\/post"}],"author":[{"embeddable":true,"href":"https:\/\/www.manaus.am.gov.br\/seminf\/wp-json\/wp\/v2\/users\/39"}],"replies":[{"embeddable":true,"href":"https:\/\/www.manaus.am.gov.br\/seminf\/wp-json\/wp\/v2\/comments?post=4431"}],"version-history":[{"count":3,"href":"https:\/\/www.manaus.am.gov.br\/seminf\/wp-json\/wp\/v2\/posts\/4431\/revisions"}],"predecessor-version":[{"id":4442,"href":"https:\/\/www.manaus.am.gov.br\/seminf\/wp-json\/wp\/v2\/posts\/4431\/revisions\/4442"}],"wp:featuredmedia":[{"embeddable":true,"href":"https:\/\/www.manaus.am.gov.br\/seminf\/wp-json\/wp\/v2\/media\/4435"}],"wp:attachment":[{"href":"https:\/\/www.manaus.am.gov.br\/seminf\/wp-json\/wp\/v2\/media?parent=4431"}],"wp:term":[{"taxonomy":"category","embeddable":true,"href":"https:\/\/www.manaus.am.gov.br\/seminf\/wp-json\/wp\/v2\/categories?post=4431"},{"taxonomy":"post_tag","embeddable":true,"href":"https:\/\/www.manaus.am.gov.br\/seminf\/wp-json\/wp\/v2\/tags?post=4431"}],"curies":[{"name":"wp","href":"https:\/\/api.w.org\/{rel}","templated":true}]}}