{"id":4273,"date":"2025-02-20T09:06:03","date_gmt":"2025-02-20T13:06:03","guid":{"rendered":"https:\/\/www.manaus.am.gov.br\/seminf\/prefeitura-semaforo-umbertocalderarofilho\/"},"modified":"2025-02-20T09:06:05","modified_gmt":"2025-02-20T13:06:05","slug":"prefeitura-semaforo-umbertocalderarofilho","status":"publish","type":"post","link":"https:\/\/www.manaus.am.gov.br\/seminf\/prefeitura-semaforo-umbertocalderarofilho\/","title":{"rendered":"Novo sem\u00e1foro na avenida Umberto Calderaro Filho garante mais seguran\u00e7a e fluidez no tr\u00e2nsito"},"content":{"rendered":"\n<p>A Prefeitura de Manaus, por meio da Secretaria Municipal de Infraestrutura (Seminf) e do Instituto Municipal de Mobilidade Urbana (IMMU), avan\u00e7a com interven\u00e7\u00f5es vi\u00e1rias para melhorar o tr\u00e1fego na capital. No domingo, 23\/2, um novo sem\u00e1foro ser\u00e1 ativado no cruzamento da avenida Jornalista Umberto Calderaro Filho com a avenida Belo Horizonte, um ponto que h\u00e1 anos apresentava dificuldades para motoristas e pedestres.<\/p>\n\n\n\n<p>\u201cAqui, quem vinha da Belo Horizonte enfrentava um grande problema: n\u00e3o conseguia atravessar a Umberto Calderaro Filho, nem acessar a via com seguran\u00e7a. Muitos condutores precisavam arriscar a travessia, o que gerava reten\u00e7\u00e3o e, principalmente, risco de acidentes. Agora, com essa nova sinaliza\u00e7\u00e3o, vamos dar mais organiza\u00e7\u00e3o e fluidez ao tr\u00e1fego\u201d, explicou o vice-prefeito e secret\u00e1rio municipal de Obras, Renato Junior.<\/p>\n\n\n\n<p>A partir de segunda-feira, 24\/2, o sem\u00e1foro estar\u00e1 funcionando plenamente, atendendo a uma determina\u00e7\u00e3o do prefeito David Almeida. A principal mudan\u00e7a ser\u00e1 no tempo semaf\u00f3rico, que priorizar\u00e1 o fluxo na avenida Umberto Calderaro Filho, enquanto a reten\u00e7\u00e3o ficar\u00e1 na Belo Horizonte, garantindo um cruzamento mais seguro para motoristas e pedestres.<\/p>\n\n\n\n<p>\u201cAl\u00e9m do sem\u00e1foro, tamb\u00e9m instalamos uma faixa de pedestres, para que quem precisa acessar o shopping e os centros comerciais da \u00e1rea possa transitar com mais seguran\u00e7a.&nbsp;Estamos aqui para implementar solu\u00e7\u00f5es simples e eficazes que melhorem o dia a dia de quem circula pela cidade\u201d, destacou Renato.<\/p>\n\n\n\n<p><strong>Interven\u00e7\u00f5es<\/strong><\/p>\n\n\n\n<p>A a\u00e7\u00e3o na avenida Umberto Calderaro Filho faz parte de um conjunto de obras que a Prefeitura de Manaus vem realizando para reduzir congestionamentos e melhorar a mobilidade urbana. Recentemente, foram conclu\u00eddas interven\u00e7\u00f5es nas avenidas Constantino Nery, Djalma Batista, L\u00f3ris Cordovil e na rua da Ind\u00fastria, resultando em uma redu\u00e7\u00e3o significativa no tempo de deslocamento.<\/p>\n\n\n\n<p>\u201cNa Djalma Batista, por exemplo, conseguimos diminuir em at\u00e9 23 minutos o tempo de reten\u00e7\u00e3o em hor\u00e1rios de pico. Na L\u00f3ris Cordovil e na rua da Ind\u00fastria, ajustes na sinaliza\u00e7\u00e3o e na fluidez do tr\u00e1fego tamb\u00e9m j\u00e1 trouxeram melhorias percept\u00edveis para quem circula diariamente por essas vias\u201d, destacou o vice-prefeito.<\/p>\n\n\n\n<p>A prefeitura segue monitorando os principais pontos cr\u00edticos da cidade e implementando solu\u00e7\u00f5es para facilitar o tr\u00e2nsito. Conforme o vice-prefeito, at\u00e9 o fim deste ano, outras 19 interven\u00e7\u00f5es ser\u00e3o realizadas. \u201cEsse \u00e9 o compromisso da gest\u00e3o do prefeito David: trabalho cont\u00ednuo e planejamento eficiente para garantir que a popula\u00e7\u00e3o tenha mais seguran\u00e7a e agilidade no deslocamento\u201d, concluiu Renato Junior.<\/p>\n\n\n\n<p>&#8212; &#8212; &#8212;&nbsp;<\/p>\n\n\n\n<p><strong>Texto<\/strong> &#8211; Alessandra Taveira\/Gabinete Vice-Prefeito<\/p>\n\n\n\n<p><strong>Fotos<\/strong> &#8211; Carlos Oliveira\/Gabinete Vice-Prefeito<\/p>\n","protected":false},"excerpt":{"rendered":"","protected":false},"author":23,"featured_media":4274,"comment_status":"closed","ping_status":"closed","sticky":false,"template":"","format":"standard","meta":{"footnotes":""},"categories":[1554],"tags":[1708,43,836,919,1709,1710],"acf":[],"yoast_head":"<!-- This site is optimized with the Yoast SEO plugin v23.0 - https:\/\/yoast.com\/wordpress\/plugins\/seo\/ -->\n<title>Novo sem\u00e1foro na avenida Umberto Calderaro Filho garante mais seguran\u00e7a e fluidez no tr\u00e2nsito<\/title>\n<meta name=\"description\" content=\"A Prefeitura de Manaus, por meio da Secretaria Municipal de Infraestrutura (Seminf) e do Instituto Municipal de Mobilidade Urbana (IMMU), avan\u00e7a com interven\u00e7\u00f5es vi\u00e1rias para melhorar o tr\u00e1fego na capital.\" \/>\n<meta name=\"robots\" content=\"index, follow, max-snippet:-1, max-image-preview:large, max-video-preview:-1\" \/>\n<link rel=\"canonical\" href=\"https:\/\/www.manaus.am.gov.br\/seminf\/prefeitura-semaforo-umbertocalderarofilho\/\" \/>\n<meta property=\"og:locale\" content=\"pt_BR\" \/>\n<meta property=\"og:type\" content=\"article\" \/>\n<meta property=\"og:title\" content=\"Novo sem\u00e1foro na avenida Umberto Calderaro Filho garante mais seguran\u00e7a e fluidez no tr\u00e2nsito\" \/>\n<meta property=\"og:description\" content=\"A Prefeitura de Manaus, por meio da Secretaria Municipal de Infraestrutura (Seminf) e do Instituto Municipal de Mobilidade Urbana (IMMU), avan\u00e7a com interven\u00e7\u00f5es vi\u00e1rias para melhorar o tr\u00e1fego na capital.\" \/>\n<meta property=\"og:url\" content=\"https:\/\/www.manaus.am.gov.br\/seminf\/prefeitura-semaforo-umbertocalderarofilho\/\" \/>\n<meta property=\"og:site_name\" content=\"SEMINF\" \/>\n<meta property=\"article:published_time\" content=\"2025-02-20T13:06:03+00:00\" \/>\n<meta property=\"article:modified_time\" content=\"2025-02-20T13:06:05+00:00\" \/>\n<meta property=\"og:image\" content=\"https:\/\/www.manaus.am.gov.br\/seminf\/wp-content\/uploads\/sites\/6\/2025\/02\/WhatsApp-Image-2025-02-20-at-08.57.51-1.jpeg\" \/>\n\t<meta property=\"og:image:width\" content=\"2560\" \/>\n\t<meta property=\"og:image:height\" content=\"1706\" \/>\n\t<meta property=\"og:image:type\" content=\"image\/jpeg\" \/>\n<meta name=\"author\" content=\"Adriana Costa\" \/>\n<meta name=\"twitter:card\" content=\"summary_large_image\" \/>\n<meta name=\"twitter:label1\" content=\"Written by\" \/>\n\t<meta name=\"twitter:data1\" content=\"Adriana Costa\" \/>\n\t<meta name=\"twitter:label2\" content=\"Est. reading time\" \/>\n\t<meta name=\"twitter:data2\" content=\"3 minutos\" \/>\n<script type=\"application\/ld+json\" class=\"yoast-schema-graph\">{\"@context\":\"https:\/\/schema.org\",\"@graph\":[{\"@type\":\"WebPage\",\"@id\":\"https:\/\/www.manaus.am.gov.br\/seminf\/prefeitura-semaforo-umbertocalderarofilho\/\",\"url\":\"https:\/\/www.manaus.am.gov.br\/seminf\/prefeitura-semaforo-umbertocalderarofilho\/\",\"name\":\"Novo sem\u00e1foro na avenida Umberto Calderaro Filho garante mais seguran\u00e7a e fluidez no tr\u00e2nsito\",\"isPartOf\":{\"@id\":\"https:\/\/www.manaus.am.gov.br\/seminf\/#website\"},\"primaryImageOfPage\":{\"@id\":\"https:\/\/www.manaus.am.gov.br\/seminf\/prefeitura-semaforo-umbertocalderarofilho\/#primaryimage\"},\"image\":{\"@id\":\"https:\/\/www.manaus.am.gov.br\/seminf\/prefeitura-semaforo-umbertocalderarofilho\/#primaryimage\"},\"thumbnailUrl\":\"https:\/\/www.manaus.am.gov.br\/seminf\/wp-content\/uploads\/sites\/6\/2025\/02\/WhatsApp-Image-2025-02-20-at-08.57.51-1.jpeg\",\"datePublished\":\"2025-02-20T13:06:03+00:00\",\"dateModified\":\"2025-02-20T13:06:05+00:00\",\"author\":{\"@id\":\"https:\/\/www.manaus.am.gov.br\/seminf\/#\/schema\/person\/4e49f4e267757a06ca072ec61b2b9968\"},\"description\":\"A Prefeitura de Manaus, por meio da Secretaria Municipal de Infraestrutura (Seminf) e do Instituto Municipal de Mobilidade Urbana (IMMU), avan\u00e7a com interven\u00e7\u00f5es vi\u00e1rias para melhorar o tr\u00e1fego na capital.\",\"inLanguage\":\"pt-BR\",\"potentialAction\":[{\"@type\":\"ReadAction\",\"target\":[\"https:\/\/www.manaus.am.gov.br\/seminf\/prefeitura-semaforo-umbertocalderarofilho\/\"]}]},{\"@type\":\"ImageObject\",\"inLanguage\":\"pt-BR\",\"@id\":\"https:\/\/www.manaus.am.gov.br\/seminf\/prefeitura-semaforo-umbertocalderarofilho\/#primaryimage\",\"url\":\"https:\/\/www.manaus.am.gov.br\/seminf\/wp-content\/uploads\/sites\/6\/2025\/02\/WhatsApp-Image-2025-02-20-at-08.57.51-1.jpeg\",\"contentUrl\":\"https:\/\/www.manaus.am.gov.br\/seminf\/wp-content\/uploads\/sites\/6\/2025\/02\/WhatsApp-Image-2025-02-20-at-08.57.51-1.jpeg\",\"width\":2560,\"height\":1706},{\"@type\":\"WebSite\",\"@id\":\"https:\/\/www.manaus.am.gov.br\/seminf\/#website\",\"url\":\"https:\/\/www.manaus.am.gov.br\/seminf\/\",\"name\":\"Secretaria de Infraestrutura\",\"description\":\"Secretaria Municipal de Infraestrutura\",\"potentialAction\":[{\"@type\":\"SearchAction\",\"target\":{\"@type\":\"EntryPoint\",\"urlTemplate\":\"https:\/\/www.manaus.am.gov.br\/seminf\/?s={search_term_string}\"},\"query-input\":\"required name=search_term_string\"}],\"inLanguage\":\"pt-BR\"},{\"@type\":\"Person\",\"@id\":\"https:\/\/www.manaus.am.gov.br\/seminf\/#\/schema\/person\/4e49f4e267757a06ca072ec61b2b9968\",\"name\":\"Adriana Costa\",\"image\":{\"@type\":\"ImageObject\",\"inLanguage\":\"pt-BR\",\"@id\":\"https:\/\/www.manaus.am.gov.br\/seminf\/#\/schema\/person\/image\/\",\"url\":\"https:\/\/secure.gravatar.com\/avatar\/576258617ef7194f718179e766d57bd4?s=96&d=mm&r=g\",\"contentUrl\":\"https:\/\/secure.gravatar.com\/avatar\/576258617ef7194f718179e766d57bd4?s=96&d=mm&r=g\",\"caption\":\"Adriana Costa\"}}]}<\/script>\n<!-- \/ Yoast SEO plugin. -->","yoast_head_json":{"title":"Novo sem\u00e1foro na avenida Umberto Calderaro Filho garante mais seguran\u00e7a e fluidez no tr\u00e2nsito","description":"A Prefeitura de Manaus, por meio da Secretaria Municipal de Infraestrutura (Seminf) e do Instituto Municipal de Mobilidade Urbana (IMMU), avan\u00e7a com interven\u00e7\u00f5es vi\u00e1rias para melhorar o tr\u00e1fego na capital.","robots":{"index":"index","follow":"follow","max-snippet":"max-snippet:-1","max-image-preview":"max-image-preview:large","max-video-preview":"max-video-preview:-1"},"canonical":"https:\/\/www.manaus.am.gov.br\/seminf\/prefeitura-semaforo-umbertocalderarofilho\/","og_locale":"pt_BR","og_type":"article","og_title":"Novo sem\u00e1foro na avenida Umberto Calderaro Filho garante mais seguran\u00e7a e fluidez no tr\u00e2nsito","og_description":"A Prefeitura de Manaus, por meio da Secretaria Municipal de Infraestrutura (Seminf) e do Instituto Municipal de Mobilidade Urbana (IMMU), avan\u00e7a com interven\u00e7\u00f5es vi\u00e1rias para melhorar o tr\u00e1fego na capital.","og_url":"https:\/\/www.manaus.am.gov.br\/seminf\/prefeitura-semaforo-umbertocalderarofilho\/","og_site_name":"SEMINF","article_published_time":"2025-02-20T13:06:03+00:00","article_modified_time":"2025-02-20T13:06:05+00:00","og_image":[{"width":2560,"height":1706,"url":"https:\/\/www.manaus.am.gov.br\/seminf\/wp-content\/uploads\/sites\/6\/2025\/02\/WhatsApp-Image-2025-02-20-at-08.57.51-1.jpeg","type":"image\/jpeg"}],"author":"Adriana Costa","twitter_card":"summary_large_image","twitter_misc":{"Written by":"Adriana Costa","Est. reading time":"3 minutos"},"schema":{"@context":"https:\/\/schema.org","@graph":[{"@type":"WebPage","@id":"https:\/\/www.manaus.am.gov.br\/seminf\/prefeitura-semaforo-umbertocalderarofilho\/","url":"https:\/\/www.manaus.am.gov.br\/seminf\/prefeitura-semaforo-umbertocalderarofilho\/","name":"Novo sem\u00e1foro na avenida Umberto Calderaro Filho garante mais seguran\u00e7a e fluidez no tr\u00e2nsito","isPartOf":{"@id":"https:\/\/www.manaus.am.gov.br\/seminf\/#website"},"primaryImageOfPage":{"@id":"https:\/\/www.manaus.am.gov.br\/seminf\/prefeitura-semaforo-umbertocalderarofilho\/#primaryimage"},"image":{"@id":"https:\/\/www.manaus.am.gov.br\/seminf\/prefeitura-semaforo-umbertocalderarofilho\/#primaryimage"},"thumbnailUrl":"https:\/\/www.manaus.am.gov.br\/seminf\/wp-content\/uploads\/sites\/6\/2025\/02\/WhatsApp-Image-2025-02-20-at-08.57.51-1.jpeg","datePublished":"2025-02-20T13:06:03+00:00","dateModified":"2025-02-20T13:06:05+00:00","author":{"@id":"https:\/\/www.manaus.am.gov.br\/seminf\/#\/schema\/person\/4e49f4e267757a06ca072ec61b2b9968"},"description":"A Prefeitura de Manaus, por meio da Secretaria Municipal de Infraestrutura (Seminf) e do Instituto Municipal de Mobilidade Urbana (IMMU), avan\u00e7a com interven\u00e7\u00f5es vi\u00e1rias para melhorar o tr\u00e1fego na capital.","inLanguage":"pt-BR","potentialAction":[{"@type":"ReadAction","target":["https:\/\/www.manaus.am.gov.br\/seminf\/prefeitura-semaforo-umbertocalderarofilho\/"]}]},{"@type":"ImageObject","inLanguage":"pt-BR","@id":"https:\/\/www.manaus.am.gov.br\/seminf\/prefeitura-semaforo-umbertocalderarofilho\/#primaryimage","url":"https:\/\/www.manaus.am.gov.br\/seminf\/wp-content\/uploads\/sites\/6\/2025\/02\/WhatsApp-Image-2025-02-20-at-08.57.51-1.jpeg","contentUrl":"https:\/\/www.manaus.am.gov.br\/seminf\/wp-content\/uploads\/sites\/6\/2025\/02\/WhatsApp-Image-2025-02-20-at-08.57.51-1.jpeg","width":2560,"height":1706},{"@type":"WebSite","@id":"https:\/\/www.manaus.am.gov.br\/seminf\/#website","url":"https:\/\/www.manaus.am.gov.br\/seminf\/","name":"Secretaria de Infraestrutura","description":"Secretaria Municipal de Infraestrutura","potentialAction":[{"@type":"SearchAction","target":{"@type":"EntryPoint","urlTemplate":"https:\/\/www.manaus.am.gov.br\/seminf\/?s={search_term_string}"},"query-input":"required name=search_term_string"}],"inLanguage":"pt-BR"},{"@type":"Person","@id":"https:\/\/www.manaus.am.gov.br\/seminf\/#\/schema\/person\/4e49f4e267757a06ca072ec61b2b9968","name":"Adriana Costa","image":{"@type":"ImageObject","inLanguage":"pt-BR","@id":"https:\/\/www.manaus.am.gov.br\/seminf\/#\/schema\/person\/image\/","url":"https:\/\/secure.gravatar.com\/avatar\/576258617ef7194f718179e766d57bd4?s=96&d=mm&r=g","contentUrl":"https:\/\/secure.gravatar.com\/avatar\/576258617ef7194f718179e766d57bd4?s=96&d=mm&r=g","caption":"Adriana Costa"}}]}},"_links":{"self":[{"href":"https:\/\/www.manaus.am.gov.br\/seminf\/wp-json\/wp\/v2\/posts\/4273"}],"collection":[{"href":"https:\/\/www.manaus.am.gov.br\/seminf\/wp-json\/wp\/v2\/posts"}],"about":[{"href":"https:\/\/www.manaus.am.gov.br\/seminf\/wp-json\/wp\/v2\/types\/post"}],"author":[{"embeddable":true,"href":"https:\/\/www.manaus.am.gov.br\/seminf\/wp-json\/wp\/v2\/users\/23"}],"replies":[{"embeddable":true,"href":"https:\/\/www.manaus.am.gov.br\/seminf\/wp-json\/wp\/v2\/comments?post=4273"}],"version-history":[{"count":0,"href":"https:\/\/www.manaus.am.gov.br\/seminf\/wp-json\/wp\/v2\/posts\/4273\/revisions"}],"wp:featuredmedia":[{"embeddable":true,"href":"https:\/\/www.manaus.am.gov.br\/seminf\/wp-json\/wp\/v2\/media\/4274"}],"wp:attachment":[{"href":"https:\/\/www.manaus.am.gov.br\/seminf\/wp-json\/wp\/v2\/media?parent=4273"}],"wp:term":[{"taxonomy":"category","embeddable":true,"href":"https:\/\/www.manaus.am.gov.br\/seminf\/wp-json\/wp\/v2\/categories?post=4273"},{"taxonomy":"post_tag","embeddable":true,"href":"https:\/\/www.manaus.am.gov.br\/seminf\/wp-json\/wp\/v2\/tags?post=4273"}],"curies":[{"name":"wp","href":"https:\/\/api.w.org\/{rel}","templated":true}]}}