{"id":4224,"date":"2025-02-17T09:07:49","date_gmt":"2025-02-17T13:07:49","guid":{"rendered":"https:\/\/www.manaus.am.gov.br\/seminf\/prefeitura-servico-viadutorobertocampos\/"},"modified":"2025-02-17T09:09:06","modified_gmt":"2025-02-17T13:09:06","slug":"prefeitura-servico-viadutorobertocampos","status":"publish","type":"post","link":"https:\/\/www.manaus.am.gov.br\/seminf\/prefeitura-servico-viadutorobertocampos\/","title":{"rendered":"Prefeitura de Manaus finaliza servi\u00e7o de instala\u00e7\u00e3o de novas tampas no viaduto Roberto Campos, no bairro S\u00e3o Jorge"},"content":{"rendered":"\n<p>A Prefeitura de Manaus, por meio da Secretaria Municipal de Infraestrutura (Seminf), concluiu, na noite de domingo, 16\/2, a instala\u00e7\u00e3o das novas tampas de fibra de vidro, no complexo vi\u00e1rio Roberto Campos, conhecido como viaduto do S\u00e3o Jorge, na avenida Constantino Nery, zona Oeste. O material foi escolhido por sua durabilidade indeterminada e resist\u00eancia a qualquer temperatura, al\u00e9m de n\u00e3o possuir valor comercial, solucionando, assim, os furtos recorrentes das antigas grelhas de a\u00e7o.<\/p>\n\n\n\n<p>\u201cA gest\u00e3o do prefeito David Almeida segue sem medir esfor\u00e7os, trabalhando para melhorar a infraestrutura da nossa Manaus e a seguran\u00e7a vi\u00e1ria da cidade. Ap\u00f3s duas madrugadas de trabalho, finalizamos a instala\u00e7\u00e3o das novas tampas de fibra de a\u00e7o de vidro no viaduto do S\u00e3o Jorge, um material resistente e sem valor comercial, para evitar furtos. Nesse domingo, conclu\u00edmos a soldagem, fixa\u00e7\u00e3o e limpeza da via, para a libera\u00e7\u00e3o \u00e0s 22h\u201d, disse o vice-prefeito e secret\u00e1rio de Obras, Renato Junior.<\/p>\n\n\n\n<p>Os trabalhos foram realizados no decorrer de dois dias, incluindo as madrugadas, iniciando com a demoli\u00e7\u00e3o do concreto armado e a prepara\u00e7\u00e3o das arma\u00e7\u00f5es de a\u00e7o, para garantir a fixa\u00e7\u00e3o das novas tampas. Na madrugada de domingo, foi realizada a soldagem das duas tampas redondas no in\u00edcio do viaduto. J\u00e1 na noite de domingo, as equipes conclu\u00edram a soldagem e a fixa\u00e7\u00e3o das estruturas met\u00e1licas de cantoneiras, essenciais para assentamento seguro das tampas de fibra de vidro. As equipes realizaram tamb\u00e9m a limpeza completa da via para a libera\u00e7\u00e3o \u00e0s 22h da mesma noite, restabelecendo o fluxo normal dos ve\u00edculos.<\/p>\n\n\n\n<p>Durante toda a execu\u00e7\u00e3o dos servi\u00e7os, a trincheira do viaduto permaneceu interditada, com o apoio do Instituto Municipal de Mobilidade Urbana (IMMU), garantindo a seguran\u00e7a dos trabalhadores e motoristas. A prefeitura refor\u00e7a seu compromisso com a infraestrutura da cidade e pede a popula\u00e7\u00e3o para denunciar furtos e atos de vandalismo, ligando para a Guarda Municipal, pelo n\u00famero de telefone 153, ou para a Pol\u00edcia Militar, pelo 190.<\/p>\n\n\n\n<p>&#8212; &#8212; &#8212;<\/p>\n\n\n\n<p>Texto &#8211; Eduarda Lira\/ Seminf<\/p>\n\n\n\n<p>Fotos &#8211; Alessandro Ara\u00fajo\/ Seminf<\/p>\n\n\n\n<p>Dispon\u00edveis em \u2013 https:\/\/flic.kr\/s\/aHBqjC2JWs<\/p>\n","protected":false},"excerpt":{"rendered":"","protected":false},"author":23,"featured_media":4225,"comment_status":"closed","ping_status":"closed","sticky":false,"template":"","format":"standard","meta":{"footnotes":""},"categories":[3],"tags":[43,349,26,1689,1691,1692],"acf":[],"yoast_head":"<!-- This site is optimized with the Yoast SEO plugin v23.0 - https:\/\/yoast.com\/wordpress\/plugins\/seo\/ -->\n<title>Prefeitura de Manaus finaliza servi\u00e7o de instala\u00e7\u00e3o de novas tampas no viaduto Roberto Campos, no bairro S\u00e3o Jorge<\/title>\n<meta name=\"description\" content=\"A Prefeitura de Manaus, por meio da Secretaria Municipal de Infraestrutura (Seminf), concluiu, na noite de domingo, 16\/2, a instala\u00e7\u00e3o das novas tampas de fibra de vidro, no complexo vi\u00e1rio Roberto Campos, conhecido como viaduto do S\u00e3o Jorge, na avenida Constantino Nery, zona Oeste.\" \/>\n<meta name=\"robots\" content=\"index, follow, max-snippet:-1, max-image-preview:large, max-video-preview:-1\" \/>\n<link rel=\"canonical\" href=\"https:\/\/www.manaus.am.gov.br\/seminf\/prefeitura-servico-viadutorobertocampos\/\" \/>\n<meta property=\"og:locale\" content=\"pt_BR\" \/>\n<meta property=\"og:type\" content=\"article\" \/>\n<meta property=\"og:title\" content=\"Prefeitura de Manaus finaliza servi\u00e7o de instala\u00e7\u00e3o de novas tampas no viaduto Roberto Campos, no bairro S\u00e3o Jorge\" \/>\n<meta property=\"og:description\" content=\"A Prefeitura de Manaus, por meio da Secretaria Municipal de Infraestrutura (Seminf), concluiu, na noite de domingo, 16\/2, a instala\u00e7\u00e3o das novas tampas de fibra de vidro, no complexo vi\u00e1rio Roberto Campos, conhecido como viaduto do S\u00e3o Jorge, na avenida Constantino Nery, zona Oeste.\" \/>\n<meta property=\"og:url\" content=\"https:\/\/www.manaus.am.gov.br\/seminf\/prefeitura-servico-viadutorobertocampos\/\" \/>\n<meta property=\"og:site_name\" content=\"SEMINF\" \/>\n<meta property=\"article:published_time\" content=\"2025-02-17T13:07:49+00:00\" \/>\n<meta property=\"article:modified_time\" content=\"2025-02-17T13:09:06+00:00\" \/>\n<meta property=\"og:image\" content=\"https:\/\/www.manaus.am.gov.br\/seminf\/wp-content\/uploads\/sites\/6\/2025\/02\/54332398557_f20a1cee92_c.jpg\" \/>\n\t<meta property=\"og:image:width\" content=\"800\" \/>\n\t<meta property=\"og:image:height\" content=\"450\" \/>\n\t<meta property=\"og:image:type\" content=\"image\/jpeg\" \/>\n<meta name=\"author\" content=\"Adriana Costa\" \/>\n<meta name=\"twitter:card\" content=\"summary_large_image\" \/>\n<meta name=\"twitter:label1\" content=\"Written by\" \/>\n\t<meta name=\"twitter:data1\" content=\"Adriana Costa\" \/>\n\t<meta name=\"twitter:label2\" content=\"Est. reading time\" \/>\n\t<meta name=\"twitter:data2\" content=\"3 minutos\" \/>\n<script type=\"application\/ld+json\" class=\"yoast-schema-graph\">{\"@context\":\"https:\/\/schema.org\",\"@graph\":[{\"@type\":\"WebPage\",\"@id\":\"https:\/\/www.manaus.am.gov.br\/seminf\/prefeitura-servico-viadutorobertocampos\/\",\"url\":\"https:\/\/www.manaus.am.gov.br\/seminf\/prefeitura-servico-viadutorobertocampos\/\",\"name\":\"Prefeitura de Manaus finaliza servi\u00e7o de instala\u00e7\u00e3o de novas tampas no viaduto Roberto Campos, no bairro S\u00e3o Jorge\",\"isPartOf\":{\"@id\":\"https:\/\/www.manaus.am.gov.br\/seminf\/#website\"},\"primaryImageOfPage\":{\"@id\":\"https:\/\/www.manaus.am.gov.br\/seminf\/prefeitura-servico-viadutorobertocampos\/#primaryimage\"},\"image\":{\"@id\":\"https:\/\/www.manaus.am.gov.br\/seminf\/prefeitura-servico-viadutorobertocampos\/#primaryimage\"},\"thumbnailUrl\":\"https:\/\/www.manaus.am.gov.br\/seminf\/wp-content\/uploads\/sites\/6\/2025\/02\/54332398557_f20a1cee92_c.jpg\",\"datePublished\":\"2025-02-17T13:07:49+00:00\",\"dateModified\":\"2025-02-17T13:09:06+00:00\",\"author\":{\"@id\":\"https:\/\/www.manaus.am.gov.br\/seminf\/#\/schema\/person\/4e49f4e267757a06ca072ec61b2b9968\"},\"description\":\"A Prefeitura de Manaus, por meio da Secretaria Municipal de Infraestrutura (Seminf), concluiu, na noite de domingo, 16\/2, a instala\u00e7\u00e3o das novas tampas de fibra de vidro, no complexo vi\u00e1rio Roberto Campos, conhecido como viaduto do S\u00e3o Jorge, na avenida Constantino Nery, zona Oeste.\",\"inLanguage\":\"pt-BR\",\"potentialAction\":[{\"@type\":\"ReadAction\",\"target\":[\"https:\/\/www.manaus.am.gov.br\/seminf\/prefeitura-servico-viadutorobertocampos\/\"]}]},{\"@type\":\"ImageObject\",\"inLanguage\":\"pt-BR\",\"@id\":\"https:\/\/www.manaus.am.gov.br\/seminf\/prefeitura-servico-viadutorobertocampos\/#primaryimage\",\"url\":\"https:\/\/www.manaus.am.gov.br\/seminf\/wp-content\/uploads\/sites\/6\/2025\/02\/54332398557_f20a1cee92_c.jpg\",\"contentUrl\":\"https:\/\/www.manaus.am.gov.br\/seminf\/wp-content\/uploads\/sites\/6\/2025\/02\/54332398557_f20a1cee92_c.jpg\",\"width\":800,\"height\":450},{\"@type\":\"WebSite\",\"@id\":\"https:\/\/www.manaus.am.gov.br\/seminf\/#website\",\"url\":\"https:\/\/www.manaus.am.gov.br\/seminf\/\",\"name\":\"Secretaria de Infraestrutura\",\"description\":\"Secretaria Municipal de Infraestrutura\",\"potentialAction\":[{\"@type\":\"SearchAction\",\"target\":{\"@type\":\"EntryPoint\",\"urlTemplate\":\"https:\/\/www.manaus.am.gov.br\/seminf\/?s={search_term_string}\"},\"query-input\":\"required name=search_term_string\"}],\"inLanguage\":\"pt-BR\"},{\"@type\":\"Person\",\"@id\":\"https:\/\/www.manaus.am.gov.br\/seminf\/#\/schema\/person\/4e49f4e267757a06ca072ec61b2b9968\",\"name\":\"Adriana Costa\",\"image\":{\"@type\":\"ImageObject\",\"inLanguage\":\"pt-BR\",\"@id\":\"https:\/\/www.manaus.am.gov.br\/seminf\/#\/schema\/person\/image\/\",\"url\":\"https:\/\/secure.gravatar.com\/avatar\/576258617ef7194f718179e766d57bd4?s=96&d=mm&r=g\",\"contentUrl\":\"https:\/\/secure.gravatar.com\/avatar\/576258617ef7194f718179e766d57bd4?s=96&d=mm&r=g\",\"caption\":\"Adriana Costa\"}}]}<\/script>\n<!-- \/ Yoast SEO plugin. -->","yoast_head_json":{"title":"Prefeitura de Manaus finaliza servi\u00e7o de instala\u00e7\u00e3o de novas tampas no viaduto Roberto Campos, no bairro S\u00e3o Jorge","description":"A Prefeitura de Manaus, por meio da Secretaria Municipal de Infraestrutura (Seminf), concluiu, na noite de domingo, 16\/2, a instala\u00e7\u00e3o das novas tampas de fibra de vidro, no complexo vi\u00e1rio Roberto Campos, conhecido como viaduto do S\u00e3o Jorge, na avenida Constantino Nery, zona Oeste.","robots":{"index":"index","follow":"follow","max-snippet":"max-snippet:-1","max-image-preview":"max-image-preview:large","max-video-preview":"max-video-preview:-1"},"canonical":"https:\/\/www.manaus.am.gov.br\/seminf\/prefeitura-servico-viadutorobertocampos\/","og_locale":"pt_BR","og_type":"article","og_title":"Prefeitura de Manaus finaliza servi\u00e7o de instala\u00e7\u00e3o de novas tampas no viaduto Roberto Campos, no bairro S\u00e3o Jorge","og_description":"A Prefeitura de Manaus, por meio da Secretaria Municipal de Infraestrutura (Seminf), concluiu, na noite de domingo, 16\/2, a instala\u00e7\u00e3o das novas tampas de fibra de vidro, no complexo vi\u00e1rio Roberto Campos, conhecido como viaduto do S\u00e3o Jorge, na avenida Constantino Nery, zona Oeste.","og_url":"https:\/\/www.manaus.am.gov.br\/seminf\/prefeitura-servico-viadutorobertocampos\/","og_site_name":"SEMINF","article_published_time":"2025-02-17T13:07:49+00:00","article_modified_time":"2025-02-17T13:09:06+00:00","og_image":[{"width":800,"height":450,"url":"https:\/\/www.manaus.am.gov.br\/seminf\/wp-content\/uploads\/sites\/6\/2025\/02\/54332398557_f20a1cee92_c.jpg","type":"image\/jpeg"}],"author":"Adriana Costa","twitter_card":"summary_large_image","twitter_misc":{"Written by":"Adriana Costa","Est. reading time":"3 minutos"},"schema":{"@context":"https:\/\/schema.org","@graph":[{"@type":"WebPage","@id":"https:\/\/www.manaus.am.gov.br\/seminf\/prefeitura-servico-viadutorobertocampos\/","url":"https:\/\/www.manaus.am.gov.br\/seminf\/prefeitura-servico-viadutorobertocampos\/","name":"Prefeitura de Manaus finaliza servi\u00e7o de instala\u00e7\u00e3o de novas tampas no viaduto Roberto Campos, no bairro S\u00e3o Jorge","isPartOf":{"@id":"https:\/\/www.manaus.am.gov.br\/seminf\/#website"},"primaryImageOfPage":{"@id":"https:\/\/www.manaus.am.gov.br\/seminf\/prefeitura-servico-viadutorobertocampos\/#primaryimage"},"image":{"@id":"https:\/\/www.manaus.am.gov.br\/seminf\/prefeitura-servico-viadutorobertocampos\/#primaryimage"},"thumbnailUrl":"https:\/\/www.manaus.am.gov.br\/seminf\/wp-content\/uploads\/sites\/6\/2025\/02\/54332398557_f20a1cee92_c.jpg","datePublished":"2025-02-17T13:07:49+00:00","dateModified":"2025-02-17T13:09:06+00:00","author":{"@id":"https:\/\/www.manaus.am.gov.br\/seminf\/#\/schema\/person\/4e49f4e267757a06ca072ec61b2b9968"},"description":"A Prefeitura de Manaus, por meio da Secretaria Municipal de Infraestrutura (Seminf), concluiu, na noite de domingo, 16\/2, a instala\u00e7\u00e3o das novas tampas de fibra de vidro, no complexo vi\u00e1rio Roberto Campos, conhecido como viaduto do S\u00e3o Jorge, na avenida Constantino Nery, zona Oeste.","inLanguage":"pt-BR","potentialAction":[{"@type":"ReadAction","target":["https:\/\/www.manaus.am.gov.br\/seminf\/prefeitura-servico-viadutorobertocampos\/"]}]},{"@type":"ImageObject","inLanguage":"pt-BR","@id":"https:\/\/www.manaus.am.gov.br\/seminf\/prefeitura-servico-viadutorobertocampos\/#primaryimage","url":"https:\/\/www.manaus.am.gov.br\/seminf\/wp-content\/uploads\/sites\/6\/2025\/02\/54332398557_f20a1cee92_c.jpg","contentUrl":"https:\/\/www.manaus.am.gov.br\/seminf\/wp-content\/uploads\/sites\/6\/2025\/02\/54332398557_f20a1cee92_c.jpg","width":800,"height":450},{"@type":"WebSite","@id":"https:\/\/www.manaus.am.gov.br\/seminf\/#website","url":"https:\/\/www.manaus.am.gov.br\/seminf\/","name":"Secretaria de Infraestrutura","description":"Secretaria Municipal de Infraestrutura","potentialAction":[{"@type":"SearchAction","target":{"@type":"EntryPoint","urlTemplate":"https:\/\/www.manaus.am.gov.br\/seminf\/?s={search_term_string}"},"query-input":"required name=search_term_string"}],"inLanguage":"pt-BR"},{"@type":"Person","@id":"https:\/\/www.manaus.am.gov.br\/seminf\/#\/schema\/person\/4e49f4e267757a06ca072ec61b2b9968","name":"Adriana Costa","image":{"@type":"ImageObject","inLanguage":"pt-BR","@id":"https:\/\/www.manaus.am.gov.br\/seminf\/#\/schema\/person\/image\/","url":"https:\/\/secure.gravatar.com\/avatar\/576258617ef7194f718179e766d57bd4?s=96&d=mm&r=g","contentUrl":"https:\/\/secure.gravatar.com\/avatar\/576258617ef7194f718179e766d57bd4?s=96&d=mm&r=g","caption":"Adriana Costa"}}]}},"_links":{"self":[{"href":"https:\/\/www.manaus.am.gov.br\/seminf\/wp-json\/wp\/v2\/posts\/4224"}],"collection":[{"href":"https:\/\/www.manaus.am.gov.br\/seminf\/wp-json\/wp\/v2\/posts"}],"about":[{"href":"https:\/\/www.manaus.am.gov.br\/seminf\/wp-json\/wp\/v2\/types\/post"}],"author":[{"embeddable":true,"href":"https:\/\/www.manaus.am.gov.br\/seminf\/wp-json\/wp\/v2\/users\/23"}],"replies":[{"embeddable":true,"href":"https:\/\/www.manaus.am.gov.br\/seminf\/wp-json\/wp\/v2\/comments?post=4224"}],"version-history":[{"count":1,"href":"https:\/\/www.manaus.am.gov.br\/seminf\/wp-json\/wp\/v2\/posts\/4224\/revisions"}],"predecessor-version":[{"id":4226,"href":"https:\/\/www.manaus.am.gov.br\/seminf\/wp-json\/wp\/v2\/posts\/4224\/revisions\/4226"}],"wp:featuredmedia":[{"embeddable":true,"href":"https:\/\/www.manaus.am.gov.br\/seminf\/wp-json\/wp\/v2\/media\/4225"}],"wp:attachment":[{"href":"https:\/\/www.manaus.am.gov.br\/seminf\/wp-json\/wp\/v2\/media?parent=4224"}],"wp:term":[{"taxonomy":"category","embeddable":true,"href":"https:\/\/www.manaus.am.gov.br\/seminf\/wp-json\/wp\/v2\/categories?post=4224"},{"taxonomy":"post_tag","embeddable":true,"href":"https:\/\/www.manaus.am.gov.br\/seminf\/wp-json\/wp\/v2\/tags?post=4224"}],"curies":[{"name":"wp","href":"https:\/\/api.w.org\/{rel}","templated":true}]}}