{"id":4131,"date":"2025-02-02T16:11:11","date_gmt":"2025-02-02T20:11:11","guid":{"rendered":"https:\/\/www.manaus.am.gov.br\/seminf\/david-almeida-entrega-casa-de-farinha\/"},"modified":"2025-02-02T16:15:26","modified_gmt":"2025-02-02T20:15:26","slug":"david-almeida-entrega-casa-de-farinha","status":"publish","type":"post","link":"https:\/\/www.manaus.am.gov.br\/seminf\/david-almeida-entrega-casa-de-farinha\/","title":{"rendered":"Prefeito David Almeida entrega casa de farinha no Ramal do Brasileirinho e beneficia 150 fam\u00edlias"},"content":{"rendered":"\n<p>Neste domingo 02\/1, o prefeito de Manaus, David Almeida, entregou uma nova casa de farinha no Ramal do Brasileirinho, zona Leste da cidade. A obra, realizada por meio da Secretaria Municipal de Agricultura, Abastecimento, Centro e Com\u00e9rcio Informal (Semacc), teve um investimento de R$ 250 mil e beneficiar\u00e1 diretamente cerca de 150 fam\u00edlias das comunidades \u00c1gua Branca, Uber\u00ea e do pr\u00f3prio ramal, impulsionando a produ\u00e7\u00e3o da mandioca, principal atividade agr\u00edcola da regi\u00e3o.<\/p>\n\n\n\n<p>A cerim\u00f4nia contou com a presen\u00e7a do vice-prefeito e titular da Secretaria Municipal de Infraestrutura (Seminf), Renato Junior, al\u00e9m do secret\u00e1rio da Semacc, Wanderson Costa. Essa \u00e9 a segunda Casa de Farinha entregue pela atual gest\u00e3o, consolidando o compromisso da prefeitura com a valoriza\u00e7\u00e3o da agricultura familiar e o fortalecimento da produ\u00e7\u00e3o rural na capital.<\/p>\n\n\n\n<p>Com uma estrutura moderna e equipamentos adequados, como m\u00e1quinas de moagem, relador, prensa mec\u00e2nica, pesagem, forno, tacho, grupo de gerador de energia e bomba d\u2019\u00e1gua, o espa\u00e7o permitir\u00e1 que os produtores otimizem o processamento da mandioca, aumentando a produtividade e a qualidade dos derivados, como farinha, tucupi, tapioca e beiju. Al\u00e9m do impacto econ\u00f4mico, a Casa de Farinha preserva a cultura tradicional da regi\u00e3o, aliando m\u00e9todos artesanais a novas tecnologias para aumentar a efici\u00eancia e reduzir o desperd\u00edcio.<\/p>\n\n\n\n<p>Durante a entrega, o prefeito David Almeida destacou a import\u00e2ncia do investimento na zona rural de Manaus. \u201cEu come\u00e7o fevereiro entregando uma casa de farinha na zona rural, onde nossa meta \u00e9 chegar e mecanizar todas as \u00e1reas da cidade que trabalham com a produ\u00e7\u00e3o rural. Esse \u00e9 o trabalho que temos realizado na zona rural. Estivemos presentes asfaltando e recuperando ramais, incentivando a produ\u00e7\u00e3o rural e prestando assist\u00eancia \u00e0 popula\u00e7\u00e3o tanto durante a enchente, quanto na estiagem\u201d.<\/p>\n\n\n\n<figure class=\"wp-block-image size-full\"><img loading=\"lazy\" decoding=\"async\" width=\"799\" height=\"533\" src=\"https:\/\/www.manaus.am.gov.br\/seminf\/wp-content\/uploads\/sites\/6\/2025\/02\/WhatsApp-Image-2025-02-02-at-14.19.53-1.jpeg\" alt=\"\" class=\"wp-image-4133\" srcset=\"https:\/\/www.manaus.am.gov.br\/seminf\/wp-content\/uploads\/sites\/6\/2025\/02\/WhatsApp-Image-2025-02-02-at-14.19.53-1.jpeg 799w, https:\/\/www.manaus.am.gov.br\/seminf\/wp-content\/uploads\/sites\/6\/2025\/02\/WhatsApp-Image-2025-02-02-at-14.19.53-1-300x200.jpeg 300w, https:\/\/www.manaus.am.gov.br\/seminf\/wp-content\/uploads\/sites\/6\/2025\/02\/WhatsApp-Image-2025-02-02-at-14.19.53-1-768x512.jpeg 768w\" sizes=\"(max-width: 799px) 100vw, 799px\" \/><figcaption class=\"wp-element-caption\">#paratodosverem prefeito David Almeida inaugurando a casa de farinha<\/figcaption><\/figure>\n\n\n\n<p>O vice-prefeito e secret\u00e1rio da Seminf, Renato J\u00fanior, ressaltou o trabalho da prefeitura para garantir infraestrutura e desenvolvimento \u00e0s comunidades rurais. \u201cCom essa entrega, a gest\u00e3o do prefeito David valoriza a cultura e a tradi\u00e7\u00e3o. A casa de farinha representa mais do que uma estrutura f\u00edsica; ela \u00e9 um s\u00edmbolo da identidade do povo amazonense. Essa entrega \u00e9 uma garantia de infraestrutura adequada para quem trabalha na produ\u00e7\u00e3o, porque a mecaniza\u00e7\u00e3o desse processo aumenta a produtividade e reduz custos\u201d.<\/p>\n\n\n\n<p>O secret\u00e1rio da Semacc, Wanderson Costa, destacou a relev\u00e2ncia da iniciativa para o setor agr\u00edcola. \u201cN\u00f3s estamos trabalhando a assist\u00eancia t\u00e9cnica, ouvindo e fomentando essas comunidades para que todos esses subprodutos da mandioca cheguem nas feiras e mercados da nossa capital, para voc\u00ea ter a tapioca l\u00e1 na feira tudo passa pelo processo de produ\u00e7\u00e3o e fomento da cadeia produtiva da mandioca, que tamb\u00e9m \u00e9 feito aqui na \u00e1rea do Brasileirinho\u201d.<\/p>\n\n\n\n<p>Para os moradores, a entrega da Casa de Farinha representa uma conquista aguardada h\u00e1 anos. A presidente da Associa\u00e7\u00e3o de Produtores do Brasileirinho, Silvia Rodrigues, vive h\u00e1 mais de tr\u00eas d\u00e9cadas no Ramal do Brasileirinho e comemorou a inaugura\u00e7\u00e3o.<\/p>\n\n\n\n<p>\u201cVoc\u00eas n\u00e3o sabem como meu cora\u00e7\u00e3o est\u00e1 feliz. E n\u00e3o \u00e9 s\u00f3 o meu, mas tamb\u00e9m o daqueles que tanto esperaram por esta casa de farinha. Voc\u00eas n\u00e3o imaginam o incentivo que isso representa para a nossa comunidade do Brasileirinho. Com a gest\u00e3o do nosso prefeito, temos evolu\u00eddo muito. Posso dizer que nunca antes nossa comunidade recebeu tantos benef\u00edcios como os que t\u00eam chegado agora, sob a lideran\u00e7a do prefeito David Almeida\u201d.<\/p>\n\n\n\n<figure class=\"wp-block-image size-full\"><img loading=\"lazy\" decoding=\"async\" width=\"799\" height=\"533\" src=\"https:\/\/www.manaus.am.gov.br\/seminf\/wp-content\/uploads\/sites\/6\/2025\/02\/WhatsApp-Image-2025-02-02-at-14.19.53-2.jpeg\" alt=\"\" class=\"wp-image-4132\" srcset=\"https:\/\/www.manaus.am.gov.br\/seminf\/wp-content\/uploads\/sites\/6\/2025\/02\/WhatsApp-Image-2025-02-02-at-14.19.53-2.jpeg 799w, https:\/\/www.manaus.am.gov.br\/seminf\/wp-content\/uploads\/sites\/6\/2025\/02\/WhatsApp-Image-2025-02-02-at-14.19.53-2-300x200.jpeg 300w, https:\/\/www.manaus.am.gov.br\/seminf\/wp-content\/uploads\/sites\/6\/2025\/02\/WhatsApp-Image-2025-02-02-at-14.19.53-2-768x512.jpeg 768w\" sizes=\"(max-width: 799px) 100vw, 799px\" \/><figcaption class=\"wp-element-caption\">#paratodosverem a\u00e7\u00e3o refor\u00e7a o compromisso da Prefeitura de Manaus com a valoriza\u00e7\u00e3o dos produtores rurais<\/figcaption><\/figure>\n\n\n\n<p><strong>Incentivo<\/strong><\/p>\n\n\n\n<p>Nos \u00faltimos quatro anos, a gest\u00e3o municipal incentivou o cultivo de mandioca nas comunidades de agricultura familiar de diversos polos rurais em Manaus, com a distribui\u00e7\u00e3o de manivas com qualidade gen\u00e9tica e fitossanit\u00e1ria. Esse trabalho permite o aumento da produ\u00e7\u00e3o da farinha, que \u00e9 mat\u00e9ria-prima para a goma de tapioca e o p\u00e9 de moleque, alguns dos subprodutos mais consumidos diariamente pelos manauaras.<\/p>\n\n\n\n<p>Al\u00e9m de fomentar a economia local, essas a\u00e7\u00f5es refor\u00e7am o compromisso da Prefeitura de Manaus com a valoriza\u00e7\u00e3o dos produtores rurais, a sustentabilidade no setor agr\u00edcola e a amplia\u00e7\u00e3o das oportunidades para a popula\u00e7\u00e3o da zona rural.<\/p>\n\n\n\n<p>&#8212; &#8212; &#8212;<\/p>\n\n\n\n<p><strong>Texto <\/strong>&#8211; D\u00e1rio Avelino \/ Semcom e Polyana Brelaz \/ Semacc<\/p>\n\n\n\n<p><strong>Fotos<\/strong> &#8211; Dhyeizo Lemos e Jo\u00e3o Viana \/ Semcom<\/p>\n\n\n\n<p><strong>Dispon\u00edveis em<\/strong> &#8211; https:\/\/flic.kr\/s\/aHBqjC15Cq<\/p>\n","protected":false},"excerpt":{"rendered":"","protected":false},"author":25,"featured_media":4134,"comment_status":"closed","ping_status":"closed","sticky":false,"template":"","format":"standard","meta":{"footnotes":""},"categories":[1510],"tags":[1511,28,453,118,232],"acf":[],"yoast_head":"<!-- This site is optimized with the Yoast SEO plugin v23.0 - https:\/\/yoast.com\/wordpress\/plugins\/seo\/ -->\n<title>Prefeito David Almeida entrega casa de farinha no Ramal do Brasileirinho e beneficia 150 fam\u00edlias<\/title>\n<meta name=\"description\" content=\"Neste domingo 02\/1, o prefeito de Manaus, David Almeida, entregou uma nova casa de farinha no Ramal do Brasileirinho\" \/>\n<meta name=\"robots\" content=\"index, follow, max-snippet:-1, max-image-preview:large, max-video-preview:-1\" \/>\n<link rel=\"canonical\" href=\"https:\/\/www.manaus.am.gov.br\/seminf\/david-almeida-entrega-casa-de-farinha\/\" \/>\n<meta property=\"og:locale\" content=\"pt_BR\" \/>\n<meta property=\"og:type\" content=\"article\" \/>\n<meta property=\"og:title\" content=\"Prefeito David Almeida entrega casa de farinha no Ramal do Brasileirinho e beneficia 150 fam\u00edlias\" \/>\n<meta property=\"og:description\" content=\"Neste domingo 02\/1, o prefeito de Manaus, David Almeida, entregou uma nova casa de farinha no Ramal do Brasileirinho\" \/>\n<meta property=\"og:url\" content=\"https:\/\/www.manaus.am.gov.br\/seminf\/david-almeida-entrega-casa-de-farinha\/\" \/>\n<meta property=\"og:site_name\" content=\"SEMINF\" \/>\n<meta property=\"article:published_time\" content=\"2025-02-02T20:11:11+00:00\" \/>\n<meta property=\"article:modified_time\" content=\"2025-02-02T20:15:26+00:00\" \/>\n<meta property=\"og:image\" content=\"https:\/\/www.manaus.am.gov.br\/seminf\/wp-content\/uploads\/sites\/6\/2025\/02\/WhatsApp-Image-2025-02-02-at-14.19.53.jpeg\" \/>\n\t<meta property=\"og:image:width\" content=\"799\" \/>\n\t<meta property=\"og:image:height\" content=\"533\" \/>\n\t<meta property=\"og:image:type\" content=\"image\/jpeg\" \/>\n<meta name=\"author\" content=\"Maur\u00edcio Freire\" \/>\n<meta name=\"twitter:card\" content=\"summary_large_image\" \/>\n<meta name=\"twitter:label1\" content=\"Written by\" \/>\n\t<meta name=\"twitter:data1\" content=\"Maur\u00edcio Freire\" \/>\n\t<meta name=\"twitter:label2\" content=\"Est. reading time\" \/>\n\t<meta name=\"twitter:data2\" content=\"5 minutos\" \/>\n<script type=\"application\/ld+json\" class=\"yoast-schema-graph\">{\"@context\":\"https:\/\/schema.org\",\"@graph\":[{\"@type\":\"WebPage\",\"@id\":\"https:\/\/www.manaus.am.gov.br\/seminf\/david-almeida-entrega-casa-de-farinha\/\",\"url\":\"https:\/\/www.manaus.am.gov.br\/seminf\/david-almeida-entrega-casa-de-farinha\/\",\"name\":\"Prefeito David Almeida entrega casa de farinha no Ramal do Brasileirinho e beneficia 150 fam\u00edlias\",\"isPartOf\":{\"@id\":\"https:\/\/www.manaus.am.gov.br\/seminf\/#website\"},\"primaryImageOfPage\":{\"@id\":\"https:\/\/www.manaus.am.gov.br\/seminf\/david-almeida-entrega-casa-de-farinha\/#primaryimage\"},\"image\":{\"@id\":\"https:\/\/www.manaus.am.gov.br\/seminf\/david-almeida-entrega-casa-de-farinha\/#primaryimage\"},\"thumbnailUrl\":\"https:\/\/www.manaus.am.gov.br\/seminf\/wp-content\/uploads\/sites\/6\/2025\/02\/WhatsApp-Image-2025-02-02-at-14.19.53.jpeg\",\"datePublished\":\"2025-02-02T20:11:11+00:00\",\"dateModified\":\"2025-02-02T20:15:26+00:00\",\"author\":{\"@id\":\"https:\/\/www.manaus.am.gov.br\/seminf\/#\/schema\/person\/587989a23a463cde5618e6a028977a9a\"},\"description\":\"Neste domingo 02\/1, o prefeito de Manaus, David Almeida, entregou uma nova casa de farinha no Ramal do Brasileirinho\",\"inLanguage\":\"pt-BR\",\"potentialAction\":[{\"@type\":\"ReadAction\",\"target\":[\"https:\/\/www.manaus.am.gov.br\/seminf\/david-almeida-entrega-casa-de-farinha\/\"]}]},{\"@type\":\"ImageObject\",\"inLanguage\":\"pt-BR\",\"@id\":\"https:\/\/www.manaus.am.gov.br\/seminf\/david-almeida-entrega-casa-de-farinha\/#primaryimage\",\"url\":\"https:\/\/www.manaus.am.gov.br\/seminf\/wp-content\/uploads\/sites\/6\/2025\/02\/WhatsApp-Image-2025-02-02-at-14.19.53.jpeg\",\"contentUrl\":\"https:\/\/www.manaus.am.gov.br\/seminf\/wp-content\/uploads\/sites\/6\/2025\/02\/WhatsApp-Image-2025-02-02-at-14.19.53.jpeg\",\"width\":799,\"height\":533,\"caption\":\"#paratodosverem prefeito David Almeida participando da produ\u00e7\u00e3o de farinha\"},{\"@type\":\"WebSite\",\"@id\":\"https:\/\/www.manaus.am.gov.br\/seminf\/#website\",\"url\":\"https:\/\/www.manaus.am.gov.br\/seminf\/\",\"name\":\"Secretaria de Infraestrutura\",\"description\":\"Secretaria Municipal de Infraestrutura\",\"potentialAction\":[{\"@type\":\"SearchAction\",\"target\":{\"@type\":\"EntryPoint\",\"urlTemplate\":\"https:\/\/www.manaus.am.gov.br\/seminf\/?s={search_term_string}\"},\"query-input\":\"required name=search_term_string\"}],\"inLanguage\":\"pt-BR\"},{\"@type\":\"Person\",\"@id\":\"https:\/\/www.manaus.am.gov.br\/seminf\/#\/schema\/person\/587989a23a463cde5618e6a028977a9a\",\"name\":\"Maur\u00edcio Freire\",\"image\":{\"@type\":\"ImageObject\",\"inLanguage\":\"pt-BR\",\"@id\":\"https:\/\/www.manaus.am.gov.br\/seminf\/#\/schema\/person\/image\/\",\"url\":\"https:\/\/secure.gravatar.com\/avatar\/dc1481799a1f75c733ac3b2634cd6749?s=96&d=mm&r=g\",\"contentUrl\":\"https:\/\/secure.gravatar.com\/avatar\/dc1481799a1f75c733ac3b2634cd6749?s=96&d=mm&r=g\",\"caption\":\"Maur\u00edcio Freire\"}}]}<\/script>\n<!-- \/ Yoast SEO plugin. -->","yoast_head_json":{"title":"Prefeito David Almeida entrega casa de farinha no Ramal do Brasileirinho e beneficia 150 fam\u00edlias","description":"Neste domingo 02\/1, o prefeito de Manaus, David Almeida, entregou uma nova casa de farinha no Ramal do Brasileirinho","robots":{"index":"index","follow":"follow","max-snippet":"max-snippet:-1","max-image-preview":"max-image-preview:large","max-video-preview":"max-video-preview:-1"},"canonical":"https:\/\/www.manaus.am.gov.br\/seminf\/david-almeida-entrega-casa-de-farinha\/","og_locale":"pt_BR","og_type":"article","og_title":"Prefeito David Almeida entrega casa de farinha no Ramal do Brasileirinho e beneficia 150 fam\u00edlias","og_description":"Neste domingo 02\/1, o prefeito de Manaus, David Almeida, entregou uma nova casa de farinha no Ramal do Brasileirinho","og_url":"https:\/\/www.manaus.am.gov.br\/seminf\/david-almeida-entrega-casa-de-farinha\/","og_site_name":"SEMINF","article_published_time":"2025-02-02T20:11:11+00:00","article_modified_time":"2025-02-02T20:15:26+00:00","og_image":[{"width":799,"height":533,"url":"https:\/\/www.manaus.am.gov.br\/seminf\/wp-content\/uploads\/sites\/6\/2025\/02\/WhatsApp-Image-2025-02-02-at-14.19.53.jpeg","type":"image\/jpeg"}],"author":"Maur\u00edcio Freire","twitter_card":"summary_large_image","twitter_misc":{"Written by":"Maur\u00edcio Freire","Est. reading time":"5 minutos"},"schema":{"@context":"https:\/\/schema.org","@graph":[{"@type":"WebPage","@id":"https:\/\/www.manaus.am.gov.br\/seminf\/david-almeida-entrega-casa-de-farinha\/","url":"https:\/\/www.manaus.am.gov.br\/seminf\/david-almeida-entrega-casa-de-farinha\/","name":"Prefeito David Almeida entrega casa de farinha no Ramal do Brasileirinho e beneficia 150 fam\u00edlias","isPartOf":{"@id":"https:\/\/www.manaus.am.gov.br\/seminf\/#website"},"primaryImageOfPage":{"@id":"https:\/\/www.manaus.am.gov.br\/seminf\/david-almeida-entrega-casa-de-farinha\/#primaryimage"},"image":{"@id":"https:\/\/www.manaus.am.gov.br\/seminf\/david-almeida-entrega-casa-de-farinha\/#primaryimage"},"thumbnailUrl":"https:\/\/www.manaus.am.gov.br\/seminf\/wp-content\/uploads\/sites\/6\/2025\/02\/WhatsApp-Image-2025-02-02-at-14.19.53.jpeg","datePublished":"2025-02-02T20:11:11+00:00","dateModified":"2025-02-02T20:15:26+00:00","author":{"@id":"https:\/\/www.manaus.am.gov.br\/seminf\/#\/schema\/person\/587989a23a463cde5618e6a028977a9a"},"description":"Neste domingo 02\/1, o prefeito de Manaus, David Almeida, entregou uma nova casa de farinha no Ramal do Brasileirinho","inLanguage":"pt-BR","potentialAction":[{"@type":"ReadAction","target":["https:\/\/www.manaus.am.gov.br\/seminf\/david-almeida-entrega-casa-de-farinha\/"]}]},{"@type":"ImageObject","inLanguage":"pt-BR","@id":"https:\/\/www.manaus.am.gov.br\/seminf\/david-almeida-entrega-casa-de-farinha\/#primaryimage","url":"https:\/\/www.manaus.am.gov.br\/seminf\/wp-content\/uploads\/sites\/6\/2025\/02\/WhatsApp-Image-2025-02-02-at-14.19.53.jpeg","contentUrl":"https:\/\/www.manaus.am.gov.br\/seminf\/wp-content\/uploads\/sites\/6\/2025\/02\/WhatsApp-Image-2025-02-02-at-14.19.53.jpeg","width":799,"height":533,"caption":"#paratodosverem prefeito David Almeida participando da produ\u00e7\u00e3o de farinha"},{"@type":"WebSite","@id":"https:\/\/www.manaus.am.gov.br\/seminf\/#website","url":"https:\/\/www.manaus.am.gov.br\/seminf\/","name":"Secretaria de Infraestrutura","description":"Secretaria Municipal de Infraestrutura","potentialAction":[{"@type":"SearchAction","target":{"@type":"EntryPoint","urlTemplate":"https:\/\/www.manaus.am.gov.br\/seminf\/?s={search_term_string}"},"query-input":"required name=search_term_string"}],"inLanguage":"pt-BR"},{"@type":"Person","@id":"https:\/\/www.manaus.am.gov.br\/seminf\/#\/schema\/person\/587989a23a463cde5618e6a028977a9a","name":"Maur\u00edcio Freire","image":{"@type":"ImageObject","inLanguage":"pt-BR","@id":"https:\/\/www.manaus.am.gov.br\/seminf\/#\/schema\/person\/image\/","url":"https:\/\/secure.gravatar.com\/avatar\/dc1481799a1f75c733ac3b2634cd6749?s=96&d=mm&r=g","contentUrl":"https:\/\/secure.gravatar.com\/avatar\/dc1481799a1f75c733ac3b2634cd6749?s=96&d=mm&r=g","caption":"Maur\u00edcio Freire"}}]}},"_links":{"self":[{"href":"https:\/\/www.manaus.am.gov.br\/seminf\/wp-json\/wp\/v2\/posts\/4131"}],"collection":[{"href":"https:\/\/www.manaus.am.gov.br\/seminf\/wp-json\/wp\/v2\/posts"}],"about":[{"href":"https:\/\/www.manaus.am.gov.br\/seminf\/wp-json\/wp\/v2\/types\/post"}],"author":[{"embeddable":true,"href":"https:\/\/www.manaus.am.gov.br\/seminf\/wp-json\/wp\/v2\/users\/25"}],"replies":[{"embeddable":true,"href":"https:\/\/www.manaus.am.gov.br\/seminf\/wp-json\/wp\/v2\/comments?post=4131"}],"version-history":[{"count":3,"href":"https:\/\/www.manaus.am.gov.br\/seminf\/wp-json\/wp\/v2\/posts\/4131\/revisions"}],"predecessor-version":[{"id":4137,"href":"https:\/\/www.manaus.am.gov.br\/seminf\/wp-json\/wp\/v2\/posts\/4131\/revisions\/4137"}],"wp:featuredmedia":[{"embeddable":true,"href":"https:\/\/www.manaus.am.gov.br\/seminf\/wp-json\/wp\/v2\/media\/4134"}],"wp:attachment":[{"href":"https:\/\/www.manaus.am.gov.br\/seminf\/wp-json\/wp\/v2\/media?parent=4131"}],"wp:term":[{"taxonomy":"category","embeddable":true,"href":"https:\/\/www.manaus.am.gov.br\/seminf\/wp-json\/wp\/v2\/categories?post=4131"},{"taxonomy":"post_tag","embeddable":true,"href":"https:\/\/www.manaus.am.gov.br\/seminf\/wp-json\/wp\/v2\/tags?post=4131"}],"curies":[{"name":"wp","href":"https:\/\/api.w.org\/{rel}","templated":true}]}}